{"id":37922,"date":"2026-08-26T18:04:49","date_gmt":"2026-08-26T21:04:49","guid":{"rendered":"https:\/\/www.correiobraziliense.com.br\/aqui\/?p=37922"},"modified":"2026-08-26T18:04:52","modified_gmt":"2026-08-26T21:04:52","slug":"criadores-se-unem-no-youtube-para-manter-o-canal-de-lito-sousa-ativo","status":"publish","type":"post","link":"https:\/\/www.correiobraziliense.com.br\/aqui\/2026\/08\/26\/criadores-se-unem-no-youtube-para-manter-o-canal-de-lito-sousa-ativo\/","title":{"rendered":"Criadores se unem no YouTube para manter o canal de Lito Sousa ativo"},"content":{"rendered":"\n<p>Uma corrente de solidariedade tomou conta do YouTube brasileiro ap\u00f3s o diagn\u00f3stico de Lito Sousa, especialista em avia\u00e7\u00e3o e criador do popular canal \u201cAvi\u00f5es e M\u00fasicas\u201d. Diagnosticado com a Doen\u00e7a de Creutzfeldt-Jakob, uma condi\u00e7\u00e3o neurol\u00f3gica rara e degenerativa, Lito viu sua comunidade e colegas criadores se unirem para garantir a continuidade de seu trabalho e o amparo financeiro de sua fam\u00edlia e equipe.<\/p>\n\n\n\n<p>A mobiliza\u00e7\u00e3o, uma ideia do pr\u00f3prio Lito, come\u00e7ou logo ap\u00f3s o an\u00fancio sobre seu estado de sa\u00fade. Diversos criadores de conte\u00fado, de diferentes nichos, se ofereceram para produzir v\u00eddeos para o canal \u201cAvi\u00f5es e M\u00fasicas\u201d. A iniciativa, que contou com o apoio inicial de nomes como <a target=\"_blank\" rel=\"noreferrer noopener\" href=\"https:\/\/www.correiobraziliense.com.br\/colunistas\/mariana-morais\/2026\/08\/7485809-sergio-sacani-assume-comando-do-canal-de-lito-sousa-nao-tem-inss.html\">S\u00e9rgio Sacani, do Space Today<\/a>, busca manter o canal ativo e monetizado, gerando a receita necess\u00e1ria para cobrir os custos do tratamento e sustentar a equipe que depende do projeto.<\/p>\n\n\n\n<h2 class=\"wp-block-heading\">Como funciona a rede de apoio<\/h2>\n\n\n\n<p>A colabora\u00e7\u00e3o funciona de maneira organizada. Os youtubers parceiros gravam conte\u00fados sobre temas variados, que v\u00e3o desde avia\u00e7\u00e3o, ci\u00eancia e curiosidades, e os enviam para a equipe de Lito. Esse material \u00e9 ent\u00e3o editado e publicado no canal <a target=\"_blank\" rel=\"noreferrer noopener\" href=\"https:\/\/www.correiobraziliense.com.br\/brasil\/2026\/08\/7485993-lito-sousa-como-mecanico-virou-maior-canal-de-aviacao-no-brasil.html\">\u201cAvi\u00f5es e M\u00fasicas\u201d<\/a>, mantendo uma frequ\u00eancia de postagens e o engajamento do p\u00fablico.<\/p>\n\n\n\n<p>Essa uni\u00e3o de for\u00e7as garante que o algoritmo da plataforma continue a recomendar os v\u00eddeos, o que \u00e9 fundamental para a visibilidade e a receita. A a\u00e7\u00e3o demonstra o poder da comunidade online, transformando visualiza\u00e7\u00f5es e curtidas em um suporte concreto para Lito e sua fam\u00edlia em um momento extremamente delicado.<\/p>\n\n\n\n<p>A <a target=\"_blank\" rel=\"noreferrer noopener\" href=\"https:\/\/www.correiobraziliense.com.br\/brasil\/2026\/08\/7485664-lito-sousa-apela-para-tratamento-experimental.html\">Doen\u00e7a de Creutzfeldt-Jakob<\/a> \u00e9 uma enfermidade pri\u00f4nica que afeta o c\u00e9rebro, causando uma deteriora\u00e7\u00e3o r\u00e1pida das capacidades mentais e motoras. \u00c9 considerada extremamente rara, com poucos casos registrados anualmente em todo o mundo. N\u00e3o h\u00e1 cura conhecida, e os tratamentos existentes buscam apenas aliviar os sintomas e oferecer mais qualidade de vida ao paciente.<\/p>\n\n\n\n<p>O movimento em prol de <a target=\"_blank\" rel=\"noreferrer noopener\" href=\"https:\/\/www.correiobraziliense.com.br\/brasil\/2026\/08\/7484519-quem-e-lito-sousa-referencia-em-aviacao-que-foi-diagnosticado-com-doenca-rara.html\">Lito Sousa<\/a> reflete n\u00e3o apenas o carinho do p\u00fablico pelo seu trabalho de mais de uma d\u00e9cada, mas tamb\u00e9m a for\u00e7a de uma comunidade disposta a agir. Cada novo v\u00eddeo publicado por um colega no canal se torna um s\u00edmbolo de esperan\u00e7a e apoio, mantendo vivo o legado de um dos maiores divulgadores da avia\u00e7\u00e3o no Brasil.<\/p>\n\n\n\n<p><\/p>\n","protected":false},"excerpt":{"rendered":"<p>Uma corrente de solidariedade tomou conta do YouTube brasileiro ap\u00f3s o diagn\u00f3stico de Lito Sousa, especialista em avia\u00e7\u00e3o e criador do popular canal \u201cAvi\u00f5es e M\u00fasicas\u201d. Diagnosticado com a Doen\u00e7a de Creutzfeldt-Jakob, uma condi\u00e7\u00e3o neurol\u00f3gica rara e degenerativa, Lito viu sua comunidade e colegas criadores se unirem para garantir a continuidade de seu trabalho e [&hellip;]<\/p>\n","protected":false},"author":9,"featured_media":37593,"comment_status":"open","ping_status":"open","sticky":false,"template":"","format":"standard","meta":{"jnews-multi-image_gallery":[],"jnews_single_post":{"format":"standard"},"jnews_primary_category":[],"jnews_social_meta":[],"jnews_override_counter":[],"footnotes":""},"categories":[120],"tags":[5436,12390,12294,141,3342],"class_list":["post-37922","post","type-post","status-publish","format-standard","has-post-thumbnail","hentry","category-curiosidades","tag-amigos","tag-canal","tag-lito-sousa","tag-saude","tag-youtube"],"yoast_head":"<!-- This site is optimized with the Yoast SEO plugin v25.1 - https:\/\/yoast.com\/wordpress\/plugins\/seo\/ -->\n<title>Criadores se unem no YouTube para manter o canal de Lito Sousa ativo - Correio Braziliense - Aqui<\/title>\n<meta name=\"description\" content=\"Entenda a corrente de solidariedade na internet para apoiar o especialista em avia\u00e7\u00e3o e garantir o suporte financeiro.\" \/>\n<meta name=\"robots\" content=\"index, follow, max-snippet:-1, max-image-preview:large, max-video-preview:-1\" \/>\n<link rel=\"canonical\" href=\"https:\/\/www.correiobraziliense.com.br\/aqui\/2026\/08\/26\/criadores-se-unem-no-youtube-para-manter-o-canal-de-lito-sousa-ativo\/\" \/>\n<meta property=\"og:locale\" content=\"pt_BR\" \/>\n<meta property=\"og:type\" content=\"article\" \/>\n<meta property=\"og:title\" content=\"Criadores se unem no YouTube para manter o canal de Lito Sousa ativo - Correio Braziliense - Aqui\" \/>\n<meta property=\"og:description\" content=\"Entenda a corrente de solidariedade na internet para apoiar o especialista em avia\u00e7\u00e3o e garantir o suporte financeiro.\" \/>\n<meta property=\"og:url\" content=\"https:\/\/www.correiobraziliense.com.br\/aqui\/2026\/08\/26\/criadores-se-unem-no-youtube-para-manter-o-canal-de-lito-sousa-ativo\/\" \/>\n<meta property=\"og:site_name\" content=\"Correio Braziliense - Aqui\" \/>\n<meta property=\"article:published_time\" content=\"2026-08-26T21:04:49+00:00\" \/>\n<meta property=\"article:modified_time\" content=\"2026-08-26T21:04:52+00:00\" \/>\n<meta property=\"og:image\" content=\"https:\/\/www.correiobraziliense.com.br\/aqui\/wp-content\/uploads\/2026\/08\/Conheca-os-sintomas-da-doenca-grave-e-sem-cura-que-acometeu-Lito-Sousa.jpg\" \/>\n\t<meta property=\"og:image:width\" content=\"1280\" \/>\n\t<meta property=\"og:image:height\" content=\"720\" \/>\n\t<meta property=\"og:image:type\" content=\"image\/jpeg\" \/>\n<meta name=\"author\" content=\"Lucas\" \/>\n<meta name=\"twitter:card\" content=\"summary_large_image\" \/>\n<meta name=\"twitter:label1\" content=\"Escrito por\" \/>\n\t<meta name=\"twitter:data1\" content=\"Lucas\" \/>\n\t<meta name=\"twitter:label2\" content=\"Est. tempo de leitura\" \/>\n\t<meta name=\"twitter:data2\" content=\"3 minutos\" \/>\n<!-- \/ Yoast SEO plugin. -->","yoast_head_json":{"title":"Criadores se unem no YouTube para manter o canal de Lito Sousa ativo - Correio Braziliense - Aqui","description":"Entenda a corrente de solidariedade na internet para apoiar o especialista em avia\u00e7\u00e3o e garantir o suporte financeiro.","robots":{"index":"index","follow":"follow","max-snippet":"max-snippet:-1","max-image-preview":"max-image-preview:large","max-video-preview":"max-video-preview:-1"},"canonical":"https:\/\/www.correiobraziliense.com.br\/aqui\/2026\/08\/26\/criadores-se-unem-no-youtube-para-manter-o-canal-de-lito-sousa-ativo\/","og_locale":"pt_BR","og_type":"article","og_title":"Criadores se unem no YouTube para manter o canal de Lito Sousa ativo - Correio Braziliense - Aqui","og_description":"Entenda a corrente de solidariedade na internet para apoiar o especialista em avia\u00e7\u00e3o e garantir o suporte financeiro.","og_url":"https:\/\/www.correiobraziliense.com.br\/aqui\/2026\/08\/26\/criadores-se-unem-no-youtube-para-manter-o-canal-de-lito-sousa-ativo\/","og_site_name":"Correio Braziliense - Aqui","article_published_time":"2026-08-26T21:04:49+00:00","article_modified_time":"2026-08-26T21:04:52+00:00","og_image":[{"width":1280,"height":720,"url":"https:\/\/www.correiobraziliense.com.br\/aqui\/wp-content\/uploads\/2026\/08\/Conheca-os-sintomas-da-doenca-grave-e-sem-cura-que-acometeu-Lito-Sousa.jpg","type":"image\/jpeg"}],"author":"Lucas","twitter_card":"summary_large_image","twitter_misc":{"Escrito por":"Lucas","Est. tempo de leitura":"3 minutos"},"schema":{"@context":"https:\/\/schema.org","@graph":[{"@type":"WebPage","@id":"https:\/\/www.correiobraziliense.com.br\/aqui\/2026\/08\/26\/criadores-se-unem-no-youtube-para-manter-o-canal-de-lito-sousa-ativo\/","url":"https:\/\/www.correiobraziliense.com.br\/aqui\/2026\/08\/26\/criadores-se-unem-no-youtube-para-manter-o-canal-de-lito-sousa-ativo\/","name":"Criadores se unem no YouTube para manter o canal de Lito Sousa ativo - Correio Braziliense - Aqui","isPartOf":{"@id":"https:\/\/www.correiobraziliense.com.br\/aqui\/#website"},"primaryImageOfPage":{"@id":"https:\/\/www.correiobraziliense.com.br\/aqui\/2026\/08\/26\/criadores-se-unem-no-youtube-para-manter-o-canal-de-lito-sousa-ativo\/#primaryimage"},"image":{"@id":"https:\/\/www.correiobraziliense.com.br\/aqui\/2026\/08\/26\/criadores-se-unem-no-youtube-para-manter-o-canal-de-lito-sousa-ativo\/#primaryimage"},"thumbnailUrl":"https:\/\/www.correiobraziliense.com.br\/aqui\/wp-content\/uploads\/2026\/08\/Conheca-os-sintomas-da-doenca-grave-e-sem-cura-que-acometeu-Lito-Sousa.jpg","datePublished":"2026-08-26T21:04:49+00:00","dateModified":"2026-08-26T21:04:52+00:00","author":{"@id":"https:\/\/www.correiobraziliense.com.br\/aqui\/#\/schema\/person\/36d094a725ba56bbeb370a877862a002"},"description":"Entenda a corrente de solidariedade na internet para apoiar o especialista em avia\u00e7\u00e3o e garantir o suporte financeiro.","breadcrumb":{"@id":"https:\/\/www.correiobraziliense.com.br\/aqui\/2026\/08\/26\/criadores-se-unem-no-youtube-para-manter-o-canal-de-lito-sousa-ativo\/#breadcrumb"},"inLanguage":"pt-BR","potentialAction":[{"@type":"ReadAction","target":["https:\/\/www.correiobraziliense.com.br\/aqui\/2026\/08\/26\/criadores-se-unem-no-youtube-para-manter-o-canal-de-lito-sousa-ativo\/"]}]},{"@type":"ImageObject","inLanguage":"pt-BR","@id":"https:\/\/www.correiobraziliense.com.br\/aqui\/2026\/08\/26\/criadores-se-unem-no-youtube-para-manter-o-canal-de-lito-sousa-ativo\/#primaryimage","url":"https:\/\/www.correiobraziliense.com.br\/aqui\/wp-content\/uploads\/2026\/08\/Conheca-os-sintomas-da-doenca-grave-e-sem-cura-que-acometeu-Lito-Sousa.jpg","contentUrl":"https:\/\/www.correiobraziliense.com.br\/aqui\/wp-content\/uploads\/2026\/08\/Conheca-os-sintomas-da-doenca-grave-e-sem-cura-que-acometeu-Lito-Sousa.jpg","width":1280,"height":720,"caption":"Reprodu\u00e7\u00e3o\/Youtube"},{"@type":"BreadcrumbList","@id":"https:\/\/www.correiobraziliense.com.br\/aqui\/2026\/08\/26\/criadores-se-unem-no-youtube-para-manter-o-canal-de-lito-sousa-ativo\/#breadcrumb","itemListElement":[{"@type":"ListItem","position":1,"name":"In\u00edcio","item":"https:\/\/www.correiobraziliense.com.br\/aqui\/"},{"@type":"ListItem","position":2,"name":"Criadores se unem no YouTube para manter o canal de Lito Sousa ativo"}]},{"@type":"WebSite","@id":"https:\/\/www.correiobraziliense.com.br\/aqui\/#website","url":"https:\/\/www.correiobraziliense.com.br\/aqui\/","name":"Correio Braziliense - Aqui","description":"O Correio Braziliense (CB) \u00e9 o mais importante canal de not\u00edcias de Bras\u00edlia. Aqui voc\u00ea encontra as \u00faltimas not\u00edcias do DF, do Brasil e do mundo.","potentialAction":[{"@type":"SearchAction","target":{"@type":"EntryPoint","urlTemplate":"https:\/\/www.correiobraziliense.com.br\/aqui\/?s={search_term_string}"},"query-input":{"@type":"PropertyValueSpecification","valueRequired":true,"valueName":"search_term_string"}}],"inLanguage":"pt-BR"},{"@type":"Person","@id":"https:\/\/www.correiobraziliense.com.br\/aqui\/#\/schema\/person\/36d094a725ba56bbeb370a877862a002","name":"Lucas","image":{"@type":"ImageObject","inLanguage":"pt-BR","@id":"https:\/\/www.correiobraziliense.com.br\/aqui\/#\/schema\/person\/image\/","url":"https:\/\/secure.gravatar.com\/avatar\/eb1dd4a751dca39c233b091fb7b8ce9ef1608850325ab98ff1fbe898fcef0908?s=96&d=mm&r=g","contentUrl":"https:\/\/secure.gravatar.com\/avatar\/eb1dd4a751dca39c233b091fb7b8ce9ef1608850325ab98ff1fbe898fcef0908?s=96&d=mm&r=g","caption":"Lucas"},"url":"https:\/\/www.correiobraziliense.com.br\/aqui\/author\/lucasaqui\/"}]}},"_links":{"self":[{"href":"https:\/\/www.correiobraziliense.com.br\/aqui\/wp-json\/wp\/v2\/posts\/37922","targetHints":{"allow":["GET"]}}],"collection":[{"href":"https:\/\/www.correiobraziliense.com.br\/aqui\/wp-json\/wp\/v2\/posts"}],"about":[{"href":"https:\/\/www.correiobraziliense.com.br\/aqui\/wp-json\/wp\/v2\/types\/post"}],"author":[{"embeddable":true,"href":"https:\/\/www.correiobraziliense.com.br\/aqui\/wp-json\/wp\/v2\/users\/9"}],"replies":[{"embeddable":true,"href":"https:\/\/www.correiobraziliense.com.br\/aqui\/wp-json\/wp\/v2\/comments?post=37922"}],"version-history":[{"count":1,"href":"https:\/\/www.correiobraziliense.com.br\/aqui\/wp-json\/wp\/v2\/posts\/37922\/revisions"}],"predecessor-version":[{"id":37923,"href":"https:\/\/www.correiobraziliense.com.br\/aqui\/wp-json\/wp\/v2\/posts\/37922\/revisions\/37923"}],"wp:featuredmedia":[{"embeddable":true,"href":"https:\/\/www.correiobraziliense.com.br\/aqui\/wp-json\/wp\/v2\/media\/37593"}],"wp:attachment":[{"href":"https:\/\/www.correiobraziliense.com.br\/aqui\/wp-json\/wp\/v2\/media?parent=37922"}],"wp:term":[{"taxonomy":"category","embeddable":true,"href":"https:\/\/www.correiobraziliense.com.br\/aqui\/wp-json\/wp\/v2\/categories?post=37922"},{"taxonomy":"post_tag","embeddable":true,"href":"https:\/\/www.correiobraziliense.com.br\/aqui\/wp-json\/wp\/v2\/tags?post=37922"}],"curies":[{"name":"wp","href":"https:\/\/api.w.org\/{rel}","templated":true}]}}