{"id":37924,"date":"2026-08-26T18:09:12","date_gmt":"2026-08-26T21:09:12","guid":{"rendered":"https:\/\/www.correiobraziliense.com.br\/aqui\/?p=37924"},"modified":"2026-08-26T18:09:14","modified_gmt":"2026-08-26T21:09:14","slug":"morre-tim-curry-icone-do-cinema-aos-80-anos","status":"publish","type":"post","link":"https:\/\/www.correiobraziliense.com.br\/aqui\/2026\/08\/26\/morre-tim-curry-icone-do-cinema-aos-80-anos\/","title":{"rendered":"Morre Tim Curry, \u00edcone do cinema, aos 80 anos"},"content":{"rendered":"\n<p>O ator brit\u00e2nico Tim Curry, que imortalizou o cientista Dr. Frank-N-Furter em \u201cThe Rocky Horror Picture Show\u201d, morreu na noite de 25 de agosto de 2026, aos 80 anos. A not\u00edcia foi confirmada por seus representantes nesta ter\u00e7a-feira. Segundo o comunicado, Curry faleceu em sua casa em Toluca Lake, Los Angeles, e a causa da morte ainda n\u00e3o foi revelada.<\/p>\n\n\n\n<p>Apesar de ter sofrido um grave AVC em 2012 que o deixou em uma cadeira de rodas, o ator se manteve ativo, principalmente com trabalhos de dublagem. Sua atua\u00e7\u00e3o transgressora em \u201cThe Rocky Horror Picture Show\u201d (1975), no entanto, foi <a target=\"_blank\" rel=\"noreferrer noopener\" href=\"https:\/\/www.correiobraziliense.com.br\/diversao-e-arte\/2026\/08\/7487734-tim-curry-relembre-filmes-e-papeis-que-marcaram-carreira-do-ator.html\">o que o consagrou<\/a>, redefinindo os limites do teatro musical e da representa\u00e7\u00e3o de g\u00eanero.<\/p>\n\n\n\n<p>No papel de Frank-N-Furter, Curry apresentou ao p\u00fablico um \u201cdoce travesti da Transilv\u00e2nia Transexual\u201d. Sua performance era uma mistura explosiva de rock, fic\u00e7\u00e3o cient\u00edfica e com\u00e9dia de horror. Com maquiagem carregada, espartilho e meia-cal\u00e7a, ele desafiou diretamente as no\u00e7\u00f5es de masculinidade vigentes nos anos 1970.<\/p>\n\n\n\n<p>Sua interpreta\u00e7\u00e3o n\u00e3o era apenas sobre figurino. Curry entregou uma performance carism\u00e1tica e sem amarras, celebrando a fluidez de g\u00eanero e a liberdade sexual de uma forma nunca antes vista no cinema comercial. O ator usou o corpo e a voz para criar uma figura complexa, que era ao mesmo tempo amea\u00e7adora e cativante.<\/p>\n\n\n\n<h2 class=\"wp-block-heading\">Impacto cultural duradouro<\/h2>\n\n\n\n<p>A influ\u00eancia de \u201cThe Rocky Horror Picture Show\u201d transformou o filme em um fen\u00f4meno cult. As sess\u00f5es interativas, onde o p\u00fablico canta, dan\u00e7a e recria cenas, criaram uma comunidade para pessoas que se sentiam \u00e0 margem da sociedade. O filme se tornou um espa\u00e7o seguro para a experimenta\u00e7\u00e3o e a celebra\u00e7\u00e3o da individualidade.<\/p>\n\n\n\n<p>O personagem de Curry virou um s\u00edmbolo de autoaceita\u00e7\u00e3o e da quebra de padr\u00f5es. Sua ousadia abriu caminho para novas formas de express\u00e3o art\u00edstica, influenciando gera\u00e7\u00f5es de atores, m\u00fasicos e artistas perform\u00e1ticos que vieram depois dele. A liberdade que ele demonstrou no palco e na tela incentivou discuss\u00f5es importantes sobre identidade.<\/p>\n\n\n\n<p>Apesar da for\u00e7a de Frank-N-Furter, a versatilidade de Curry se estendeu a outros pap\u00e9is memor\u00e1veis. Ele aterrorizou o p\u00fablico como o <a target=\"_blank\" rel=\"noreferrer noopener\" href=\"https:\/\/www.correiobraziliense.com.br\/diversao-e-arte\/2025\/09\/7239986-nova-adaptacao-de-stephen-king-chega-aos-cinemas-mostrando-a-beleza-do-ordinario.html\">palha\u00e7o Pennywise<\/a> na miniss\u00e9rie \u201cIt: Uma Obra-Prima do Medo\u201d (1990) e encarnou a escurid\u00e3o como o Lord of Darkness em \u201cA Lenda\u201d (1985), mostrando um alcance impressionante.<\/p>\n\n\n\n<p>Sua carreira consolidou um <a target=\"_blank\" rel=\"noreferrer noopener\" href=\"https:\/\/www.correiobraziliense.com.br\/diversao-e-arte\/2026\/08\/7487670-morre-tim-curry-ator-que-fez-de-viloes-em-icones-aos-80-anos.html\">legado de coragem art\u00edstica<\/a>, provando que a performance pode ser uma poderosa ferramenta de questionamento e transforma\u00e7\u00e3o social.<\/p>\n\n\n\n<p><\/p>\n","protected":false},"excerpt":{"rendered":"<p>O ator brit\u00e2nico Tim Curry, que imortalizou o cientista Dr. Frank-N-Furter em \u201cThe Rocky Horror Picture Show\u201d, morreu na noite de 25 de agosto de 2026, aos 80 anos. A not\u00edcia foi confirmada por seus representantes nesta ter\u00e7a-feira. Segundo o comunicado, Curry faleceu em sua casa em Toluca Lake, Los Angeles, e a causa da [&hellip;]<\/p>\n","protected":false},"author":9,"featured_media":37926,"comment_status":"open","ping_status":"open","sticky":false,"template":"","format":"standard","meta":{"jnews-multi-image_gallery":[],"jnews_single_post":{"format":"standard"},"jnews_primary_category":[],"jnews_social_meta":[],"jnews_override_counter":[],"footnotes":""},"categories":[1279],"tags":[12392,5271,5928,12391],"class_list":["post-37924","post","type-post","status-publish","format-standard","has-post-thumbnail","hentry","category-noticias","tag-80-anos","tag-avc","tag-morre","tag-tim-curry"],"yoast_head":"<!-- This site is optimized with the Yoast SEO plugin v25.1 - https:\/\/yoast.com\/wordpress\/plugins\/seo\/ -->\n<title>Morre Tim Curry, \u00edcone do cinema, aos 80 anos - Correio Braziliense - Aqui<\/title>\n<meta name=\"description\" content=\"Ator imortalizado como Dr. Frank-N-Furter deixa um legado de coragem art\u00edstica e quebra de padr\u00f5es que redefiniu a cultura pop.\" \/>\n<meta name=\"robots\" content=\"index, follow, max-snippet:-1, max-image-preview:large, max-video-preview:-1\" \/>\n<link rel=\"canonical\" href=\"https:\/\/www.correiobraziliense.com.br\/aqui\/2026\/08\/26\/morre-tim-curry-icone-do-cinema-aos-80-anos\/\" \/>\n<meta property=\"og:locale\" content=\"pt_BR\" \/>\n<meta property=\"og:type\" content=\"article\" \/>\n<meta property=\"og:title\" content=\"Morre Tim Curry, \u00edcone do cinema, aos 80 anos - Correio Braziliense - Aqui\" \/>\n<meta property=\"og:description\" content=\"Ator imortalizado como Dr. Frank-N-Furter deixa um legado de coragem art\u00edstica e quebra de padr\u00f5es que redefiniu a cultura pop.\" \/>\n<meta property=\"og:url\" content=\"https:\/\/www.correiobraziliense.com.br\/aqui\/2026\/08\/26\/morre-tim-curry-icone-do-cinema-aos-80-anos\/\" \/>\n<meta property=\"og:site_name\" content=\"Correio Braziliense - Aqui\" \/>\n<meta property=\"article:published_time\" content=\"2026-08-26T21:09:12+00:00\" \/>\n<meta property=\"article:modified_time\" content=\"2026-08-26T21:09:14+00:00\" \/>\n<meta property=\"og:image\" content=\"https:\/\/www.correiobraziliense.com.br\/aqui\/wp-content\/uploads\/2026\/08\/Tim-Curry_-filmes-de-sucesso-com-o-ator-para-maratonar-em-casa.jpg\" \/>\n\t<meta property=\"og:image:width\" content=\"1280\" \/>\n\t<meta property=\"og:image:height\" content=\"719\" \/>\n\t<meta property=\"og:image:type\" content=\"image\/jpeg\" \/>\n<meta name=\"author\" content=\"Lucas\" \/>\n<meta name=\"twitter:card\" content=\"summary_large_image\" \/>\n<meta name=\"twitter:label1\" content=\"Escrito por\" \/>\n\t<meta name=\"twitter:data1\" content=\"Lucas\" \/>\n\t<meta name=\"twitter:label2\" content=\"Est. tempo de leitura\" \/>\n\t<meta name=\"twitter:data2\" content=\"3 minutos\" \/>\n<!-- \/ Yoast SEO plugin. -->","yoast_head_json":{"title":"Morre Tim Curry, \u00edcone do cinema, aos 80 anos - Correio Braziliense - Aqui","description":"Ator imortalizado como Dr. Frank-N-Furter deixa um legado de coragem art\u00edstica e quebra de padr\u00f5es que redefiniu a cultura pop.","robots":{"index":"index","follow":"follow","max-snippet":"max-snippet:-1","max-image-preview":"max-image-preview:large","max-video-preview":"max-video-preview:-1"},"canonical":"https:\/\/www.correiobraziliense.com.br\/aqui\/2026\/08\/26\/morre-tim-curry-icone-do-cinema-aos-80-anos\/","og_locale":"pt_BR","og_type":"article","og_title":"Morre Tim Curry, \u00edcone do cinema, aos 80 anos - Correio Braziliense - Aqui","og_description":"Ator imortalizado como Dr. Frank-N-Furter deixa um legado de coragem art\u00edstica e quebra de padr\u00f5es que redefiniu a cultura pop.","og_url":"https:\/\/www.correiobraziliense.com.br\/aqui\/2026\/08\/26\/morre-tim-curry-icone-do-cinema-aos-80-anos\/","og_site_name":"Correio Braziliense - Aqui","article_published_time":"2026-08-26T21:09:12+00:00","article_modified_time":"2026-08-26T21:09:14+00:00","og_image":[{"width":1280,"height":719,"url":"https:\/\/www.correiobraziliense.com.br\/aqui\/wp-content\/uploads\/2026\/08\/Tim-Curry_-filmes-de-sucesso-com-o-ator-para-maratonar-em-casa.jpg","type":"image\/jpeg"}],"author":"Lucas","twitter_card":"summary_large_image","twitter_misc":{"Escrito por":"Lucas","Est. tempo de leitura":"3 minutos"},"schema":{"@context":"https:\/\/schema.org","@graph":[{"@type":"WebPage","@id":"https:\/\/www.correiobraziliense.com.br\/aqui\/2026\/08\/26\/morre-tim-curry-icone-do-cinema-aos-80-anos\/","url":"https:\/\/www.correiobraziliense.com.br\/aqui\/2026\/08\/26\/morre-tim-curry-icone-do-cinema-aos-80-anos\/","name":"Morre Tim Curry, \u00edcone do cinema, aos 80 anos - Correio Braziliense - Aqui","isPartOf":{"@id":"https:\/\/www.correiobraziliense.com.br\/aqui\/#website"},"primaryImageOfPage":{"@id":"https:\/\/www.correiobraziliense.com.br\/aqui\/2026\/08\/26\/morre-tim-curry-icone-do-cinema-aos-80-anos\/#primaryimage"},"image":{"@id":"https:\/\/www.correiobraziliense.com.br\/aqui\/2026\/08\/26\/morre-tim-curry-icone-do-cinema-aos-80-anos\/#primaryimage"},"thumbnailUrl":"https:\/\/www.correiobraziliense.com.br\/aqui\/wp-content\/uploads\/2026\/08\/Tim-Curry_-filmes-de-sucesso-com-o-ator-para-maratonar-em-casa.jpg","datePublished":"2026-08-26T21:09:12+00:00","dateModified":"2026-08-26T21:09:14+00:00","author":{"@id":"https:\/\/www.correiobraziliense.com.br\/aqui\/#\/schema\/person\/36d094a725ba56bbeb370a877862a002"},"description":"Ator imortalizado como Dr. Frank-N-Furter deixa um legado de coragem art\u00edstica e quebra de padr\u00f5es que redefiniu a cultura pop.","breadcrumb":{"@id":"https:\/\/www.correiobraziliense.com.br\/aqui\/2026\/08\/26\/morre-tim-curry-icone-do-cinema-aos-80-anos\/#breadcrumb"},"inLanguage":"pt-BR","potentialAction":[{"@type":"ReadAction","target":["https:\/\/www.correiobraziliense.com.br\/aqui\/2026\/08\/26\/morre-tim-curry-icone-do-cinema-aos-80-anos\/"]}]},{"@type":"ImageObject","inLanguage":"pt-BR","@id":"https:\/\/www.correiobraziliense.com.br\/aqui\/2026\/08\/26\/morre-tim-curry-icone-do-cinema-aos-80-anos\/#primaryimage","url":"https:\/\/www.correiobraziliense.com.br\/aqui\/wp-content\/uploads\/2026\/08\/Tim-Curry_-filmes-de-sucesso-com-o-ator-para-maratonar-em-casa.jpg","contentUrl":"https:\/\/www.correiobraziliense.com.br\/aqui\/wp-content\/uploads\/2026\/08\/Tim-Curry_-filmes-de-sucesso-com-o-ator-para-maratonar-em-casa.jpg","width":1280,"height":719,"caption":"Reprodu\u00e7\u00e3o\/Divulga\u00e7\u00e3o"},{"@type":"BreadcrumbList","@id":"https:\/\/www.correiobraziliense.com.br\/aqui\/2026\/08\/26\/morre-tim-curry-icone-do-cinema-aos-80-anos\/#breadcrumb","itemListElement":[{"@type":"ListItem","position":1,"name":"In\u00edcio","item":"https:\/\/www.correiobraziliense.com.br\/aqui\/"},{"@type":"ListItem","position":2,"name":"Morre Tim Curry, \u00edcone do cinema, aos 80 anos"}]},{"@type":"WebSite","@id":"https:\/\/www.correiobraziliense.com.br\/aqui\/#website","url":"https:\/\/www.correiobraziliense.com.br\/aqui\/","name":"Correio Braziliense - Aqui","description":"O Correio Braziliense (CB) \u00e9 o mais importante canal de not\u00edcias de Bras\u00edlia. Aqui voc\u00ea encontra as \u00faltimas not\u00edcias do DF, do Brasil e do mundo.","potentialAction":[{"@type":"SearchAction","target":{"@type":"EntryPoint","urlTemplate":"https:\/\/www.correiobraziliense.com.br\/aqui\/?s={search_term_string}"},"query-input":{"@type":"PropertyValueSpecification","valueRequired":true,"valueName":"search_term_string"}}],"inLanguage":"pt-BR"},{"@type":"Person","@id":"https:\/\/www.correiobraziliense.com.br\/aqui\/#\/schema\/person\/36d094a725ba56bbeb370a877862a002","name":"Lucas","image":{"@type":"ImageObject","inLanguage":"pt-BR","@id":"https:\/\/www.correiobraziliense.com.br\/aqui\/#\/schema\/person\/image\/","url":"https:\/\/secure.gravatar.com\/avatar\/eb1dd4a751dca39c233b091fb7b8ce9ef1608850325ab98ff1fbe898fcef0908?s=96&d=mm&r=g","contentUrl":"https:\/\/secure.gravatar.com\/avatar\/eb1dd4a751dca39c233b091fb7b8ce9ef1608850325ab98ff1fbe898fcef0908?s=96&d=mm&r=g","caption":"Lucas"},"url":"https:\/\/www.correiobraziliense.com.br\/aqui\/author\/lucasaqui\/"}]}},"_links":{"self":[{"href":"https:\/\/www.correiobraziliense.com.br\/aqui\/wp-json\/wp\/v2\/posts\/37924","targetHints":{"allow":["GET"]}}],"collection":[{"href":"https:\/\/www.correiobraziliense.com.br\/aqui\/wp-json\/wp\/v2\/posts"}],"about":[{"href":"https:\/\/www.correiobraziliense.com.br\/aqui\/wp-json\/wp\/v2\/types\/post"}],"author":[{"embeddable":true,"href":"https:\/\/www.correiobraziliense.com.br\/aqui\/wp-json\/wp\/v2\/users\/9"}],"replies":[{"embeddable":true,"href":"https:\/\/www.correiobraziliense.com.br\/aqui\/wp-json\/wp\/v2\/comments?post=37924"}],"version-history":[{"count":1,"href":"https:\/\/www.correiobraziliense.com.br\/aqui\/wp-json\/wp\/v2\/posts\/37924\/revisions"}],"predecessor-version":[{"id":37927,"href":"https:\/\/www.correiobraziliense.com.br\/aqui\/wp-json\/wp\/v2\/posts\/37924\/revisions\/37927"}],"wp:featuredmedia":[{"embeddable":true,"href":"https:\/\/www.correiobraziliense.com.br\/aqui\/wp-json\/wp\/v2\/media\/37926"}],"wp:attachment":[{"href":"https:\/\/www.correiobraziliense.com.br\/aqui\/wp-json\/wp\/v2\/media?parent=37924"}],"wp:term":[{"taxonomy":"category","embeddable":true,"href":"https:\/\/www.correiobraziliense.com.br\/aqui\/wp-json\/wp\/v2\/categories?post=37924"},{"taxonomy":"post_tag","embeddable":true,"href":"https:\/\/www.correiobraziliense.com.br\/aqui\/wp-json\/wp\/v2\/tags?post=37924"}],"curies":[{"name":"wp","href":"https:\/\/api.w.org\/{rel}","templated":true}]}}