{"id":37931,"date":"2026-08-26T18:15:24","date_gmt":"2026-08-26T21:15:24","guid":{"rendered":"https:\/\/www.correiobraziliense.com.br\/aqui\/?p=37931"},"modified":"2026-08-26T18:15:25","modified_gmt":"2026-08-26T21:15:25","slug":"onde-assistir-aos-filmes-mais-marcantes-de-tim-curry-no-streaming","status":"publish","type":"post","link":"https:\/\/www.correiobraziliense.com.br\/aqui\/2026\/08\/26\/onde-assistir-aos-filmes-mais-marcantes-de-tim-curry-no-streaming\/","title":{"rendered":"Onde assistir aos filmes mais marcantes de Tim Curry no streaming"},"content":{"rendered":"\n<p>O ator brit\u00e2nico Tim Curry, eternizado por pap\u00e9is ic\u00f4nicos no cinema e na TV, morreu aos 80 anos em Los Angeles. Embora sua sa\u00fade estivesse debilitada desde um AVC severo em 2012, que comprometeu sua mobilidade, ele se manteve ativo, chegando a lan\u00e7ar sua autobiografia em 2025. Famoso por dar vida ao Dr. Frank-N-Furter em \u201cThe Rocky Horror Picture Show\u201d e ao aterrorizante palha\u00e7o Pennywise na miniss\u00e9rie \u201cIt: Uma Obra Prima do Medo\u201d, sua partida gerou uma onda de homenagens e despertou o interesse do p\u00fablico em revisitar sua vasta carreira.<\/p>\n\n\n\n<p>Para celebrar o legado do ator, que transitou com maestria entre o <a target=\"_blank\" rel=\"noreferrer noopener\" href=\"https:\/\/www.correiobraziliense.com.br\/diversao-e-arte\/2025\/10\/7280454-filmes-de-terror-que-conquistaram-o-oscar-e-mudaram-a-historia-de-hollywood.html\">terror<\/a>, a com\u00e9dia e a fantasia, reunimos seus trabalhos mais marcantes que podem ser encontrados em plataformas de streaming. Embora nunca tenha recebido um Oscar, seu talento foi reconhecido com m\u00faltiplas indica\u00e7\u00f5es a pr\u00eamios como Tony e Emmy, marcando diferentes gera\u00e7\u00f5es de espectadores.<\/p>\n\n\n\n<h2 class=\"wp-block-heading\">Principais filmes de Tim Curry no streaming<\/h2>\n\n\n\n<p><strong>\u201cThe Rocky Horror Picture Show\u201d (1975)<\/strong><br>Neste cl\u00e1ssico cult, Curry entregou sua performance mais emblem\u00e1tica como o <a target=\"_blank\" rel=\"noreferrer noopener\" href=\"https:\/\/www.correiobraziliense.com.br\/diversao-e-arte\/2026\/08\/7487734-tim-curry-relembre-filmes-e-papeis-que-marcaram-carreira-do-ator.html\">Dr. Frank-N-Furter<\/a>, um cientista travesti extravagante de outro planeta. O papel, que ele j\u00e1 havia interpretado no teatro, o transformou em um \u00edcone da contracultura e segue celebrado at\u00e9 hoje. O filme pode ser assistido no Star+.<\/p>\n\n\n\n<p><strong>\u201cIt: Uma Obra Prima do Medo\u201d (1990)<\/strong><br>Muito antes da vers\u00e3o recente para o cinema, Curry aterrorizou uma gera\u00e7\u00e3o inteira como o <a target=\"_blank\" rel=\"noreferrer noopener\" href=\"https:\/\/www.correiobraziliense.com.br\/diversao-e-arte\/2025\/11\/7286026-a-polemica-cena-de-sexo-em-it-a-coisa-que-nenhuma-adaptacao-ousa-encenar.html\">palha\u00e7o Pennywise<\/a>. Sua interpreta\u00e7\u00e3o na miniss\u00e9rie para a TV \u00e9 considerada por muitos como a definitiva, criando uma figura s\u00e1dica e assustadora que se tornou um marco do horror. A produ\u00e7\u00e3o pode ser encontrada para aluguel ou compra em plataformas como Apple TV, Prime Video e Google Play.<\/p>\n\n\n\n<p><strong>\u201cA Lenda\u201d (1985)<\/strong><br>Nesta fantasia dirigida por Ridley Scott, o ator est\u00e1 irreconhec\u00edvel sob pesada maquiagem como o Senhor das Trevas, a personifica\u00e7\u00e3o do mal. Sua presen\u00e7a imponente e voz grave criaram um dos vil\u00f5es mais memor\u00e1veis dos anos 80, em um visual que exigia horas de prepara\u00e7\u00e3o di\u00e1ria. O longa pode ser encontrado no cat\u00e1logo do Star+.<\/p>\n\n\n\n<p><strong>\u201cOs Sete Suspeitos\u201d (1985)<\/strong><br>Nesta com\u00e9dia de mist\u00e9rio baseada no jogo de tabuleiro Detetive, Curry vive Wadsworth, o mordomo que guia os convidados pela mans\u00e3o. Sua atua\u00e7\u00e3o en\u00e9rgica e carism\u00e1tica \u00e9 o fio condutor da trama, que ficou famosa por ter m\u00faltiplos finais alternativos. O filme pode estar dispon\u00edvel para aluguel no Prime Video ou na Apple TV.<\/p>\n\n\n\n<p><strong>\u201cEsqueceram de Mim 2: Perdido em Nova York\u201d (1992)<\/strong><br>Mostrando sua grande versatilidade para a com\u00e9dia, Curry interpreta o pomposo concierge Sr. Hector, que desconfia das inten\u00e7\u00f5es do jovem Kevin McCallister no Plaza Hotel. Suas cenas de persegui\u00e7\u00e3o e di\u00e1logos com Macaulay Culkin s\u00e3o alguns dos momentos mais divertidos do filme, dispon\u00edvel no Disney+.<\/p>\n\n\n\n<p><\/p>\n","protected":false},"excerpt":{"rendered":"<p>O ator brit\u00e2nico Tim Curry, eternizado por pap\u00e9is ic\u00f4nicos no cinema e na TV, morreu aos 80 anos em Los Angeles. Embora sua sa\u00fade estivesse debilitada desde um AVC severo em 2012, que comprometeu sua mobilidade, ele se manteve ativo, chegando a lan\u00e7ar sua autobiografia em 2025. Famoso por dar vida ao Dr. Frank-N-Furter em [&hellip;]<\/p>\n","protected":false},"author":9,"featured_media":37932,"comment_status":"open","ping_status":"open","sticky":false,"template":"","format":"standard","meta":{"jnews-multi-image_gallery":[],"jnews_single_post":{"format":"standard"},"jnews_primary_category":[],"jnews_social_meta":[],"jnews_override_counter":[],"footnotes":""},"categories":[202],"tags":[340,5928,382,449,12391],"class_list":["post-37931","post","type-post","status-publish","format-standard","has-post-thumbnail","hentry","category-entretenimento","tag-filmes","tag-morre","tag-morte","tag-streaming","tag-tim-curry"],"yoast_head":"<!-- This site is optimized with the Yoast SEO plugin v25.1 - https:\/\/yoast.com\/wordpress\/plugins\/seo\/ -->\n<title>Onde assistir aos filmes mais marcantes de Tim Curry no streaming - Correio Braziliense - Aqui<\/title>\n<meta name=\"description\" content=\"Relembre os pap\u00e9is mais inesquec\u00edveis do ator brit\u00e2nico em cl\u00e1ssicos do cinema e saiba em quais plataformas de v\u00eddeo ver cada produ\u00e7\u00e3o.\" \/>\n<meta name=\"robots\" content=\"index, follow, max-snippet:-1, max-image-preview:large, max-video-preview:-1\" \/>\n<link rel=\"canonical\" href=\"https:\/\/www.correiobraziliense.com.br\/aqui\/2026\/08\/26\/onde-assistir-aos-filmes-mais-marcantes-de-tim-curry-no-streaming\/\" \/>\n<meta property=\"og:locale\" content=\"pt_BR\" \/>\n<meta property=\"og:type\" content=\"article\" \/>\n<meta property=\"og:title\" content=\"Onde assistir aos filmes mais marcantes de Tim Curry no streaming - Correio Braziliense - Aqui\" \/>\n<meta property=\"og:description\" content=\"Relembre os pap\u00e9is mais inesquec\u00edveis do ator brit\u00e2nico em cl\u00e1ssicos do cinema e saiba em quais plataformas de v\u00eddeo ver cada produ\u00e7\u00e3o.\" \/>\n<meta property=\"og:url\" content=\"https:\/\/www.correiobraziliense.com.br\/aqui\/2026\/08\/26\/onde-assistir-aos-filmes-mais-marcantes-de-tim-curry-no-streaming\/\" \/>\n<meta property=\"og:site_name\" content=\"Correio Braziliense - Aqui\" \/>\n<meta property=\"article:published_time\" content=\"2026-08-26T21:15:24+00:00\" \/>\n<meta property=\"article:modified_time\" content=\"2026-08-26T21:15:25+00:00\" \/>\n<meta property=\"og:image\" content=\"https:\/\/www.correiobraziliense.com.br\/aqui\/wp-content\/uploads\/2026\/08\/tim.jpg\" \/>\n\t<meta property=\"og:image:width\" content=\"1351\" \/>\n\t<meta property=\"og:image:height\" content=\"760\" \/>\n\t<meta property=\"og:image:type\" content=\"image\/jpeg\" \/>\n<meta name=\"author\" content=\"Lucas\" \/>\n<meta name=\"twitter:card\" content=\"summary_large_image\" \/>\n<meta name=\"twitter:label1\" content=\"Escrito por\" \/>\n\t<meta name=\"twitter:data1\" content=\"Lucas\" \/>\n\t<meta name=\"twitter:label2\" content=\"Est. tempo de leitura\" \/>\n\t<meta name=\"twitter:data2\" content=\"3 minutos\" \/>\n<!-- \/ Yoast SEO plugin. -->","yoast_head_json":{"title":"Onde assistir aos filmes mais marcantes de Tim Curry no streaming - Correio Braziliense - Aqui","description":"Relembre os pap\u00e9is mais inesquec\u00edveis do ator brit\u00e2nico em cl\u00e1ssicos do cinema e saiba em quais plataformas de v\u00eddeo ver cada produ\u00e7\u00e3o.","robots":{"index":"index","follow":"follow","max-snippet":"max-snippet:-1","max-image-preview":"max-image-preview:large","max-video-preview":"max-video-preview:-1"},"canonical":"https:\/\/www.correiobraziliense.com.br\/aqui\/2026\/08\/26\/onde-assistir-aos-filmes-mais-marcantes-de-tim-curry-no-streaming\/","og_locale":"pt_BR","og_type":"article","og_title":"Onde assistir aos filmes mais marcantes de Tim Curry no streaming - Correio Braziliense - Aqui","og_description":"Relembre os pap\u00e9is mais inesquec\u00edveis do ator brit\u00e2nico em cl\u00e1ssicos do cinema e saiba em quais plataformas de v\u00eddeo ver cada produ\u00e7\u00e3o.","og_url":"https:\/\/www.correiobraziliense.com.br\/aqui\/2026\/08\/26\/onde-assistir-aos-filmes-mais-marcantes-de-tim-curry-no-streaming\/","og_site_name":"Correio Braziliense - Aqui","article_published_time":"2026-08-26T21:15:24+00:00","article_modified_time":"2026-08-26T21:15:25+00:00","og_image":[{"width":1351,"height":760,"url":"https:\/\/www.correiobraziliense.com.br\/aqui\/wp-content\/uploads\/2026\/08\/tim.jpg","type":"image\/jpeg"}],"author":"Lucas","twitter_card":"summary_large_image","twitter_misc":{"Escrito por":"Lucas","Est. tempo de leitura":"3 minutos"},"schema":{"@context":"https:\/\/schema.org","@graph":[{"@type":"WebPage","@id":"https:\/\/www.correiobraziliense.com.br\/aqui\/2026\/08\/26\/onde-assistir-aos-filmes-mais-marcantes-de-tim-curry-no-streaming\/","url":"https:\/\/www.correiobraziliense.com.br\/aqui\/2026\/08\/26\/onde-assistir-aos-filmes-mais-marcantes-de-tim-curry-no-streaming\/","name":"Onde assistir aos filmes mais marcantes de Tim Curry no streaming - Correio Braziliense - Aqui","isPartOf":{"@id":"https:\/\/www.correiobraziliense.com.br\/aqui\/#website"},"primaryImageOfPage":{"@id":"https:\/\/www.correiobraziliense.com.br\/aqui\/2026\/08\/26\/onde-assistir-aos-filmes-mais-marcantes-de-tim-curry-no-streaming\/#primaryimage"},"image":{"@id":"https:\/\/www.correiobraziliense.com.br\/aqui\/2026\/08\/26\/onde-assistir-aos-filmes-mais-marcantes-de-tim-curry-no-streaming\/#primaryimage"},"thumbnailUrl":"https:\/\/www.correiobraziliense.com.br\/aqui\/wp-content\/uploads\/2026\/08\/tim.jpg","datePublished":"2026-08-26T21:15:24+00:00","dateModified":"2026-08-26T21:15:25+00:00","author":{"@id":"https:\/\/www.correiobraziliense.com.br\/aqui\/#\/schema\/person\/36d094a725ba56bbeb370a877862a002"},"description":"Relembre os pap\u00e9is mais inesquec\u00edveis do ator brit\u00e2nico em cl\u00e1ssicos do cinema e saiba em quais plataformas de v\u00eddeo ver cada produ\u00e7\u00e3o.","breadcrumb":{"@id":"https:\/\/www.correiobraziliense.com.br\/aqui\/2026\/08\/26\/onde-assistir-aos-filmes-mais-marcantes-de-tim-curry-no-streaming\/#breadcrumb"},"inLanguage":"pt-BR","potentialAction":[{"@type":"ReadAction","target":["https:\/\/www.correiobraziliense.com.br\/aqui\/2026\/08\/26\/onde-assistir-aos-filmes-mais-marcantes-de-tim-curry-no-streaming\/"]}]},{"@type":"ImageObject","inLanguage":"pt-BR","@id":"https:\/\/www.correiobraziliense.com.br\/aqui\/2026\/08\/26\/onde-assistir-aos-filmes-mais-marcantes-de-tim-curry-no-streaming\/#primaryimage","url":"https:\/\/www.correiobraziliense.com.br\/aqui\/wp-content\/uploads\/2026\/08\/tim.jpg","contentUrl":"https:\/\/www.correiobraziliense.com.br\/aqui\/wp-content\/uploads\/2026\/08\/tim.jpg","width":1351,"height":760,"caption":"Reprodu\u00e7\u00e3o\/Internet"},{"@type":"BreadcrumbList","@id":"https:\/\/www.correiobraziliense.com.br\/aqui\/2026\/08\/26\/onde-assistir-aos-filmes-mais-marcantes-de-tim-curry-no-streaming\/#breadcrumb","itemListElement":[{"@type":"ListItem","position":1,"name":"In\u00edcio","item":"https:\/\/www.correiobraziliense.com.br\/aqui\/"},{"@type":"ListItem","position":2,"name":"Onde assistir aos filmes mais marcantes de Tim Curry no streaming"}]},{"@type":"WebSite","@id":"https:\/\/www.correiobraziliense.com.br\/aqui\/#website","url":"https:\/\/www.correiobraziliense.com.br\/aqui\/","name":"Correio Braziliense - Aqui","description":"O Correio Braziliense (CB) \u00e9 o mais importante canal de not\u00edcias de Bras\u00edlia. Aqui voc\u00ea encontra as \u00faltimas not\u00edcias do DF, do Brasil e do mundo.","potentialAction":[{"@type":"SearchAction","target":{"@type":"EntryPoint","urlTemplate":"https:\/\/www.correiobraziliense.com.br\/aqui\/?s={search_term_string}"},"query-input":{"@type":"PropertyValueSpecification","valueRequired":true,"valueName":"search_term_string"}}],"inLanguage":"pt-BR"},{"@type":"Person","@id":"https:\/\/www.correiobraziliense.com.br\/aqui\/#\/schema\/person\/36d094a725ba56bbeb370a877862a002","name":"Lucas","image":{"@type":"ImageObject","inLanguage":"pt-BR","@id":"https:\/\/www.correiobraziliense.com.br\/aqui\/#\/schema\/person\/image\/","url":"https:\/\/secure.gravatar.com\/avatar\/eb1dd4a751dca39c233b091fb7b8ce9ef1608850325ab98ff1fbe898fcef0908?s=96&d=mm&r=g","contentUrl":"https:\/\/secure.gravatar.com\/avatar\/eb1dd4a751dca39c233b091fb7b8ce9ef1608850325ab98ff1fbe898fcef0908?s=96&d=mm&r=g","caption":"Lucas"},"url":"https:\/\/www.correiobraziliense.com.br\/aqui\/author\/lucasaqui\/"}]}},"_links":{"self":[{"href":"https:\/\/www.correiobraziliense.com.br\/aqui\/wp-json\/wp\/v2\/posts\/37931","targetHints":{"allow":["GET"]}}],"collection":[{"href":"https:\/\/www.correiobraziliense.com.br\/aqui\/wp-json\/wp\/v2\/posts"}],"about":[{"href":"https:\/\/www.correiobraziliense.com.br\/aqui\/wp-json\/wp\/v2\/types\/post"}],"author":[{"embeddable":true,"href":"https:\/\/www.correiobraziliense.com.br\/aqui\/wp-json\/wp\/v2\/users\/9"}],"replies":[{"embeddable":true,"href":"https:\/\/www.correiobraziliense.com.br\/aqui\/wp-json\/wp\/v2\/comments?post=37931"}],"version-history":[{"count":1,"href":"https:\/\/www.correiobraziliense.com.br\/aqui\/wp-json\/wp\/v2\/posts\/37931\/revisions"}],"predecessor-version":[{"id":37933,"href":"https:\/\/www.correiobraziliense.com.br\/aqui\/wp-json\/wp\/v2\/posts\/37931\/revisions\/37933"}],"wp:featuredmedia":[{"embeddable":true,"href":"https:\/\/www.correiobraziliense.com.br\/aqui\/wp-json\/wp\/v2\/media\/37932"}],"wp:attachment":[{"href":"https:\/\/www.correiobraziliense.com.br\/aqui\/wp-json\/wp\/v2\/media?parent=37931"}],"wp:term":[{"taxonomy":"category","embeddable":true,"href":"https:\/\/www.correiobraziliense.com.br\/aqui\/wp-json\/wp\/v2\/categories?post=37931"},{"taxonomy":"post_tag","embeddable":true,"href":"https:\/\/www.correiobraziliense.com.br\/aqui\/wp-json\/wp\/v2\/tags?post=37931"}],"curies":[{"name":"wp","href":"https:\/\/api.w.org\/{rel}","templated":true}]}}