{"id":37934,"date":"2026-08-26T18:20:43","date_gmt":"2026-08-26T21:20:43","guid":{"rendered":"https:\/\/www.correiobraziliense.com.br\/aqui\/?p=37934"},"modified":"2026-08-26T18:20:45","modified_gmt":"2026-08-26T21:20:45","slug":"quanto-custa-a-vacina-contra-o-herpes-zoster-na-rede-particular","status":"publish","type":"post","link":"https:\/\/www.correiobraziliense.com.br\/aqui\/2026\/08\/26\/quanto-custa-a-vacina-contra-o-herpes-zoster-na-rede-particular\/","title":{"rendered":"Quanto custa a vacina contra o herpes zoster na rede particular"},"content":{"rendered":"\n<p>A vacina Shingrix, que protege contra o herpes zoster (conhecido como cobreiro), \u00e9 uma importante ferramenta de preven\u00e7\u00e3o, mas seu custo na rede particular ainda \u00e9 um obst\u00e1culo para muitos brasileiros. Atualmente, o esquema completo exige duas doses, e o valor total pode pesar no or\u00e7amento familiar. A discuss\u00e3o sobre sua inclus\u00e3o no Sistema \u00danico de Sa\u00fade (SUS) avan\u00e7ou no Legislativo, mas encontrou barreiras no Executivo.<\/p>\n\n\n\n<p>Por enquanto, a \u00fanica forma de se proteger \u00e9 por meio do mercado privado. A <a target=\"_blank\" rel=\"noreferrer noopener\" href=\"https:\/\/www.correiobraziliense.com.br\/ciencia-e-saude\/2025\/04\/7102419-vacina-contra-herpes-zoster-reduziu-risco-de-demencia-em-testes-diz-estudo.html\">vacina Shingrix<\/a>, \u00fanica dispon\u00edvel no Brasil, oferece efic\u00e1cia superior a 90% na preven\u00e7\u00e3o da doen\u00e7a e, principalmente, de sua complica\u00e7\u00e3o mais temida: a neuralgia p\u00f3s-herp\u00e9tica, uma dor cr\u00f4nica e muitas vezes incapacitante que pode persistir por meses ou anos.<\/p>\n\n\n\n<h2 class=\"wp-block-heading\">Qual o valor da vacina contra herpes zoster?<\/h2>\n\n\n\n<p>O pre\u00e7o de cada dose da vacina contra o herpes zoster varia, em 2026, entre R$ 800 e R$ 950 em laborat\u00f3rios e cl\u00ednicas privadas. Como o esquema vacinal completo exige a aplica\u00e7\u00e3o de duas doses, com intervalo de dois meses entre elas, o custo total para a imuniza\u00e7\u00e3o fica entre R$ 1.600 e R$ 1.900.<\/p>\n\n\n\n<p>\u00c9 importante destacar que os valores podem mudar de acordo com a cidade e o estabelecimento escolhido. Algumas cl\u00ednicas oferecem pacotes que podem reduzir um pouco o custo final, mas o investimento permanece elevado para a maioria da popula\u00e7\u00e3o.<\/p>\n\n\n\n<h2 class=\"wp-block-heading\">Por que a imuniza\u00e7\u00e3o \u00e9 importante?<\/h2>\n\n\n\n<p>O herpes zoster \u00e9 causado pela reativa\u00e7\u00e3o do v\u00edrus da catapora, que permanece latente no organismo ap\u00f3s a infec\u00e7\u00e3o inicial, geralmente na inf\u00e2ncia. A queda da imunidade, comum com o envelhecimento, pode fazer o v\u00edrus &#8220;acordar&#8221;, causando les\u00f5es dolorosas na pele.<\/p>\n\n\n\n<p>A vacina\u00e7\u00e3o \u00e9 recomendada principalmente para adultos com 50 anos ou mais e para imunocomprometidos a partir de 18 anos, grupos com maior risco de desenvolver a doen\u00e7a e suas formas mais graves. O alto custo na rede privada impulsiona o debate sobre a <a target=\"_blank\" rel=\"noreferrer noopener\" href=\"https:\/\/www.correiobraziliense.com.br\/brasil\/2026\/01\/7332027-governo-barra-incorporacao-da-vacina-contra-herpes-zoster-no-sus.html\">inclus\u00e3o da vacina no calend\u00e1rio nacional do SUS<\/a>.<\/p>\n\n\n\n<p>Embora um projeto de lei para incluir o imunizante no SUS tramite no Congresso, a incorpora\u00e7\u00e3o enfrenta desafios. Em janeiro de 2026, o <a target=\"_blank\" rel=\"noreferrer noopener\" href=\"https:\/\/www.correiobraziliense.com.br\/brasil\/2026\/01\/7332451-herpes-zoster-vacina-e-barrada-pelo-ministerio-da-saude-no-sus.html\">Minist\u00e9rio da Sa\u00fade decidiu n\u00e3o adicionar a vacina ao calend\u00e1rio nacional<\/a>, considerando o custo anual de R$ 1,2 bilh\u00e3o como n\u00e3o custo-efetivo para o sistema p\u00fablico. A pasta informou que a decis\u00e3o pode ser reavaliada no futuro, caso novos fatos sejam apresentados.<\/p>\n\n\n\n<p><\/p>\n","protected":false},"excerpt":{"rendered":"<p>A vacina Shingrix, que protege contra o herpes zoster (conhecido como cobreiro), \u00e9 uma importante ferramenta de preven\u00e7\u00e3o, mas seu custo na rede particular ainda \u00e9 um obst\u00e1culo para muitos brasileiros. Atualmente, o esquema completo exige duas doses, e o valor total pode pesar no or\u00e7amento familiar. A discuss\u00e3o sobre sua inclus\u00e3o no Sistema \u00danico [&hellip;]<\/p>\n","protected":false},"author":9,"featured_media":37935,"comment_status":"open","ping_status":"open","sticky":false,"template":"","format":"standard","meta":{"jnews-multi-image_gallery":[],"jnews_single_post":{"format":"standard"},"jnews_primary_category":[],"jnews_social_meta":[],"jnews_override_counter":[],"footnotes":""},"categories":[123],"tags":[6117,12393,1913,6115],"class_list":["post-37934","post","type-post","status-publish","format-standard","has-post-thumbnail","hentry","category-saude","tag-herpes-zoster","tag-rede-particular","tag-sus","tag-vacina"],"yoast_head":"<!-- This site is optimized with the Yoast SEO plugin v25.1 - https:\/\/yoast.com\/wordpress\/plugins\/seo\/ -->\n<title>Quanto custa a vacina contra o herpes zoster na rede particular - Correio Braziliense - Aqui<\/title>\n<meta name=\"description\" content=\"Descubra o valor m\u00e9dio das duas doses no mercado privado brasileiro e o impacto da preven\u00e7\u00e3o na sa\u00fade p\u00fablica.\" \/>\n<meta name=\"robots\" content=\"index, follow, max-snippet:-1, max-image-preview:large, max-video-preview:-1\" \/>\n<link rel=\"canonical\" href=\"https:\/\/www.correiobraziliense.com.br\/aqui\/2026\/08\/26\/quanto-custa-a-vacina-contra-o-herpes-zoster-na-rede-particular\/\" \/>\n<meta property=\"og:locale\" content=\"pt_BR\" \/>\n<meta property=\"og:type\" content=\"article\" \/>\n<meta property=\"og:title\" content=\"Quanto custa a vacina contra o herpes zoster na rede particular - Correio Braziliense - Aqui\" \/>\n<meta property=\"og:description\" content=\"Descubra o valor m\u00e9dio das duas doses no mercado privado brasileiro e o impacto da preven\u00e7\u00e3o na sa\u00fade p\u00fablica.\" \/>\n<meta property=\"og:url\" content=\"https:\/\/www.correiobraziliense.com.br\/aqui\/2026\/08\/26\/quanto-custa-a-vacina-contra-o-herpes-zoster-na-rede-particular\/\" \/>\n<meta property=\"og:site_name\" content=\"Correio Braziliense - Aqui\" \/>\n<meta property=\"article:published_time\" content=\"2026-08-26T21:20:43+00:00\" \/>\n<meta property=\"article:modified_time\" content=\"2026-08-26T21:20:45+00:00\" \/>\n<meta property=\"og:image\" content=\"https:\/\/www.correiobraziliense.com.br\/aqui\/wp-content\/uploads\/2026\/08\/vacina-zoster_1787779015792.jpg\" \/>\n\t<meta property=\"og:image:width\" content=\"1280\" \/>\n\t<meta property=\"og:image:height\" content=\"720\" \/>\n\t<meta property=\"og:image:type\" content=\"image\/jpeg\" \/>\n<meta name=\"author\" content=\"Lucas\" \/>\n<meta name=\"twitter:card\" content=\"summary_large_image\" \/>\n<meta name=\"twitter:label1\" content=\"Escrito por\" \/>\n\t<meta name=\"twitter:data1\" content=\"Lucas\" \/>\n\t<meta name=\"twitter:label2\" content=\"Est. tempo de leitura\" \/>\n\t<meta name=\"twitter:data2\" content=\"3 minutos\" \/>\n<!-- \/ Yoast SEO plugin. -->","yoast_head_json":{"title":"Quanto custa a vacina contra o herpes zoster na rede particular - Correio Braziliense - Aqui","description":"Descubra o valor m\u00e9dio das duas doses no mercado privado brasileiro e o impacto da preven\u00e7\u00e3o na sa\u00fade p\u00fablica.","robots":{"index":"index","follow":"follow","max-snippet":"max-snippet:-1","max-image-preview":"max-image-preview:large","max-video-preview":"max-video-preview:-1"},"canonical":"https:\/\/www.correiobraziliense.com.br\/aqui\/2026\/08\/26\/quanto-custa-a-vacina-contra-o-herpes-zoster-na-rede-particular\/","og_locale":"pt_BR","og_type":"article","og_title":"Quanto custa a vacina contra o herpes zoster na rede particular - Correio Braziliense - Aqui","og_description":"Descubra o valor m\u00e9dio das duas doses no mercado privado brasileiro e o impacto da preven\u00e7\u00e3o na sa\u00fade p\u00fablica.","og_url":"https:\/\/www.correiobraziliense.com.br\/aqui\/2026\/08\/26\/quanto-custa-a-vacina-contra-o-herpes-zoster-na-rede-particular\/","og_site_name":"Correio Braziliense - Aqui","article_published_time":"2026-08-26T21:20:43+00:00","article_modified_time":"2026-08-26T21:20:45+00:00","og_image":[{"width":1280,"height":720,"url":"https:\/\/www.correiobraziliense.com.br\/aqui\/wp-content\/uploads\/2026\/08\/vacina-zoster_1787779015792.jpg","type":"image\/jpeg"}],"author":"Lucas","twitter_card":"summary_large_image","twitter_misc":{"Escrito por":"Lucas","Est. tempo de leitura":"3 minutos"},"schema":{"@context":"https:\/\/schema.org","@graph":[{"@type":"WebPage","@id":"https:\/\/www.correiobraziliense.com.br\/aqui\/2026\/08\/26\/quanto-custa-a-vacina-contra-o-herpes-zoster-na-rede-particular\/","url":"https:\/\/www.correiobraziliense.com.br\/aqui\/2026\/08\/26\/quanto-custa-a-vacina-contra-o-herpes-zoster-na-rede-particular\/","name":"Quanto custa a vacina contra o herpes zoster na rede particular - Correio Braziliense - Aqui","isPartOf":{"@id":"https:\/\/www.correiobraziliense.com.br\/aqui\/#website"},"primaryImageOfPage":{"@id":"https:\/\/www.correiobraziliense.com.br\/aqui\/2026\/08\/26\/quanto-custa-a-vacina-contra-o-herpes-zoster-na-rede-particular\/#primaryimage"},"image":{"@id":"https:\/\/www.correiobraziliense.com.br\/aqui\/2026\/08\/26\/quanto-custa-a-vacina-contra-o-herpes-zoster-na-rede-particular\/#primaryimage"},"thumbnailUrl":"https:\/\/www.correiobraziliense.com.br\/aqui\/wp-content\/uploads\/2026\/08\/vacina-zoster_1787779015792.jpg","datePublished":"2026-08-26T21:20:43+00:00","dateModified":"2026-08-26T21:20:45+00:00","author":{"@id":"https:\/\/www.correiobraziliense.com.br\/aqui\/#\/schema\/person\/36d094a725ba56bbeb370a877862a002"},"description":"Descubra o valor m\u00e9dio das duas doses no mercado privado brasileiro e o impacto da preven\u00e7\u00e3o na sa\u00fade p\u00fablica.","breadcrumb":{"@id":"https:\/\/www.correiobraziliense.com.br\/aqui\/2026\/08\/26\/quanto-custa-a-vacina-contra-o-herpes-zoster-na-rede-particular\/#breadcrumb"},"inLanguage":"pt-BR","potentialAction":[{"@type":"ReadAction","target":["https:\/\/www.correiobraziliense.com.br\/aqui\/2026\/08\/26\/quanto-custa-a-vacina-contra-o-herpes-zoster-na-rede-particular\/"]}]},{"@type":"ImageObject","inLanguage":"pt-BR","@id":"https:\/\/www.correiobraziliense.com.br\/aqui\/2026\/08\/26\/quanto-custa-a-vacina-contra-o-herpes-zoster-na-rede-particular\/#primaryimage","url":"https:\/\/www.correiobraziliense.com.br\/aqui\/wp-content\/uploads\/2026\/08\/vacina-zoster_1787779015792.jpg","contentUrl":"https:\/\/www.correiobraziliense.com.br\/aqui\/wp-content\/uploads\/2026\/08\/vacina-zoster_1787779015792.jpg","width":1280,"height":720,"caption":"Cr\u00e9ditos: depositphotos.com \/ M150photo"},{"@type":"BreadcrumbList","@id":"https:\/\/www.correiobraziliense.com.br\/aqui\/2026\/08\/26\/quanto-custa-a-vacina-contra-o-herpes-zoster-na-rede-particular\/#breadcrumb","itemListElement":[{"@type":"ListItem","position":1,"name":"In\u00edcio","item":"https:\/\/www.correiobraziliense.com.br\/aqui\/"},{"@type":"ListItem","position":2,"name":"Quanto custa a vacina contra o herpes zoster na rede particular"}]},{"@type":"WebSite","@id":"https:\/\/www.correiobraziliense.com.br\/aqui\/#website","url":"https:\/\/www.correiobraziliense.com.br\/aqui\/","name":"Correio Braziliense - Aqui","description":"O Correio Braziliense (CB) \u00e9 o mais importante canal de not\u00edcias de Bras\u00edlia. Aqui voc\u00ea encontra as \u00faltimas not\u00edcias do DF, do Brasil e do mundo.","potentialAction":[{"@type":"SearchAction","target":{"@type":"EntryPoint","urlTemplate":"https:\/\/www.correiobraziliense.com.br\/aqui\/?s={search_term_string}"},"query-input":{"@type":"PropertyValueSpecification","valueRequired":true,"valueName":"search_term_string"}}],"inLanguage":"pt-BR"},{"@type":"Person","@id":"https:\/\/www.correiobraziliense.com.br\/aqui\/#\/schema\/person\/36d094a725ba56bbeb370a877862a002","name":"Lucas","image":{"@type":"ImageObject","inLanguage":"pt-BR","@id":"https:\/\/www.correiobraziliense.com.br\/aqui\/#\/schema\/person\/image\/","url":"https:\/\/secure.gravatar.com\/avatar\/eb1dd4a751dca39c233b091fb7b8ce9ef1608850325ab98ff1fbe898fcef0908?s=96&d=mm&r=g","contentUrl":"https:\/\/secure.gravatar.com\/avatar\/eb1dd4a751dca39c233b091fb7b8ce9ef1608850325ab98ff1fbe898fcef0908?s=96&d=mm&r=g","caption":"Lucas"},"url":"https:\/\/www.correiobraziliense.com.br\/aqui\/author\/lucasaqui\/"}]}},"_links":{"self":[{"href":"https:\/\/www.correiobraziliense.com.br\/aqui\/wp-json\/wp\/v2\/posts\/37934","targetHints":{"allow":["GET"]}}],"collection":[{"href":"https:\/\/www.correiobraziliense.com.br\/aqui\/wp-json\/wp\/v2\/posts"}],"about":[{"href":"https:\/\/www.correiobraziliense.com.br\/aqui\/wp-json\/wp\/v2\/types\/post"}],"author":[{"embeddable":true,"href":"https:\/\/www.correiobraziliense.com.br\/aqui\/wp-json\/wp\/v2\/users\/9"}],"replies":[{"embeddable":true,"href":"https:\/\/www.correiobraziliense.com.br\/aqui\/wp-json\/wp\/v2\/comments?post=37934"}],"version-history":[{"count":1,"href":"https:\/\/www.correiobraziliense.com.br\/aqui\/wp-json\/wp\/v2\/posts\/37934\/revisions"}],"predecessor-version":[{"id":37936,"href":"https:\/\/www.correiobraziliense.com.br\/aqui\/wp-json\/wp\/v2\/posts\/37934\/revisions\/37936"}],"wp:featuredmedia":[{"embeddable":true,"href":"https:\/\/www.correiobraziliense.com.br\/aqui\/wp-json\/wp\/v2\/media\/37935"}],"wp:attachment":[{"href":"https:\/\/www.correiobraziliense.com.br\/aqui\/wp-json\/wp\/v2\/media?parent=37934"}],"wp:term":[{"taxonomy":"category","embeddable":true,"href":"https:\/\/www.correiobraziliense.com.br\/aqui\/wp-json\/wp\/v2\/categories?post=37934"},{"taxonomy":"post_tag","embeddable":true,"href":"https:\/\/www.correiobraziliense.com.br\/aqui\/wp-json\/wp\/v2\/tags?post=37934"}],"curies":[{"name":"wp","href":"https:\/\/api.w.org\/{rel}","templated":true}]}}