{"id":37939,"date":"2026-08-26T18:42:36","date_gmt":"2026-08-26T21:42:36","guid":{"rendered":"https:\/\/www.correiobraziliense.com.br\/aqui\/?p=37939"},"modified":"2026-08-26T18:42:39","modified_gmt":"2026-08-26T21:42:39","slug":"magreza-extrema-os-riscos-a-saude-que-medicos-alertam","status":"publish","type":"post","link":"https:\/\/www.correiobraziliense.com.br\/aqui\/2026\/08\/26\/magreza-extrema-os-riscos-a-saude-que-medicos-alertam\/","title":{"rendered":"Magreza extrema: os riscos \u00e0 sa\u00fade que m\u00e9dicos alertam"},"content":{"rendered":"\n<p>A intensa repercuss\u00e3o sobre a apar\u00eancia da cantora Ariana Grande, ap\u00f3s o lan\u00e7amento do videoclipe da m\u00fasica \u201cPetal\u201d em 31 de julho, reacendeu um debate urgente sobre padr\u00f5es de beleza e os perigos da magreza extrema. A discuss\u00e3o, que levou a artista a se afastar temporariamente das redes sociais, joga luz sobre as graves consequ\u00eancias que a busca por um corpo irreal pode trazer para a sa\u00fade f\u00edsica e mental.<\/p>\n\n\n\n<p>Embora a discuss\u00e3o tenha sido motivada por um caso espec\u00edfico, o alerta dos especialistas \u00e9 geral e n\u00e3o se basea em especula\u00e7\u00f5es individuais. Um <a target=\"_blank\" rel=\"noreferrer noopener\" href=\"https:\/\/www.correiobraziliense.com.br\/revista-do-correio\/2025\/08\/7212522-quando-o-peso-engana-magreza-nao-e-sinonimo-de-saude.html\">baixo \u00edndice de gordura corporal<\/a>, muito abaixo do considerado saud\u00e1vel, priva o organismo de reservas energ\u00e9ticas e nutrientes vitais. Essa condi\u00e7\u00e3o for\u00e7a o corpo a entrar em um estado de alerta, comprometendo fun\u00e7\u00f5es essenciais para a sobreviv\u00eancia e abrindo portas para uma s\u00e9rie de complica\u00e7\u00f5es m\u00e9dicas.<\/p>\n\n\n\n<p>A press\u00e3o est\u00e9tica, amplificada pela exposi\u00e7\u00e3o constante nas m\u00eddias digitais, frequentemente atua como um gatilho para transtornos alimentares graves, como a anorexia e a bulimia. Essas condi\u00e7\u00f5es n\u00e3o s\u00e3o apenas sobre alimenta\u00e7\u00e3o, mas sim dist\u00farbios psicol\u00f3gicos complexos que exigem tratamento especializado.<\/p>\n\n\n\n<h2 class=\"wp-block-heading\">Principais riscos da magreza extrema<\/h2>\n\n\n\n<p>As consequ\u00eancias de um peso corporal excessivamente baixo afetam o corpo de maneira sist\u00eamica. A falta de nutrientes impacta desde o funcionamento do cora\u00e7\u00e3o at\u00e9 a sa\u00fade dos ossos e o equil\u00edbrio emocional. Entre os principais perigos, destacam-se:<\/p>\n\n\n\n<ul class=\"wp-block-list\">\n<li><strong>Danos ao cora\u00e7\u00e3o:<\/strong> a falta de gordura e massa muscular pode levar o cora\u00e7\u00e3o a diminuir de tamanho e a bater mais lentamente, uma condi\u00e7\u00e3o conhecida como bradicardia. A press\u00e3o arterial tamb\u00e9m tende a cair para n\u00edveis perigosos, aumentando o risco de arritmias e insufici\u00eancia card\u00edaca.<\/li>\n\n\n\n<li><strong>Perda de massa \u00f3ssea e muscular:<\/strong> sem energia suficiente vinda dos alimentos, o corpo passa a <a href=\"https:\/\/www.correiobraziliense.com.br\/revista-do-correio\/2025\/07\/7196075-perdendo-musculos-ganhando-problemas-conheca-a-sarcopenia-e-seus-riscos-para-a-saude.html\" target=\"_blank\" rel=\"noreferrer noopener\">consumir os pr\u00f3prios m\u00fasculos<\/a> e a densidade \u00f3ssea diminui. O quadro pode evoluir para osteopenia e osteoporose, mesmo em pessoas jovens, elevando o risco de fraturas.<\/li>\n\n\n\n<li><strong>Altera\u00e7\u00f5es hormonais:<\/strong> o sistema end\u00f3crino \u00e9 um dos primeiros a ser afetado. Em mulheres, \u00e9 comum a interrup\u00e7\u00e3o do ciclo menstrual, o que compromete a fertilidade. A produ\u00e7\u00e3o de horm\u00f4nios da tireoide tamb\u00e9m pode ser desregulada, causando fadiga cr\u00f4nica e intoler\u00e2ncia ao frio.<\/li>\n\n\n\n<li><strong>Impactos na sa\u00fade mental:<\/strong> a desnutri\u00e7\u00e3o afeta diretamente o c\u00e9rebro, potencializando quadros de depress\u00e3o, ansiedade, irritabilidade e dificuldade de concentra\u00e7\u00e3o. A <a href=\"https:\/\/www.correiobraziliense.com.br\/ciencia-e-saude\/2025\/07\/7200547-dismorfia-corporal-qualquer-area-do-corpo-pode-gerar-preocupacao-estetica.html\" target=\"_blank\" rel=\"noreferrer noopener\">percep\u00e7\u00e3o distorcida da pr\u00f3pria imagem corporal<\/a> \u00e9 um sintoma central dos transtornos alimentares.<\/li>\n\n\n\n<li><strong>Sistema imunol\u00f3gico enfraquecido:<\/strong> a car\u00eancia de vitaminas e minerais deixa o corpo vulner\u00e1vel a infec\u00e7\u00f5es. Gripes, resfriados e outras doen\u00e7as se tornam mais frequentes e severas, pois o organismo n\u00e3o tem recursos para combat\u00ea-las adequadamente.<\/li>\n<\/ul>\n\n\n\n<p>O <a target=\"_blank\" rel=\"noreferrer noopener\" href=\"https:\/\/www.correiobraziliense.com.br\/revista-do-correio\/2025\/03\/7092941-7-sinais-de-que-o-emagrecimento-esta-prejudicando-a-saude.html\">emagrecimento acentuado e n\u00e3o saud\u00e1vel<\/a> exige acompanhamento profissional. A abordagem multidisciplinar, envolvendo m\u00e9dicos e psic\u00f3logos, \u00e9 fundamental para tratar tanto as causas quanto as consequ\u00eancias do problema, recuperando o bem-estar de forma segura e integral.<\/p>\n\n\n\n<p><\/p>\n","protected":false},"excerpt":{"rendered":"<p>A intensa repercuss\u00e3o sobre a apar\u00eancia da cantora Ariana Grande, ap\u00f3s o lan\u00e7amento do videoclipe da m\u00fasica \u201cPetal\u201d em 31 de julho, reacendeu um debate urgente sobre padr\u00f5es de beleza e os perigos da magreza extrema. A discuss\u00e3o, que levou a artista a se afastar temporariamente das redes sociais, joga luz sobre as graves consequ\u00eancias [&hellip;]<\/p>\n","protected":false},"author":9,"featured_media":37940,"comment_status":"open","ping_status":"open","sticky":false,"template":"","format":"standard","meta":{"jnews-multi-image_gallery":[],"jnews_single_post":{"format":"standard"},"jnews_primary_category":[],"jnews_social_meta":[],"jnews_override_counter":[],"footnotes":""},"categories":[123],"tags":[12395,141],"class_list":["post-37939","post","type-post","status-publish","format-standard","has-post-thumbnail","hentry","category-saude","tag-magreza-extrema","tag-saude"],"yoast_head":"<!-- This site is optimized with the Yoast SEO plugin v25.1 - https:\/\/yoast.com\/wordpress\/plugins\/seo\/ -->\n<title>Magreza extrema: os riscos \u00e0 sa\u00fade que m\u00e9dicos alertam - Correio Braziliense - Aqui<\/title>\n<meta name=\"description\" content=\"Transtornos alimentares, impactos f\u00edsicos e mentais; nutr\u00f3loga explica consequ\u00eancias de padr\u00f5es est\u00e9ticos inating\u00edveis.\" \/>\n<meta name=\"robots\" content=\"index, follow, max-snippet:-1, max-image-preview:large, max-video-preview:-1\" \/>\n<link rel=\"canonical\" href=\"https:\/\/www.correiobraziliense.com.br\/aqui\/2026\/08\/26\/magreza-extrema-os-riscos-a-saude-que-medicos-alertam\/\" \/>\n<meta property=\"og:locale\" content=\"pt_BR\" \/>\n<meta property=\"og:type\" content=\"article\" \/>\n<meta property=\"og:title\" content=\"Magreza extrema: os riscos \u00e0 sa\u00fade que m\u00e9dicos alertam - Correio Braziliense - Aqui\" \/>\n<meta property=\"og:description\" content=\"Transtornos alimentares, impactos f\u00edsicos e mentais; nutr\u00f3loga explica consequ\u00eancias de padr\u00f5es est\u00e9ticos inating\u00edveis.\" \/>\n<meta property=\"og:url\" content=\"https:\/\/www.correiobraziliense.com.br\/aqui\/2026\/08\/26\/magreza-extrema-os-riscos-a-saude-que-medicos-alertam\/\" \/>\n<meta property=\"og:site_name\" content=\"Correio Braziliense - Aqui\" \/>\n<meta property=\"article:published_time\" content=\"2026-08-26T21:42:36+00:00\" \/>\n<meta property=\"article:modified_time\" content=\"2026-08-26T21:42:39+00:00\" \/>\n<meta property=\"og:image\" content=\"https:\/\/www.correiobraziliense.com.br\/aqui\/wp-content\/uploads\/2026\/08\/anorexia_1787779393976.jpg\" \/>\n\t<meta property=\"og:image:width\" content=\"1280\" \/>\n\t<meta property=\"og:image:height\" content=\"720\" \/>\n\t<meta property=\"og:image:type\" content=\"image\/jpeg\" \/>\n<meta name=\"author\" content=\"Lucas\" \/>\n<meta name=\"twitter:card\" content=\"summary_large_image\" \/>\n<meta name=\"twitter:label1\" content=\"Escrito por\" \/>\n\t<meta name=\"twitter:data1\" content=\"Lucas\" \/>\n\t<meta name=\"twitter:label2\" content=\"Est. tempo de leitura\" \/>\n\t<meta name=\"twitter:data2\" content=\"3 minutos\" \/>\n<!-- \/ Yoast SEO plugin. -->","yoast_head_json":{"title":"Magreza extrema: os riscos \u00e0 sa\u00fade que m\u00e9dicos alertam - Correio Braziliense - Aqui","description":"Transtornos alimentares, impactos f\u00edsicos e mentais; nutr\u00f3loga explica consequ\u00eancias de padr\u00f5es est\u00e9ticos inating\u00edveis.","robots":{"index":"index","follow":"follow","max-snippet":"max-snippet:-1","max-image-preview":"max-image-preview:large","max-video-preview":"max-video-preview:-1"},"canonical":"https:\/\/www.correiobraziliense.com.br\/aqui\/2026\/08\/26\/magreza-extrema-os-riscos-a-saude-que-medicos-alertam\/","og_locale":"pt_BR","og_type":"article","og_title":"Magreza extrema: os riscos \u00e0 sa\u00fade que m\u00e9dicos alertam - Correio Braziliense - Aqui","og_description":"Transtornos alimentares, impactos f\u00edsicos e mentais; nutr\u00f3loga explica consequ\u00eancias de padr\u00f5es est\u00e9ticos inating\u00edveis.","og_url":"https:\/\/www.correiobraziliense.com.br\/aqui\/2026\/08\/26\/magreza-extrema-os-riscos-a-saude-que-medicos-alertam\/","og_site_name":"Correio Braziliense - Aqui","article_published_time":"2026-08-26T21:42:36+00:00","article_modified_time":"2026-08-26T21:42:39+00:00","og_image":[{"width":1280,"height":720,"url":"https:\/\/www.correiobraziliense.com.br\/aqui\/wp-content\/uploads\/2026\/08\/anorexia_1787779393976.jpg","type":"image\/jpeg"}],"author":"Lucas","twitter_card":"summary_large_image","twitter_misc":{"Escrito por":"Lucas","Est. tempo de leitura":"3 minutos"},"schema":{"@context":"https:\/\/schema.org","@graph":[{"@type":"WebPage","@id":"https:\/\/www.correiobraziliense.com.br\/aqui\/2026\/08\/26\/magreza-extrema-os-riscos-a-saude-que-medicos-alertam\/","url":"https:\/\/www.correiobraziliense.com.br\/aqui\/2026\/08\/26\/magreza-extrema-os-riscos-a-saude-que-medicos-alertam\/","name":"Magreza extrema: os riscos \u00e0 sa\u00fade que m\u00e9dicos alertam - Correio Braziliense - Aqui","isPartOf":{"@id":"https:\/\/www.correiobraziliense.com.br\/aqui\/#website"},"primaryImageOfPage":{"@id":"https:\/\/www.correiobraziliense.com.br\/aqui\/2026\/08\/26\/magreza-extrema-os-riscos-a-saude-que-medicos-alertam\/#primaryimage"},"image":{"@id":"https:\/\/www.correiobraziliense.com.br\/aqui\/2026\/08\/26\/magreza-extrema-os-riscos-a-saude-que-medicos-alertam\/#primaryimage"},"thumbnailUrl":"https:\/\/www.correiobraziliense.com.br\/aqui\/wp-content\/uploads\/2026\/08\/anorexia_1787779393976.jpg","datePublished":"2026-08-26T21:42:36+00:00","dateModified":"2026-08-26T21:42:39+00:00","author":{"@id":"https:\/\/www.correiobraziliense.com.br\/aqui\/#\/schema\/person\/36d094a725ba56bbeb370a877862a002"},"description":"Transtornos alimentares, impactos f\u00edsicos e mentais; nutr\u00f3loga explica consequ\u00eancias de padr\u00f5es est\u00e9ticos inating\u00edveis.","breadcrumb":{"@id":"https:\/\/www.correiobraziliense.com.br\/aqui\/2026\/08\/26\/magreza-extrema-os-riscos-a-saude-que-medicos-alertam\/#breadcrumb"},"inLanguage":"pt-BR","potentialAction":[{"@type":"ReadAction","target":["https:\/\/www.correiobraziliense.com.br\/aqui\/2026\/08\/26\/magreza-extrema-os-riscos-a-saude-que-medicos-alertam\/"]}]},{"@type":"ImageObject","inLanguage":"pt-BR","@id":"https:\/\/www.correiobraziliense.com.br\/aqui\/2026\/08\/26\/magreza-extrema-os-riscos-a-saude-que-medicos-alertam\/#primaryimage","url":"https:\/\/www.correiobraziliense.com.br\/aqui\/wp-content\/uploads\/2026\/08\/anorexia_1787779393976.jpg","contentUrl":"https:\/\/www.correiobraziliense.com.br\/aqui\/wp-content\/uploads\/2026\/08\/anorexia_1787779393976.jpg","width":1280,"height":720,"caption":"Cr\u00e9ditos: depositphotos.com \/ Nomadsoul1"},{"@type":"BreadcrumbList","@id":"https:\/\/www.correiobraziliense.com.br\/aqui\/2026\/08\/26\/magreza-extrema-os-riscos-a-saude-que-medicos-alertam\/#breadcrumb","itemListElement":[{"@type":"ListItem","position":1,"name":"In\u00edcio","item":"https:\/\/www.correiobraziliense.com.br\/aqui\/"},{"@type":"ListItem","position":2,"name":"Magreza extrema: os riscos \u00e0 sa\u00fade que m\u00e9dicos alertam"}]},{"@type":"WebSite","@id":"https:\/\/www.correiobraziliense.com.br\/aqui\/#website","url":"https:\/\/www.correiobraziliense.com.br\/aqui\/","name":"Correio Braziliense - Aqui","description":"O Correio Braziliense (CB) \u00e9 o mais importante canal de not\u00edcias de Bras\u00edlia. Aqui voc\u00ea encontra as \u00faltimas not\u00edcias do DF, do Brasil e do mundo.","potentialAction":[{"@type":"SearchAction","target":{"@type":"EntryPoint","urlTemplate":"https:\/\/www.correiobraziliense.com.br\/aqui\/?s={search_term_string}"},"query-input":{"@type":"PropertyValueSpecification","valueRequired":true,"valueName":"search_term_string"}}],"inLanguage":"pt-BR"},{"@type":"Person","@id":"https:\/\/www.correiobraziliense.com.br\/aqui\/#\/schema\/person\/36d094a725ba56bbeb370a877862a002","name":"Lucas","image":{"@type":"ImageObject","inLanguage":"pt-BR","@id":"https:\/\/www.correiobraziliense.com.br\/aqui\/#\/schema\/person\/image\/","url":"https:\/\/secure.gravatar.com\/avatar\/eb1dd4a751dca39c233b091fb7b8ce9ef1608850325ab98ff1fbe898fcef0908?s=96&d=mm&r=g","contentUrl":"https:\/\/secure.gravatar.com\/avatar\/eb1dd4a751dca39c233b091fb7b8ce9ef1608850325ab98ff1fbe898fcef0908?s=96&d=mm&r=g","caption":"Lucas"},"url":"https:\/\/www.correiobraziliense.com.br\/aqui\/author\/lucasaqui\/"}]}},"_links":{"self":[{"href":"https:\/\/www.correiobraziliense.com.br\/aqui\/wp-json\/wp\/v2\/posts\/37939","targetHints":{"allow":["GET"]}}],"collection":[{"href":"https:\/\/www.correiobraziliense.com.br\/aqui\/wp-json\/wp\/v2\/posts"}],"about":[{"href":"https:\/\/www.correiobraziliense.com.br\/aqui\/wp-json\/wp\/v2\/types\/post"}],"author":[{"embeddable":true,"href":"https:\/\/www.correiobraziliense.com.br\/aqui\/wp-json\/wp\/v2\/users\/9"}],"replies":[{"embeddable":true,"href":"https:\/\/www.correiobraziliense.com.br\/aqui\/wp-json\/wp\/v2\/comments?post=37939"}],"version-history":[{"count":1,"href":"https:\/\/www.correiobraziliense.com.br\/aqui\/wp-json\/wp\/v2\/posts\/37939\/revisions"}],"predecessor-version":[{"id":37941,"href":"https:\/\/www.correiobraziliense.com.br\/aqui\/wp-json\/wp\/v2\/posts\/37939\/revisions\/37941"}],"wp:featuredmedia":[{"embeddable":true,"href":"https:\/\/www.correiobraziliense.com.br\/aqui\/wp-json\/wp\/v2\/media\/37940"}],"wp:attachment":[{"href":"https:\/\/www.correiobraziliense.com.br\/aqui\/wp-json\/wp\/v2\/media?parent=37939"}],"wp:term":[{"taxonomy":"category","embeddable":true,"href":"https:\/\/www.correiobraziliense.com.br\/aqui\/wp-json\/wp\/v2\/categories?post=37939"},{"taxonomy":"post_tag","embeddable":true,"href":"https:\/\/www.correiobraziliense.com.br\/aqui\/wp-json\/wp\/v2\/tags?post=37939"}],"curies":[{"name":"wp","href":"https:\/\/api.w.org\/{rel}","templated":true}]}}