{"id":37942,"date":"2026-08-27T07:27:00","date_gmt":"2026-08-27T10:27:00","guid":{"rendered":"https:\/\/www.correiobraziliense.com.br\/aqui\/?p=37942"},"modified":"2026-08-26T20:33:34","modified_gmt":"2026-08-26T23:33:34","slug":"como-age-no-corpo-a-vacina-contra-a-herpes-zoster-e-quem-pode-tomar","status":"publish","type":"post","link":"https:\/\/www.correiobraziliense.com.br\/aqui\/2026\/08\/27\/como-age-no-corpo-a-vacina-contra-a-herpes-zoster-e-quem-pode-tomar\/","title":{"rendered":"Como age no corpo a vacina contra a herpes zoster e quem pode tomar"},"content":{"rendered":"\n<p>A discuss\u00e3o sobre a inclus\u00e3o da vacina contra a herpes zoster no Sistema \u00danico de Sa\u00fade (SUS) tem ganhado for\u00e7a em meio a debates sobre pol\u00edticas p\u00fablicas de sa\u00fade. A proposta levanta d\u00favidas sobre como o imunizante funciona e quem realmente pode se beneficiar dele. A doen\u00e7a, popularmente conhecida como cobreiro, \u00e9 causada pela reativa\u00e7\u00e3o do v\u00edrus da catapora (varicela-zoster), que permanece adormecido no corpo por anos.<\/p>\n\n\n\n<p>Diferente da vacina mais antiga, que usava o v\u00edrus atenuado e foi descontinuada, a vers\u00e3o mais moderna dispon\u00edvel no Brasil \u00e9 uma vacina recombinante inativada. Isso significa que ela n\u00e3o cont\u00e9m o v\u00edrus vivo. Em vez disso, utiliza uma pequena parte do v\u00edrus, a glicoprote\u00edna E, combinada com uma subst\u00e2ncia que potencializa a resposta do sistema de defesa do corpo. Atualmente, este imunizante est\u00e1 dispon\u00edvel apenas na rede particular de sa\u00fade.<\/p>\n\n\n\n<p>Na pr\u00e1tica, o imunizante \u201censina\u201d as c\u00e9lulas de defesa a reconhecerem e combaterem o v\u00edrus da varicela-zoster caso ele seja reativado. Essa resposta imune robusta impede que o v\u00edrus se multiplique e cause as dolorosas les\u00f5es na pele, caracter\u00edsticas da <a target=\"_blank\" rel=\"noreferrer noopener\" href=\"https:\/\/www.correiobraziliense.com.br\/revista-do-correio\/2025\/05\/7151661-um-inimigo-perigoso-os-riscos-que-a-herpes-pode-causar.html\">herpes zoster<\/a>. A efic\u00e1cia na preven\u00e7\u00e3o da doen\u00e7a varia de 90% a 97%, dependendo da faixa et\u00e1ria.<\/p>\n\n\n\n<h2 class=\"wp-block-heading\">Quem pode tomar a vacina contra o herpes zoster?<\/h2>\n\n\n\n<p>Mesmo quem j\u00e1 teve um epis\u00f3dio de herpes zoster pode se beneficiar da vacina\u00e7\u00e3o para prevenir futuras ocorr\u00eancias. A imuniza\u00e7\u00e3o \u00e9 indicada principalmente para dois grupos, com aplica\u00e7\u00e3o em duas doses e um intervalo padr\u00e3o de dois meses entre elas, que pode ser flexibilizado conforme orienta\u00e7\u00e3o m\u00e9dica:<\/p>\n\n\n\n<ul class=\"wp-block-list\">\n<li><strong>Adultos com 50 anos ou mais:<\/strong> faixa et\u00e1ria em que o risco de reativa\u00e7\u00e3o do v\u00edrus aumenta significativamente devido ao <a href=\"https:\/\/www.correiobraziliense.com.br\/ciencia-e-saude\/2026\/01\/7336194-vacina-contra-herpes-zoster-pode-retardar-envelhecimento.html\" target=\"_blank\" rel=\"noreferrer noopener\">enfraquecimento natural do sistema imune<\/a>.<\/li>\n\n\n\n<li><strong>Adultos com 18 anos ou mais com risco aumentado da doen\u00e7a:<\/strong> inclui pessoas com o sistema imunol\u00f3gico comprometido por condi\u00e7\u00f5es como c\u00e2ncer, HIV ou uso de medicamentos imunossupressores.<\/li>\n<\/ul>\n\n\n\n<h2 class=\"wp-block-heading\">Quais s\u00e3o as contraindica\u00e7\u00f5es?<\/h2>\n\n\n\n<p>A principal contraindica\u00e7\u00e3o \u00e9 para pessoas que j\u00e1 tiveram rea\u00e7\u00e3o al\u00e9rgica grave a alguma dose anterior ou a um dos componentes da vacina. Por n\u00e3o conter v\u00edrus vivo, ela \u00e9 considerada segura para pacientes imunocomprometidos. As rea\u00e7\u00f5es mais comuns s\u00e3o leves e passageiras, como dor no local da inje\u00e7\u00e3o, fadiga, dor de cabe\u00e7a e dores musculares.<\/p>\n\n\n\n<p>O objetivo do imunizante \u00e9 evitar n\u00e3o apenas as les\u00f5es na pele, que se manifestam como bolhas dolorosas e uma sensa\u00e7\u00e3o de queima\u00e7\u00e3o, mas principalmente sua complica\u00e7\u00e3o mais temida. A <a target=\"_blank\" rel=\"noreferrer noopener\" href=\"https:\/\/www.correiobraziliense.com.br\/ciencia-e-saude\/2025\/04\/7102419-vacina-contra-herpes-zoster-reduziu-risco-de-demencia-em-testes-diz-estudo.html\">neuralgia p\u00f3s-herp\u00e9tica \u00e9 uma dor cr\u00f4nica e debilitante<\/a> que pode persistir por meses ou at\u00e9 anos ap\u00f3s o desaparecimento das erup\u00e7\u00f5es cut\u00e2neas.<\/p>\n","protected":false},"excerpt":{"rendered":"<p>Entenda como funciona a imuniza\u00e7\u00e3o recombinante contra o herpes zoster, suas contraindica\u00e7\u00f5es e os sintomas que a vacina ajuda a prevenir.<\/p>\n","protected":false},"author":8,"featured_media":37943,"comment_status":"open","ping_status":"open","sticky":false,"template":"","format":"standard","meta":{"jnews-multi-image_gallery":[],"jnews_single_post":{"format":"standard"},"jnews_primary_category":[],"jnews_social_meta":[],"jnews_override_counter":[],"footnotes":""},"categories":[123],"tags":[7635,6117,12397,141,6115],"class_list":["post-37942","post","type-post","status-publish","format-standard","has-post-thumbnail","hentry","category-saude","tag-como-funciona","tag-herpes-zoster","tag-quem-pode-tomar","tag-saude","tag-vacina"],"yoast_head":"<!-- This site is optimized with the Yoast SEO plugin v25.1 - https:\/\/yoast.com\/wordpress\/plugins\/seo\/ -->\n<title>Como age no corpo a vacina contra a herpes zoster e quem pode tomar - Correio Braziliense - Aqui<\/title>\n<meta name=\"description\" content=\"Entenda como funciona a imuniza\u00e7\u00e3o recombinante contra o herpes zoster, suas contraindica\u00e7\u00f5es e os sintomas que a vacina ajuda a prevenir.\" \/>\n<meta name=\"robots\" content=\"index, follow, max-snippet:-1, max-image-preview:large, max-video-preview:-1\" \/>\n<link rel=\"canonical\" href=\"https:\/\/www.correiobraziliense.com.br\/aqui\/2026\/08\/27\/como-age-no-corpo-a-vacina-contra-a-herpes-zoster-e-quem-pode-tomar\/\" \/>\n<meta property=\"og:locale\" content=\"pt_BR\" \/>\n<meta property=\"og:type\" content=\"article\" \/>\n<meta property=\"og:title\" content=\"Como age no corpo a vacina contra a herpes zoster e quem pode tomar - Correio Braziliense - Aqui\" \/>\n<meta property=\"og:description\" content=\"Entenda como funciona a imuniza\u00e7\u00e3o recombinante contra o herpes zoster, suas contraindica\u00e7\u00f5es e os sintomas que a vacina ajuda a prevenir.\" \/>\n<meta property=\"og:url\" content=\"https:\/\/www.correiobraziliense.com.br\/aqui\/2026\/08\/27\/como-age-no-corpo-a-vacina-contra-a-herpes-zoster-e-quem-pode-tomar\/\" \/>\n<meta property=\"og:site_name\" content=\"Correio Braziliense - Aqui\" \/>\n<meta property=\"article:published_time\" content=\"2026-08-27T10:27:00+00:00\" \/>\n<meta property=\"og:image\" content=\"https:\/\/www.correiobraziliense.com.br\/aqui\/wp-content\/uploads\/2026\/08\/herpes-zoster_1787787047686.jpg\" \/>\n\t<meta property=\"og:image:width\" content=\"1280\" \/>\n\t<meta property=\"og:image:height\" content=\"720\" \/>\n\t<meta property=\"og:image:type\" content=\"image\/jpeg\" \/>\n<meta name=\"author\" content=\"Lara\" \/>\n<meta name=\"twitter:card\" content=\"summary_large_image\" \/>\n<meta name=\"twitter:label1\" content=\"Escrito por\" \/>\n\t<meta name=\"twitter:data1\" content=\"Lara\" \/>\n\t<meta name=\"twitter:label2\" content=\"Est. tempo de leitura\" \/>\n\t<meta name=\"twitter:data2\" content=\"3 minutos\" \/>\n<!-- \/ Yoast SEO plugin. -->","yoast_head_json":{"title":"Como age no corpo a vacina contra a herpes zoster e quem pode tomar - Correio Braziliense - Aqui","description":"Entenda como funciona a imuniza\u00e7\u00e3o recombinante contra o herpes zoster, suas contraindica\u00e7\u00f5es e os sintomas que a vacina ajuda a prevenir.","robots":{"index":"index","follow":"follow","max-snippet":"max-snippet:-1","max-image-preview":"max-image-preview:large","max-video-preview":"max-video-preview:-1"},"canonical":"https:\/\/www.correiobraziliense.com.br\/aqui\/2026\/08\/27\/como-age-no-corpo-a-vacina-contra-a-herpes-zoster-e-quem-pode-tomar\/","og_locale":"pt_BR","og_type":"article","og_title":"Como age no corpo a vacina contra a herpes zoster e quem pode tomar - Correio Braziliense - Aqui","og_description":"Entenda como funciona a imuniza\u00e7\u00e3o recombinante contra o herpes zoster, suas contraindica\u00e7\u00f5es e os sintomas que a vacina ajuda a prevenir.","og_url":"https:\/\/www.correiobraziliense.com.br\/aqui\/2026\/08\/27\/como-age-no-corpo-a-vacina-contra-a-herpes-zoster-e-quem-pode-tomar\/","og_site_name":"Correio Braziliense - Aqui","article_published_time":"2026-08-27T10:27:00+00:00","og_image":[{"width":1280,"height":720,"url":"https:\/\/www.correiobraziliense.com.br\/aqui\/wp-content\/uploads\/2026\/08\/herpes-zoster_1787787047686.jpg","type":"image\/jpeg"}],"author":"Lara","twitter_card":"summary_large_image","twitter_misc":{"Escrito por":"Lara","Est. tempo de leitura":"3 minutos"},"schema":{"@context":"https:\/\/schema.org","@graph":[{"@type":"WebPage","@id":"https:\/\/www.correiobraziliense.com.br\/aqui\/2026\/08\/27\/como-age-no-corpo-a-vacina-contra-a-herpes-zoster-e-quem-pode-tomar\/","url":"https:\/\/www.correiobraziliense.com.br\/aqui\/2026\/08\/27\/como-age-no-corpo-a-vacina-contra-a-herpes-zoster-e-quem-pode-tomar\/","name":"Como age no corpo a vacina contra a herpes zoster e quem pode tomar - Correio Braziliense - Aqui","isPartOf":{"@id":"https:\/\/www.correiobraziliense.com.br\/aqui\/#website"},"primaryImageOfPage":{"@id":"https:\/\/www.correiobraziliense.com.br\/aqui\/2026\/08\/27\/como-age-no-corpo-a-vacina-contra-a-herpes-zoster-e-quem-pode-tomar\/#primaryimage"},"image":{"@id":"https:\/\/www.correiobraziliense.com.br\/aqui\/2026\/08\/27\/como-age-no-corpo-a-vacina-contra-a-herpes-zoster-e-quem-pode-tomar\/#primaryimage"},"thumbnailUrl":"https:\/\/www.correiobraziliense.com.br\/aqui\/wp-content\/uploads\/2026\/08\/herpes-zoster_1787787047686.jpg","datePublished":"2026-08-27T10:27:00+00:00","author":{"@id":"https:\/\/www.correiobraziliense.com.br\/aqui\/#\/schema\/person\/5d6e4d99fecc86ab1a7ed1a0369afb65"},"description":"Entenda como funciona a imuniza\u00e7\u00e3o recombinante contra o herpes zoster, suas contraindica\u00e7\u00f5es e os sintomas que a vacina ajuda a prevenir.","breadcrumb":{"@id":"https:\/\/www.correiobraziliense.com.br\/aqui\/2026\/08\/27\/como-age-no-corpo-a-vacina-contra-a-herpes-zoster-e-quem-pode-tomar\/#breadcrumb"},"inLanguage":"pt-BR","potentialAction":[{"@type":"ReadAction","target":["https:\/\/www.correiobraziliense.com.br\/aqui\/2026\/08\/27\/como-age-no-corpo-a-vacina-contra-a-herpes-zoster-e-quem-pode-tomar\/"]}]},{"@type":"ImageObject","inLanguage":"pt-BR","@id":"https:\/\/www.correiobraziliense.com.br\/aqui\/2026\/08\/27\/como-age-no-corpo-a-vacina-contra-a-herpes-zoster-e-quem-pode-tomar\/#primaryimage","url":"https:\/\/www.correiobraziliense.com.br\/aqui\/wp-content\/uploads\/2026\/08\/herpes-zoster_1787787047686.jpg","contentUrl":"https:\/\/www.correiobraziliense.com.br\/aqui\/wp-content\/uploads\/2026\/08\/herpes-zoster_1787787047686.jpg","width":1280,"height":720,"caption":"Cr\u00e9ditos: depositphotos.com \/ M150photo"},{"@type":"BreadcrumbList","@id":"https:\/\/www.correiobraziliense.com.br\/aqui\/2026\/08\/27\/como-age-no-corpo-a-vacina-contra-a-herpes-zoster-e-quem-pode-tomar\/#breadcrumb","itemListElement":[{"@type":"ListItem","position":1,"name":"In\u00edcio","item":"https:\/\/www.correiobraziliense.com.br\/aqui\/"},{"@type":"ListItem","position":2,"name":"Como age no corpo a vacina contra a herpes zoster e quem pode tomar"}]},{"@type":"WebSite","@id":"https:\/\/www.correiobraziliense.com.br\/aqui\/#website","url":"https:\/\/www.correiobraziliense.com.br\/aqui\/","name":"Correio Braziliense - Aqui","description":"O Correio Braziliense (CB) \u00e9 o mais importante canal de not\u00edcias de Bras\u00edlia. Aqui voc\u00ea encontra as \u00faltimas not\u00edcias do DF, do Brasil e do mundo.","potentialAction":[{"@type":"SearchAction","target":{"@type":"EntryPoint","urlTemplate":"https:\/\/www.correiobraziliense.com.br\/aqui\/?s={search_term_string}"},"query-input":{"@type":"PropertyValueSpecification","valueRequired":true,"valueName":"search_term_string"}}],"inLanguage":"pt-BR"},{"@type":"Person","@id":"https:\/\/www.correiobraziliense.com.br\/aqui\/#\/schema\/person\/5d6e4d99fecc86ab1a7ed1a0369afb65","name":"Lara","image":{"@type":"ImageObject","inLanguage":"pt-BR","@id":"https:\/\/www.correiobraziliense.com.br\/aqui\/#\/schema\/person\/image\/","url":"https:\/\/secure.gravatar.com\/avatar\/57056c5c343a6d8a6669688d3d2c04916d9d280b352b6e50e66a8d39b2517e00?s=96&d=mm&r=g","contentUrl":"https:\/\/secure.gravatar.com\/avatar\/57056c5c343a6d8a6669688d3d2c04916d9d280b352b6e50e66a8d39b2517e00?s=96&d=mm&r=g","caption":"Lara"},"url":"https:\/\/www.correiobraziliense.com.br\/aqui\/author\/laraaqui\/"}]}},"_links":{"self":[{"href":"https:\/\/www.correiobraziliense.com.br\/aqui\/wp-json\/wp\/v2\/posts\/37942","targetHints":{"allow":["GET"]}}],"collection":[{"href":"https:\/\/www.correiobraziliense.com.br\/aqui\/wp-json\/wp\/v2\/posts"}],"about":[{"href":"https:\/\/www.correiobraziliense.com.br\/aqui\/wp-json\/wp\/v2\/types\/post"}],"author":[{"embeddable":true,"href":"https:\/\/www.correiobraziliense.com.br\/aqui\/wp-json\/wp\/v2\/users\/8"}],"replies":[{"embeddable":true,"href":"https:\/\/www.correiobraziliense.com.br\/aqui\/wp-json\/wp\/v2\/comments?post=37942"}],"version-history":[{"count":1,"href":"https:\/\/www.correiobraziliense.com.br\/aqui\/wp-json\/wp\/v2\/posts\/37942\/revisions"}],"predecessor-version":[{"id":37944,"href":"https:\/\/www.correiobraziliense.com.br\/aqui\/wp-json\/wp\/v2\/posts\/37942\/revisions\/37944"}],"wp:featuredmedia":[{"embeddable":true,"href":"https:\/\/www.correiobraziliense.com.br\/aqui\/wp-json\/wp\/v2\/media\/37943"}],"wp:attachment":[{"href":"https:\/\/www.correiobraziliense.com.br\/aqui\/wp-json\/wp\/v2\/media?parent=37942"}],"wp:term":[{"taxonomy":"category","embeddable":true,"href":"https:\/\/www.correiobraziliense.com.br\/aqui\/wp-json\/wp\/v2\/categories?post=37942"},{"taxonomy":"post_tag","embeddable":true,"href":"https:\/\/www.correiobraziliense.com.br\/aqui\/wp-json\/wp\/v2\/tags?post=37942"}],"curies":[{"name":"wp","href":"https:\/\/api.w.org\/{rel}","templated":true}]}}