{"id":37949,"date":"2026-08-27T08:32:00","date_gmt":"2026-08-27T11:32:00","guid":{"rendered":"https:\/\/www.correiobraziliense.com.br\/aqui\/?p=37949"},"modified":"2026-08-26T20:48:26","modified_gmt":"2026-08-26T23:48:26","slug":"como-instituicoes-religiosas-atuam-em-acoes-comunitarias-de-saude-mental","status":"publish","type":"post","link":"https:\/\/www.correiobraziliense.com.br\/aqui\/2026\/08\/27\/como-instituicoes-religiosas-atuam-em-acoes-comunitarias-de-saude-mental\/","title":{"rendered":"Como institui\u00e7\u00f5es religiosas atuam em a\u00e7\u00f5es comunit\u00e1rias de sa\u00fade mental"},"content":{"rendered":"\n<p>Institui\u00e7\u00f5es religiosas, especialmente as evang\u00e9licas, t\u00eam se consolidado como um ponto de apoio crucial para a sa\u00fade mental em comunidades por todo o Brasil. O trabalho desses grupos vai al\u00e9m das atividades de culto e oferece acolhimento e suporte psicol\u00f3gico, preenchendo uma lacuna deixada pelo poder p\u00fablico em \u00e1reas mais vulner\u00e1veis.<\/p>\n\n\n\n<p>Essa atua\u00e7\u00e3o se baseia na confian\u00e7a e no forte v\u00ednculo comunit\u00e1rio que essas igrejas e centros constroem. Para muitas pessoas, o l\u00edder religioso \u00e9 a primeira figura a quem recorrem em momentos de <a target=\"_blank\" rel=\"noreferrer noopener\" href=\"https:\/\/www.correiobraziliense.com.br\/mundo\/2025\/09\/7239241-a-evangelica-que-roda-igrejas-falando-sobre-suicidio-apos-irma-se-matar-disseram-que-ela-ia-para-o-inferno.html\">ang\u00fastia, ansiedade ou depress\u00e3o<\/a>, encontrando um espa\u00e7o seguro para desabafar antes mesmo de buscar ajuda profissional.<\/p>\n\n\n\n<p>O suporte oferecido se manifesta de diversas formas. V\u00e3o desde grupos de ora\u00e7\u00e3o que funcionam como sess\u00f5es de <a target=\"_blank\" rel=\"noreferrer noopener\" href=\"https:\/\/www.correiobraziliense.com.br\/revista-do-correio\/2025\/09\/7254757-veja-como-usar-a-escuta-ativa-para-acolher-quem-precisa-de-apoio.html\">escuta coletiva<\/a> at\u00e9 o aconselhamento individualizado. Muitas institui\u00e7\u00f5es tamb\u00e9m promovem a\u00e7\u00f5es pr\u00e1ticas, como a distribui\u00e7\u00e3o de cestas b\u00e1sicas ou aux\u00edlio na busca por emprego, entendendo que a estabilidade material est\u00e1 diretamente ligada ao bem-estar emocional.<\/p>\n\n\n\n<h2 class=\"wp-block-heading\">Como funciona o apoio \u00e0 sa\u00fade mental na pr\u00e1tica<\/h2>\n\n\n\n<p>O trabalho de base \u00e9 o pilar dessas iniciativas. Em vez de esperar que as pessoas procurem ajuda, volunt\u00e1rios e l\u00edderes religiosos realizam visitas e mant\u00eam um contato pr\u00f3ximo com os membros da comunidade. Essa proximidade permite identificar sinais de <a target=\"_blank\" rel=\"noreferrer noopener\" href=\"https:\/\/www.correiobraziliense.com.br\/opiniao\/2026\/01\/7335525-individualizacao-do-sofrimento.html\">sofrimento psicol\u00f3gico<\/a> de maneira precoce.<\/p>\n\n\n\n<p>Embora n\u00e3o substituam o tratamento cl\u00ednico, esses grupos atuam como uma primeira barreira de acolhimento. Eles oferecem al\u00edvio imediato e combatem o isolamento, um dos principais fatores de risco para <a target=\"_blank\" rel=\"noreferrer noopener\" href=\"https:\/\/www.correiobraziliense.com.br\/opiniao\/2025\/10\/7261849-saude-mental-mais-demanda-e-resposta-fragmentada.html\">transtornos mentais<\/a>. Al\u00e9m disso, muitas igrejas j\u00e1 fazem o encaminhamento para psic\u00f3logos e psiquiatras parceiros, incentivando a busca por tratamento especializado.<\/p>\n\n\n\n<p>A f\u00e9 e a espiritualidade s\u00e3o apresentadas como ferramentas para a resili\u00eancia, ajudando as pessoas a encontrar prop\u00f3sito e esperan\u00e7a. Em um pa\u00eds com acesso ainda desigual \u00e0 sa\u00fade mental, a atua\u00e7\u00e3o dessas organiza\u00e7\u00f5es religiosas se revela um componente fundamental na rede de apoio de milh\u00f5es de brasileiros.<\/p>\n","protected":false},"excerpt":{"rendered":"<p>Grupos religiosos promovem apoio \u00e0 sa\u00fade mental, acolhimento psicol\u00f3gico e suporte a popula\u00e7\u00f5es em situa\u00e7\u00e3o de vulnerabilidade.<\/p>\n","protected":false},"author":8,"featured_media":37950,"comment_status":"open","ping_status":"open","sticky":false,"template":"","format":"standard","meta":{"jnews-multi-image_gallery":[],"jnews_single_post":{"format":"standard"},"jnews_primary_category":[],"jnews_social_meta":[],"jnews_override_counter":[],"footnotes":""},"categories":[123],"tags":[12399,12401,12400,141,234],"class_list":["post-37949","post","type-post","status-publish","format-standard","has-post-thumbnail","hentry","category-saude","tag-acoes-comunitarias","tag-apoio-psicologico","tag-instituicoes-religiosas","tag-saude","tag-saude-mental"],"yoast_head":"<!-- This site is optimized with the Yoast SEO plugin v25.1 - https:\/\/yoast.com\/wordpress\/plugins\/seo\/ -->\n<title>Como institui\u00e7\u00f5es religiosas atuam em a\u00e7\u00f5es comunit\u00e1rias de sa\u00fade mental - Correio Braziliense - Aqui<\/title>\n<meta name=\"description\" content=\"Grupos religiosos promovem apoio \u00e0 sa\u00fade mental, acolhimento psicol\u00f3gico e suporte a popula\u00e7\u00f5es em situa\u00e7\u00e3o de vulnerabilidade.\" \/>\n<meta name=\"robots\" content=\"index, follow, max-snippet:-1, max-image-preview:large, max-video-preview:-1\" \/>\n<link rel=\"canonical\" href=\"https:\/\/www.correiobraziliense.com.br\/aqui\/2026\/08\/27\/como-instituicoes-religiosas-atuam-em-acoes-comunitarias-de-saude-mental\/\" \/>\n<meta property=\"og:locale\" content=\"pt_BR\" \/>\n<meta property=\"og:type\" content=\"article\" \/>\n<meta property=\"og:title\" content=\"Como institui\u00e7\u00f5es religiosas atuam em a\u00e7\u00f5es comunit\u00e1rias de sa\u00fade mental - Correio Braziliense - Aqui\" \/>\n<meta property=\"og:description\" content=\"Grupos religiosos promovem apoio \u00e0 sa\u00fade mental, acolhimento psicol\u00f3gico e suporte a popula\u00e7\u00f5es em situa\u00e7\u00e3o de vulnerabilidade.\" \/>\n<meta property=\"og:url\" content=\"https:\/\/www.correiobraziliense.com.br\/aqui\/2026\/08\/27\/como-instituicoes-religiosas-atuam-em-acoes-comunitarias-de-saude-mental\/\" \/>\n<meta property=\"og:site_name\" content=\"Correio Braziliense - Aqui\" \/>\n<meta property=\"article:published_time\" content=\"2026-08-27T11:32:00+00:00\" \/>\n<meta property=\"og:image\" content=\"https:\/\/www.correiobraziliense.com.br\/aqui\/wp-content\/uploads\/2026\/08\/oracao_1787787939158.jpg\" \/>\n\t<meta property=\"og:image:width\" content=\"1280\" \/>\n\t<meta property=\"og:image:height\" content=\"720\" \/>\n\t<meta property=\"og:image:type\" content=\"image\/jpeg\" \/>\n<meta name=\"author\" content=\"Lara\" \/>\n<meta name=\"twitter:card\" content=\"summary_large_image\" \/>\n<meta name=\"twitter:label1\" content=\"Escrito por\" \/>\n\t<meta name=\"twitter:data1\" content=\"Lara\" \/>\n\t<meta name=\"twitter:label2\" content=\"Est. tempo de leitura\" \/>\n\t<meta name=\"twitter:data2\" content=\"2 minutos\" \/>\n<!-- \/ Yoast SEO plugin. -->","yoast_head_json":{"title":"Como institui\u00e7\u00f5es religiosas atuam em a\u00e7\u00f5es comunit\u00e1rias de sa\u00fade mental - Correio Braziliense - Aqui","description":"Grupos religiosos promovem apoio \u00e0 sa\u00fade mental, acolhimento psicol\u00f3gico e suporte a popula\u00e7\u00f5es em situa\u00e7\u00e3o de vulnerabilidade.","robots":{"index":"index","follow":"follow","max-snippet":"max-snippet:-1","max-image-preview":"max-image-preview:large","max-video-preview":"max-video-preview:-1"},"canonical":"https:\/\/www.correiobraziliense.com.br\/aqui\/2026\/08\/27\/como-instituicoes-religiosas-atuam-em-acoes-comunitarias-de-saude-mental\/","og_locale":"pt_BR","og_type":"article","og_title":"Como institui\u00e7\u00f5es religiosas atuam em a\u00e7\u00f5es comunit\u00e1rias de sa\u00fade mental - Correio Braziliense - Aqui","og_description":"Grupos religiosos promovem apoio \u00e0 sa\u00fade mental, acolhimento psicol\u00f3gico e suporte a popula\u00e7\u00f5es em situa\u00e7\u00e3o de vulnerabilidade.","og_url":"https:\/\/www.correiobraziliense.com.br\/aqui\/2026\/08\/27\/como-instituicoes-religiosas-atuam-em-acoes-comunitarias-de-saude-mental\/","og_site_name":"Correio Braziliense - Aqui","article_published_time":"2026-08-27T11:32:00+00:00","og_image":[{"width":1280,"height":720,"url":"https:\/\/www.correiobraziliense.com.br\/aqui\/wp-content\/uploads\/2026\/08\/oracao_1787787939158.jpg","type":"image\/jpeg"}],"author":"Lara","twitter_card":"summary_large_image","twitter_misc":{"Escrito por":"Lara","Est. tempo de leitura":"2 minutos"},"schema":{"@context":"https:\/\/schema.org","@graph":[{"@type":"WebPage","@id":"https:\/\/www.correiobraziliense.com.br\/aqui\/2026\/08\/27\/como-instituicoes-religiosas-atuam-em-acoes-comunitarias-de-saude-mental\/","url":"https:\/\/www.correiobraziliense.com.br\/aqui\/2026\/08\/27\/como-instituicoes-religiosas-atuam-em-acoes-comunitarias-de-saude-mental\/","name":"Como institui\u00e7\u00f5es religiosas atuam em a\u00e7\u00f5es comunit\u00e1rias de sa\u00fade mental - Correio Braziliense - Aqui","isPartOf":{"@id":"https:\/\/www.correiobraziliense.com.br\/aqui\/#website"},"primaryImageOfPage":{"@id":"https:\/\/www.correiobraziliense.com.br\/aqui\/2026\/08\/27\/como-instituicoes-religiosas-atuam-em-acoes-comunitarias-de-saude-mental\/#primaryimage"},"image":{"@id":"https:\/\/www.correiobraziliense.com.br\/aqui\/2026\/08\/27\/como-instituicoes-religiosas-atuam-em-acoes-comunitarias-de-saude-mental\/#primaryimage"},"thumbnailUrl":"https:\/\/www.correiobraziliense.com.br\/aqui\/wp-content\/uploads\/2026\/08\/oracao_1787787939158.jpg","datePublished":"2026-08-27T11:32:00+00:00","author":{"@id":"https:\/\/www.correiobraziliense.com.br\/aqui\/#\/schema\/person\/5d6e4d99fecc86ab1a7ed1a0369afb65"},"description":"Grupos religiosos promovem apoio \u00e0 sa\u00fade mental, acolhimento psicol\u00f3gico e suporte a popula\u00e7\u00f5es em situa\u00e7\u00e3o de vulnerabilidade.","breadcrumb":{"@id":"https:\/\/www.correiobraziliense.com.br\/aqui\/2026\/08\/27\/como-instituicoes-religiosas-atuam-em-acoes-comunitarias-de-saude-mental\/#breadcrumb"},"inLanguage":"pt-BR","potentialAction":[{"@type":"ReadAction","target":["https:\/\/www.correiobraziliense.com.br\/aqui\/2026\/08\/27\/como-instituicoes-religiosas-atuam-em-acoes-comunitarias-de-saude-mental\/"]}]},{"@type":"ImageObject","inLanguage":"pt-BR","@id":"https:\/\/www.correiobraziliense.com.br\/aqui\/2026\/08\/27\/como-instituicoes-religiosas-atuam-em-acoes-comunitarias-de-saude-mental\/#primaryimage","url":"https:\/\/www.correiobraziliense.com.br\/aqui\/wp-content\/uploads\/2026\/08\/oracao_1787787939158.jpg","contentUrl":"https:\/\/www.correiobraziliense.com.br\/aqui\/wp-content\/uploads\/2026\/08\/oracao_1787787939158.jpg","width":1280,"height":720,"caption":"Cr\u00e9ditos: depositphotos.com \/ VadimVasenin"},{"@type":"BreadcrumbList","@id":"https:\/\/www.correiobraziliense.com.br\/aqui\/2026\/08\/27\/como-instituicoes-religiosas-atuam-em-acoes-comunitarias-de-saude-mental\/#breadcrumb","itemListElement":[{"@type":"ListItem","position":1,"name":"In\u00edcio","item":"https:\/\/www.correiobraziliense.com.br\/aqui\/"},{"@type":"ListItem","position":2,"name":"Como institui\u00e7\u00f5es religiosas atuam em a\u00e7\u00f5es comunit\u00e1rias de sa\u00fade mental"}]},{"@type":"WebSite","@id":"https:\/\/www.correiobraziliense.com.br\/aqui\/#website","url":"https:\/\/www.correiobraziliense.com.br\/aqui\/","name":"Correio Braziliense - Aqui","description":"O Correio Braziliense (CB) \u00e9 o mais importante canal de not\u00edcias de Bras\u00edlia. Aqui voc\u00ea encontra as \u00faltimas not\u00edcias do DF, do Brasil e do mundo.","potentialAction":[{"@type":"SearchAction","target":{"@type":"EntryPoint","urlTemplate":"https:\/\/www.correiobraziliense.com.br\/aqui\/?s={search_term_string}"},"query-input":{"@type":"PropertyValueSpecification","valueRequired":true,"valueName":"search_term_string"}}],"inLanguage":"pt-BR"},{"@type":"Person","@id":"https:\/\/www.correiobraziliense.com.br\/aqui\/#\/schema\/person\/5d6e4d99fecc86ab1a7ed1a0369afb65","name":"Lara","image":{"@type":"ImageObject","inLanguage":"pt-BR","@id":"https:\/\/www.correiobraziliense.com.br\/aqui\/#\/schema\/person\/image\/","url":"https:\/\/secure.gravatar.com\/avatar\/57056c5c343a6d8a6669688d3d2c04916d9d280b352b6e50e66a8d39b2517e00?s=96&d=mm&r=g","contentUrl":"https:\/\/secure.gravatar.com\/avatar\/57056c5c343a6d8a6669688d3d2c04916d9d280b352b6e50e66a8d39b2517e00?s=96&d=mm&r=g","caption":"Lara"},"url":"https:\/\/www.correiobraziliense.com.br\/aqui\/author\/laraaqui\/"}]}},"_links":{"self":[{"href":"https:\/\/www.correiobraziliense.com.br\/aqui\/wp-json\/wp\/v2\/posts\/37949","targetHints":{"allow":["GET"]}}],"collection":[{"href":"https:\/\/www.correiobraziliense.com.br\/aqui\/wp-json\/wp\/v2\/posts"}],"about":[{"href":"https:\/\/www.correiobraziliense.com.br\/aqui\/wp-json\/wp\/v2\/types\/post"}],"author":[{"embeddable":true,"href":"https:\/\/www.correiobraziliense.com.br\/aqui\/wp-json\/wp\/v2\/users\/8"}],"replies":[{"embeddable":true,"href":"https:\/\/www.correiobraziliense.com.br\/aqui\/wp-json\/wp\/v2\/comments?post=37949"}],"version-history":[{"count":1,"href":"https:\/\/www.correiobraziliense.com.br\/aqui\/wp-json\/wp\/v2\/posts\/37949\/revisions"}],"predecessor-version":[{"id":37951,"href":"https:\/\/www.correiobraziliense.com.br\/aqui\/wp-json\/wp\/v2\/posts\/37949\/revisions\/37951"}],"wp:featuredmedia":[{"embeddable":true,"href":"https:\/\/www.correiobraziliense.com.br\/aqui\/wp-json\/wp\/v2\/media\/37950"}],"wp:attachment":[{"href":"https:\/\/www.correiobraziliense.com.br\/aqui\/wp-json\/wp\/v2\/media?parent=37949"}],"wp:term":[{"taxonomy":"category","embeddable":true,"href":"https:\/\/www.correiobraziliense.com.br\/aqui\/wp-json\/wp\/v2\/categories?post=37949"},{"taxonomy":"post_tag","embeddable":true,"href":"https:\/\/www.correiobraziliense.com.br\/aqui\/wp-json\/wp\/v2\/tags?post=37949"}],"curies":[{"name":"wp","href":"https:\/\/api.w.org\/{rel}","templated":true}]}}