{"id":37955,"date":"2026-08-27T09:25:00","date_gmt":"2026-08-27T12:25:00","guid":{"rendered":"https:\/\/www.correiobraziliense.com.br\/aqui\/?p=37955"},"modified":"2026-08-26T21:01:27","modified_gmt":"2026-08-27T00:01:27","slug":"a-rica-tradicao-da-culinaria-levantina-de-israel-e-do-oriente-medio","status":"publish","type":"post","link":"https:\/\/www.correiobraziliense.com.br\/aqui\/2026\/08\/27\/a-rica-tradicao-da-culinaria-levantina-de-israel-e-do-oriente-medio\/","title":{"rendered":"A rica tradi\u00e7\u00e3o da culin\u00e1ria levantina de Israel e do Oriente M\u00e9dio"},"content":{"rendered":"\n<p>Em um momento de renovadas tens\u00f5es pol\u00edticas no Oriente M\u00e9dio, uma heran\u00e7a cultural continua a unir povos na regi\u00e3o para al\u00e9m das manchetes: a comida. A culin\u00e1ria levantina, compartilhada por israelenses, s\u00edrios, libaneses e palestinos, oferece um saboroso contraponto aos conflitos, celebrando ingredientes e tradi\u00e7\u00f5es que ignoram fronteiras.<\/p>\n\n\n\n<p>Essa gastronomia, origin\u00e1ria da regi\u00e3o do Levante, que abrange uma vasta \u00e1rea do Mediterr\u00e2neo Oriental, \u00e9 marcada pelo uso generoso de azeite de oliva, gr\u00e3os integrais, legumes frescos e ervas arom\u00e1ticas. Os pratos s\u00e3o conhecidos por serem saud\u00e1veis, vibrantes e repletos de sabores complexos, constru\u00eddos ao longo de s\u00e9culos de trocas culturais.<\/p>\n\n\n\n<h2 class=\"wp-block-heading\">Culin\u00e1ria levantina: sabores que atravessam fronteiras<\/h2>\n\n\n\n<p>No centro desta cozinha compartilhada est\u00e3o pratos ic\u00f4nicos que se tornaram populares em todo o mundo. O hummus, uma pasta cremosa de gr\u00e3o-de-bico com tahine, lim\u00e3o e alho, \u00e9 um exemplo perfeito. Embora a sua origem seja disputada, a sua presen\u00e7a \u00e9 constante nas mesas de Tel Aviv a Beirute.<\/p>\n\n\n\n<p>Outro cl\u00e1ssico \u00e9 o <a target=\"_blank\" rel=\"noreferrer noopener\" href=\"https:\/\/www.correiobraziliense.com.br\/revista-do-correio\/2026\/08\/7474651-3-receitas-de-falafel-ricas-em-proteina-vegetal-e-faceis-de-fazer.html\">falafel<\/a>, bolinhos fritos de gr\u00e3o-de-bico ou fava, geralmente servidos dentro do p\u00e3o pita com salada e molhos. A sua simplicidade e sabor conquistaram paladares globalmente. Juntam-se a eles o tabule, uma <a target=\"_blank\" rel=\"noreferrer noopener\" href=\"https:\/\/www.correiobraziliense.com.br\/revista-do-correio\/2026\/07\/7458218-almoco-saudavel-5-saladas-mornas-ricas-em-proteinas.html\">salada refrescante<\/a> de salsa, hortel\u00e3 e trigo bulgur, e o shawarma, carne assada lentamente em um espeto vertical e servida em fatias finas.<\/p>\n\n\n\n<h2 class=\"wp-block-heading\">O segredo est\u00e1 nos temperos<\/h2>\n\n\n\n<p>A identidade da culin\u00e1ria levantina n\u00e3o estaria completa sem suas misturas de especiarias. O za&#8217;atar, uma combina\u00e7\u00e3o de tomilho, gergelim torrado e sumagre, \u00e9 salpicado sobre p\u00e3es, queijos e carnes, conferindo um sabor terroso e levemente \u00e1cido.<\/p>\n\n\n\n<p>O sumagre, com sua cor vermelho-arroxeada e gosto c\u00edtrico, \u00e9 usado para temperar saladas e grelhados. J\u00e1 o baharat \u00e9 uma mistura complexa que pode incluir pimenta-do-reino, coentro, canela e cravo, essencial para dar profundidade a ensopados e pratos de carne.<\/p>\n\n\n\n<p>Enquanto as receitas podem ter pequenas varia\u00e7\u00f5es de um pa\u00eds para outro, a ess\u00eancia permanece. Um prato de shakshuka, com ovos poch\u00ea em um molho de tomate picante, origin\u00e1rio do <a target=\"_blank\" rel=\"noreferrer noopener\" href=\"https:\/\/www.correiobraziliense.com.br\/revista-do-correio\/2026\/06\/7438401-do-tajine-ao-cuscuz-marroquino-3-receitas-tipicas-do-marrocos-para-experimentar.html\">norte da \u00c1frica<\/a> e popularizado em Israel, \u00e9 uma refei\u00e7\u00e3o reconfortante apreciada tanto em Israel quanto nos pa\u00edses vizinhos, provando que, na cozinha, os <a target=\"_blank\" rel=\"noreferrer noopener\" href=\"https:\/\/www.correiobraziliense.com.br\/opiniao\/2025\/06\/7179230-comida-uma-solucao-para-os-impasses.html\">sabores falam mais alto que as diferen\u00e7as<\/a>.<\/p>\n","protected":false},"excerpt":{"rendered":"<p>Conhe\u00e7a os pratos ic\u00f4nicos e os temperos marcantes da culin\u00e1ria levantina, que atravessa fronteiras e diferentes tradi\u00e7\u00f5es regionais.<\/p>\n","protected":false},"author":8,"featured_media":37956,"comment_status":"open","ping_status":"open","sticky":false,"template":"","format":"standard","meta":{"jnews-multi-image_gallery":[],"jnews_single_post":{"format":"standard"},"jnews_primary_category":[],"jnews_social_meta":[],"jnews_override_counter":[],"footnotes":""},"categories":[121],"tags":[12406,119,1044,1075],"class_list":["post-37955","post","type-post","status-publish","format-standard","has-post-thumbnail","hentry","category-gastronomia","tag-culinaria-levantina","tag-gastronomia","tag-israel","tag-oriente-medio"],"yoast_head":"<!-- This site is optimized with the Yoast SEO plugin v25.1 - https:\/\/yoast.com\/wordpress\/plugins\/seo\/ -->\n<title>A rica tradi\u00e7\u00e3o da culin\u00e1ria levantina de Israel e do Oriente M\u00e9dio - Correio Braziliense - Aqui<\/title>\n<meta name=\"description\" content=\"Conhe\u00e7a os pratos ic\u00f4nicos e os temperos marcantes da culin\u00e1ria levantina, que atravessa fronteiras e diferentes tradi\u00e7\u00f5es regionais.\" \/>\n<meta name=\"robots\" content=\"index, follow, max-snippet:-1, max-image-preview:large, max-video-preview:-1\" \/>\n<link rel=\"canonical\" href=\"https:\/\/www.correiobraziliense.com.br\/aqui\/2026\/08\/27\/a-rica-tradicao-da-culinaria-levantina-de-israel-e-do-oriente-medio\/\" \/>\n<meta property=\"og:locale\" content=\"pt_BR\" \/>\n<meta property=\"og:type\" content=\"article\" \/>\n<meta property=\"og:title\" content=\"A rica tradi\u00e7\u00e3o da culin\u00e1ria levantina de Israel e do Oriente M\u00e9dio - Correio Braziliense - Aqui\" \/>\n<meta property=\"og:description\" content=\"Conhe\u00e7a os pratos ic\u00f4nicos e os temperos marcantes da culin\u00e1ria levantina, que atravessa fronteiras e diferentes tradi\u00e7\u00f5es regionais.\" \/>\n<meta property=\"og:url\" content=\"https:\/\/www.correiobraziliense.com.br\/aqui\/2026\/08\/27\/a-rica-tradicao-da-culinaria-levantina-de-israel-e-do-oriente-medio\/\" \/>\n<meta property=\"og:site_name\" content=\"Correio Braziliense - Aqui\" \/>\n<meta property=\"article:published_time\" content=\"2026-08-27T12:25:00+00:00\" \/>\n<meta property=\"og:image\" content=\"https:\/\/www.correiobraziliense.com.br\/aqui\/wp-content\/uploads\/2026\/08\/culinaria-levantina_1787788655608.jpg\" \/>\n\t<meta property=\"og:image:width\" content=\"1280\" \/>\n\t<meta property=\"og:image:height\" content=\"720\" \/>\n\t<meta property=\"og:image:type\" content=\"image\/jpeg\" \/>\n<meta name=\"author\" content=\"Lara\" \/>\n<meta name=\"twitter:card\" content=\"summary_large_image\" \/>\n<meta name=\"twitter:label1\" content=\"Escrito por\" \/>\n\t<meta name=\"twitter:data1\" content=\"Lara\" \/>\n\t<meta name=\"twitter:label2\" content=\"Est. tempo de leitura\" \/>\n\t<meta name=\"twitter:data2\" content=\"3 minutos\" \/>\n<!-- \/ Yoast SEO plugin. -->","yoast_head_json":{"title":"A rica tradi\u00e7\u00e3o da culin\u00e1ria levantina de Israel e do Oriente M\u00e9dio - Correio Braziliense - Aqui","description":"Conhe\u00e7a os pratos ic\u00f4nicos e os temperos marcantes da culin\u00e1ria levantina, que atravessa fronteiras e diferentes tradi\u00e7\u00f5es regionais.","robots":{"index":"index","follow":"follow","max-snippet":"max-snippet:-1","max-image-preview":"max-image-preview:large","max-video-preview":"max-video-preview:-1"},"canonical":"https:\/\/www.correiobraziliense.com.br\/aqui\/2026\/08\/27\/a-rica-tradicao-da-culinaria-levantina-de-israel-e-do-oriente-medio\/","og_locale":"pt_BR","og_type":"article","og_title":"A rica tradi\u00e7\u00e3o da culin\u00e1ria levantina de Israel e do Oriente M\u00e9dio - Correio Braziliense - Aqui","og_description":"Conhe\u00e7a os pratos ic\u00f4nicos e os temperos marcantes da culin\u00e1ria levantina, que atravessa fronteiras e diferentes tradi\u00e7\u00f5es regionais.","og_url":"https:\/\/www.correiobraziliense.com.br\/aqui\/2026\/08\/27\/a-rica-tradicao-da-culinaria-levantina-de-israel-e-do-oriente-medio\/","og_site_name":"Correio Braziliense - Aqui","article_published_time":"2026-08-27T12:25:00+00:00","og_image":[{"width":1280,"height":720,"url":"https:\/\/www.correiobraziliense.com.br\/aqui\/wp-content\/uploads\/2026\/08\/culinaria-levantina_1787788655608.jpg","type":"image\/jpeg"}],"author":"Lara","twitter_card":"summary_large_image","twitter_misc":{"Escrito por":"Lara","Est. tempo de leitura":"3 minutos"},"schema":{"@context":"https:\/\/schema.org","@graph":[{"@type":"WebPage","@id":"https:\/\/www.correiobraziliense.com.br\/aqui\/2026\/08\/27\/a-rica-tradicao-da-culinaria-levantina-de-israel-e-do-oriente-medio\/","url":"https:\/\/www.correiobraziliense.com.br\/aqui\/2026\/08\/27\/a-rica-tradicao-da-culinaria-levantina-de-israel-e-do-oriente-medio\/","name":"A rica tradi\u00e7\u00e3o da culin\u00e1ria levantina de Israel e do Oriente M\u00e9dio - Correio Braziliense - Aqui","isPartOf":{"@id":"https:\/\/www.correiobraziliense.com.br\/aqui\/#website"},"primaryImageOfPage":{"@id":"https:\/\/www.correiobraziliense.com.br\/aqui\/2026\/08\/27\/a-rica-tradicao-da-culinaria-levantina-de-israel-e-do-oriente-medio\/#primaryimage"},"image":{"@id":"https:\/\/www.correiobraziliense.com.br\/aqui\/2026\/08\/27\/a-rica-tradicao-da-culinaria-levantina-de-israel-e-do-oriente-medio\/#primaryimage"},"thumbnailUrl":"https:\/\/www.correiobraziliense.com.br\/aqui\/wp-content\/uploads\/2026\/08\/culinaria-levantina_1787788655608.jpg","datePublished":"2026-08-27T12:25:00+00:00","author":{"@id":"https:\/\/www.correiobraziliense.com.br\/aqui\/#\/schema\/person\/5d6e4d99fecc86ab1a7ed1a0369afb65"},"description":"Conhe\u00e7a os pratos ic\u00f4nicos e os temperos marcantes da culin\u00e1ria levantina, que atravessa fronteiras e diferentes tradi\u00e7\u00f5es regionais.","breadcrumb":{"@id":"https:\/\/www.correiobraziliense.com.br\/aqui\/2026\/08\/27\/a-rica-tradicao-da-culinaria-levantina-de-israel-e-do-oriente-medio\/#breadcrumb"},"inLanguage":"pt-BR","potentialAction":[{"@type":"ReadAction","target":["https:\/\/www.correiobraziliense.com.br\/aqui\/2026\/08\/27\/a-rica-tradicao-da-culinaria-levantina-de-israel-e-do-oriente-medio\/"]}]},{"@type":"ImageObject","inLanguage":"pt-BR","@id":"https:\/\/www.correiobraziliense.com.br\/aqui\/2026\/08\/27\/a-rica-tradicao-da-culinaria-levantina-de-israel-e-do-oriente-medio\/#primaryimage","url":"https:\/\/www.correiobraziliense.com.br\/aqui\/wp-content\/uploads\/2026\/08\/culinaria-levantina_1787788655608.jpg","contentUrl":"https:\/\/www.correiobraziliense.com.br\/aqui\/wp-content\/uploads\/2026\/08\/culinaria-levantina_1787788655608.jpg","width":1280,"height":720,"caption":"Cr\u00e9ditos: depositphotos.com \/ DariaKM"},{"@type":"BreadcrumbList","@id":"https:\/\/www.correiobraziliense.com.br\/aqui\/2026\/08\/27\/a-rica-tradicao-da-culinaria-levantina-de-israel-e-do-oriente-medio\/#breadcrumb","itemListElement":[{"@type":"ListItem","position":1,"name":"In\u00edcio","item":"https:\/\/www.correiobraziliense.com.br\/aqui\/"},{"@type":"ListItem","position":2,"name":"A rica tradi\u00e7\u00e3o da culin\u00e1ria levantina de Israel e do Oriente M\u00e9dio"}]},{"@type":"WebSite","@id":"https:\/\/www.correiobraziliense.com.br\/aqui\/#website","url":"https:\/\/www.correiobraziliense.com.br\/aqui\/","name":"Correio Braziliense - Aqui","description":"O Correio Braziliense (CB) \u00e9 o mais importante canal de not\u00edcias de Bras\u00edlia. Aqui voc\u00ea encontra as \u00faltimas not\u00edcias do DF, do Brasil e do mundo.","potentialAction":[{"@type":"SearchAction","target":{"@type":"EntryPoint","urlTemplate":"https:\/\/www.correiobraziliense.com.br\/aqui\/?s={search_term_string}"},"query-input":{"@type":"PropertyValueSpecification","valueRequired":true,"valueName":"search_term_string"}}],"inLanguage":"pt-BR"},{"@type":"Person","@id":"https:\/\/www.correiobraziliense.com.br\/aqui\/#\/schema\/person\/5d6e4d99fecc86ab1a7ed1a0369afb65","name":"Lara","image":{"@type":"ImageObject","inLanguage":"pt-BR","@id":"https:\/\/www.correiobraziliense.com.br\/aqui\/#\/schema\/person\/image\/","url":"https:\/\/secure.gravatar.com\/avatar\/57056c5c343a6d8a6669688d3d2c04916d9d280b352b6e50e66a8d39b2517e00?s=96&d=mm&r=g","contentUrl":"https:\/\/secure.gravatar.com\/avatar\/57056c5c343a6d8a6669688d3d2c04916d9d280b352b6e50e66a8d39b2517e00?s=96&d=mm&r=g","caption":"Lara"},"url":"https:\/\/www.correiobraziliense.com.br\/aqui\/author\/laraaqui\/"}]}},"_links":{"self":[{"href":"https:\/\/www.correiobraziliense.com.br\/aqui\/wp-json\/wp\/v2\/posts\/37955","targetHints":{"allow":["GET"]}}],"collection":[{"href":"https:\/\/www.correiobraziliense.com.br\/aqui\/wp-json\/wp\/v2\/posts"}],"about":[{"href":"https:\/\/www.correiobraziliense.com.br\/aqui\/wp-json\/wp\/v2\/types\/post"}],"author":[{"embeddable":true,"href":"https:\/\/www.correiobraziliense.com.br\/aqui\/wp-json\/wp\/v2\/users\/8"}],"replies":[{"embeddable":true,"href":"https:\/\/www.correiobraziliense.com.br\/aqui\/wp-json\/wp\/v2\/comments?post=37955"}],"version-history":[{"count":1,"href":"https:\/\/www.correiobraziliense.com.br\/aqui\/wp-json\/wp\/v2\/posts\/37955\/revisions"}],"predecessor-version":[{"id":37957,"href":"https:\/\/www.correiobraziliense.com.br\/aqui\/wp-json\/wp\/v2\/posts\/37955\/revisions\/37957"}],"wp:featuredmedia":[{"embeddable":true,"href":"https:\/\/www.correiobraziliense.com.br\/aqui\/wp-json\/wp\/v2\/media\/37956"}],"wp:attachment":[{"href":"https:\/\/www.correiobraziliense.com.br\/aqui\/wp-json\/wp\/v2\/media?parent=37955"}],"wp:term":[{"taxonomy":"category","embeddable":true,"href":"https:\/\/www.correiobraziliense.com.br\/aqui\/wp-json\/wp\/v2\/categories?post=37955"},{"taxonomy":"post_tag","embeddable":true,"href":"https:\/\/www.correiobraziliense.com.br\/aqui\/wp-json\/wp\/v2\/tags?post=37955"}],"curies":[{"name":"wp","href":"https:\/\/api.w.org\/{rel}","templated":true}]}}