{"id":37966,"date":"2026-08-27T10:58:00","date_gmt":"2026-08-27T13:58:00","guid":{"rendered":"https:\/\/www.correiobraziliense.com.br\/aqui\/?p=37966"},"modified":"2026-08-26T21:22:48","modified_gmt":"2026-08-27T00:22:48","slug":"5-destinos-da-maior-expansao-internacional-da-united-airlines","status":"publish","type":"post","link":"https:\/\/www.correiobraziliense.com.br\/aqui\/2026\/08\/27\/5-destinos-da-maior-expansao-internacional-da-united-airlines\/","title":{"rendered":"5 destinos da maior expans\u00e3o internacional da United Airlines"},"content":{"rendered":"\n<p>Planejar as pr\u00f3ximas f\u00e9rias internacionais ganhou um novo f\u00f4lego com o an\u00fancio da maior expans\u00e3o de rotas da hist\u00f3ria da United Airlines. A partir de mar\u00e7o de 2027, a companhia a\u00e9rea lan\u00e7ar\u00e1 10 voos in\u00e9ditos partindo dos Estados Unidos para destinos na Europa e na \u00c1sia, abrindo caminhos diretos para cidades que antes exigiam longas conex\u00f5es e facilitando o acesso a locais repletos de cultura, hist\u00f3ria e paisagens deslumbrantes.<\/p>\n\n\n\n<p>Com as novas op\u00e7\u00f5es, que representam a maior expans\u00e3o transatl\u00e2ntica e transpac\u00edfica j\u00e1 feita pela empresa, viajantes poder\u00e3o explorar desde ilhas paradis\u00edacas no Mediterr\u00e2neo e no Pac\u00edfico at\u00e9 capitais vibrantes e cidades hist\u00f3ricas. A iniciativa simplifica a log\u00edstica e incentiva a descoberta de lugares que estavam fora do radar de muitos turistas.<\/p>\n\n\n\n<h2 class=\"wp-block-heading\">Conhe\u00e7a os novos destinos da United Airlines<\/h2>\n\n\n\n<p><strong>Okinawa, Jap\u00e3o<\/strong><\/p>\n\n\n\n<p>Conhecido como o &#8220;Hava\u00ed do <a target=\"_blank\" rel=\"noreferrer noopener\" href=\"https:\/\/www.correiobraziliense.com.br\/turismo\/2025\/03\/7086426-japao-o-novo-queridinho-dos-viajantes.html\">Jap\u00e3o<\/a>&#8220;, o arquip\u00e9lago de Okinawa oferece praias de areia branca, \u00e1guas azul-turquesa e alguns dos melhores pontos de mergulho do mundo. Al\u00e9m das belezas naturais, a ilha tem uma cultura \u00fanica, a Ryukyu, com castelos hist\u00f3ricos e uma culin\u00e1ria distinta. A melhor \u00e9poca para visitar \u00e9 durante a <a target=\"_blank\" rel=\"noreferrer noopener\" href=\"https:\/\/www.correiobraziliense.com.br\/turismo\/2025\/09\/7253688-5-destinos-para-aproveitar-a-primavera-no-hemisferio-sul.html\">primavera<\/a> (mar\u00e7o a maio) ou o outono (setembro a novembro), para aproveitar o clima ameno.<\/p>\n\n\n\n<h2 class=\"wp-block-heading\">Toulouse, Fran\u00e7a<\/h2>\n\n\n\n<p>Apelidada de &#8220;Cidade Rosa&#8221; pela cor de seus tijolos de terracota, Toulouse \u00e9 um importante centro da ind\u00fastria aeroespacial <a target=\"_blank\" rel=\"noreferrer noopener\" href=\"https:\/\/www.correiobraziliense.com.br\/turismo\/2025\/08\/7231614-cruzeiros-fluviais-uma-forma-mais-intima-e-cenica-de-conhecer-a-europa.html\">europeia<\/a> e uma cidade cheia de charme. Passeie pelo centro hist\u00f3rico (Vieux Quartier), navegue pelo Canal du Midi ou visite a Cit\u00e9 de l&#8217;Espace. A primavera e o ver\u00e3o europeus s\u00e3o ideais para explorar a cidade sob um c\u00e9u ensolarado.<\/p>\n\n\n\n<h2 class=\"wp-block-heading\">Ljubljana, Eslov\u00eania<\/h2>\n\n\n\n<p>A capital da Eslov\u00eania parece ter sa\u00eddo de um conto de fadas, com seu castelo medieval no topo de uma colina, um centro hist\u00f3rico exclusivo para pedestres e o rio Ljubljanica atravessado por pontes pitorescas, como a Ponte do Drag\u00e3o. Considerada uma das capitais mais verdes da Europa, \u00e9 uma base perfeita para explorar maravilhas como o Lago Bled. O ver\u00e3o, de junho a agosto, \u00e9 a esta\u00e7\u00e3o mais vibrante.<\/p>\n\n\n\n<h2 class=\"wp-block-heading\">Ibiza, Espanha<\/h2>\n\n\n\n<p>Famosa mundialmente por sua vida noturna agitada e clubes de m\u00fasica eletr\u00f4nica, Ibiza oferece muito mais. A ilha possui enseadas tranquilas (calas), vilarejos charmosos, retiros de ioga e uma rica hist\u00f3ria, reconhecida como Patrim\u00f4nio Mundial da UNESCO. \u00c9 um destino que equilibra perfeitamente festa e paz. O per\u00edodo de maio a setembro garante dias longos de sol e temperaturas perfeitas para o mar.<\/p>\n\n\n\n<h2 class=\"wp-block-heading\">Olbia\/Sardenha, It\u00e1lia<\/h2>\n\n\n\n<p>Olbia \u00e9 a porta de entrada para a deslumbrante Costa Smeralda, na <a target=\"_blank\" rel=\"noreferrer noopener\" href=\"https:\/\/www.correiobraziliense.com.br\/turismo\/2025\/11\/7296467-vamos-falar-de-um-destino-categoria-sonho-a-toscana.html\">Sardenha<\/a>, famosa por suas praias de \u00e1guas cristalinas e areia fina. Al\u00e9m do litoral paradis\u00edaco, a regi\u00e3o oferece s\u00edtios arqueol\u00f3gicos da antiga civiliza\u00e7\u00e3o nur\u00e1gica e uma gastronomia excepcional. Para evitar as multid\u00f5es do ver\u00e3o, planeje sua viagem para o final da primavera (maio e junho) ou in\u00edcio do outono (setembro).<\/p>\n","protected":false},"excerpt":{"rendered":"<p>United Airlines anuncia 10 novas rotas para Europa e \u00c1sia a partir de mar\u00e7o de 2027, ampliando as op\u00e7\u00f5es de viagem para destinos in\u00e9ditos.<\/p>\n","protected":false},"author":8,"featured_media":37967,"comment_status":"open","ping_status":"open","sticky":false,"template":"","format":"standard","meta":{"jnews-multi-image_gallery":[],"jnews_single_post":{"format":"standard"},"jnews_primary_category":[],"jnews_social_meta":[],"jnews_override_counter":[],"footnotes":""},"categories":[148],"tags":[4150,3864,12414,1834,2046,12415,457,922,12413,12411,12416,3725,12412,146,12410],"class_list":["post-37966","post","type-post","status-publish","format-standard","has-post-thumbnail","hentry","category-turismo","tag-destinos","tag-dicas-de-viagem","tag-eslovenia","tag-espanha","tag-franca","tag-ibiza","tag-italia-2","tag-japao","tag-ljubljana","tag-okinawa","tag-olbia","tag-sardenha","tag-toulouse","tag-turismo","tag-united-airlines"],"yoast_head":"<!-- This site is optimized with the Yoast SEO plugin v25.1 - https:\/\/yoast.com\/wordpress\/plugins\/seo\/ -->\n<title>5 destinos da maior expans\u00e3o internacional da United Airlines - Correio Braziliense - Aqui<\/title>\n<meta name=\"description\" content=\"United Airlines anuncia 10 novas rotas para Europa e \u00c1sia a partir de mar\u00e7o de 2027, ampliando as op\u00e7\u00f5es de viagem para destinos in\u00e9ditos.\" \/>\n<meta name=\"robots\" content=\"index, follow, max-snippet:-1, max-image-preview:large, max-video-preview:-1\" \/>\n<link rel=\"canonical\" href=\"https:\/\/www.correiobraziliense.com.br\/aqui\/2026\/08\/27\/5-destinos-da-maior-expansao-internacional-da-united-airlines\/\" \/>\n<meta property=\"og:locale\" content=\"pt_BR\" \/>\n<meta property=\"og:type\" content=\"article\" \/>\n<meta property=\"og:title\" content=\"5 destinos da maior expans\u00e3o internacional da United Airlines - Correio Braziliense - Aqui\" \/>\n<meta property=\"og:description\" content=\"United Airlines anuncia 10 novas rotas para Europa e \u00c1sia a partir de mar\u00e7o de 2027, ampliando as op\u00e7\u00f5es de viagem para destinos in\u00e9ditos.\" \/>\n<meta property=\"og:url\" content=\"https:\/\/www.correiobraziliense.com.br\/aqui\/2026\/08\/27\/5-destinos-da-maior-expansao-internacional-da-united-airlines\/\" \/>\n<meta property=\"og:site_name\" content=\"Correio Braziliense - Aqui\" \/>\n<meta property=\"article:published_time\" content=\"2026-08-27T13:58:00+00:00\" \/>\n<meta property=\"og:image\" content=\"https:\/\/www.correiobraziliense.com.br\/aqui\/wp-content\/uploads\/2026\/08\/United-Airlines_1787789984466.jpg\" \/>\n\t<meta property=\"og:image:width\" content=\"1280\" \/>\n\t<meta property=\"og:image:height\" content=\"720\" \/>\n\t<meta property=\"og:image:type\" content=\"image\/jpeg\" \/>\n<meta name=\"author\" content=\"Lara\" \/>\n<meta name=\"twitter:card\" content=\"summary_large_image\" \/>\n<meta name=\"twitter:label1\" content=\"Escrito por\" \/>\n\t<meta name=\"twitter:data1\" content=\"Lara\" \/>\n\t<meta name=\"twitter:label2\" content=\"Est. tempo de leitura\" \/>\n\t<meta name=\"twitter:data2\" content=\"3 minutos\" \/>\n<!-- \/ Yoast SEO plugin. -->","yoast_head_json":{"title":"5 destinos da maior expans\u00e3o internacional da United Airlines - Correio Braziliense - Aqui","description":"United Airlines anuncia 10 novas rotas para Europa e \u00c1sia a partir de mar\u00e7o de 2027, ampliando as op\u00e7\u00f5es de viagem para destinos in\u00e9ditos.","robots":{"index":"index","follow":"follow","max-snippet":"max-snippet:-1","max-image-preview":"max-image-preview:large","max-video-preview":"max-video-preview:-1"},"canonical":"https:\/\/www.correiobraziliense.com.br\/aqui\/2026\/08\/27\/5-destinos-da-maior-expansao-internacional-da-united-airlines\/","og_locale":"pt_BR","og_type":"article","og_title":"5 destinos da maior expans\u00e3o internacional da United Airlines - Correio Braziliense - Aqui","og_description":"United Airlines anuncia 10 novas rotas para Europa e \u00c1sia a partir de mar\u00e7o de 2027, ampliando as op\u00e7\u00f5es de viagem para destinos in\u00e9ditos.","og_url":"https:\/\/www.correiobraziliense.com.br\/aqui\/2026\/08\/27\/5-destinos-da-maior-expansao-internacional-da-united-airlines\/","og_site_name":"Correio Braziliense - Aqui","article_published_time":"2026-08-27T13:58:00+00:00","og_image":[{"width":1280,"height":720,"url":"https:\/\/www.correiobraziliense.com.br\/aqui\/wp-content\/uploads\/2026\/08\/United-Airlines_1787789984466.jpg","type":"image\/jpeg"}],"author":"Lara","twitter_card":"summary_large_image","twitter_misc":{"Escrito por":"Lara","Est. tempo de leitura":"3 minutos"},"schema":{"@context":"https:\/\/schema.org","@graph":[{"@type":"WebPage","@id":"https:\/\/www.correiobraziliense.com.br\/aqui\/2026\/08\/27\/5-destinos-da-maior-expansao-internacional-da-united-airlines\/","url":"https:\/\/www.correiobraziliense.com.br\/aqui\/2026\/08\/27\/5-destinos-da-maior-expansao-internacional-da-united-airlines\/","name":"5 destinos da maior expans\u00e3o internacional da United Airlines - Correio Braziliense - Aqui","isPartOf":{"@id":"https:\/\/www.correiobraziliense.com.br\/aqui\/#website"},"primaryImageOfPage":{"@id":"https:\/\/www.correiobraziliense.com.br\/aqui\/2026\/08\/27\/5-destinos-da-maior-expansao-internacional-da-united-airlines\/#primaryimage"},"image":{"@id":"https:\/\/www.correiobraziliense.com.br\/aqui\/2026\/08\/27\/5-destinos-da-maior-expansao-internacional-da-united-airlines\/#primaryimage"},"thumbnailUrl":"https:\/\/www.correiobraziliense.com.br\/aqui\/wp-content\/uploads\/2026\/08\/United-Airlines_1787789984466.jpg","datePublished":"2026-08-27T13:58:00+00:00","author":{"@id":"https:\/\/www.correiobraziliense.com.br\/aqui\/#\/schema\/person\/5d6e4d99fecc86ab1a7ed1a0369afb65"},"description":"United Airlines anuncia 10 novas rotas para Europa e \u00c1sia a partir de mar\u00e7o de 2027, ampliando as op\u00e7\u00f5es de viagem para destinos in\u00e9ditos.","breadcrumb":{"@id":"https:\/\/www.correiobraziliense.com.br\/aqui\/2026\/08\/27\/5-destinos-da-maior-expansao-internacional-da-united-airlines\/#breadcrumb"},"inLanguage":"pt-BR","potentialAction":[{"@type":"ReadAction","target":["https:\/\/www.correiobraziliense.com.br\/aqui\/2026\/08\/27\/5-destinos-da-maior-expansao-internacional-da-united-airlines\/"]}]},{"@type":"ImageObject","inLanguage":"pt-BR","@id":"https:\/\/www.correiobraziliense.com.br\/aqui\/2026\/08\/27\/5-destinos-da-maior-expansao-internacional-da-united-airlines\/#primaryimage","url":"https:\/\/www.correiobraziliense.com.br\/aqui\/wp-content\/uploads\/2026\/08\/United-Airlines_1787789984466.jpg","contentUrl":"https:\/\/www.correiobraziliense.com.br\/aqui\/wp-content\/uploads\/2026\/08\/United-Airlines_1787789984466.jpg","width":1280,"height":720,"caption":"Cr\u00e9ditos: depositphotos.com \/ RLGUESSAZ"},{"@type":"BreadcrumbList","@id":"https:\/\/www.correiobraziliense.com.br\/aqui\/2026\/08\/27\/5-destinos-da-maior-expansao-internacional-da-united-airlines\/#breadcrumb","itemListElement":[{"@type":"ListItem","position":1,"name":"In\u00edcio","item":"https:\/\/www.correiobraziliense.com.br\/aqui\/"},{"@type":"ListItem","position":2,"name":"5 destinos da maior expans\u00e3o internacional da United Airlines"}]},{"@type":"WebSite","@id":"https:\/\/www.correiobraziliense.com.br\/aqui\/#website","url":"https:\/\/www.correiobraziliense.com.br\/aqui\/","name":"Correio Braziliense - Aqui","description":"O Correio Braziliense (CB) \u00e9 o mais importante canal de not\u00edcias de Bras\u00edlia. Aqui voc\u00ea encontra as \u00faltimas not\u00edcias do DF, do Brasil e do mundo.","potentialAction":[{"@type":"SearchAction","target":{"@type":"EntryPoint","urlTemplate":"https:\/\/www.correiobraziliense.com.br\/aqui\/?s={search_term_string}"},"query-input":{"@type":"PropertyValueSpecification","valueRequired":true,"valueName":"search_term_string"}}],"inLanguage":"pt-BR"},{"@type":"Person","@id":"https:\/\/www.correiobraziliense.com.br\/aqui\/#\/schema\/person\/5d6e4d99fecc86ab1a7ed1a0369afb65","name":"Lara","image":{"@type":"ImageObject","inLanguage":"pt-BR","@id":"https:\/\/www.correiobraziliense.com.br\/aqui\/#\/schema\/person\/image\/","url":"https:\/\/secure.gravatar.com\/avatar\/57056c5c343a6d8a6669688d3d2c04916d9d280b352b6e50e66a8d39b2517e00?s=96&d=mm&r=g","contentUrl":"https:\/\/secure.gravatar.com\/avatar\/57056c5c343a6d8a6669688d3d2c04916d9d280b352b6e50e66a8d39b2517e00?s=96&d=mm&r=g","caption":"Lara"},"url":"https:\/\/www.correiobraziliense.com.br\/aqui\/author\/laraaqui\/"}]}},"_links":{"self":[{"href":"https:\/\/www.correiobraziliense.com.br\/aqui\/wp-json\/wp\/v2\/posts\/37966","targetHints":{"allow":["GET"]}}],"collection":[{"href":"https:\/\/www.correiobraziliense.com.br\/aqui\/wp-json\/wp\/v2\/posts"}],"about":[{"href":"https:\/\/www.correiobraziliense.com.br\/aqui\/wp-json\/wp\/v2\/types\/post"}],"author":[{"embeddable":true,"href":"https:\/\/www.correiobraziliense.com.br\/aqui\/wp-json\/wp\/v2\/users\/8"}],"replies":[{"embeddable":true,"href":"https:\/\/www.correiobraziliense.com.br\/aqui\/wp-json\/wp\/v2\/comments?post=37966"}],"version-history":[{"count":2,"href":"https:\/\/www.correiobraziliense.com.br\/aqui\/wp-json\/wp\/v2\/posts\/37966\/revisions"}],"predecessor-version":[{"id":37969,"href":"https:\/\/www.correiobraziliense.com.br\/aqui\/wp-json\/wp\/v2\/posts\/37966\/revisions\/37969"}],"wp:featuredmedia":[{"embeddable":true,"href":"https:\/\/www.correiobraziliense.com.br\/aqui\/wp-json\/wp\/v2\/media\/37967"}],"wp:attachment":[{"href":"https:\/\/www.correiobraziliense.com.br\/aqui\/wp-json\/wp\/v2\/media?parent=37966"}],"wp:term":[{"taxonomy":"category","embeddable":true,"href":"https:\/\/www.correiobraziliense.com.br\/aqui\/wp-json\/wp\/v2\/categories?post=37966"},{"taxonomy":"post_tag","embeddable":true,"href":"https:\/\/www.correiobraziliense.com.br\/aqui\/wp-json\/wp\/v2\/tags?post=37966"}],"curies":[{"name":"wp","href":"https:\/\/api.w.org\/{rel}","templated":true}]}}