{"id":37970,"date":"2026-08-27T11:53:00","date_gmt":"2026-08-27T14:53:00","guid":{"rendered":"https:\/\/www.correiobraziliense.com.br\/aqui\/?p=37970"},"modified":"2026-08-27T07:06:01","modified_gmt":"2026-08-27T10:06:01","slug":"seguranca-no-turismo-de-aventura-cuidados-essenciais-no-nepal","status":"publish","type":"post","link":"https:\/\/www.correiobraziliense.com.br\/aqui\/2026\/08\/27\/seguranca-no-turismo-de-aventura-cuidados-essenciais-no-nepal\/","title":{"rendered":"Seguran\u00e7a no turismo de aventura: cuidados essenciais no Nepal"},"content":{"rendered":"\n<p>O desastre natural ocorrido na \u00faltima quarta-feira (26) na regi\u00e3o de Rasuwa, no norte do Nepal, acende um alerta para viajantes e praticantes de trekking na regi\u00e3o do Himalaia. O evento, desencadeado por um terremoto que provocou uma avalanche, deixou mais de 200 mortos e centenas desaparecidos, evidenciando os riscos inerentes ao turismo de aventura em um dos cen\u00e1rios mais espetaculares e imprevis\u00edveis do planeta.<\/p>\n\n\n\n<p>Para quem planeja <a target=\"_blank\" rel=\"noreferrer noopener\" href=\"https:\/\/www.correiobraziliense.com.br\/esportes\/2026\/08\/7486367-gh.html\">explorar as trilhas nepalesas<\/a>, o planejamento se tornou ainda mais crucial. A seguran\u00e7a come\u00e7a muito antes de colocar os p\u00e9s nas montanhas. O primeiro passo \u00e9 escolher a \u00e9poca certa para a viagem, evitando o per\u00edodo de mon\u00e7\u00f5es, entre junho e setembro, quando as chuvas intensas aumentam o risco de deslizamentos de terra e dificultam as opera\u00e7\u00f5es de resgate.<\/p>\n\n\n\n<p>A contrata\u00e7\u00e3o de guias locais certificados e ag\u00eancias de turismo com boa reputa\u00e7\u00e3o \u00e9 indispens\u00e1vel. Profissionais experientes conhecem as rotas seguras, as condi\u00e7\u00f5es clim\u00e1ticas e possuem treinamento para lidar com emerg\u00eancias. Eles s\u00e3o a principal fonte de informa\u00e7\u00e3o e seguran\u00e7a durante toda a expedi\u00e7\u00e3o, podendo alterar o itiner\u00e1rio conforme necess\u00e1rio.<\/p>\n\n\n\n<p>Outro ponto fundamental \u00e9 o seguro de viagem. \u00c9 essencial que a ap\u00f3lice tenha cobertura espec\u00edfica para trekking em alta altitude, incluindo resgate de helic\u00f3ptero e evacua\u00e7\u00e3o m\u00e9dica de emerg\u00eancia. Os custos de um resgate na regi\u00e3o podem ser extremamente elevados, e um seguro inadequado pode transformar um imprevisto em uma crise financeira.<\/p>\n\n\n\n<h2 class=\"wp-block-heading\">Cuidados essenciais durante a trilha no Nepal<\/h2>\n\n\n\n<p>Uma vez na montanha, a aclimata\u00e7\u00e3o correta \u00e9 a chave para evitar o mal de altitude, uma condi\u00e7\u00e3o que pode ser fatal. O processo envolve subidas graduais, com dias de descanso programados, para que o corpo se adapte \u00e0 menor disponibilidade de oxig\u00eanio. Ignorar os sintomas, como dor de cabe\u00e7a e n\u00e1useas, \u00e9 um erro perigoso.<\/p>\n\n\n\n<p>A comunica\u00e7\u00e3o tamb\u00e9m \u00e9 um fator vital. Em muitas \u00e1reas remotas do Himalaia, o sinal de celular \u00e9 inexistente. Por isso, considere levar um telefone via sat\u00e9lite ou um dispositivo de localiza\u00e7\u00e3o pessoal (PLB). Al\u00e9m disso, seguir as orienta\u00e7\u00f5es das autoridades locais e registrar a rota de trekking no sistema TIMS (Trekkers&#8217; Information Management System) s\u00e3o medidas que facilitam a localiza\u00e7\u00e3o em caso de <a target=\"_blank\" rel=\"noreferrer noopener\" href=\"https:\/\/www.correiobraziliense.com.br\/mundo\/2026\/08\/7487516-tragedia-no-nepal-e-tibete-deixa-mais-de-380-turistas-desaparecidos.html\">desaparecimento<\/a>.<\/p>\n\n\n\n<p>Diante do cen\u00e1rio atual, viajantes devem adotar uma postura de m\u00e1xima cautela. Algumas medidas pr\u00e1ticas podem fazer a diferen\u00e7a entre uma aventura memor\u00e1vel e uma situa\u00e7\u00e3o de risco:<\/p>\n\n\n\n<ul class=\"wp-block-list\">\n<li><strong>Verifique os <\/strong><a href=\"https:\/\/www.correiobraziliense.com.br\/politica\/2026\/08\/7487895-itamaraty-divulga-contatos-para-brasileiros-no-nepal-e-tibete.html\" target=\"_blank\" rel=\"noreferrer noopener\"><strong>alertas locais<\/strong><\/a><strong>:<\/strong> antes e durante a caminhada, consulte os boletins do Departamento de Turismo do Nepal e de ag\u00eancias meteorol\u00f3gicas sobre as condi\u00e7\u00f5es das trilhas.<\/li>\n\n\n\n<li><strong>Informe sua rota:<\/strong> deixe seu roteiro detalhado com a ag\u00eancia de turismo, o hotel e com familiares ou amigos em seu pa\u00eds de origem.<\/li>\n\n\n\n<li><strong>Monte um kit de primeiros socorros:<\/strong> inclua medicamentos para o mal de altitude, analg\u00e9sicos, curativos e itens de higiene pessoal.<\/li>\n\n\n\n<li><strong>Nunca caminhe sozinho:<\/strong> mesmo em trilhas populares, a companhia de um <a href=\"https:\/\/www.correiobraziliense.com.br\/mundo\/2026\/06\/7440867-por-que-sobrevivencia-milagrosa-de-guia-no-everest-levanta-quest\u00f5es-sobre-a-industria-do-turismo.html\" target=\"_blank\" rel=\"noreferrer noopener\">guia<\/a> ou de outros praticantes de trekking aumenta a seguran\u00e7a.<\/li>\n<\/ul>\n","protected":false},"excerpt":{"rendered":"<p>Saiba como viajantes e praticantes de trekking no Nepal devem se planejar diante dos alertas de desastres naturais na regi\u00e3o do Himalaia.<\/p>\n","protected":false},"author":8,"featured_media":37971,"comment_status":"open","ping_status":"open","sticky":false,"template":"","format":"standard","meta":{"jnews-multi-image_gallery":[],"jnews_single_post":{"format":"standard"},"jnews_primary_category":[],"jnews_social_meta":[],"jnews_override_counter":[],"footnotes":""},"categories":[148],"tags":[3864,10958,584,146,11764],"class_list":["post-37970","post","type-post","status-publish","format-standard","has-post-thumbnail","hentry","category-turismo","tag-dicas-de-viagem","tag-nepal","tag-seguranca","tag-turismo","tag-turismo-de-aventura"],"yoast_head":"<!-- This site is optimized with the Yoast SEO plugin v25.1 - https:\/\/yoast.com\/wordpress\/plugins\/seo\/ -->\n<title>Seguran\u00e7a no turismo de aventura: cuidados essenciais no Nepal - Correio Braziliense - Aqui<\/title>\n<meta name=\"description\" content=\"Saiba como viajantes e praticantes de trekking no Nepal devem se planejar diante dos alertas de desastres naturais na regi\u00e3o do Himalaia.\" \/>\n<meta name=\"robots\" content=\"index, follow, max-snippet:-1, max-image-preview:large, max-video-preview:-1\" \/>\n<link rel=\"canonical\" href=\"https:\/\/www.correiobraziliense.com.br\/aqui\/2026\/08\/27\/seguranca-no-turismo-de-aventura-cuidados-essenciais-no-nepal\/\" \/>\n<meta property=\"og:locale\" content=\"pt_BR\" \/>\n<meta property=\"og:type\" content=\"article\" \/>\n<meta property=\"og:title\" content=\"Seguran\u00e7a no turismo de aventura: cuidados essenciais no Nepal - Correio Braziliense - Aqui\" \/>\n<meta property=\"og:description\" content=\"Saiba como viajantes e praticantes de trekking no Nepal devem se planejar diante dos alertas de desastres naturais na regi\u00e3o do Himalaia.\" \/>\n<meta property=\"og:url\" content=\"https:\/\/www.correiobraziliense.com.br\/aqui\/2026\/08\/27\/seguranca-no-turismo-de-aventura-cuidados-essenciais-no-nepal\/\" \/>\n<meta property=\"og:site_name\" content=\"Correio Braziliense - Aqui\" \/>\n<meta property=\"article:published_time\" content=\"2026-08-27T14:53:00+00:00\" \/>\n<meta property=\"og:image\" content=\"https:\/\/www.correiobraziliense.com.br\/aqui\/wp-content\/uploads\/2026\/08\/nepal-bandeira_1787790294852.jpg\" \/>\n\t<meta property=\"og:image:width\" content=\"1280\" \/>\n\t<meta property=\"og:image:height\" content=\"720\" \/>\n\t<meta property=\"og:image:type\" content=\"image\/jpeg\" \/>\n<meta name=\"author\" content=\"Lara\" \/>\n<meta name=\"twitter:card\" content=\"summary_large_image\" \/>\n<meta name=\"twitter:label1\" content=\"Escrito por\" \/>\n\t<meta name=\"twitter:data1\" content=\"Lara\" \/>\n\t<meta name=\"twitter:label2\" content=\"Est. tempo de leitura\" \/>\n\t<meta name=\"twitter:data2\" content=\"3 minutos\" \/>\n<!-- \/ Yoast SEO plugin. -->","yoast_head_json":{"title":"Seguran\u00e7a no turismo de aventura: cuidados essenciais no Nepal - Correio Braziliense - Aqui","description":"Saiba como viajantes e praticantes de trekking no Nepal devem se planejar diante dos alertas de desastres naturais na regi\u00e3o do Himalaia.","robots":{"index":"index","follow":"follow","max-snippet":"max-snippet:-1","max-image-preview":"max-image-preview:large","max-video-preview":"max-video-preview:-1"},"canonical":"https:\/\/www.correiobraziliense.com.br\/aqui\/2026\/08\/27\/seguranca-no-turismo-de-aventura-cuidados-essenciais-no-nepal\/","og_locale":"pt_BR","og_type":"article","og_title":"Seguran\u00e7a no turismo de aventura: cuidados essenciais no Nepal - Correio Braziliense - Aqui","og_description":"Saiba como viajantes e praticantes de trekking no Nepal devem se planejar diante dos alertas de desastres naturais na regi\u00e3o do Himalaia.","og_url":"https:\/\/www.correiobraziliense.com.br\/aqui\/2026\/08\/27\/seguranca-no-turismo-de-aventura-cuidados-essenciais-no-nepal\/","og_site_name":"Correio Braziliense - Aqui","article_published_time":"2026-08-27T14:53:00+00:00","og_image":[{"width":1280,"height":720,"url":"https:\/\/www.correiobraziliense.com.br\/aqui\/wp-content\/uploads\/2026\/08\/nepal-bandeira_1787790294852.jpg","type":"image\/jpeg"}],"author":"Lara","twitter_card":"summary_large_image","twitter_misc":{"Escrito por":"Lara","Est. tempo de leitura":"3 minutos"},"schema":{"@context":"https:\/\/schema.org","@graph":[{"@type":"WebPage","@id":"https:\/\/www.correiobraziliense.com.br\/aqui\/2026\/08\/27\/seguranca-no-turismo-de-aventura-cuidados-essenciais-no-nepal\/","url":"https:\/\/www.correiobraziliense.com.br\/aqui\/2026\/08\/27\/seguranca-no-turismo-de-aventura-cuidados-essenciais-no-nepal\/","name":"Seguran\u00e7a no turismo de aventura: cuidados essenciais no Nepal - Correio Braziliense - Aqui","isPartOf":{"@id":"https:\/\/www.correiobraziliense.com.br\/aqui\/#website"},"primaryImageOfPage":{"@id":"https:\/\/www.correiobraziliense.com.br\/aqui\/2026\/08\/27\/seguranca-no-turismo-de-aventura-cuidados-essenciais-no-nepal\/#primaryimage"},"image":{"@id":"https:\/\/www.correiobraziliense.com.br\/aqui\/2026\/08\/27\/seguranca-no-turismo-de-aventura-cuidados-essenciais-no-nepal\/#primaryimage"},"thumbnailUrl":"https:\/\/www.correiobraziliense.com.br\/aqui\/wp-content\/uploads\/2026\/08\/nepal-bandeira_1787790294852.jpg","datePublished":"2026-08-27T14:53:00+00:00","author":{"@id":"https:\/\/www.correiobraziliense.com.br\/aqui\/#\/schema\/person\/5d6e4d99fecc86ab1a7ed1a0369afb65"},"description":"Saiba como viajantes e praticantes de trekking no Nepal devem se planejar diante dos alertas de desastres naturais na regi\u00e3o do Himalaia.","breadcrumb":{"@id":"https:\/\/www.correiobraziliense.com.br\/aqui\/2026\/08\/27\/seguranca-no-turismo-de-aventura-cuidados-essenciais-no-nepal\/#breadcrumb"},"inLanguage":"pt-BR","potentialAction":[{"@type":"ReadAction","target":["https:\/\/www.correiobraziliense.com.br\/aqui\/2026\/08\/27\/seguranca-no-turismo-de-aventura-cuidados-essenciais-no-nepal\/"]}]},{"@type":"ImageObject","inLanguage":"pt-BR","@id":"https:\/\/www.correiobraziliense.com.br\/aqui\/2026\/08\/27\/seguranca-no-turismo-de-aventura-cuidados-essenciais-no-nepal\/#primaryimage","url":"https:\/\/www.correiobraziliense.com.br\/aqui\/wp-content\/uploads\/2026\/08\/nepal-bandeira_1787790294852.jpg","contentUrl":"https:\/\/www.correiobraziliense.com.br\/aqui\/wp-content\/uploads\/2026\/08\/nepal-bandeira_1787790294852.jpg","width":1280,"height":720,"caption":"Cr\u00e9ditos: depositphotos.com \/ Steve_Allen"},{"@type":"BreadcrumbList","@id":"https:\/\/www.correiobraziliense.com.br\/aqui\/2026\/08\/27\/seguranca-no-turismo-de-aventura-cuidados-essenciais-no-nepal\/#breadcrumb","itemListElement":[{"@type":"ListItem","position":1,"name":"In\u00edcio","item":"https:\/\/www.correiobraziliense.com.br\/aqui\/"},{"@type":"ListItem","position":2,"name":"Seguran\u00e7a no turismo de aventura: cuidados essenciais no Nepal"}]},{"@type":"WebSite","@id":"https:\/\/www.correiobraziliense.com.br\/aqui\/#website","url":"https:\/\/www.correiobraziliense.com.br\/aqui\/","name":"Correio Braziliense - Aqui","description":"O Correio Braziliense (CB) \u00e9 o mais importante canal de not\u00edcias de Bras\u00edlia. Aqui voc\u00ea encontra as \u00faltimas not\u00edcias do DF, do Brasil e do mundo.","potentialAction":[{"@type":"SearchAction","target":{"@type":"EntryPoint","urlTemplate":"https:\/\/www.correiobraziliense.com.br\/aqui\/?s={search_term_string}"},"query-input":{"@type":"PropertyValueSpecification","valueRequired":true,"valueName":"search_term_string"}}],"inLanguage":"pt-BR"},{"@type":"Person","@id":"https:\/\/www.correiobraziliense.com.br\/aqui\/#\/schema\/person\/5d6e4d99fecc86ab1a7ed1a0369afb65","name":"Lara","image":{"@type":"ImageObject","inLanguage":"pt-BR","@id":"https:\/\/www.correiobraziliense.com.br\/aqui\/#\/schema\/person\/image\/","url":"https:\/\/secure.gravatar.com\/avatar\/57056c5c343a6d8a6669688d3d2c04916d9d280b352b6e50e66a8d39b2517e00?s=96&d=mm&r=g","contentUrl":"https:\/\/secure.gravatar.com\/avatar\/57056c5c343a6d8a6669688d3d2c04916d9d280b352b6e50e66a8d39b2517e00?s=96&d=mm&r=g","caption":"Lara"},"url":"https:\/\/www.correiobraziliense.com.br\/aqui\/author\/laraaqui\/"}]}},"_links":{"self":[{"href":"https:\/\/www.correiobraziliense.com.br\/aqui\/wp-json\/wp\/v2\/posts\/37970","targetHints":{"allow":["GET"]}}],"collection":[{"href":"https:\/\/www.correiobraziliense.com.br\/aqui\/wp-json\/wp\/v2\/posts"}],"about":[{"href":"https:\/\/www.correiobraziliense.com.br\/aqui\/wp-json\/wp\/v2\/types\/post"}],"author":[{"embeddable":true,"href":"https:\/\/www.correiobraziliense.com.br\/aqui\/wp-json\/wp\/v2\/users\/8"}],"replies":[{"embeddable":true,"href":"https:\/\/www.correiobraziliense.com.br\/aqui\/wp-json\/wp\/v2\/comments?post=37970"}],"version-history":[{"count":2,"href":"https:\/\/www.correiobraziliense.com.br\/aqui\/wp-json\/wp\/v2\/posts\/37970\/revisions"}],"predecessor-version":[{"id":37981,"href":"https:\/\/www.correiobraziliense.com.br\/aqui\/wp-json\/wp\/v2\/posts\/37970\/revisions\/37981"}],"wp:featuredmedia":[{"embeddable":true,"href":"https:\/\/www.correiobraziliense.com.br\/aqui\/wp-json\/wp\/v2\/media\/37971"}],"wp:attachment":[{"href":"https:\/\/www.correiobraziliense.com.br\/aqui\/wp-json\/wp\/v2\/media?parent=37970"}],"wp:term":[{"taxonomy":"category","embeddable":true,"href":"https:\/\/www.correiobraziliense.com.br\/aqui\/wp-json\/wp\/v2\/categories?post=37970"},{"taxonomy":"post_tag","embeddable":true,"href":"https:\/\/www.correiobraziliense.com.br\/aqui\/wp-json\/wp\/v2\/tags?post=37970"}],"curies":[{"name":"wp","href":"https:\/\/api.w.org\/{rel}","templated":true}]}}