{"id":37973,"date":"2026-08-27T12:40:00","date_gmt":"2026-08-27T15:40:00","guid":{"rendered":"https:\/\/www.correiobraziliense.com.br\/aqui\/?p=37973"},"modified":"2026-08-26T21:35:02","modified_gmt":"2026-08-27T00:35:02","slug":"diploma-de-jornalista-como-fica-o-mercado-das-faculdades-de-comunicacao","status":"publish","type":"post","link":"https:\/\/www.correiobraziliense.com.br\/aqui\/2026\/08\/27\/diploma-de-jornalista-como-fica-o-mercado-das-faculdades-de-comunicacao\/","title":{"rendered":"Diploma de jornalista: como fica o mercado das faculdades de comunica\u00e7\u00e3o"},"content":{"rendered":"\n<p>A exig\u00eancia do diploma de jornalista voltou ao centro do debate no Brasil, movimentando tanto as reda\u00e7\u00f5es quanto as universidades. A discuss\u00e3o ganhou for\u00e7a ap\u00f3s declara\u00e7\u00f5es de ministros do Supremo Tribunal Federal (STF), como Fl\u00e1vio Dino e Alexandre de Moraes, e novas mobiliza\u00e7\u00f5es da Federa\u00e7\u00e3o Nacional dos Jornalistas (FENAJ), colocando em pauta o futuro da forma\u00e7\u00e3o e do mercado de comunica\u00e7\u00e3o.<\/p>\n\n\n\n<p>Para as faculdades de comunica\u00e7\u00e3o, a poss\u00edvel volta da obrigatoriedade representa uma valoriza\u00e7\u00e3o imediata do curso. A medida poderia atrair mais estudantes e at\u00e9 mesmo influenciar o valor das mensalidades, refletindo uma nova demanda do mercado por profissionais com forma\u00e7\u00e3o espec\u00edfica na \u00e1rea. A valida\u00e7\u00e3o do diploma refor\u00e7aria a import\u00e2ncia do <a target=\"_blank\" rel=\"noreferrer noopener\" href=\"https:\/\/www.correiobraziliense.com.br\/opiniao\/2025\/05\/7156007-a-educacao-superior-e-o-desenvolvimento-do-pais.html\">ensino superior<\/a> para a pr\u00e1tica da profiss\u00e3o.<\/p>\n\n\n\n<p>Defensores da medida, liderados pela FENAJ, argumentam que a forma\u00e7\u00e3o acad\u00eamica \u00e9 essencial para garantir a qualidade t\u00e9cnica e \u00e9tica do trabalho jornal\u00edstico. A forma\u00e7\u00e3o universit\u00e1ria forneceria as ferramentas necess\u00e1rias para a apura\u00e7\u00e3o rigorosa dos fatos e a responsabilidade editorial, elementos cruciais em um cen\u00e1rio de combate \u00e0 desinforma\u00e7\u00e3o.<\/p>\n\n\n\n<h2 class=\"wp-block-heading\">O que a exig\u00eancia do diploma de jornalista muda para as empresas de comunica\u00e7\u00e3o?<\/h2>\n\n\n\n<p>Para as empresas de m\u00eddia, a mudan\u00e7a impactaria diretamente os processos de contrata\u00e7\u00e3o. A exig\u00eancia restringiria o universo de candidatos, mas, por outro lado, estabeleceria um filtro de qualifica\u00e7\u00e3o b\u00e1sica. As reda\u00e7\u00f5es teriam a garantia de que os novos profissionais possuem uma base te\u00f3rica sobre \u00e9tica, legisla\u00e7\u00e3o e t\u00e9cnicas de reportagem.<\/p>\n\n\n\n<p>A discuss\u00e3o retoma o debate que, em 2009, levou o STF a derrubar a obrigatoriedade, sob o argumento da <a target=\"_blank\" rel=\"noreferrer noopener\" href=\"https:\/\/www.correiobraziliense.com.br\/politica\/2026\/08\/7482525-moraes-diz-que-liberdade-de-imprensa-nao-e-licenca-para-praticar-crimes.html\">liberdade de express\u00e3o<\/a>. Parte do mercado defende a flexibilidade atual, que permite contratar profissionais com habilidades diversas, como an\u00e1lise de dados ou gest\u00e3o de redes sociais, que n\u00e3o s\u00e3o exclusivas dos cursos de jornalismo.<\/p>\n\n\n\n<p>O cen\u00e1rio atual, no entanto, \u00e9 influenciado por discuss\u00f5es paralelas, como a Lei da Profiss\u00e3o de Multim\u00eddia (Lei n\u00ba 15.325\/2026), que tamb\u00e9m \u00e9 alvo de a\u00e7\u00f5es da FENAJ no STF, indicando um movimento mais amplo em torno da <a target=\"_blank\" rel=\"noreferrer noopener\" href=\"https:\/\/www.correiobraziliense.com.br\/cidades-df\/2025\/09\/7242482-governo-e-setor-privado-debatem-sobre-a-educacao-profissional.html\">formaliza\u00e7\u00e3o das profiss\u00f5es da comunica\u00e7\u00e3o<\/a>.<\/p>\n\n\n\n<p>Essa incerteza afeta diretamente quem planeja seguir a carreira ou j\u00e1 atua na \u00e1rea sem o diploma espec\u00edfico. A decis\u00e3o final sobre a regulamenta\u00e7\u00e3o ter\u00e1 um efeito direto no <a target=\"_blank\" rel=\"noreferrer noopener\" href=\"https:\/\/www.correiobraziliense.com.br\/euestudante\/ensino-superior\/2025\/09\/7245053-relatorio-da-ocde-mostra-os-numeros-da-evasao-no-ensino-superior-brasileiro.html\">planejamento de carreira<\/a> de milhares de estudantes e profissionais em todo o pa\u00eds, redefinindo os crit\u00e9rios de entrada e perman\u00eancia no setor.<\/p>\n\n\n\n<p>O debate segue em andamento em Bras\u00edlia e seu desfecho definir\u00e1 n\u00e3o apenas as regras de contrata\u00e7\u00e3o, mas o pr\u00f3prio futuro do ensino e da pr\u00e1tica do jornalismo no pa\u00eds.<\/p>\n","protected":false},"excerpt":{"rendered":"<p>Especialistas avaliam os impactos da regulamenta\u00e7\u00e3o do diploma de jornalista no ensino superior e nas contrata\u00e7\u00f5es por empresas de m\u00eddia.<\/p>\n","protected":false},"author":8,"featured_media":37974,"comment_status":"open","ping_status":"open","sticky":false,"template":"","format":"standard","meta":{"jnews-multi-image_gallery":[],"jnews_single_post":{"format":"standard"},"jnews_primary_category":[],"jnews_social_meta":[],"jnews_override_counter":[],"footnotes":""},"categories":[120],"tags":[1125,12417,1342,12418],"class_list":["post-37973","post","type-post","status-publish","format-standard","has-post-thumbnail","hentry","category-curiosidades","tag-curiosidades","tag-diploma-de-jornalista","tag-ensino-superior","tag-faculdade-de-comunicacao"],"yoast_head":"<!-- This site is optimized with the Yoast SEO plugin v25.1 - https:\/\/yoast.com\/wordpress\/plugins\/seo\/ -->\n<title>Diploma de jornalista: como fica o mercado das faculdades de comunica\u00e7\u00e3o - Correio Braziliense - Aqui<\/title>\n<meta name=\"description\" content=\"Especialistas avaliam os impactos da regulamenta\u00e7\u00e3o do diploma de jornalista no ensino superior e nas contrata\u00e7\u00f5es por empresas de m\u00eddia.\" \/>\n<meta name=\"robots\" content=\"index, follow, max-snippet:-1, max-image-preview:large, max-video-preview:-1\" \/>\n<link rel=\"canonical\" href=\"https:\/\/www.correiobraziliense.com.br\/aqui\/2026\/08\/27\/diploma-de-jornalista-como-fica-o-mercado-das-faculdades-de-comunicacao\/\" \/>\n<meta property=\"og:locale\" content=\"pt_BR\" \/>\n<meta property=\"og:type\" content=\"article\" \/>\n<meta property=\"og:title\" content=\"Diploma de jornalista: como fica o mercado das faculdades de comunica\u00e7\u00e3o - Correio Braziliense - Aqui\" \/>\n<meta property=\"og:description\" content=\"Especialistas avaliam os impactos da regulamenta\u00e7\u00e3o do diploma de jornalista no ensino superior e nas contrata\u00e7\u00f5es por empresas de m\u00eddia.\" \/>\n<meta property=\"og:url\" content=\"https:\/\/www.correiobraziliense.com.br\/aqui\/2026\/08\/27\/diploma-de-jornalista-como-fica-o-mercado-das-faculdades-de-comunicacao\/\" \/>\n<meta property=\"og:site_name\" content=\"Correio Braziliense - Aqui\" \/>\n<meta property=\"article:published_time\" content=\"2026-08-27T15:40:00+00:00\" \/>\n<meta property=\"og:image\" content=\"https:\/\/www.correiobraziliense.com.br\/aqui\/wp-content\/uploads\/2026\/08\/jornalista_1787790726590.jpg\" \/>\n\t<meta property=\"og:image:width\" content=\"1280\" \/>\n\t<meta property=\"og:image:height\" content=\"720\" \/>\n\t<meta property=\"og:image:type\" content=\"image\/jpeg\" \/>\n<meta name=\"author\" content=\"Lara\" \/>\n<meta name=\"twitter:card\" content=\"summary_large_image\" \/>\n<meta name=\"twitter:label1\" content=\"Escrito por\" \/>\n\t<meta name=\"twitter:data1\" content=\"Lara\" \/>\n\t<meta name=\"twitter:label2\" content=\"Est. tempo de leitura\" \/>\n\t<meta name=\"twitter:data2\" content=\"3 minutos\" \/>\n<!-- \/ Yoast SEO plugin. -->","yoast_head_json":{"title":"Diploma de jornalista: como fica o mercado das faculdades de comunica\u00e7\u00e3o - Correio Braziliense - Aqui","description":"Especialistas avaliam os impactos da regulamenta\u00e7\u00e3o do diploma de jornalista no ensino superior e nas contrata\u00e7\u00f5es por empresas de m\u00eddia.","robots":{"index":"index","follow":"follow","max-snippet":"max-snippet:-1","max-image-preview":"max-image-preview:large","max-video-preview":"max-video-preview:-1"},"canonical":"https:\/\/www.correiobraziliense.com.br\/aqui\/2026\/08\/27\/diploma-de-jornalista-como-fica-o-mercado-das-faculdades-de-comunicacao\/","og_locale":"pt_BR","og_type":"article","og_title":"Diploma de jornalista: como fica o mercado das faculdades de comunica\u00e7\u00e3o - Correio Braziliense - Aqui","og_description":"Especialistas avaliam os impactos da regulamenta\u00e7\u00e3o do diploma de jornalista no ensino superior e nas contrata\u00e7\u00f5es por empresas de m\u00eddia.","og_url":"https:\/\/www.correiobraziliense.com.br\/aqui\/2026\/08\/27\/diploma-de-jornalista-como-fica-o-mercado-das-faculdades-de-comunicacao\/","og_site_name":"Correio Braziliense - Aqui","article_published_time":"2026-08-27T15:40:00+00:00","og_image":[{"width":1280,"height":720,"url":"https:\/\/www.correiobraziliense.com.br\/aqui\/wp-content\/uploads\/2026\/08\/jornalista_1787790726590.jpg","type":"image\/jpeg"}],"author":"Lara","twitter_card":"summary_large_image","twitter_misc":{"Escrito por":"Lara","Est. tempo de leitura":"3 minutos"},"schema":{"@context":"https:\/\/schema.org","@graph":[{"@type":"WebPage","@id":"https:\/\/www.correiobraziliense.com.br\/aqui\/2026\/08\/27\/diploma-de-jornalista-como-fica-o-mercado-das-faculdades-de-comunicacao\/","url":"https:\/\/www.correiobraziliense.com.br\/aqui\/2026\/08\/27\/diploma-de-jornalista-como-fica-o-mercado-das-faculdades-de-comunicacao\/","name":"Diploma de jornalista: como fica o mercado das faculdades de comunica\u00e7\u00e3o - Correio Braziliense - Aqui","isPartOf":{"@id":"https:\/\/www.correiobraziliense.com.br\/aqui\/#website"},"primaryImageOfPage":{"@id":"https:\/\/www.correiobraziliense.com.br\/aqui\/2026\/08\/27\/diploma-de-jornalista-como-fica-o-mercado-das-faculdades-de-comunicacao\/#primaryimage"},"image":{"@id":"https:\/\/www.correiobraziliense.com.br\/aqui\/2026\/08\/27\/diploma-de-jornalista-como-fica-o-mercado-das-faculdades-de-comunicacao\/#primaryimage"},"thumbnailUrl":"https:\/\/www.correiobraziliense.com.br\/aqui\/wp-content\/uploads\/2026\/08\/jornalista_1787790726590.jpg","datePublished":"2026-08-27T15:40:00+00:00","author":{"@id":"https:\/\/www.correiobraziliense.com.br\/aqui\/#\/schema\/person\/5d6e4d99fecc86ab1a7ed1a0369afb65"},"description":"Especialistas avaliam os impactos da regulamenta\u00e7\u00e3o do diploma de jornalista no ensino superior e nas contrata\u00e7\u00f5es por empresas de m\u00eddia.","breadcrumb":{"@id":"https:\/\/www.correiobraziliense.com.br\/aqui\/2026\/08\/27\/diploma-de-jornalista-como-fica-o-mercado-das-faculdades-de-comunicacao\/#breadcrumb"},"inLanguage":"pt-BR","potentialAction":[{"@type":"ReadAction","target":["https:\/\/www.correiobraziliense.com.br\/aqui\/2026\/08\/27\/diploma-de-jornalista-como-fica-o-mercado-das-faculdades-de-comunicacao\/"]}]},{"@type":"ImageObject","inLanguage":"pt-BR","@id":"https:\/\/www.correiobraziliense.com.br\/aqui\/2026\/08\/27\/diploma-de-jornalista-como-fica-o-mercado-das-faculdades-de-comunicacao\/#primaryimage","url":"https:\/\/www.correiobraziliense.com.br\/aqui\/wp-content\/uploads\/2026\/08\/jornalista_1787790726590.jpg","contentUrl":"https:\/\/www.correiobraziliense.com.br\/aqui\/wp-content\/uploads\/2026\/08\/jornalista_1787790726590.jpg","width":1280,"height":720,"caption":"Cr\u00e9ditos: depositphotos.com \/ HayDmitriy"},{"@type":"BreadcrumbList","@id":"https:\/\/www.correiobraziliense.com.br\/aqui\/2026\/08\/27\/diploma-de-jornalista-como-fica-o-mercado-das-faculdades-de-comunicacao\/#breadcrumb","itemListElement":[{"@type":"ListItem","position":1,"name":"In\u00edcio","item":"https:\/\/www.correiobraziliense.com.br\/aqui\/"},{"@type":"ListItem","position":2,"name":"Diploma de jornalista: como fica o mercado das faculdades de comunica\u00e7\u00e3o"}]},{"@type":"WebSite","@id":"https:\/\/www.correiobraziliense.com.br\/aqui\/#website","url":"https:\/\/www.correiobraziliense.com.br\/aqui\/","name":"Correio Braziliense - Aqui","description":"O Correio Braziliense (CB) \u00e9 o mais importante canal de not\u00edcias de Bras\u00edlia. Aqui voc\u00ea encontra as \u00faltimas not\u00edcias do DF, do Brasil e do mundo.","potentialAction":[{"@type":"SearchAction","target":{"@type":"EntryPoint","urlTemplate":"https:\/\/www.correiobraziliense.com.br\/aqui\/?s={search_term_string}"},"query-input":{"@type":"PropertyValueSpecification","valueRequired":true,"valueName":"search_term_string"}}],"inLanguage":"pt-BR"},{"@type":"Person","@id":"https:\/\/www.correiobraziliense.com.br\/aqui\/#\/schema\/person\/5d6e4d99fecc86ab1a7ed1a0369afb65","name":"Lara","image":{"@type":"ImageObject","inLanguage":"pt-BR","@id":"https:\/\/www.correiobraziliense.com.br\/aqui\/#\/schema\/person\/image\/","url":"https:\/\/secure.gravatar.com\/avatar\/57056c5c343a6d8a6669688d3d2c04916d9d280b352b6e50e66a8d39b2517e00?s=96&d=mm&r=g","contentUrl":"https:\/\/secure.gravatar.com\/avatar\/57056c5c343a6d8a6669688d3d2c04916d9d280b352b6e50e66a8d39b2517e00?s=96&d=mm&r=g","caption":"Lara"},"url":"https:\/\/www.correiobraziliense.com.br\/aqui\/author\/laraaqui\/"}]}},"_links":{"self":[{"href":"https:\/\/www.correiobraziliense.com.br\/aqui\/wp-json\/wp\/v2\/posts\/37973","targetHints":{"allow":["GET"]}}],"collection":[{"href":"https:\/\/www.correiobraziliense.com.br\/aqui\/wp-json\/wp\/v2\/posts"}],"about":[{"href":"https:\/\/www.correiobraziliense.com.br\/aqui\/wp-json\/wp\/v2\/types\/post"}],"author":[{"embeddable":true,"href":"https:\/\/www.correiobraziliense.com.br\/aqui\/wp-json\/wp\/v2\/users\/8"}],"replies":[{"embeddable":true,"href":"https:\/\/www.correiobraziliense.com.br\/aqui\/wp-json\/wp\/v2\/comments?post=37973"}],"version-history":[{"count":1,"href":"https:\/\/www.correiobraziliense.com.br\/aqui\/wp-json\/wp\/v2\/posts\/37973\/revisions"}],"predecessor-version":[{"id":37975,"href":"https:\/\/www.correiobraziliense.com.br\/aqui\/wp-json\/wp\/v2\/posts\/37973\/revisions\/37975"}],"wp:featuredmedia":[{"embeddable":true,"href":"https:\/\/www.correiobraziliense.com.br\/aqui\/wp-json\/wp\/v2\/media\/37974"}],"wp:attachment":[{"href":"https:\/\/www.correiobraziliense.com.br\/aqui\/wp-json\/wp\/v2\/media?parent=37973"}],"wp:term":[{"taxonomy":"category","embeddable":true,"href":"https:\/\/www.correiobraziliense.com.br\/aqui\/wp-json\/wp\/v2\/categories?post=37973"},{"taxonomy":"post_tag","embeddable":true,"href":"https:\/\/www.correiobraziliense.com.br\/aqui\/wp-json\/wp\/v2\/tags?post=37973"}],"curies":[{"name":"wp","href":"https:\/\/api.w.org\/{rel}","templated":true}]}}