{"id":37976,"date":"2026-09-06T18:00:00","date_gmt":"2026-09-06T21:00:00","guid":{"rendered":"https:\/\/www.correiobraziliense.com.br\/aqui\/?p=37976"},"modified":"2026-08-26T21:39:39","modified_gmt":"2026-08-27T00:39:39","slug":"como-escolher-um-notebook-ideal-para-os-estudos-universitarios-em-2026","status":"publish","type":"post","link":"https:\/\/www.correiobraziliense.com.br\/aqui\/2026\/09\/06\/como-escolher-um-notebook-ideal-para-os-estudos-universitarios-em-2026\/","title":{"rendered":"Como escolher um notebook ideal para os estudos universit\u00e1rios em 2026"},"content":{"rendered":"\n<p>O in\u00edcio do ano letivo de 2026 renova uma d\u00favida comum entre universit\u00e1rios: como escolher o notebook ideal para a jornada acad\u00eamica. Com lan\u00e7amentos recentes, como a nova linha Galaxy Book 6 da Samsung, que agita o mercado com processadores Intel Core Ultra S\u00e9rie 3, a decis\u00e3o se torna ainda mais complexa. Investir no equipamento certo \u00e9 fundamental para garantir produtividade sem dores de cabe\u00e7a.<\/p>\n\n\n\n<p>A escolha deve ir al\u00e9m do design ou da marca. O segredo est\u00e1 em <strong><a href=\"https:\/\/www.correiobraziliense.com.br\/aqui\/2026\/08\/13\/7-smartphones-com-otimo-custo-beneficio-em-agosto-de-2026\/\" target=\"_blank\" rel=\"noreferrer noopener\">entender as necessidades espec\u00edficas do seu curso<\/a><\/strong>. Um estudante de engenharia ou arquitetura, que utiliza softwares pesados de modelagem 3D, precisar\u00e1 de uma configura\u00e7\u00e3o muito mais robusta do que um aluno de letras ou direito, cujo uso se concentra em textos, pesquisas e apresenta\u00e7\u00f5es.<\/p>\n\n\n\n<h2 class=\"wp-block-heading\">A escolha do notebook ideal: desempenho que acompanha sua rotina<\/h2>\n\n\n\n<p>O processador e a mem\u00f3ria RAM s\u00e3o o cora\u00e7\u00e3o do notebook. Para 2026, o recomendado \u00e9 buscar por processadores modernos da linha Intel Core Ultra (que sucedem os antigos Core i5\/i7) ou AMD Ryzen 5, que oferecem um excelente equil\u00edbrio para a maioria das tarefas. Para cursos que exigem mais, como os de exatas e design, um Core Ultra 7 ou Ryzen 7 \u00e9 o mais indicado.<\/p>\n\n\n\n<p>A mem\u00f3ria RAM \u00e9 igualmente crucial. Para um fluxo de trabalho fluido, com v\u00e1rias abas de navegador, documentos e aplicativos abertos simultaneamente, 16 GB de RAM deve ser o ponto de partida. Menos que isso pode resultar em lentid\u00e3o e travamentos, comprometendo o rendimento nos estudos.<\/p>\n\n\n\n<h2 class=\"wp-block-heading\">Bateria e portabilidade para o dia a dia<\/h2>\n\n\n\n<p>A vida universit\u00e1ria \u00e9 m\u00f3vel. Por isso, a autonomia da bateria \u00e9 um fator decisivo. Procure por modelos que prometam ao menos oito horas de uso cont\u00ednuo, o suficiente para aguentar um dia de aulas e estudos fora da tomada. O peso e o tamanho tamb\u00e9m importam: notebooks com at\u00e9 1,8 kg e telas de 13 a 16 polegadas s\u00e3o mais f\u00e1ceis de transportar na mochila.<\/p>\n\n\n\n<p>Antes de finalizar a compra, verifique outros pontos importantes que fazem a diferen\u00e7a na experi\u00eancia de uso di\u00e1ria:<\/p>\n\n\n\n<ul class=\"wp-block-list\">\n<li><strong>Armazenamento:<\/strong> opte sempre por um SSD (Solid State Drive) de, no m\u00ednimo, 512 GB. Ele torna a inicializa\u00e7\u00e3o do sistema e a abertura de programas muito mais r\u00e1pidas que um HD tradicional.<\/li>\n\n\n\n<li><strong>Tela:<\/strong> uma resolu\u00e7\u00e3o Full HD (1920&#215;1080 pixels) \u00e9 o padr\u00e3o m\u00ednimo para garantir boa qualidade de imagem para leitura e v\u00eddeos. Telas com tecnologia antirreflexo ajudam a reduzir o cansa\u00e7o visual.<\/li>\n\n\n\n<li><strong>Conectividade:<\/strong> verifique a quantidade e variedade de portas. Portas USB-C s\u00e3o vers\u00e1teis e permitem carregar o dispositivo e conectar monitores. A presen\u00e7a de Wi-Fi 6 ou superior garante uma conex\u00e3o de internet mais est\u00e1vel e veloz.<\/li>\n<\/ul>\n","protected":false},"excerpt":{"rendered":"<p>Saiba quais especifica\u00e7\u00f5es de bateria e mem\u00f3ria observar antes de investir em um notebook para o ano letivo e a rotina acad\u00eamica.<\/p>\n","protected":false},"author":8,"featured_media":37977,"comment_status":"open","ping_status":"open","sticky":false,"template":"","format":"standard","meta":{"jnews-multi-image_gallery":[],"jnews_single_post":{"format":"standard"},"jnews_primary_category":[],"jnews_social_meta":[],"jnews_override_counter":[],"footnotes":""},"categories":[244],"tags":[6418,12419,5392,224],"class_list":["post-37976","post","type-post","status-publish","format-standard","has-post-thumbnail","hentry","category-tecnologia-2","tag-como-escolher","tag-estudos-universitarios","tag-notebook","tag-tecnologia"],"yoast_head":"<!-- This site is optimized with the Yoast SEO plugin v25.1 - https:\/\/yoast.com\/wordpress\/plugins\/seo\/ -->\n<title>Como escolher um notebook ideal para os estudos universit\u00e1rios em 2026 - Correio Braziliense - Aqui<\/title>\n<meta name=\"description\" content=\"Saiba quais especifica\u00e7\u00f5es de bateria e mem\u00f3ria observar antes de investir em um notebook para o ano letivo e a rotina acad\u00eamica.\" \/>\n<meta name=\"robots\" content=\"index, follow, max-snippet:-1, max-image-preview:large, max-video-preview:-1\" \/>\n<link rel=\"canonical\" href=\"https:\/\/www.correiobraziliense.com.br\/aqui\/2026\/09\/06\/como-escolher-um-notebook-ideal-para-os-estudos-universitarios-em-2026\/\" \/>\n<meta property=\"og:locale\" content=\"pt_BR\" \/>\n<meta property=\"og:type\" content=\"article\" \/>\n<meta property=\"og:title\" content=\"Como escolher um notebook ideal para os estudos universit\u00e1rios em 2026 - Correio Braziliense - Aqui\" \/>\n<meta property=\"og:description\" content=\"Saiba quais especifica\u00e7\u00f5es de bateria e mem\u00f3ria observar antes de investir em um notebook para o ano letivo e a rotina acad\u00eamica.\" \/>\n<meta property=\"og:url\" content=\"https:\/\/www.correiobraziliense.com.br\/aqui\/2026\/09\/06\/como-escolher-um-notebook-ideal-para-os-estudos-universitarios-em-2026\/\" \/>\n<meta property=\"og:site_name\" content=\"Correio Braziliense - Aqui\" \/>\n<meta property=\"article:published_time\" content=\"2026-09-06T21:00:00+00:00\" \/>\n<meta property=\"og:image\" content=\"https:\/\/www.correiobraziliense.com.br\/aqui\/wp-content\/uploads\/2026\/08\/notebook_1787791053544.jpg\" \/>\n\t<meta property=\"og:image:width\" content=\"1280\" \/>\n\t<meta property=\"og:image:height\" content=\"720\" \/>\n\t<meta property=\"og:image:type\" content=\"image\/jpeg\" \/>\n<meta name=\"author\" content=\"Lara\" \/>\n<meta name=\"twitter:card\" content=\"summary_large_image\" \/>\n<meta name=\"twitter:label1\" content=\"Escrito por\" \/>\n\t<meta name=\"twitter:data1\" content=\"Lara\" \/>\n\t<meta name=\"twitter:label2\" content=\"Est. tempo de leitura\" \/>\n\t<meta name=\"twitter:data2\" content=\"3 minutos\" \/>\n<!-- \/ Yoast SEO plugin. -->","yoast_head_json":{"title":"Como escolher um notebook ideal para os estudos universit\u00e1rios em 2026 - Correio Braziliense - Aqui","description":"Saiba quais especifica\u00e7\u00f5es de bateria e mem\u00f3ria observar antes de investir em um notebook para o ano letivo e a rotina acad\u00eamica.","robots":{"index":"index","follow":"follow","max-snippet":"max-snippet:-1","max-image-preview":"max-image-preview:large","max-video-preview":"max-video-preview:-1"},"canonical":"https:\/\/www.correiobraziliense.com.br\/aqui\/2026\/09\/06\/como-escolher-um-notebook-ideal-para-os-estudos-universitarios-em-2026\/","og_locale":"pt_BR","og_type":"article","og_title":"Como escolher um notebook ideal para os estudos universit\u00e1rios em 2026 - Correio Braziliense - Aqui","og_description":"Saiba quais especifica\u00e7\u00f5es de bateria e mem\u00f3ria observar antes de investir em um notebook para o ano letivo e a rotina acad\u00eamica.","og_url":"https:\/\/www.correiobraziliense.com.br\/aqui\/2026\/09\/06\/como-escolher-um-notebook-ideal-para-os-estudos-universitarios-em-2026\/","og_site_name":"Correio Braziliense - Aqui","article_published_time":"2026-09-06T21:00:00+00:00","og_image":[{"width":1280,"height":720,"url":"https:\/\/www.correiobraziliense.com.br\/aqui\/wp-content\/uploads\/2026\/08\/notebook_1787791053544.jpg","type":"image\/jpeg"}],"author":"Lara","twitter_card":"summary_large_image","twitter_misc":{"Escrito por":"Lara","Est. tempo de leitura":"3 minutos"},"schema":{"@context":"https:\/\/schema.org","@graph":[{"@type":"WebPage","@id":"https:\/\/www.correiobraziliense.com.br\/aqui\/2026\/09\/06\/como-escolher-um-notebook-ideal-para-os-estudos-universitarios-em-2026\/","url":"https:\/\/www.correiobraziliense.com.br\/aqui\/2026\/09\/06\/como-escolher-um-notebook-ideal-para-os-estudos-universitarios-em-2026\/","name":"Como escolher um notebook ideal para os estudos universit\u00e1rios em 2026 - Correio Braziliense - Aqui","isPartOf":{"@id":"https:\/\/www.correiobraziliense.com.br\/aqui\/#website"},"primaryImageOfPage":{"@id":"https:\/\/www.correiobraziliense.com.br\/aqui\/2026\/09\/06\/como-escolher-um-notebook-ideal-para-os-estudos-universitarios-em-2026\/#primaryimage"},"image":{"@id":"https:\/\/www.correiobraziliense.com.br\/aqui\/2026\/09\/06\/como-escolher-um-notebook-ideal-para-os-estudos-universitarios-em-2026\/#primaryimage"},"thumbnailUrl":"https:\/\/www.correiobraziliense.com.br\/aqui\/wp-content\/uploads\/2026\/08\/notebook_1787791053544.jpg","datePublished":"2026-09-06T21:00:00+00:00","author":{"@id":"https:\/\/www.correiobraziliense.com.br\/aqui\/#\/schema\/person\/5d6e4d99fecc86ab1a7ed1a0369afb65"},"description":"Saiba quais especifica\u00e7\u00f5es de bateria e mem\u00f3ria observar antes de investir em um notebook para o ano letivo e a rotina acad\u00eamica.","breadcrumb":{"@id":"https:\/\/www.correiobraziliense.com.br\/aqui\/2026\/09\/06\/como-escolher-um-notebook-ideal-para-os-estudos-universitarios-em-2026\/#breadcrumb"},"inLanguage":"pt-BR","potentialAction":[{"@type":"ReadAction","target":["https:\/\/www.correiobraziliense.com.br\/aqui\/2026\/09\/06\/como-escolher-um-notebook-ideal-para-os-estudos-universitarios-em-2026\/"]}]},{"@type":"ImageObject","inLanguage":"pt-BR","@id":"https:\/\/www.correiobraziliense.com.br\/aqui\/2026\/09\/06\/como-escolher-um-notebook-ideal-para-os-estudos-universitarios-em-2026\/#primaryimage","url":"https:\/\/www.correiobraziliense.com.br\/aqui\/wp-content\/uploads\/2026\/08\/notebook_1787791053544.jpg","contentUrl":"https:\/\/www.correiobraziliense.com.br\/aqui\/wp-content\/uploads\/2026\/08\/notebook_1787791053544.jpg","width":1280,"height":720,"caption":"Cr\u00e9ditos: depositphotos.com \/ HayDmitriy"},{"@type":"BreadcrumbList","@id":"https:\/\/www.correiobraziliense.com.br\/aqui\/2026\/09\/06\/como-escolher-um-notebook-ideal-para-os-estudos-universitarios-em-2026\/#breadcrumb","itemListElement":[{"@type":"ListItem","position":1,"name":"In\u00edcio","item":"https:\/\/www.correiobraziliense.com.br\/aqui\/"},{"@type":"ListItem","position":2,"name":"Como escolher um notebook ideal para os estudos universit\u00e1rios em 2026"}]},{"@type":"WebSite","@id":"https:\/\/www.correiobraziliense.com.br\/aqui\/#website","url":"https:\/\/www.correiobraziliense.com.br\/aqui\/","name":"Correio Braziliense - Aqui","description":"O Correio Braziliense (CB) \u00e9 o mais importante canal de not\u00edcias de Bras\u00edlia. Aqui voc\u00ea encontra as \u00faltimas not\u00edcias do DF, do Brasil e do mundo.","potentialAction":[{"@type":"SearchAction","target":{"@type":"EntryPoint","urlTemplate":"https:\/\/www.correiobraziliense.com.br\/aqui\/?s={search_term_string}"},"query-input":{"@type":"PropertyValueSpecification","valueRequired":true,"valueName":"search_term_string"}}],"inLanguage":"pt-BR"},{"@type":"Person","@id":"https:\/\/www.correiobraziliense.com.br\/aqui\/#\/schema\/person\/5d6e4d99fecc86ab1a7ed1a0369afb65","name":"Lara","image":{"@type":"ImageObject","inLanguage":"pt-BR","@id":"https:\/\/www.correiobraziliense.com.br\/aqui\/#\/schema\/person\/image\/","url":"https:\/\/secure.gravatar.com\/avatar\/57056c5c343a6d8a6669688d3d2c04916d9d280b352b6e50e66a8d39b2517e00?s=96&d=mm&r=g","contentUrl":"https:\/\/secure.gravatar.com\/avatar\/57056c5c343a6d8a6669688d3d2c04916d9d280b352b6e50e66a8d39b2517e00?s=96&d=mm&r=g","caption":"Lara"},"url":"https:\/\/www.correiobraziliense.com.br\/aqui\/author\/laraaqui\/"}]}},"_links":{"self":[{"href":"https:\/\/www.correiobraziliense.com.br\/aqui\/wp-json\/wp\/v2\/posts\/37976","targetHints":{"allow":["GET"]}}],"collection":[{"href":"https:\/\/www.correiobraziliense.com.br\/aqui\/wp-json\/wp\/v2\/posts"}],"about":[{"href":"https:\/\/www.correiobraziliense.com.br\/aqui\/wp-json\/wp\/v2\/types\/post"}],"author":[{"embeddable":true,"href":"https:\/\/www.correiobraziliense.com.br\/aqui\/wp-json\/wp\/v2\/users\/8"}],"replies":[{"embeddable":true,"href":"https:\/\/www.correiobraziliense.com.br\/aqui\/wp-json\/wp\/v2\/comments?post=37976"}],"version-history":[{"count":3,"href":"https:\/\/www.correiobraziliense.com.br\/aqui\/wp-json\/wp\/v2\/posts\/37976\/revisions"}],"predecessor-version":[{"id":37980,"href":"https:\/\/www.correiobraziliense.com.br\/aqui\/wp-json\/wp\/v2\/posts\/37976\/revisions\/37980"}],"wp:featuredmedia":[{"embeddable":true,"href":"https:\/\/www.correiobraziliense.com.br\/aqui\/wp-json\/wp\/v2\/media\/37977"}],"wp:attachment":[{"href":"https:\/\/www.correiobraziliense.com.br\/aqui\/wp-json\/wp\/v2\/media?parent=37976"}],"wp:term":[{"taxonomy":"category","embeddable":true,"href":"https:\/\/www.correiobraziliense.com.br\/aqui\/wp-json\/wp\/v2\/categories?post=37976"},{"taxonomy":"post_tag","embeddable":true,"href":"https:\/\/www.correiobraziliense.com.br\/aqui\/wp-json\/wp\/v2\/tags?post=37976"}],"curies":[{"name":"wp","href":"https:\/\/api.w.org\/{rel}","templated":true}]}}