{"id":37982,"date":"2026-08-27T15:30:00","date_gmt":"2026-08-27T18:30:00","guid":{"rendered":"https:\/\/www.correiobraziliense.com.br\/aqui\/?p=37982"},"modified":"2026-08-27T14:27:43","modified_gmt":"2026-08-27T17:27:43","slug":"onde-buscar-atendimento-psicologico-gratuito-no-df","status":"publish","type":"post","link":"https:\/\/www.correiobraziliense.com.br\/aqui\/2026\/08\/27\/onde-buscar-atendimento-psicologico-gratuito-no-df\/","title":{"rendered":"Onde buscar atendimento psicol\u00f3gico gratuito no DF"},"content":{"rendered":"\n<p>A campanha Setembro Amarelo de 2026 refor\u00e7a a import\u00e2ncia da sa\u00fade mental em todo o pa\u00eds, e no Distrito Federal n\u00e3o \u00e9 diferente. Com o lema \u201cEscutar \u00e9 estar presente\u201d, a iniciativa destaca que o cuidado deve ser constante. Para quem busca apoio psicol\u00f3gico, a capital oferece diversas op\u00e7\u00f5es de atendimento gratuito, sigiloso e acess\u00edvel durante o ano inteiro.<\/p>\n\n\n\n<p>Esses servi\u00e7os s\u00e3o uma porta de entrada para o <a href=\"https:\/\/www.correiobraziliense.com.br\/cidades-df\/2025\/07\/7198521-atendimento-em-saude-mental-na-rede-publica-esta-longe-do-ideal.html\" target=\"_blank\" rel=\"noreferrer noopener\">cuidado com a sa\u00fade emocional<\/a>, sem a necessidade de encaminhamento m\u00e9dico ou agendamento pr\u00e9vio na maioria dos casos. O objetivo \u00e9 oferecer um espa\u00e7o seguro de escuta e acolhimento psicol\u00f3gico para qualquer pessoa que sinta necessidade de conversar e receber orienta\u00e7\u00e3o profissional.<\/p>\n\n\n\n<p>Conhecer os locais e as formas de acesso \u00e9 o primeiro passo para <a target=\"_blank\" rel=\"noreferrer noopener\" href=\"https:\/\/www.correiobraziliense.com.br\/opiniao\/2026\/01\/7335525-individualizacao-do-sofrimento.html\">cuidar de si ou ajudar algu\u00e9m pr\u00f3ximo<\/a>. A rede de apoio \u00e9 ampla e preparada para atender diferentes demandas, desde crises emergenciais at\u00e9 acompanhamentos cont\u00ednuos.<\/p>\n\n\n\n<h2 class=\"wp-block-heading\">Onde encontrar atendimento psicol\u00f3gicao gratuito no DF<\/h2>\n\n\n\n<p>Os servi\u00e7os est\u00e3o dispon\u00edveis tanto na rede p\u00fablica de sa\u00fade quanto em iniciativas da sociedade civil. Confira algumas das principais op\u00e7\u00f5es de acolhimento na capital federal:<\/p>\n\n\n\n<ul class=\"wp-block-list\">\n<li><strong>Centros de Aten\u00e7\u00e3o Psicossocial (CAPS):<\/strong> Vinculados \u00e0 Secretaria de Sa\u00fade do GDF, os CAPS s\u00e3o <a href=\"https:\/\/www.correiobraziliense.com.br\/cidades-df\/2026\/01\/7334716-atendimento-em-saude-mental-na-rede-publica-do-df-sera-ampliado.html\" target=\"_blank\" rel=\"noreferrer noopener\">unidades especializadas<\/a> que oferecem <a href=\"https:\/\/www.correiobraziliense.com.br\/cidades-df\/2025\/09\/7257380-problemas-na-saude-mental-resistem-a-sucessivos-governos.html\" target=\"_blank\" rel=\"noreferrer noopener\">atendimento multiprofissional para crises e transtornos mentais<\/a>. O acolhimento inicial n\u00e3o exige agendamento. Existem unidades em diversas regi\u00f5es, como o CAPS III da Asa Norte, o CAPS ad II de Taguatinga (\u00e1lcool e drogas) e o CAPS i de Sobradinho (infantojuvenil). Consulte o site da Secretaria de Sa\u00fade do DF para encontrar a unidade mais pr\u00f3xima.<\/li>\n\n\n\n<li><strong>Centro de Valoriza\u00e7\u00e3o da Vida (CVV):<\/strong> Oferece apoio emocional gratuito, an\u00f4nimo e sigiloso 24 hours por dia. O contato pode ser feito pelo telefone 188, por e-mail ou pelo chat no site oficial da institui\u00e7\u00e3o. O servi\u00e7o \u00e9 realizado por volunt\u00e1rios treinados.<\/li>\n\n\n\n<li><strong>Cl\u00ednicas-escola de universidades:<\/strong> Institui\u00e7\u00f5es como a Universidade de Bras\u00edlia (UnB), o UniCEUB e o IESB oferecem atendimento psicol\u00f3gico \u00e0 comunidade a pre\u00e7os sociais ou gratuitos. Os servi\u00e7os s\u00e3o realizados por estudantes dos \u00faltimos semestres, com supervis\u00e3o de professores. \u00c9 necess\u00e1rio entrar em contato com cada universidade para verificar a disponibilidade de vagas.<\/li>\n<\/ul>\n\n\n\n<h2 class=\"wp-block-heading\">Ajuda Imediata e Emerg\u00eancias<\/h2>\n\n\n\n<p>Em situa\u00e7\u00f5es de crise aguda ou emerg\u00eancia, os seguintes canais podem ser acionados:<\/p>\n\n\n\n<ul class=\"wp-block-list\">\n<li><strong>CVV:<\/strong> Disque 188 para uma conversa de apoio imediato e an\u00f4nima, dispon\u00edvel 24 horas.<\/li>\n\n\n\n<li><strong>SAMU:<\/strong> Disque 192 para emerg\u00eancias de sa\u00fade que necessitem de atendimento m\u00e9dico.<\/li>\n\n\n\n<li><strong>Pol\u00edcia Militar:<\/strong> Disque 190 em casos de risco imediato \u00e0 vida.<\/li>\n<\/ul>\n","protected":false},"excerpt":{"rendered":"<p>Centros de Aten\u00e7\u00e3o Psicossocial do GDF e iniciativas comunit\u00e1rias da capital oferecem acolhimento gratuito e sigiloso durante todo o ano<\/p>\n","protected":false},"author":10,"featured_media":37985,"comment_status":"open","ping_status":"open","sticky":false,"template":"","format":"standard","meta":{"jnews-multi-image_gallery":[],"jnews_single_post":{"format":"standard"},"jnews_primary_category":[],"jnews_social_meta":[],"jnews_override_counter":[],"footnotes":""},"categories":[4973],"tags":[10840,7842,12341],"class_list":["post-37982","post","type-post","status-publish","format-standard","has-post-thumbnail","hentry","category-cidades","tag-atendimento","tag-df","tag-setembro-amarelo"],"yoast_head":"<!-- This site is optimized with the Yoast SEO plugin v25.1 - https:\/\/yoast.com\/wordpress\/plugins\/seo\/ -->\n<title>Onde buscar atendimento psicol\u00f3gico gratuito no DF - Correio Braziliense - Aqui<\/title>\n<meta name=\"description\" content=\"Centros de Aten\u00e7\u00e3o Psicossocial do GDF e iniciativas comunit\u00e1rias da capital oferecem atendimento psicol\u00f3gico gratuito\" \/>\n<meta name=\"robots\" content=\"index, follow, max-snippet:-1, max-image-preview:large, max-video-preview:-1\" \/>\n<link rel=\"canonical\" href=\"https:\/\/www.correiobraziliense.com.br\/aqui\/2026\/08\/27\/onde-buscar-atendimento-psicologico-gratuito-no-df\/\" \/>\n<meta property=\"og:locale\" content=\"pt_BR\" \/>\n<meta property=\"og:type\" content=\"article\" \/>\n<meta property=\"og:title\" content=\"Onde buscar atendimento psicol\u00f3gico gratuito no DF - Correio Braziliense - Aqui\" \/>\n<meta property=\"og:description\" content=\"Centros de Aten\u00e7\u00e3o Psicossocial do GDF e iniciativas comunit\u00e1rias da capital oferecem atendimento psicol\u00f3gico gratuito\" \/>\n<meta property=\"og:url\" content=\"https:\/\/www.correiobraziliense.com.br\/aqui\/2026\/08\/27\/onde-buscar-atendimento-psicologico-gratuito-no-df\/\" \/>\n<meta property=\"og:site_name\" content=\"Correio Braziliense - Aqui\" \/>\n<meta property=\"article:published_time\" content=\"2026-08-27T18:30:00+00:00\" \/>\n<meta property=\"og:image\" content=\"https:\/\/www.correiobraziliense.com.br\/aqui\/wp-content\/uploads\/2026\/08\/atendimento-psicologico_1787851482400.jpg\" \/>\n\t<meta property=\"og:image:width\" content=\"1280\" \/>\n\t<meta property=\"og:image:height\" content=\"720\" \/>\n\t<meta property=\"og:image:type\" content=\"image\/jpeg\" \/>\n<meta name=\"author\" content=\"Larissa\" \/>\n<meta name=\"twitter:card\" content=\"summary_large_image\" \/>\n<meta name=\"twitter:label1\" content=\"Escrito por\" \/>\n\t<meta name=\"twitter:data1\" content=\"Larissa\" \/>\n\t<meta name=\"twitter:label2\" content=\"Est. tempo de leitura\" \/>\n\t<meta name=\"twitter:data2\" content=\"3 minutos\" \/>\n<!-- \/ Yoast SEO plugin. -->","yoast_head_json":{"title":"Onde buscar atendimento psicol\u00f3gico gratuito no DF - Correio Braziliense - Aqui","description":"Centros de Aten\u00e7\u00e3o Psicossocial do GDF e iniciativas comunit\u00e1rias da capital oferecem atendimento psicol\u00f3gico gratuito","robots":{"index":"index","follow":"follow","max-snippet":"max-snippet:-1","max-image-preview":"max-image-preview:large","max-video-preview":"max-video-preview:-1"},"canonical":"https:\/\/www.correiobraziliense.com.br\/aqui\/2026\/08\/27\/onde-buscar-atendimento-psicologico-gratuito-no-df\/","og_locale":"pt_BR","og_type":"article","og_title":"Onde buscar atendimento psicol\u00f3gico gratuito no DF - Correio Braziliense - Aqui","og_description":"Centros de Aten\u00e7\u00e3o Psicossocial do GDF e iniciativas comunit\u00e1rias da capital oferecem atendimento psicol\u00f3gico gratuito","og_url":"https:\/\/www.correiobraziliense.com.br\/aqui\/2026\/08\/27\/onde-buscar-atendimento-psicologico-gratuito-no-df\/","og_site_name":"Correio Braziliense - Aqui","article_published_time":"2026-08-27T18:30:00+00:00","og_image":[{"width":1280,"height":720,"url":"https:\/\/www.correiobraziliense.com.br\/aqui\/wp-content\/uploads\/2026\/08\/atendimento-psicologico_1787851482400.jpg","type":"image\/jpeg"}],"author":"Larissa","twitter_card":"summary_large_image","twitter_misc":{"Escrito por":"Larissa","Est. tempo de leitura":"3 minutos"},"schema":{"@context":"https:\/\/schema.org","@graph":[{"@type":"WebPage","@id":"https:\/\/www.correiobraziliense.com.br\/aqui\/2026\/08\/27\/onde-buscar-atendimento-psicologico-gratuito-no-df\/","url":"https:\/\/www.correiobraziliense.com.br\/aqui\/2026\/08\/27\/onde-buscar-atendimento-psicologico-gratuito-no-df\/","name":"Onde buscar atendimento psicol\u00f3gico gratuito no DF - Correio Braziliense - Aqui","isPartOf":{"@id":"https:\/\/www.correiobraziliense.com.br\/aqui\/#website"},"primaryImageOfPage":{"@id":"https:\/\/www.correiobraziliense.com.br\/aqui\/2026\/08\/27\/onde-buscar-atendimento-psicologico-gratuito-no-df\/#primaryimage"},"image":{"@id":"https:\/\/www.correiobraziliense.com.br\/aqui\/2026\/08\/27\/onde-buscar-atendimento-psicologico-gratuito-no-df\/#primaryimage"},"thumbnailUrl":"https:\/\/www.correiobraziliense.com.br\/aqui\/wp-content\/uploads\/2026\/08\/atendimento-psicologico_1787851482400.jpg","datePublished":"2026-08-27T18:30:00+00:00","author":{"@id":"https:\/\/www.correiobraziliense.com.br\/aqui\/#\/schema\/person\/775f50a8c1ac31704d56816e99b29041"},"description":"Centros de Aten\u00e7\u00e3o Psicossocial do GDF e iniciativas comunit\u00e1rias da capital oferecem atendimento psicol\u00f3gico gratuito","breadcrumb":{"@id":"https:\/\/www.correiobraziliense.com.br\/aqui\/2026\/08\/27\/onde-buscar-atendimento-psicologico-gratuito-no-df\/#breadcrumb"},"inLanguage":"pt-BR","potentialAction":[{"@type":"ReadAction","target":["https:\/\/www.correiobraziliense.com.br\/aqui\/2026\/08\/27\/onde-buscar-atendimento-psicologico-gratuito-no-df\/"]}]},{"@type":"ImageObject","inLanguage":"pt-BR","@id":"https:\/\/www.correiobraziliense.com.br\/aqui\/2026\/08\/27\/onde-buscar-atendimento-psicologico-gratuito-no-df\/#primaryimage","url":"https:\/\/www.correiobraziliense.com.br\/aqui\/wp-content\/uploads\/2026\/08\/atendimento-psicologico_1787851482400.jpg","contentUrl":"https:\/\/www.correiobraziliense.com.br\/aqui\/wp-content\/uploads\/2026\/08\/atendimento-psicologico_1787851482400.jpg","width":1280,"height":720,"caption":"Cr\u00e9ditos: depositphotos.com \/ HayDmitriy"},{"@type":"BreadcrumbList","@id":"https:\/\/www.correiobraziliense.com.br\/aqui\/2026\/08\/27\/onde-buscar-atendimento-psicologico-gratuito-no-df\/#breadcrumb","itemListElement":[{"@type":"ListItem","position":1,"name":"In\u00edcio","item":"https:\/\/www.correiobraziliense.com.br\/aqui\/"},{"@type":"ListItem","position":2,"name":"Onde buscar atendimento psicol\u00f3gico gratuito no DF"}]},{"@type":"WebSite","@id":"https:\/\/www.correiobraziliense.com.br\/aqui\/#website","url":"https:\/\/www.correiobraziliense.com.br\/aqui\/","name":"Correio Braziliense - Aqui","description":"O Correio Braziliense (CB) \u00e9 o mais importante canal de not\u00edcias de Bras\u00edlia. Aqui voc\u00ea encontra as \u00faltimas not\u00edcias do DF, do Brasil e do mundo.","potentialAction":[{"@type":"SearchAction","target":{"@type":"EntryPoint","urlTemplate":"https:\/\/www.correiobraziliense.com.br\/aqui\/?s={search_term_string}"},"query-input":{"@type":"PropertyValueSpecification","valueRequired":true,"valueName":"search_term_string"}}],"inLanguage":"pt-BR"},{"@type":"Person","@id":"https:\/\/www.correiobraziliense.com.br\/aqui\/#\/schema\/person\/775f50a8c1ac31704d56816e99b29041","name":"Larissa","image":{"@type":"ImageObject","inLanguage":"pt-BR","@id":"https:\/\/www.correiobraziliense.com.br\/aqui\/#\/schema\/person\/image\/","url":"https:\/\/secure.gravatar.com\/avatar\/62f5b2e99de671d075ab98e19f03c3c38c80a93f5d06f51075cf4431a4e76458?s=96&d=mm&r=g","contentUrl":"https:\/\/secure.gravatar.com\/avatar\/62f5b2e99de671d075ab98e19f03c3c38c80a93f5d06f51075cf4431a4e76458?s=96&d=mm&r=g","caption":"Larissa"},"url":"https:\/\/www.correiobraziliense.com.br\/aqui\/author\/larissaaqui\/"}]}},"_links":{"self":[{"href":"https:\/\/www.correiobraziliense.com.br\/aqui\/wp-json\/wp\/v2\/posts\/37982","targetHints":{"allow":["GET"]}}],"collection":[{"href":"https:\/\/www.correiobraziliense.com.br\/aqui\/wp-json\/wp\/v2\/posts"}],"about":[{"href":"https:\/\/www.correiobraziliense.com.br\/aqui\/wp-json\/wp\/v2\/types\/post"}],"author":[{"embeddable":true,"href":"https:\/\/www.correiobraziliense.com.br\/aqui\/wp-json\/wp\/v2\/users\/10"}],"replies":[{"embeddable":true,"href":"https:\/\/www.correiobraziliense.com.br\/aqui\/wp-json\/wp\/v2\/comments?post=37982"}],"version-history":[{"count":4,"href":"https:\/\/www.correiobraziliense.com.br\/aqui\/wp-json\/wp\/v2\/posts\/37982\/revisions"}],"predecessor-version":[{"id":37987,"href":"https:\/\/www.correiobraziliense.com.br\/aqui\/wp-json\/wp\/v2\/posts\/37982\/revisions\/37987"}],"wp:featuredmedia":[{"embeddable":true,"href":"https:\/\/www.correiobraziliense.com.br\/aqui\/wp-json\/wp\/v2\/media\/37985"}],"wp:attachment":[{"href":"https:\/\/www.correiobraziliense.com.br\/aqui\/wp-json\/wp\/v2\/media?parent=37982"}],"wp:term":[{"taxonomy":"category","embeddable":true,"href":"https:\/\/www.correiobraziliense.com.br\/aqui\/wp-json\/wp\/v2\/categories?post=37982"},{"taxonomy":"post_tag","embeddable":true,"href":"https:\/\/www.correiobraziliense.com.br\/aqui\/wp-json\/wp\/v2\/tags?post=37982"}],"curies":[{"name":"wp","href":"https:\/\/api.w.org\/{rel}","templated":true}]}}