{"id":37993,"date":"2026-08-27T16:41:00","date_gmt":"2026-08-27T19:41:00","guid":{"rendered":"https:\/\/www.correiobraziliense.com.br\/aqui\/?p=37993"},"modified":"2026-08-27T14:41:38","modified_gmt":"2026-08-27T17:41:38","slug":"roteiro-para-curtir-a-expointer-e-atracoes-turisticas-no-sul-do-pais","status":"publish","type":"post","link":"https:\/\/www.correiobraziliense.com.br\/aqui\/2026\/08\/27\/roteiro-para-curtir-a-expointer-e-atracoes-turisticas-no-sul-do-pais\/","title":{"rendered":"Roteiro para curtir a Expointer e atra\u00e7\u00f5es tur\u00edsticas no Sul do pa\u00eds"},"content":{"rendered":"\n<p>A 49\u00aa edi\u00e7\u00e3o da Expointer j\u00e1 movimenta o Rio Grande do Sul. Com a venda de ingressos online liberada (R$ 22 para pedestres) e a chegada dos primeiros animais, o Parque Estadual de Exposi\u00e7\u00f5es Assis Brasil, em Esteio, se prepara para receber milhares de visitantes, das 8h \u00e0s 20h, para um dos maiores eventos de agroneg\u00f3cio da Am\u00e9rica Latina. Se voc\u00ea planeja visitar a feira, um bom planejamento de viagem \u00e9 essencial para aproveitar ao m\u00e1ximo a experi\u00eancia.<\/p>\n\n\n\n<p>Organizar o transporte e a estadia com anteced\u00eancia facilita a rotina e permite que o foco seja totalmente nas atra\u00e7\u00f5es do evento. A regi\u00e3o metropolitana de Porto Alegre oferece diversas op\u00e7\u00f5es para todos os perfis de p\u00fablico, desde os que buscam praticidade at\u00e9 aqueles que querem explorar o <a target=\"_blank\" rel=\"noreferrer noopener\" href=\"https:\/\/www.correiobraziliense.com.br\/turismo\/2025\/08\/7228983-salao-nacional-do-turismo-2025-movimenta-sao-paulo-sp.html\">turismo local<\/a>.<\/p>\n\n\n\n<h2 class=\"wp-block-heading\">Parque Assis Brasil<\/h2>\n\n\n\n<p>O acesso ao parque em Esteio \u00e9 simples. Para quem vai de carro, a principal via \u00e9 a BR-116. \u00c9 importante se programar para o <a target=\"_blank\" rel=\"noreferrer noopener\" href=\"https:\/\/www.correiobraziliense.com.br\/cidades-df\/2025\/08\/7237912-detran-df-altera-transito-para-eventos-neste-fim-de-semana.html\">tr\u00e2nsito intenso<\/a>, especialmente nos hor\u00e1rios de pico e nos fins de semana. O evento conta com estacionamento pago, mas as vagas s\u00e3o limitadas.<\/p>\n\n\n\n<p>Uma alternativa eficiente \u00e9 o transporte p\u00fablico. O Trensurb (trem metropolitano) conecta Porto Alegre a cidades vizinhas e possui a esta\u00e7\u00e3o Esteio, pr\u00f3xima ao parque. A viagem a partir do centro da capital dura cerca de 30 minutos, sendo uma op\u00e7\u00e3o r\u00e1pida e econ\u00f4mica.<\/p>\n\n\n\n<p>Transporte por aplicativo tamb\u00e9m \u00e9 uma possibilidade vi\u00e1vel, principalmente para quem est\u00e1 em grupos ou hospedado em locais mais distantes das esta\u00e7\u00f5es de trem.<\/p>\n\n\n\n<h2 class=\"wp-block-heading\">Op\u00e7\u00f5es de hospedagem na regi\u00e3o<\/h2>\n\n\n\n<p>Ficar em Esteio ou na vizinha Canoas \u00e9 ideal para quem prioriza a proximidade com a Expointer. A rede hoteleira nessas cidades \u00e9 menor, por isso a reserva antecipada \u00e9 fundamental. A grande vantagem \u00e9 a agilidade para chegar e sair do evento todos os dias.<\/p>\n\n\n\n<p>Porto Alegre oferece a maior variedade de hot\u00e9is, com op\u00e7\u00f5es para todos os bolsos. Hospedar-se na capital permite f\u00e1cil acesso n\u00e3o apenas \u00e0 <a target=\"_blank\" rel=\"noreferrer noopener\" href=\"https:\/\/www.correiobraziliense.com.br\/cidades-df\/2026\/08\/7475992-expoabra-chega-a-34-edicao-com-foco-em-pecuaria-tecnologia-e-genetica.html\">feira<\/a>, via Trensurb, mas tamb\u00e9m a uma vasta gama de restaurantes, shoppings e vida noturna.<\/p>\n\n\n\n<p>Cidades do Vale do Sinos, como S\u00e3o Leopoldo e Novo Hamburgo, tamb\u00e9m surgem como alternativas. Ambas est\u00e3o na rota do trem e podem apresentar um custo-benef\u00edcio interessante em hospedagem, al\u00e9m de um ritmo mais tranquilo.<\/p>\n\n\n\n<h2 class=\"wp-block-heading\">Passeios al\u00e9m da Expointer<\/h2>\n\n\n\n<p>Aproveite a viagem para conhecer as belezas do Sul. Em Porto Alegre, um passeio pela Orla do Gua\u00edba para apreciar o p\u00f4r do sol \u00e9 imperd\u00edvel. O Mercado P\u00fablico e o Centro Hist\u00f3rico tamb\u00e9m rendem um \u00f3timo roteiro cultural e gastron\u00f4mico.<\/p>\n\n\n\n<p>Para quem tem mais tempo, uma visita \u00e0 Serra Ga\u00facha \u00e9 uma excelente pedida. Gramado e Canela, a cerca de duas horas de carro da capital (aproximadamente 120 km), encantam com sua arquitetura europeia, chocolaterias e parques tem\u00e1ticos.<\/p>\n\n\n\n<p><\/p>\n","protected":false},"excerpt":{"rendered":"<p>Confira dicas de hospedagem, rotas de transporte at\u00e9 o Parque Assis Brasil e passeios imperd\u00edveis na Regi\u00e3o Metropolitana de Porto Alegre<\/p>\n","protected":false},"author":10,"featured_media":37996,"comment_status":"open","ping_status":"open","sticky":false,"template":"","format":"standard","meta":{"jnews-multi-image_gallery":[],"jnews_single_post":{"format":"standard"},"jnews_primary_category":[],"jnews_social_meta":[],"jnews_override_counter":[],"footnotes":""},"categories":[4973],"tags":[157,12420,146],"class_list":["post-37993","post","type-post","status-publish","format-standard","has-post-thumbnail","hentry","category-cidades","tag-brasil","tag-expointer","tag-turismo"],"yoast_head":"<!-- This site is optimized with the Yoast SEO plugin v25.1 - https:\/\/yoast.com\/wordpress\/plugins\/seo\/ -->\n<title>Roteiro para curtir a Expointer e atra\u00e7\u00f5es tur\u00edsticas no Sul do pa\u00eds - Correio Braziliense - Aqui<\/title>\n<meta name=\"description\" content=\"Expointer: confira dicas de hospedagem, rotas de transporte at\u00e9 o Parque Assis Brasil e passeios imperd\u00edveis em Porto Alegre\" \/>\n<meta name=\"robots\" content=\"index, follow, max-snippet:-1, max-image-preview:large, max-video-preview:-1\" \/>\n<link rel=\"canonical\" href=\"https:\/\/www.correiobraziliense.com.br\/aqui\/2026\/08\/27\/roteiro-para-curtir-a-expointer-e-atracoes-turisticas-no-sul-do-pais\/\" \/>\n<meta property=\"og:locale\" content=\"pt_BR\" \/>\n<meta property=\"og:type\" content=\"article\" \/>\n<meta property=\"og:title\" content=\"Roteiro para curtir a Expointer e atra\u00e7\u00f5es tur\u00edsticas no Sul do pa\u00eds - Correio Braziliense - Aqui\" \/>\n<meta property=\"og:description\" content=\"Expointer: confira dicas de hospedagem, rotas de transporte at\u00e9 o Parque Assis Brasil e passeios imperd\u00edveis em Porto Alegre\" \/>\n<meta property=\"og:url\" content=\"https:\/\/www.correiobraziliense.com.br\/aqui\/2026\/08\/27\/roteiro-para-curtir-a-expointer-e-atracoes-turisticas-no-sul-do-pais\/\" \/>\n<meta property=\"og:site_name\" content=\"Correio Braziliense - Aqui\" \/>\n<meta property=\"article:published_time\" content=\"2026-08-27T19:41:00+00:00\" \/>\n<meta property=\"og:image\" content=\"https:\/\/www.correiobraziliense.com.br\/aqui\/wp-content\/uploads\/2026\/08\/agronegocio-Brasil_1787852391337.jpg\" \/>\n\t<meta property=\"og:image:width\" content=\"1280\" \/>\n\t<meta property=\"og:image:height\" content=\"720\" \/>\n\t<meta property=\"og:image:type\" content=\"image\/jpeg\" \/>\n<meta name=\"author\" content=\"Larissa\" \/>\n<meta name=\"twitter:card\" content=\"summary_large_image\" \/>\n<meta name=\"twitter:label1\" content=\"Escrito por\" \/>\n\t<meta name=\"twitter:data1\" content=\"Larissa\" \/>\n\t<meta name=\"twitter:label2\" content=\"Est. tempo de leitura\" \/>\n\t<meta name=\"twitter:data2\" content=\"3 minutos\" \/>\n<!-- \/ Yoast SEO plugin. -->","yoast_head_json":{"title":"Roteiro para curtir a Expointer e atra\u00e7\u00f5es tur\u00edsticas no Sul do pa\u00eds - Correio Braziliense - Aqui","description":"Expointer: confira dicas de hospedagem, rotas de transporte at\u00e9 o Parque Assis Brasil e passeios imperd\u00edveis em Porto Alegre","robots":{"index":"index","follow":"follow","max-snippet":"max-snippet:-1","max-image-preview":"max-image-preview:large","max-video-preview":"max-video-preview:-1"},"canonical":"https:\/\/www.correiobraziliense.com.br\/aqui\/2026\/08\/27\/roteiro-para-curtir-a-expointer-e-atracoes-turisticas-no-sul-do-pais\/","og_locale":"pt_BR","og_type":"article","og_title":"Roteiro para curtir a Expointer e atra\u00e7\u00f5es tur\u00edsticas no Sul do pa\u00eds - Correio Braziliense - Aqui","og_description":"Expointer: confira dicas de hospedagem, rotas de transporte at\u00e9 o Parque Assis Brasil e passeios imperd\u00edveis em Porto Alegre","og_url":"https:\/\/www.correiobraziliense.com.br\/aqui\/2026\/08\/27\/roteiro-para-curtir-a-expointer-e-atracoes-turisticas-no-sul-do-pais\/","og_site_name":"Correio Braziliense - Aqui","article_published_time":"2026-08-27T19:41:00+00:00","og_image":[{"width":1280,"height":720,"url":"https:\/\/www.correiobraziliense.com.br\/aqui\/wp-content\/uploads\/2026\/08\/agronegocio-Brasil_1787852391337.jpg","type":"image\/jpeg"}],"author":"Larissa","twitter_card":"summary_large_image","twitter_misc":{"Escrito por":"Larissa","Est. tempo de leitura":"3 minutos"},"schema":{"@context":"https:\/\/schema.org","@graph":[{"@type":"WebPage","@id":"https:\/\/www.correiobraziliense.com.br\/aqui\/2026\/08\/27\/roteiro-para-curtir-a-expointer-e-atracoes-turisticas-no-sul-do-pais\/","url":"https:\/\/www.correiobraziliense.com.br\/aqui\/2026\/08\/27\/roteiro-para-curtir-a-expointer-e-atracoes-turisticas-no-sul-do-pais\/","name":"Roteiro para curtir a Expointer e atra\u00e7\u00f5es tur\u00edsticas no Sul do pa\u00eds - Correio Braziliense - Aqui","isPartOf":{"@id":"https:\/\/www.correiobraziliense.com.br\/aqui\/#website"},"primaryImageOfPage":{"@id":"https:\/\/www.correiobraziliense.com.br\/aqui\/2026\/08\/27\/roteiro-para-curtir-a-expointer-e-atracoes-turisticas-no-sul-do-pais\/#primaryimage"},"image":{"@id":"https:\/\/www.correiobraziliense.com.br\/aqui\/2026\/08\/27\/roteiro-para-curtir-a-expointer-e-atracoes-turisticas-no-sul-do-pais\/#primaryimage"},"thumbnailUrl":"https:\/\/www.correiobraziliense.com.br\/aqui\/wp-content\/uploads\/2026\/08\/agronegocio-Brasil_1787852391337.jpg","datePublished":"2026-08-27T19:41:00+00:00","author":{"@id":"https:\/\/www.correiobraziliense.com.br\/aqui\/#\/schema\/person\/775f50a8c1ac31704d56816e99b29041"},"description":"Expointer: confira dicas de hospedagem, rotas de transporte at\u00e9 o Parque Assis Brasil e passeios imperd\u00edveis em Porto Alegre","breadcrumb":{"@id":"https:\/\/www.correiobraziliense.com.br\/aqui\/2026\/08\/27\/roteiro-para-curtir-a-expointer-e-atracoes-turisticas-no-sul-do-pais\/#breadcrumb"},"inLanguage":"pt-BR","potentialAction":[{"@type":"ReadAction","target":["https:\/\/www.correiobraziliense.com.br\/aqui\/2026\/08\/27\/roteiro-para-curtir-a-expointer-e-atracoes-turisticas-no-sul-do-pais\/"]}]},{"@type":"ImageObject","inLanguage":"pt-BR","@id":"https:\/\/www.correiobraziliense.com.br\/aqui\/2026\/08\/27\/roteiro-para-curtir-a-expointer-e-atracoes-turisticas-no-sul-do-pais\/#primaryimage","url":"https:\/\/www.correiobraziliense.com.br\/aqui\/wp-content\/uploads\/2026\/08\/agronegocio-Brasil_1787852391337.jpg","contentUrl":"https:\/\/www.correiobraziliense.com.br\/aqui\/wp-content\/uploads\/2026\/08\/agronegocio-Brasil_1787852391337.jpg","width":1280,"height":720,"caption":"Cr\u00e9ditos: depositphotos.com \/ aln2311"},{"@type":"BreadcrumbList","@id":"https:\/\/www.correiobraziliense.com.br\/aqui\/2026\/08\/27\/roteiro-para-curtir-a-expointer-e-atracoes-turisticas-no-sul-do-pais\/#breadcrumb","itemListElement":[{"@type":"ListItem","position":1,"name":"In\u00edcio","item":"https:\/\/www.correiobraziliense.com.br\/aqui\/"},{"@type":"ListItem","position":2,"name":"Roteiro para curtir a Expointer e atra\u00e7\u00f5es tur\u00edsticas no Sul do pa\u00eds"}]},{"@type":"WebSite","@id":"https:\/\/www.correiobraziliense.com.br\/aqui\/#website","url":"https:\/\/www.correiobraziliense.com.br\/aqui\/","name":"Correio Braziliense - Aqui","description":"O Correio Braziliense (CB) \u00e9 o mais importante canal de not\u00edcias de Bras\u00edlia. Aqui voc\u00ea encontra as \u00faltimas not\u00edcias do DF, do Brasil e do mundo.","potentialAction":[{"@type":"SearchAction","target":{"@type":"EntryPoint","urlTemplate":"https:\/\/www.correiobraziliense.com.br\/aqui\/?s={search_term_string}"},"query-input":{"@type":"PropertyValueSpecification","valueRequired":true,"valueName":"search_term_string"}}],"inLanguage":"pt-BR"},{"@type":"Person","@id":"https:\/\/www.correiobraziliense.com.br\/aqui\/#\/schema\/person\/775f50a8c1ac31704d56816e99b29041","name":"Larissa","image":{"@type":"ImageObject","inLanguage":"pt-BR","@id":"https:\/\/www.correiobraziliense.com.br\/aqui\/#\/schema\/person\/image\/","url":"https:\/\/secure.gravatar.com\/avatar\/62f5b2e99de671d075ab98e19f03c3c38c80a93f5d06f51075cf4431a4e76458?s=96&d=mm&r=g","contentUrl":"https:\/\/secure.gravatar.com\/avatar\/62f5b2e99de671d075ab98e19f03c3c38c80a93f5d06f51075cf4431a4e76458?s=96&d=mm&r=g","caption":"Larissa"},"url":"https:\/\/www.correiobraziliense.com.br\/aqui\/author\/larissaaqui\/"}]}},"_links":{"self":[{"href":"https:\/\/www.correiobraziliense.com.br\/aqui\/wp-json\/wp\/v2\/posts\/37993","targetHints":{"allow":["GET"]}}],"collection":[{"href":"https:\/\/www.correiobraziliense.com.br\/aqui\/wp-json\/wp\/v2\/posts"}],"about":[{"href":"https:\/\/www.correiobraziliense.com.br\/aqui\/wp-json\/wp\/v2\/types\/post"}],"author":[{"embeddable":true,"href":"https:\/\/www.correiobraziliense.com.br\/aqui\/wp-json\/wp\/v2\/users\/10"}],"replies":[{"embeddable":true,"href":"https:\/\/www.correiobraziliense.com.br\/aqui\/wp-json\/wp\/v2\/comments?post=37993"}],"version-history":[{"count":3,"href":"https:\/\/www.correiobraziliense.com.br\/aqui\/wp-json\/wp\/v2\/posts\/37993\/revisions"}],"predecessor-version":[{"id":37997,"href":"https:\/\/www.correiobraziliense.com.br\/aqui\/wp-json\/wp\/v2\/posts\/37993\/revisions\/37997"}],"wp:featuredmedia":[{"embeddable":true,"href":"https:\/\/www.correiobraziliense.com.br\/aqui\/wp-json\/wp\/v2\/media\/37996"}],"wp:attachment":[{"href":"https:\/\/www.correiobraziliense.com.br\/aqui\/wp-json\/wp\/v2\/media?parent=37993"}],"wp:term":[{"taxonomy":"category","embeddable":true,"href":"https:\/\/www.correiobraziliense.com.br\/aqui\/wp-json\/wp\/v2\/categories?post=37993"},{"taxonomy":"post_tag","embeddable":true,"href":"https:\/\/www.correiobraziliense.com.br\/aqui\/wp-json\/wp\/v2\/tags?post=37993"}],"curies":[{"name":"wp","href":"https:\/\/api.w.org\/{rel}","templated":true}]}}