{"id":37998,"date":"2026-08-27T17:18:00","date_gmt":"2026-08-27T20:18:00","guid":{"rendered":"https:\/\/www.correiobraziliense.com.br\/aqui\/?p=37998"},"modified":"2026-08-27T14:46:29","modified_gmt":"2026-08-27T17:46:29","slug":"como-o-fim-da-taxa-das-blusinhas-beneficia-estudantes-brasileiros","status":"publish","type":"post","link":"https:\/\/www.correiobraziliense.com.br\/aqui\/2026\/08\/27\/como-o-fim-da-taxa-das-blusinhas-beneficia-estudantes-brasileiros\/","title":{"rendered":"Como o fim da Taxa das Blusinhas beneficia estudantes brasileiros"},"content":{"rendered":"\n<p>Desde 13 de maio de 2026, o fim da chamada &#8220;Taxa das Blusinhas&#8221; j\u00e1 \u00e9 uma realidade e traz um al\u00edvio direto ao or\u00e7amento de milhares de estudantes brasileiros. A isen\u00e7\u00e3o do imposto de importa\u00e7\u00e3o federal para compras de at\u00e9 50 d\u00f3lares foi estabelecida por meio de Medida Provis\u00f3ria e, embora j\u00e1 esteja em vigor, aguarda an\u00e1lise do Congresso Nacional para se tornar definitiva.<\/p>\n\n\n\n<p>Na pr\u00e1tica, a medida zera a al\u00edquota federal de 20% que antes incidia sobre essas encomendas. A isen\u00e7\u00e3o \u00e9 v\u00e1lida para empresas que aderiram ao <a target=\"_blank\" rel=\"noreferrer noopener\" href=\"https:\/\/www.correiobraziliense.com.br\/economia\/2026\/08\/7488493-fim-da-taxa-das-blusinhas-ameaca-109-mil-postos-de-trabalho-afirma-cni.html\">programa Remessa Conforme<\/a>, da Receita Federal. Para o consumidor, a principal vantagem \u00e9 a previsibilidade: o pre\u00e7o visto no site no momento da compra j\u00e1 inclui o <a target=\"_blank\" rel=\"noreferrer noopener\" href=\"https:\/\/www.correiobraziliense.com.br\/economia\/2025\/04\/7100039-estados-aumentam-imposto-sobre-encomendas-internacionais-para-20.html\">imposto estadual (ICMS)<\/a> e \u00e9 o valor final, sem surpresas na alf\u00e2ndega.<\/p>\n\n\n\n<p>Essa mudan\u00e7a representa uma economia significativa para jovens que dependem de materiais e equipamentos com pre\u00e7os mais competitivos para seguir com seus estudos. Com a isen\u00e7\u00e3o, a compra de diversos produtos se torna mais acess\u00edvel.<\/p>\n\n\n\n<h2 class=\"wp-block-heading\">O que muda na pr\u00e1tica para os estudantes?<\/h2>\n\n\n\n<p>A nova regra impacta diretamente a aquisi\u00e7\u00e3o de uma variedade de itens que, muitas vezes, n\u00e3o s\u00e3o encontrados com facilidade ou a pre\u00e7os baixos no <a target=\"_blank\" rel=\"noreferrer noopener\" href=\"https:\/\/www.correiobraziliense.com.br\/economia\/2026\/07\/7469017-industruia-defende-volta-da-taxa-das-blusinhas-e-alerta-para-prejuizos.html\">mercado nacional<\/a>. O acesso a esses produtos sem o custo extra do imposto de importa\u00e7\u00e3o democratiza o acesso a recursos educacionais e tecnol\u00f3gicos.<\/p>\n\n\n\n<p>Materiais de estudo e papelaria, como cadernos especiais, canetas, agendas e kits de arte, podem ser comprados com custo reduzido. Plataformas internacionais oferecem uma variedade maior desses itens, permitindo que os estudantes encontrem exatamente o que precisam para suas atividades e projetos criativos.<\/p>\n\n\n\n<p>Acess\u00f3rios de tecnologia, fundamentais na rotina de estudos, tamb\u00e9m entram na lista de beneficiados. Fones de ouvido, mouses, capas para tablets e notebooks, teclados e pequenos componentes eletr\u00f4nicos ficam mais baratos. A economia permite que o estudante invista em ferramentas que melhoram seu desempenho e conforto.<\/p>\n\n\n\n<p>Vestu\u00e1rio e itens pessoais, como mochilas e estojos, que deram origem ao apelido &#8220;<a target=\"_blank\" rel=\"noreferrer noopener\" href=\"https:\/\/www.correiobraziliense.com.br\/opiniao\/2026\/08\/7487050-a-blusinha-virou-cabo-eleitoral.html\">taxa das blusinhas<\/a>&#8220;, tamb\u00e9m ficam isentos. Para estudantes universit\u00e1rios e jovens que precisam conciliar o or\u00e7amento apertado com a necessidade de se vestir bem e ter materiais de qualidade, a regra oferece um f\u00f4lego financeiro importante.<\/p>\n","protected":false},"excerpt":{"rendered":"<p>Isen\u00e7\u00e3o da taxa de importa\u00e7\u00e3o federal em compras de at\u00e9 US$ 50 facilita a aquisi\u00e7\u00e3o de materiais e tecnologia para estudantes<\/p>\n","protected":false},"author":10,"featured_media":27846,"comment_status":"open","ping_status":"open","sticky":false,"template":"","format":"standard","meta":{"jnews-multi-image_gallery":[],"jnews_single_post":{"format":"standard"},"jnews_primary_category":[],"jnews_social_meta":[],"jnews_override_counter":[],"footnotes":""},"categories":[1512],"tags":[],"class_list":["post-37998","post","type-post","status-publish","format-standard","has-post-thumbnail","hentry","category-economia"],"yoast_head":"<!-- This site is optimized with the Yoast SEO plugin v25.1 - https:\/\/yoast.com\/wordpress\/plugins\/seo\/ -->\n<title>Como o fim da Taxa das Blusinhas beneficia estudantes brasileiros - Correio Braziliense - Aqui<\/title>\n<meta name=\"description\" content=\"Isen\u00e7\u00e3o da taxa de importa\u00e7\u00e3o federal em compras de at\u00e9 US$ 50 facilita a aquisi\u00e7\u00e3o de materiais e tecnologia para estudantes\" \/>\n<meta name=\"robots\" content=\"index, follow, max-snippet:-1, max-image-preview:large, max-video-preview:-1\" \/>\n<link rel=\"canonical\" href=\"https:\/\/www.correiobraziliense.com.br\/aqui\/2026\/08\/27\/como-o-fim-da-taxa-das-blusinhas-beneficia-estudantes-brasileiros\/\" \/>\n<meta property=\"og:locale\" content=\"pt_BR\" \/>\n<meta property=\"og:type\" content=\"article\" \/>\n<meta property=\"og:title\" content=\"Como o fim da Taxa das Blusinhas beneficia estudantes brasileiros - Correio Braziliense - Aqui\" \/>\n<meta property=\"og:description\" content=\"Isen\u00e7\u00e3o da taxa de importa\u00e7\u00e3o federal em compras de at\u00e9 US$ 50 facilita a aquisi\u00e7\u00e3o de materiais e tecnologia para estudantes\" \/>\n<meta property=\"og:url\" content=\"https:\/\/www.correiobraziliense.com.br\/aqui\/2026\/08\/27\/como-o-fim-da-taxa-das-blusinhas-beneficia-estudantes-brasileiros\/\" \/>\n<meta property=\"og:site_name\" content=\"Correio Braziliense - Aqui\" \/>\n<meta property=\"article:published_time\" content=\"2026-08-27T20:18:00+00:00\" \/>\n<meta property=\"og:image\" content=\"https:\/\/www.correiobraziliense.com.br\/aqui\/wp-content\/uploads\/2026\/04\/estudantes_1776945582229.jpg\" \/>\n\t<meta property=\"og:image:width\" content=\"1280\" \/>\n\t<meta property=\"og:image:height\" content=\"720\" \/>\n\t<meta property=\"og:image:type\" content=\"image\/jpeg\" \/>\n<meta name=\"author\" content=\"Larissa\" \/>\n<meta name=\"twitter:card\" content=\"summary_large_image\" \/>\n<meta name=\"twitter:label1\" content=\"Escrito por\" \/>\n\t<meta name=\"twitter:data1\" content=\"Larissa\" \/>\n\t<meta name=\"twitter:label2\" content=\"Est. tempo de leitura\" \/>\n\t<meta name=\"twitter:data2\" content=\"3 minutos\" \/>\n<!-- \/ Yoast SEO plugin. -->","yoast_head_json":{"title":"Como o fim da Taxa das Blusinhas beneficia estudantes brasileiros - Correio Braziliense - Aqui","description":"Isen\u00e7\u00e3o da taxa de importa\u00e7\u00e3o federal em compras de at\u00e9 US$ 50 facilita a aquisi\u00e7\u00e3o de materiais e tecnologia para estudantes","robots":{"index":"index","follow":"follow","max-snippet":"max-snippet:-1","max-image-preview":"max-image-preview:large","max-video-preview":"max-video-preview:-1"},"canonical":"https:\/\/www.correiobraziliense.com.br\/aqui\/2026\/08\/27\/como-o-fim-da-taxa-das-blusinhas-beneficia-estudantes-brasileiros\/","og_locale":"pt_BR","og_type":"article","og_title":"Como o fim da Taxa das Blusinhas beneficia estudantes brasileiros - Correio Braziliense - Aqui","og_description":"Isen\u00e7\u00e3o da taxa de importa\u00e7\u00e3o federal em compras de at\u00e9 US$ 50 facilita a aquisi\u00e7\u00e3o de materiais e tecnologia para estudantes","og_url":"https:\/\/www.correiobraziliense.com.br\/aqui\/2026\/08\/27\/como-o-fim-da-taxa-das-blusinhas-beneficia-estudantes-brasileiros\/","og_site_name":"Correio Braziliense - Aqui","article_published_time":"2026-08-27T20:18:00+00:00","og_image":[{"width":1280,"height":720,"url":"https:\/\/www.correiobraziliense.com.br\/aqui\/wp-content\/uploads\/2026\/04\/estudantes_1776945582229.jpg","type":"image\/jpeg"}],"author":"Larissa","twitter_card":"summary_large_image","twitter_misc":{"Escrito por":"Larissa","Est. tempo de leitura":"3 minutos"},"schema":{"@context":"https:\/\/schema.org","@graph":[{"@type":"WebPage","@id":"https:\/\/www.correiobraziliense.com.br\/aqui\/2026\/08\/27\/como-o-fim-da-taxa-das-blusinhas-beneficia-estudantes-brasileiros\/","url":"https:\/\/www.correiobraziliense.com.br\/aqui\/2026\/08\/27\/como-o-fim-da-taxa-das-blusinhas-beneficia-estudantes-brasileiros\/","name":"Como o fim da Taxa das Blusinhas beneficia estudantes brasileiros - Correio Braziliense - Aqui","isPartOf":{"@id":"https:\/\/www.correiobraziliense.com.br\/aqui\/#website"},"primaryImageOfPage":{"@id":"https:\/\/www.correiobraziliense.com.br\/aqui\/2026\/08\/27\/como-o-fim-da-taxa-das-blusinhas-beneficia-estudantes-brasileiros\/#primaryimage"},"image":{"@id":"https:\/\/www.correiobraziliense.com.br\/aqui\/2026\/08\/27\/como-o-fim-da-taxa-das-blusinhas-beneficia-estudantes-brasileiros\/#primaryimage"},"thumbnailUrl":"https:\/\/www.correiobraziliense.com.br\/aqui\/wp-content\/uploads\/2026\/04\/estudantes_1776945582229.jpg","datePublished":"2026-08-27T20:18:00+00:00","author":{"@id":"https:\/\/www.correiobraziliense.com.br\/aqui\/#\/schema\/person\/775f50a8c1ac31704d56816e99b29041"},"description":"Isen\u00e7\u00e3o da taxa de importa\u00e7\u00e3o federal em compras de at\u00e9 US$ 50 facilita a aquisi\u00e7\u00e3o de materiais e tecnologia para estudantes","breadcrumb":{"@id":"https:\/\/www.correiobraziliense.com.br\/aqui\/2026\/08\/27\/como-o-fim-da-taxa-das-blusinhas-beneficia-estudantes-brasileiros\/#breadcrumb"},"inLanguage":"pt-BR","potentialAction":[{"@type":"ReadAction","target":["https:\/\/www.correiobraziliense.com.br\/aqui\/2026\/08\/27\/como-o-fim-da-taxa-das-blusinhas-beneficia-estudantes-brasileiros\/"]}]},{"@type":"ImageObject","inLanguage":"pt-BR","@id":"https:\/\/www.correiobraziliense.com.br\/aqui\/2026\/08\/27\/como-o-fim-da-taxa-das-blusinhas-beneficia-estudantes-brasileiros\/#primaryimage","url":"https:\/\/www.correiobraziliense.com.br\/aqui\/wp-content\/uploads\/2026\/04\/estudantes_1776945582229.jpg","contentUrl":"https:\/\/www.correiobraziliense.com.br\/aqui\/wp-content\/uploads\/2026\/04\/estudantes_1776945582229.jpg","width":1280,"height":720,"caption":"Cr\u00e9ditos: depositphotos.com \/ IgorVetushko"},{"@type":"BreadcrumbList","@id":"https:\/\/www.correiobraziliense.com.br\/aqui\/2026\/08\/27\/como-o-fim-da-taxa-das-blusinhas-beneficia-estudantes-brasileiros\/#breadcrumb","itemListElement":[{"@type":"ListItem","position":1,"name":"In\u00edcio","item":"https:\/\/www.correiobraziliense.com.br\/aqui\/"},{"@type":"ListItem","position":2,"name":"Como o fim da Taxa das Blusinhas beneficia estudantes brasileiros"}]},{"@type":"WebSite","@id":"https:\/\/www.correiobraziliense.com.br\/aqui\/#website","url":"https:\/\/www.correiobraziliense.com.br\/aqui\/","name":"Correio Braziliense - Aqui","description":"O Correio Braziliense (CB) \u00e9 o mais importante canal de not\u00edcias de Bras\u00edlia. Aqui voc\u00ea encontra as \u00faltimas not\u00edcias do DF, do Brasil e do mundo.","potentialAction":[{"@type":"SearchAction","target":{"@type":"EntryPoint","urlTemplate":"https:\/\/www.correiobraziliense.com.br\/aqui\/?s={search_term_string}"},"query-input":{"@type":"PropertyValueSpecification","valueRequired":true,"valueName":"search_term_string"}}],"inLanguage":"pt-BR"},{"@type":"Person","@id":"https:\/\/www.correiobraziliense.com.br\/aqui\/#\/schema\/person\/775f50a8c1ac31704d56816e99b29041","name":"Larissa","image":{"@type":"ImageObject","inLanguage":"pt-BR","@id":"https:\/\/www.correiobraziliense.com.br\/aqui\/#\/schema\/person\/image\/","url":"https:\/\/secure.gravatar.com\/avatar\/62f5b2e99de671d075ab98e19f03c3c38c80a93f5d06f51075cf4431a4e76458?s=96&d=mm&r=g","contentUrl":"https:\/\/secure.gravatar.com\/avatar\/62f5b2e99de671d075ab98e19f03c3c38c80a93f5d06f51075cf4431a4e76458?s=96&d=mm&r=g","caption":"Larissa"},"url":"https:\/\/www.correiobraziliense.com.br\/aqui\/author\/larissaaqui\/"}]}},"_links":{"self":[{"href":"https:\/\/www.correiobraziliense.com.br\/aqui\/wp-json\/wp\/v2\/posts\/37998","targetHints":{"allow":["GET"]}}],"collection":[{"href":"https:\/\/www.correiobraziliense.com.br\/aqui\/wp-json\/wp\/v2\/posts"}],"about":[{"href":"https:\/\/www.correiobraziliense.com.br\/aqui\/wp-json\/wp\/v2\/types\/post"}],"author":[{"embeddable":true,"href":"https:\/\/www.correiobraziliense.com.br\/aqui\/wp-json\/wp\/v2\/users\/10"}],"replies":[{"embeddable":true,"href":"https:\/\/www.correiobraziliense.com.br\/aqui\/wp-json\/wp\/v2\/comments?post=37998"}],"version-history":[{"count":3,"href":"https:\/\/www.correiobraziliense.com.br\/aqui\/wp-json\/wp\/v2\/posts\/37998\/revisions"}],"predecessor-version":[{"id":38001,"href":"https:\/\/www.correiobraziliense.com.br\/aqui\/wp-json\/wp\/v2\/posts\/37998\/revisions\/38001"}],"wp:featuredmedia":[{"embeddable":true,"href":"https:\/\/www.correiobraziliense.com.br\/aqui\/wp-json\/wp\/v2\/media\/27846"}],"wp:attachment":[{"href":"https:\/\/www.correiobraziliense.com.br\/aqui\/wp-json\/wp\/v2\/media?parent=37998"}],"wp:term":[{"taxonomy":"category","embeddable":true,"href":"https:\/\/www.correiobraziliense.com.br\/aqui\/wp-json\/wp\/v2\/categories?post=37998"},{"taxonomy":"post_tag","embeddable":true,"href":"https:\/\/www.correiobraziliense.com.br\/aqui\/wp-json\/wp\/v2\/tags?post=37998"}],"curies":[{"name":"wp","href":"https:\/\/api.w.org\/{rel}","templated":true}]}}