{"id":38014,"date":"2026-08-27T18:40:00","date_gmt":"2026-08-27T21:40:00","guid":{"rendered":"https:\/\/www.correiobraziliense.com.br\/aqui\/?p=38014"},"modified":"2026-08-27T15:04:16","modified_gmt":"2026-08-27T18:04:16","slug":"como-o-setembro-amarelo-impacta-acoes-nas-empresas","status":"publish","type":"post","link":"https:\/\/www.correiobraziliense.com.br\/aqui\/2026\/08\/27\/como-o-setembro-amarelo-impacta-acoes-nas-empresas\/","title":{"rendered":"Como o Setembro Amarelo impacta a\u00e7\u00f5es nas empresas"},"content":{"rendered":"\n<p>A campanha do Setembro Amarelo de 2026, com o lema \u201cEscutar \u00e9 estar presente\u201d, transcendeu o debate p\u00fablico e se consolidou como um catalisador para transforma\u00e7\u00f5es nas pol\u00edticas de Recursos Humanos. Empresas de diferentes portes e setores aproveitam o per\u00edodo para ir al\u00e9m das a\u00e7\u00f5es pontuais e integrar a sa\u00fade mental como um pilar estrat\u00e9gico de gest\u00e3o de pessoas.<\/p>\n\n\n\n<p>O movimento impulsiona uma mudan\u00e7a de foco: de uma abordagem reativa, que lida com o problema apenas quando ele surge, para uma cultura preventiva e de acolhimento cont\u00ednuo. A percep\u00e7\u00e3o \u00e9 que <a target=\"_blank\" rel=\"noreferrer noopener\" href=\"https:\/\/www.correiobraziliense.com.br\/revista-do-correio\/2026\/08\/7486992-setembro-amarelo-nas-empresas-como-identificar-e-conter-o-burnout.html\">um ambiente de trabalho psicologicamente seguro<\/a> impacta diretamente indicadores de desempenho, como a redu\u00e7\u00e3o do absente\u00edsmo, a queda na rotatividade de talentos e o aumento da produtividade.<\/p>\n\n\n\n<p>Com isso, o debate sobre o <a target=\"_blank\" rel=\"noreferrer noopener\" href=\"https:\/\/www.correiobraziliense.com.br\/revista-do-correio\/2025\/09\/7249561-veja-sinais-que-de-que-voce-precisa-cuidar-da-sua-saude-mental.html\">bem-estar<\/a> deixa de ser um tema secund\u00e1rio e passa a influenciar diretamente as decis\u00f5es de neg\u00f3cio. A\u00e7\u00f5es que antes eram vistas como um custo extra agora s\u00e3o encaradas como um investimento no capital humano, essencial para a sustentabilidade da organiza\u00e7\u00e3o.<\/p>\n\n\n\n<h2 class=\"wp-block-heading\">Estrat\u00e9gias que v\u00e3o al\u00e9m de setembro<\/h2>\n\n\n\n<p>As iniciativas corporativas inspiradas pela campanha s\u00e3o cada vez mais pr\u00e1ticas e estruturadas. Elas se afastam de palestras gen\u00e9ricas e se concentram em ferramentas que realmente apoiam os colaboradores no dia a dia. Algumas das principais a\u00e7\u00f5es adotadas incluem:<\/p>\n\n\n\n<ul class=\"wp-block-list\">\n<li><strong>Capacita\u00e7\u00e3o de lideran\u00e7as:<\/strong> treinamentos para que gestores consigam identificar sinais de esgotamento em suas equipes e saibam como conduzir conversas de apoio de maneira emp\u00e1tica e respons\u00e1vel.<\/li>\n\n\n\n<li><strong>Cria\u00e7\u00e3o de <\/strong><a href=\"https:\/\/www.correiobraziliense.com.br\/revista-do-correio\/2025\/09\/7254757-veja-como-usar-a-escuta-ativa-para-acolher-quem-precisa-de-apoio.html\" target=\"_blank\" rel=\"noreferrer noopener\"><strong>canais de escuta<\/strong><\/a><strong>:<\/strong> implementa\u00e7\u00e3o de canais de comunica\u00e7\u00e3o seguros e confidenciais, onde os funcion\u00e1rios podem buscar ajuda sem medo de julgamento ou retalia\u00e7\u00e3o profissional.<\/li>\n\n\n\n<li><strong>Flexibiliza\u00e7\u00e3o de benef\u00edcios:<\/strong> oferta de aux\u00edlio para psicoterapia como parte do plano de sa\u00fade ou por meio de parcerias com plataformas especializadas em sa\u00fade mental.<\/li>\n\n\n\n<li><strong>Revis\u00e3o de processos internos:<\/strong> an\u00e1lise de metas, jornadas de trabalho e fluxos de comunica\u00e7\u00e3o para identificar e corrigir fatores que geram estresse e press\u00e3o excessiva.<\/li>\n<\/ul>\n\n\n\n<p>Essas pr\u00e1ticas demonstram que a conscientiza\u00e7\u00e3o gerada pelo Setembro Amarelo est\u00e1 amadurecendo no mundo corporativo. O movimento funciona como um ponto de partida, mas os resultados mais s\u00f3lidos surgem quando <a target=\"_blank\" rel=\"noreferrer noopener\" href=\"https:\/\/www.correiobraziliense.com.br\/revista-do-correio\/2025\/09\/7249046-5-dicas-praticas-para-cuidar-da-saude-mental-no-dia-a-dia.html\">o bem-estar mental<\/a> \u00e9 incorporado de forma permanente na rotina e nos valores da organiza\u00e7\u00e3o.<\/p>\n","protected":false},"excerpt":{"rendered":"<p>Estrat\u00e9gias de sa\u00fade mental no trabalho ajudam a reduzir o estresse corporativo e a promover o acolhimento cont\u00ednuo de todos os colaboradores<\/p>\n","protected":false},"author":10,"featured_media":38018,"comment_status":"open","ping_status":"open","sticky":false,"template":"","format":"standard","meta":{"jnews-multi-image_gallery":[],"jnews_single_post":{"format":"standard"},"jnews_primary_category":[],"jnews_social_meta":[],"jnews_override_counter":[],"footnotes":""},"categories":[1279],"tags":[157,12341],"class_list":["post-38014","post","type-post","status-publish","format-standard","has-post-thumbnail","hentry","category-noticias","tag-brasil","tag-setembro-amarelo"],"yoast_head":"<!-- This site is optimized with the Yoast SEO plugin v25.1 - https:\/\/yoast.com\/wordpress\/plugins\/seo\/ -->\n<title>Como o Setembro Amarelo impacta a\u00e7\u00f5es nas empresas - Correio Braziliense - Aqui<\/title>\n<meta name=\"description\" content=\"Setembro Amarelo: estrat\u00e9gias de sa\u00fade mental no trabalho ajudam a reduzir o estresse e promove o acolhimento cont\u00ednuo dos colaboradores\" \/>\n<meta name=\"robots\" content=\"index, follow, max-snippet:-1, max-image-preview:large, max-video-preview:-1\" \/>\n<link rel=\"canonical\" href=\"https:\/\/www.correiobraziliense.com.br\/aqui\/2026\/08\/27\/como-o-setembro-amarelo-impacta-acoes-nas-empresas\/\" \/>\n<meta property=\"og:locale\" content=\"pt_BR\" \/>\n<meta property=\"og:type\" content=\"article\" \/>\n<meta property=\"og:title\" content=\"Como o Setembro Amarelo impacta a\u00e7\u00f5es nas empresas - Correio Braziliense - Aqui\" \/>\n<meta property=\"og:description\" content=\"Setembro Amarelo: estrat\u00e9gias de sa\u00fade mental no trabalho ajudam a reduzir o estresse e promove o acolhimento cont\u00ednuo dos colaboradores\" \/>\n<meta property=\"og:url\" content=\"https:\/\/www.correiobraziliense.com.br\/aqui\/2026\/08\/27\/como-o-setembro-amarelo-impacta-acoes-nas-empresas\/\" \/>\n<meta property=\"og:site_name\" content=\"Correio Braziliense - Aqui\" \/>\n<meta property=\"article:published_time\" content=\"2026-08-27T21:40:00+00:00\" \/>\n<meta property=\"og:image\" content=\"https:\/\/www.correiobraziliense.com.br\/aqui\/wp-content\/uploads\/2026\/08\/setembro-amarelo_1787853704569.jpg\" \/>\n\t<meta property=\"og:image:width\" content=\"1280\" \/>\n\t<meta property=\"og:image:height\" content=\"720\" \/>\n\t<meta property=\"og:image:type\" content=\"image\/jpeg\" \/>\n<meta name=\"author\" content=\"Larissa\" \/>\n<meta name=\"twitter:card\" content=\"summary_large_image\" \/>\n<meta name=\"twitter:label1\" content=\"Escrito por\" \/>\n\t<meta name=\"twitter:data1\" content=\"Larissa\" \/>\n\t<meta name=\"twitter:label2\" content=\"Est. tempo de leitura\" \/>\n\t<meta name=\"twitter:data2\" content=\"3 minutos\" \/>\n<!-- \/ Yoast SEO plugin. -->","yoast_head_json":{"title":"Como o Setembro Amarelo impacta a\u00e7\u00f5es nas empresas - Correio Braziliense - Aqui","description":"Setembro Amarelo: estrat\u00e9gias de sa\u00fade mental no trabalho ajudam a reduzir o estresse e promove o acolhimento cont\u00ednuo dos colaboradores","robots":{"index":"index","follow":"follow","max-snippet":"max-snippet:-1","max-image-preview":"max-image-preview:large","max-video-preview":"max-video-preview:-1"},"canonical":"https:\/\/www.correiobraziliense.com.br\/aqui\/2026\/08\/27\/como-o-setembro-amarelo-impacta-acoes-nas-empresas\/","og_locale":"pt_BR","og_type":"article","og_title":"Como o Setembro Amarelo impacta a\u00e7\u00f5es nas empresas - Correio Braziliense - Aqui","og_description":"Setembro Amarelo: estrat\u00e9gias de sa\u00fade mental no trabalho ajudam a reduzir o estresse e promove o acolhimento cont\u00ednuo dos colaboradores","og_url":"https:\/\/www.correiobraziliense.com.br\/aqui\/2026\/08\/27\/como-o-setembro-amarelo-impacta-acoes-nas-empresas\/","og_site_name":"Correio Braziliense - Aqui","article_published_time":"2026-08-27T21:40:00+00:00","og_image":[{"width":1280,"height":720,"url":"https:\/\/www.correiobraziliense.com.br\/aqui\/wp-content\/uploads\/2026\/08\/setembro-amarelo_1787853704569.jpg","type":"image\/jpeg"}],"author":"Larissa","twitter_card":"summary_large_image","twitter_misc":{"Escrito por":"Larissa","Est. tempo de leitura":"3 minutos"},"schema":{"@context":"https:\/\/schema.org","@graph":[{"@type":"WebPage","@id":"https:\/\/www.correiobraziliense.com.br\/aqui\/2026\/08\/27\/como-o-setembro-amarelo-impacta-acoes-nas-empresas\/","url":"https:\/\/www.correiobraziliense.com.br\/aqui\/2026\/08\/27\/como-o-setembro-amarelo-impacta-acoes-nas-empresas\/","name":"Como o Setembro Amarelo impacta a\u00e7\u00f5es nas empresas - Correio Braziliense - Aqui","isPartOf":{"@id":"https:\/\/www.correiobraziliense.com.br\/aqui\/#website"},"primaryImageOfPage":{"@id":"https:\/\/www.correiobraziliense.com.br\/aqui\/2026\/08\/27\/como-o-setembro-amarelo-impacta-acoes-nas-empresas\/#primaryimage"},"image":{"@id":"https:\/\/www.correiobraziliense.com.br\/aqui\/2026\/08\/27\/como-o-setembro-amarelo-impacta-acoes-nas-empresas\/#primaryimage"},"thumbnailUrl":"https:\/\/www.correiobraziliense.com.br\/aqui\/wp-content\/uploads\/2026\/08\/setembro-amarelo_1787853704569.jpg","datePublished":"2026-08-27T21:40:00+00:00","author":{"@id":"https:\/\/www.correiobraziliense.com.br\/aqui\/#\/schema\/person\/775f50a8c1ac31704d56816e99b29041"},"description":"Setembro Amarelo: estrat\u00e9gias de sa\u00fade mental no trabalho ajudam a reduzir o estresse e promove o acolhimento cont\u00ednuo dos colaboradores","breadcrumb":{"@id":"https:\/\/www.correiobraziliense.com.br\/aqui\/2026\/08\/27\/como-o-setembro-amarelo-impacta-acoes-nas-empresas\/#breadcrumb"},"inLanguage":"pt-BR","potentialAction":[{"@type":"ReadAction","target":["https:\/\/www.correiobraziliense.com.br\/aqui\/2026\/08\/27\/como-o-setembro-amarelo-impacta-acoes-nas-empresas\/"]}]},{"@type":"ImageObject","inLanguage":"pt-BR","@id":"https:\/\/www.correiobraziliense.com.br\/aqui\/2026\/08\/27\/como-o-setembro-amarelo-impacta-acoes-nas-empresas\/#primaryimage","url":"https:\/\/www.correiobraziliense.com.br\/aqui\/wp-content\/uploads\/2026\/08\/setembro-amarelo_1787853704569.jpg","contentUrl":"https:\/\/www.correiobraziliense.com.br\/aqui\/wp-content\/uploads\/2026\/08\/setembro-amarelo_1787853704569.jpg","width":1280,"height":720,"caption":"Cr\u00e9ditos: depositphotos.com \/ JoPanuwatD"},{"@type":"BreadcrumbList","@id":"https:\/\/www.correiobraziliense.com.br\/aqui\/2026\/08\/27\/como-o-setembro-amarelo-impacta-acoes-nas-empresas\/#breadcrumb","itemListElement":[{"@type":"ListItem","position":1,"name":"In\u00edcio","item":"https:\/\/www.correiobraziliense.com.br\/aqui\/"},{"@type":"ListItem","position":2,"name":"Como o Setembro Amarelo impacta a\u00e7\u00f5es nas empresas"}]},{"@type":"WebSite","@id":"https:\/\/www.correiobraziliense.com.br\/aqui\/#website","url":"https:\/\/www.correiobraziliense.com.br\/aqui\/","name":"Correio Braziliense - Aqui","description":"O Correio Braziliense (CB) \u00e9 o mais importante canal de not\u00edcias de Bras\u00edlia. Aqui voc\u00ea encontra as \u00faltimas not\u00edcias do DF, do Brasil e do mundo.","potentialAction":[{"@type":"SearchAction","target":{"@type":"EntryPoint","urlTemplate":"https:\/\/www.correiobraziliense.com.br\/aqui\/?s={search_term_string}"},"query-input":{"@type":"PropertyValueSpecification","valueRequired":true,"valueName":"search_term_string"}}],"inLanguage":"pt-BR"},{"@type":"Person","@id":"https:\/\/www.correiobraziliense.com.br\/aqui\/#\/schema\/person\/775f50a8c1ac31704d56816e99b29041","name":"Larissa","image":{"@type":"ImageObject","inLanguage":"pt-BR","@id":"https:\/\/www.correiobraziliense.com.br\/aqui\/#\/schema\/person\/image\/","url":"https:\/\/secure.gravatar.com\/avatar\/62f5b2e99de671d075ab98e19f03c3c38c80a93f5d06f51075cf4431a4e76458?s=96&d=mm&r=g","contentUrl":"https:\/\/secure.gravatar.com\/avatar\/62f5b2e99de671d075ab98e19f03c3c38c80a93f5d06f51075cf4431a4e76458?s=96&d=mm&r=g","caption":"Larissa"},"url":"https:\/\/www.correiobraziliense.com.br\/aqui\/author\/larissaaqui\/"}]}},"_links":{"self":[{"href":"https:\/\/www.correiobraziliense.com.br\/aqui\/wp-json\/wp\/v2\/posts\/38014","targetHints":{"allow":["GET"]}}],"collection":[{"href":"https:\/\/www.correiobraziliense.com.br\/aqui\/wp-json\/wp\/v2\/posts"}],"about":[{"href":"https:\/\/www.correiobraziliense.com.br\/aqui\/wp-json\/wp\/v2\/types\/post"}],"author":[{"embeddable":true,"href":"https:\/\/www.correiobraziliense.com.br\/aqui\/wp-json\/wp\/v2\/users\/10"}],"replies":[{"embeddable":true,"href":"https:\/\/www.correiobraziliense.com.br\/aqui\/wp-json\/wp\/v2\/comments?post=38014"}],"version-history":[{"count":4,"href":"https:\/\/www.correiobraziliense.com.br\/aqui\/wp-json\/wp\/v2\/posts\/38014\/revisions"}],"predecessor-version":[{"id":38019,"href":"https:\/\/www.correiobraziliense.com.br\/aqui\/wp-json\/wp\/v2\/posts\/38014\/revisions\/38019"}],"wp:featuredmedia":[{"embeddable":true,"href":"https:\/\/www.correiobraziliense.com.br\/aqui\/wp-json\/wp\/v2\/media\/38018"}],"wp:attachment":[{"href":"https:\/\/www.correiobraziliense.com.br\/aqui\/wp-json\/wp\/v2\/media?parent=38014"}],"wp:term":[{"taxonomy":"category","embeddable":true,"href":"https:\/\/www.correiobraziliense.com.br\/aqui\/wp-json\/wp\/v2\/categories?post=38014"},{"taxonomy":"post_tag","embeddable":true,"href":"https:\/\/www.correiobraziliense.com.br\/aqui\/wp-json\/wp\/v2\/tags?post=38014"}],"curies":[{"name":"wp","href":"https:\/\/api.w.org\/{rel}","templated":true}]}}