{"id":38020,"date":"2026-08-27T19:15:00","date_gmt":"2026-08-27T22:15:00","guid":{"rendered":"https:\/\/www.correiobraziliense.com.br\/aqui\/?p=38020"},"modified":"2026-08-27T15:15:46","modified_gmt":"2026-08-27T18:15:46","slug":"o-que-muda-na-carreira-de-juiz-substituto-apos-aprovacao-no-tjgo","status":"publish","type":"post","link":"https:\/\/www.correiobraziliense.com.br\/aqui\/2026\/08\/27\/o-que-muda-na-carreira-de-juiz-substituto-apos-aprovacao-no-tjgo\/","title":{"rendered":"O que muda na carreira de juiz substituto ap\u00f3s aprova\u00e7\u00e3o no TJGO"},"content":{"rendered":"\n<p>A aprova\u00e7\u00e3o no concurso para juiz substituto do Tribunal de Justi\u00e7a de Goi\u00e1s (TJGO) \u00e9 o ponto de partida para uma carreira estruturada e com etapas bem definidas. Com um sal\u00e1rio inicial que ultrapassa os R$ 34 mil, os novos magistrados come\u00e7am sua trajet\u00f3ria em um cargo itinerante, atuando em diferentes comarcas conforme a necessidade do Judici\u00e1rio estadual.<\/p>\n\n\n\n<p>Nesta fase inicial, o profissional n\u00e3o possui uma lota\u00e7\u00e3o fixa. Ele \u00e9 designado para cobrir f\u00e9rias, licen\u00e7as ou assumir varas que est\u00e3o temporariamente vagas. Essa rotina permite um contato amplo com as diversas realidades jur\u00eddicas e sociais de Goi\u00e1s, servindo como um per\u00edodo intenso de aprendizado pr\u00e1tico. Essa etapa \u00e9 conhecida como <a target=\"_blank\" rel=\"noreferrer noopener\" href=\"https:\/\/www.correiobraziliense.com.br\/direitoejustica\/2026\/01\/7325584-visao-do-direito-sem-formacao-continua-nao-ha-independencia-judicial.html\">per\u00edodo de vitaliciamento<\/a>.<\/p>\n\n\n\n<h2 class=\"wp-block-heading\">O que \u00e9 o vitaliciamento?<\/h2>\n\n\n\n<p>O vitaliciamento \u00e9 a etapa de avalia\u00e7\u00e3o do desempenho e da conduta do novo juiz, com dura\u00e7\u00e3o de dois anos, conforme previsto no artigo 95, inciso I, da <a target=\"_blank\" rel=\"noreferrer noopener\" href=\"https:\/\/www.correiobraziliense.com.br\/euestudante\/concursos\/2025\/04\/7099685-estabilidade-concurseiros-comentam-fim-do-regime-juridico-unico-no-servico-publico.html\">Constitui\u00e7\u00e3o Federal<\/a>. Durante esse per\u00edodo, sua aptid\u00e3o para o cargo, produtividade e \u00e9tica s\u00e3o constantemente analisadas pelo tribunal. Ao final, caso seja aprovado, o magistrado adquire a vitaliciedade, uma garantia fundamental para a independ\u00eancia da fun\u00e7\u00e3o.<\/p>\n\n\n\n<p>Com essa garantia, o juiz s\u00f3 pode ser removido do cargo por meio de uma senten\u00e7a judicial transitada em julgado. \u00c9 a partir desse momento que ele deixa de ser substituto e se torna titular de uma comarca, assumindo a responsabilidade plena por uma unidade judici\u00e1ria.<\/p>\n\n\n\n<h2 class=\"wp-block-heading\">Como funciona a progress\u00e3o na carreira?<\/h2>\n\n\n\n<p>Uma vez titularizado, o juiz avan\u00e7a na carreira por meio das &#8220;entr\u00e2ncias&#8221;, que s\u00e3o n\u00edveis que classificam as comarcas de acordo com seu porte e volume de processos. A progress\u00e3o geralmente segue uma ordem:<\/p>\n\n\n\n<ul class=\"wp-block-list\">\n<li><strong>Entr\u00e2ncia inicial:<\/strong> s\u00e3o as comarcas de menor porte, localizadas no interior do estado.<\/li>\n\n\n\n<li><strong>Entr\u00e2ncia intermedi\u00e1ria:<\/strong> abrange cidades com maior movimento processual.<\/li>\n\n\n\n<li><strong>Entr\u00e2ncia final:<\/strong> representa as maiores e mais complexas comarcas, como a capital Goi\u00e2nia e outras cidades polo.<\/li>\n<\/ul>\n\n\n\n<p>A promo\u00e7\u00e3o de uma entr\u00e2ncia para outra ocorre por dois crit\u00e9rios, aplicados de forma alternada: antiguidade e merecimento. O primeiro considera o tempo de servi\u00e7o do juiz na entr\u00e2ncia atual, enquanto o segundo avalia seu desempenho, produtividade e participa\u00e7\u00e3o em cursos de aperfei\u00e7oamento.<\/p>\n\n\n\n<p>O \u00e1pice da carreira na primeira inst\u00e2ncia \u00e9 atingir a entr\u00e2ncia final. A partir da\u00ed, o magistrado pode concorrer, tamb\u00e9m por antiguidade ou merecimento, a uma vaga de <a target=\"_blank\" rel=\"noreferrer noopener\" href=\"https:\/\/www.correiobraziliense.com.br\/direito-e-justica\/2025\/06\/7182466-desembargador-getulio-oliveira-um-juiz-que-marcou-a-historia-do-tjdft.html\">desembargador<\/a>, passando a atuar na segunda inst\u00e2ncia do <a target=\"_blank\" rel=\"noreferrer noopener\" href=\"https:\/\/www.correiobraziliense.com.br\/euestudante\/concursos\/2025\/12\/7315865-trf-da-2-regiao-lanca-concurso-para-juiz-com-salario-de-rs-377-mil.html\">Tribunal de Justi\u00e7a<\/a>.<\/p>\n","protected":false},"excerpt":{"rendered":"<p>Veja a progress\u00e3o funcional, atribui\u00e7\u00f5es de comarca e a rotina de trabalho na magistratura estadual depois do per\u00edodo de vitaliciamento<\/p>\n","protected":false},"author":10,"featured_media":25547,"comment_status":"open","ping_status":"open","sticky":false,"template":"","format":"standard","meta":{"jnews-multi-image_gallery":[],"jnews_single_post":{"format":"standard"},"jnews_primary_category":[],"jnews_social_meta":[],"jnews_override_counter":[],"footnotes":""},"categories":[154],"tags":[157,7753,12423],"class_list":["post-38020","post","type-post","status-publish","format-standard","has-post-thumbnail","hentry","category-brasil","tag-brasil","tag-juiz","tag-tjgo"],"yoast_head":"<!-- This site is optimized with the Yoast SEO plugin v25.1 - https:\/\/yoast.com\/wordpress\/plugins\/seo\/ -->\n<title>O que muda na carreira de juiz substituto ap\u00f3s aprova\u00e7\u00e3o no TJGO - Correio Braziliense - Aqui<\/title>\n<meta name=\"description\" content=\"Veja a progress\u00e3o funcional, atribui\u00e7\u00f5es de comarca e a rotina de trabalho de juiz ap\u00f3s aprova\u00e7\u00e3o em concurso\" \/>\n<meta name=\"robots\" content=\"index, follow, max-snippet:-1, max-image-preview:large, max-video-preview:-1\" \/>\n<link rel=\"canonical\" href=\"https:\/\/www.correiobraziliense.com.br\/aqui\/2026\/08\/27\/o-que-muda-na-carreira-de-juiz-substituto-apos-aprovacao-no-tjgo\/\" \/>\n<meta property=\"og:locale\" content=\"pt_BR\" \/>\n<meta property=\"og:type\" content=\"article\" \/>\n<meta property=\"og:title\" content=\"O que muda na carreira de juiz substituto ap\u00f3s aprova\u00e7\u00e3o no TJGO - Correio Braziliense - Aqui\" \/>\n<meta property=\"og:description\" content=\"Veja a progress\u00e3o funcional, atribui\u00e7\u00f5es de comarca e a rotina de trabalho de juiz ap\u00f3s aprova\u00e7\u00e3o em concurso\" \/>\n<meta property=\"og:url\" content=\"https:\/\/www.correiobraziliense.com.br\/aqui\/2026\/08\/27\/o-que-muda-na-carreira-de-juiz-substituto-apos-aprovacao-no-tjgo\/\" \/>\n<meta property=\"og:site_name\" content=\"Correio Braziliense - Aqui\" \/>\n<meta property=\"article:published_time\" content=\"2026-08-27T22:15:00+00:00\" \/>\n<meta property=\"og:image\" content=\"https:\/\/www.correiobraziliense.com.br\/aqui\/wp-content\/uploads\/2026\/03\/juiz_1774524199584.jpg\" \/>\n\t<meta property=\"og:image:width\" content=\"1280\" \/>\n\t<meta property=\"og:image:height\" content=\"720\" \/>\n\t<meta property=\"og:image:type\" content=\"image\/jpeg\" \/>\n<meta name=\"author\" content=\"Larissa\" \/>\n<meta name=\"twitter:card\" content=\"summary_large_image\" \/>\n<meta name=\"twitter:label1\" content=\"Escrito por\" \/>\n\t<meta name=\"twitter:data1\" content=\"Larissa\" \/>\n\t<meta name=\"twitter:label2\" content=\"Est. tempo de leitura\" \/>\n\t<meta name=\"twitter:data2\" content=\"3 minutos\" \/>\n<!-- \/ Yoast SEO plugin. -->","yoast_head_json":{"title":"O que muda na carreira de juiz substituto ap\u00f3s aprova\u00e7\u00e3o no TJGO - Correio Braziliense - Aqui","description":"Veja a progress\u00e3o funcional, atribui\u00e7\u00f5es de comarca e a rotina de trabalho de juiz ap\u00f3s aprova\u00e7\u00e3o em concurso","robots":{"index":"index","follow":"follow","max-snippet":"max-snippet:-1","max-image-preview":"max-image-preview:large","max-video-preview":"max-video-preview:-1"},"canonical":"https:\/\/www.correiobraziliense.com.br\/aqui\/2026\/08\/27\/o-que-muda-na-carreira-de-juiz-substituto-apos-aprovacao-no-tjgo\/","og_locale":"pt_BR","og_type":"article","og_title":"O que muda na carreira de juiz substituto ap\u00f3s aprova\u00e7\u00e3o no TJGO - Correio Braziliense - Aqui","og_description":"Veja a progress\u00e3o funcional, atribui\u00e7\u00f5es de comarca e a rotina de trabalho de juiz ap\u00f3s aprova\u00e7\u00e3o em concurso","og_url":"https:\/\/www.correiobraziliense.com.br\/aqui\/2026\/08\/27\/o-que-muda-na-carreira-de-juiz-substituto-apos-aprovacao-no-tjgo\/","og_site_name":"Correio Braziliense - Aqui","article_published_time":"2026-08-27T22:15:00+00:00","og_image":[{"width":1280,"height":720,"url":"https:\/\/www.correiobraziliense.com.br\/aqui\/wp-content\/uploads\/2026\/03\/juiz_1774524199584.jpg","type":"image\/jpeg"}],"author":"Larissa","twitter_card":"summary_large_image","twitter_misc":{"Escrito por":"Larissa","Est. tempo de leitura":"3 minutos"},"schema":{"@context":"https:\/\/schema.org","@graph":[{"@type":"WebPage","@id":"https:\/\/www.correiobraziliense.com.br\/aqui\/2026\/08\/27\/o-que-muda-na-carreira-de-juiz-substituto-apos-aprovacao-no-tjgo\/","url":"https:\/\/www.correiobraziliense.com.br\/aqui\/2026\/08\/27\/o-que-muda-na-carreira-de-juiz-substituto-apos-aprovacao-no-tjgo\/","name":"O que muda na carreira de juiz substituto ap\u00f3s aprova\u00e7\u00e3o no TJGO - Correio Braziliense - Aqui","isPartOf":{"@id":"https:\/\/www.correiobraziliense.com.br\/aqui\/#website"},"primaryImageOfPage":{"@id":"https:\/\/www.correiobraziliense.com.br\/aqui\/2026\/08\/27\/o-que-muda-na-carreira-de-juiz-substituto-apos-aprovacao-no-tjgo\/#primaryimage"},"image":{"@id":"https:\/\/www.correiobraziliense.com.br\/aqui\/2026\/08\/27\/o-que-muda-na-carreira-de-juiz-substituto-apos-aprovacao-no-tjgo\/#primaryimage"},"thumbnailUrl":"https:\/\/www.correiobraziliense.com.br\/aqui\/wp-content\/uploads\/2026\/03\/juiz_1774524199584.jpg","datePublished":"2026-08-27T22:15:00+00:00","author":{"@id":"https:\/\/www.correiobraziliense.com.br\/aqui\/#\/schema\/person\/775f50a8c1ac31704d56816e99b29041"},"description":"Veja a progress\u00e3o funcional, atribui\u00e7\u00f5es de comarca e a rotina de trabalho de juiz ap\u00f3s aprova\u00e7\u00e3o em concurso","breadcrumb":{"@id":"https:\/\/www.correiobraziliense.com.br\/aqui\/2026\/08\/27\/o-que-muda-na-carreira-de-juiz-substituto-apos-aprovacao-no-tjgo\/#breadcrumb"},"inLanguage":"pt-BR","potentialAction":[{"@type":"ReadAction","target":["https:\/\/www.correiobraziliense.com.br\/aqui\/2026\/08\/27\/o-que-muda-na-carreira-de-juiz-substituto-apos-aprovacao-no-tjgo\/"]}]},{"@type":"ImageObject","inLanguage":"pt-BR","@id":"https:\/\/www.correiobraziliense.com.br\/aqui\/2026\/08\/27\/o-que-muda-na-carreira-de-juiz-substituto-apos-aprovacao-no-tjgo\/#primaryimage","url":"https:\/\/www.correiobraziliense.com.br\/aqui\/wp-content\/uploads\/2026\/03\/juiz_1774524199584.jpg","contentUrl":"https:\/\/www.correiobraziliense.com.br\/aqui\/wp-content\/uploads\/2026\/03\/juiz_1774524199584.jpg","width":1280,"height":720,"caption":"Cr\u00e9ditos: depositphotos.com \/ AllaSerebrina"},{"@type":"BreadcrumbList","@id":"https:\/\/www.correiobraziliense.com.br\/aqui\/2026\/08\/27\/o-que-muda-na-carreira-de-juiz-substituto-apos-aprovacao-no-tjgo\/#breadcrumb","itemListElement":[{"@type":"ListItem","position":1,"name":"In\u00edcio","item":"https:\/\/www.correiobraziliense.com.br\/aqui\/"},{"@type":"ListItem","position":2,"name":"O que muda na carreira de juiz substituto ap\u00f3s aprova\u00e7\u00e3o no TJGO"}]},{"@type":"WebSite","@id":"https:\/\/www.correiobraziliense.com.br\/aqui\/#website","url":"https:\/\/www.correiobraziliense.com.br\/aqui\/","name":"Correio Braziliense - Aqui","description":"O Correio Braziliense (CB) \u00e9 o mais importante canal de not\u00edcias de Bras\u00edlia. Aqui voc\u00ea encontra as \u00faltimas not\u00edcias do DF, do Brasil e do mundo.","potentialAction":[{"@type":"SearchAction","target":{"@type":"EntryPoint","urlTemplate":"https:\/\/www.correiobraziliense.com.br\/aqui\/?s={search_term_string}"},"query-input":{"@type":"PropertyValueSpecification","valueRequired":true,"valueName":"search_term_string"}}],"inLanguage":"pt-BR"},{"@type":"Person","@id":"https:\/\/www.correiobraziliense.com.br\/aqui\/#\/schema\/person\/775f50a8c1ac31704d56816e99b29041","name":"Larissa","image":{"@type":"ImageObject","inLanguage":"pt-BR","@id":"https:\/\/www.correiobraziliense.com.br\/aqui\/#\/schema\/person\/image\/","url":"https:\/\/secure.gravatar.com\/avatar\/62f5b2e99de671d075ab98e19f03c3c38c80a93f5d06f51075cf4431a4e76458?s=96&d=mm&r=g","contentUrl":"https:\/\/secure.gravatar.com\/avatar\/62f5b2e99de671d075ab98e19f03c3c38c80a93f5d06f51075cf4431a4e76458?s=96&d=mm&r=g","caption":"Larissa"},"url":"https:\/\/www.correiobraziliense.com.br\/aqui\/author\/larissaaqui\/"}]}},"_links":{"self":[{"href":"https:\/\/www.correiobraziliense.com.br\/aqui\/wp-json\/wp\/v2\/posts\/38020","targetHints":{"allow":["GET"]}}],"collection":[{"href":"https:\/\/www.correiobraziliense.com.br\/aqui\/wp-json\/wp\/v2\/posts"}],"about":[{"href":"https:\/\/www.correiobraziliense.com.br\/aqui\/wp-json\/wp\/v2\/types\/post"}],"author":[{"embeddable":true,"href":"https:\/\/www.correiobraziliense.com.br\/aqui\/wp-json\/wp\/v2\/users\/10"}],"replies":[{"embeddable":true,"href":"https:\/\/www.correiobraziliense.com.br\/aqui\/wp-json\/wp\/v2\/comments?post=38020"}],"version-history":[{"count":3,"href":"https:\/\/www.correiobraziliense.com.br\/aqui\/wp-json\/wp\/v2\/posts\/38020\/revisions"}],"predecessor-version":[{"id":38023,"href":"https:\/\/www.correiobraziliense.com.br\/aqui\/wp-json\/wp\/v2\/posts\/38020\/revisions\/38023"}],"wp:featuredmedia":[{"embeddable":true,"href":"https:\/\/www.correiobraziliense.com.br\/aqui\/wp-json\/wp\/v2\/media\/25547"}],"wp:attachment":[{"href":"https:\/\/www.correiobraziliense.com.br\/aqui\/wp-json\/wp\/v2\/media?parent=38020"}],"wp:term":[{"taxonomy":"category","embeddable":true,"href":"https:\/\/www.correiobraziliense.com.br\/aqui\/wp-json\/wp\/v2\/categories?post=38020"},{"taxonomy":"post_tag","embeddable":true,"href":"https:\/\/www.correiobraziliense.com.br\/aqui\/wp-json\/wp\/v2\/tags?post=38020"}],"curies":[{"name":"wp","href":"https:\/\/api.w.org\/{rel}","templated":true}]}}