{"id":38028,"date":"2026-08-27T19:40:00","date_gmt":"2026-08-27T22:40:00","guid":{"rendered":"https:\/\/www.correiobraziliense.com.br\/aqui\/?p=38028"},"modified":"2026-08-27T15:27:19","modified_gmt":"2026-08-27T18:27:19","slug":"ecoturismo-perto-de-brasilia-lugares-para-curtir-a-natureza","status":"publish","type":"post","link":"https:\/\/www.correiobraziliense.com.br\/aqui\/2026\/08\/27\/ecoturismo-perto-de-brasilia-lugares-para-curtir-a-natureza\/","title":{"rendered":"Ecoturismo perto de Bras\u00edlia: lugares para curtir a natureza"},"content":{"rendered":"\n<p>A busca por ref\u00fagios na natureza para escapar da rotina urbana \u00e9 um movimento crescente. Para quem vive em Bras\u00edlia e deseja essa conex\u00e3o, n\u00e3o \u00e9 preciso ir muito longe. A regi\u00e3o ao redor da capital federal \u00e9 rica em destinos de ecoturismo perfeitos para uma escapada de final de semana.<\/p>\n\n\n\n<p>Esses locais oferecem um contato direto com a vegeta\u00e7\u00e3o do Cerrado, cachoeiras de \u00e1guas cristalinas e trilhas que renovam as energias. S\u00e3o op\u00e7\u00f5es que variam de <a target=\"_blank\" rel=\"noreferrer noopener\" href=\"https:\/\/www.correiobraziliense.com.br\/cidades-df\/2026\/07\/7457639-8-destinos-para-aproveitar-as-ferias-em-um-bate-volta-saindo-de-brasilia.html\">passeios r\u00e1pidos de um dia<\/a> a viagens que exigem um pouco mais de planejamento, mas todas com o mesmo objetivo: proporcionar uma pausa da rotina urbana e um mergulho no meio ambiente.<\/p>\n\n\n\n<h2 class=\"wp-block-heading\">Parque Nacional da Chapada dos Veadeiros<\/h2>\n\n\n\n<p>Localizado a cerca de 230 km de Bras\u00edlia, este \u00e9 talvez o destino mais famoso da regi\u00e3o. A Chapada dos Veadeiros, em Goi\u00e1s, \u00e9 um Patrim\u00f4nio Natural da Humanidade pela Unesco e atrai visitantes com suas paisagens impressionantes, c\u00e2nions e numerosas cachoeiras. As cidades de Alto Para\u00edso de Goi\u00e1s e a vila de S\u00e3o Jorge servem como base para os turistas.<\/p>\n\n\n\n<p>Entre os atrativos mais procurados est\u00e3o o Vale da Lua, com suas forma\u00e7\u00f5es rochosas que lembram a superf\u00edcie lunar, e os Saltos do Rio Preto, duas quedas d&#8217;\u00e1gua imponentes acessadas por trilhas dentro do parque. A regi\u00e3o tamb\u00e9m \u00e9 conhecida por seu misticismo e pela grande concentra\u00e7\u00e3o de cristais de quartzo no solo.<\/p>\n\n\n\n<h2 class=\"wp-block-heading\">Salto do Itiquira<\/h2>\n\n\n\n<p>Para quem busca uma viagem mais curta, o Salto do Itiquira, no munic\u00edpio de Formosa (GO), \u00e9 uma excelente escolha. A cerca de 115 km de Bras\u00edlia, o principal atrativo do parque municipal \u00e9 uma cachoeira com aproximadamente 168 metros de altura, uma das maiores quedas d\u2019\u00e1gua acess\u00edveis do Brasil. O volume de \u00e1gua forma um spray que pode ser sentido a dist\u00e2ncia, criando um espet\u00e1culo natural.<\/p>\n\n\n\n<p>A estrutura do parque conta com trilhas bem sinalizadas e de f\u00e1cil acesso, tornando o passeio ideal para fam\u00edlias e pessoas que n\u00e3o est\u00e3o acostumadas com longas caminhadas. \u00c9 um programa perfeito para um bate e volta no s\u00e1bado ou domingo.<\/p>\n\n\n\n<h2 class=\"wp-block-heading\">Parque Nacional de Bras\u00edlia (\u00c1gua Mineral)<\/h2>\n\n\n\n<p>Conhecido popularmente como \u00c1gua Mineral, este parque \u00e9 o ref\u00fagio natural dos brasilienses. Situado a apenas 10 km do centro da cidade, \u00e9 a op\u00e7\u00e3o mais pr\u00e1tica para um contato r\u00e1pido com a natureza. Suas principais atra\u00e7\u00f5es s\u00e3o as piscinas de \u00e1gua corrente, formadas a partir de po\u00e7os do C\u00f3rrego Acampamento.<\/p>\n\n\n\n<p>As duas piscinas, Acobertada e Pedreira, oferecem um banho refrescante em meio \u00e0 vegeta\u00e7\u00e3o nativa do Cerrado. Al\u00e9m das \u00e1reas de banho, o parque possui duas trilhas de pequena dificuldade, a da Capivara e a do Cristal \u00c1gua, onde \u00e9 poss\u00edvel observar animais silvestres e aprender mais sobre a flora local.<\/p>\n","protected":false},"excerpt":{"rendered":"<p>Confira op\u00e7\u00f5es imperd\u00edveis de reservas e parques pr\u00f3ximos \u00e0 capital para renovar as energias no final de semana<\/p>\n","protected":false},"author":10,"featured_media":38033,"comment_status":"open","ping_status":"open","sticky":false,"template":"","format":"standard","meta":{"jnews-multi-image_gallery":[],"jnews_single_post":{"format":"standard"},"jnews_primary_category":[],"jnews_social_meta":[],"jnews_override_counter":[],"footnotes":""},"categories":[148],"tags":[2168,146],"class_list":["post-38028","post","type-post","status-publish","format-standard","has-post-thumbnail","hentry","category-turismo","tag-brasilia","tag-turismo"],"yoast_head":"<!-- This site is optimized with the Yoast SEO plugin v25.1 - https:\/\/yoast.com\/wordpress\/plugins\/seo\/ -->\n<title>Ecoturismo perto de Bras\u00edlia: lugares para curtir a natureza - Correio Braziliense - Aqui<\/title>\n<meta name=\"description\" content=\"Confira op\u00e7\u00f5es imperd\u00edveis de reservas e parques pr\u00f3ximos \u00e0 capital para renovar as energias e se conectar \u00e0 natureza\" \/>\n<meta name=\"robots\" content=\"index, follow, max-snippet:-1, max-image-preview:large, max-video-preview:-1\" \/>\n<link rel=\"canonical\" href=\"https:\/\/www.correiobraziliense.com.br\/aqui\/2026\/08\/27\/ecoturismo-perto-de-brasilia-lugares-para-curtir-a-natureza\/\" \/>\n<meta property=\"og:locale\" content=\"pt_BR\" \/>\n<meta property=\"og:type\" content=\"article\" \/>\n<meta property=\"og:title\" content=\"Ecoturismo perto de Bras\u00edlia: lugares para curtir a natureza - Correio Braziliense - Aqui\" \/>\n<meta property=\"og:description\" content=\"Confira op\u00e7\u00f5es imperd\u00edveis de reservas e parques pr\u00f3ximos \u00e0 capital para renovar as energias e se conectar \u00e0 natureza\" \/>\n<meta property=\"og:url\" content=\"https:\/\/www.correiobraziliense.com.br\/aqui\/2026\/08\/27\/ecoturismo-perto-de-brasilia-lugares-para-curtir-a-natureza\/\" \/>\n<meta property=\"og:site_name\" content=\"Correio Braziliense - Aqui\" \/>\n<meta property=\"article:published_time\" content=\"2026-08-27T22:40:00+00:00\" \/>\n<meta property=\"og:image\" content=\"https:\/\/www.correiobraziliense.com.br\/aqui\/wp-content\/uploads\/2026\/08\/chapada-dos-veadeiros_1787855092412.jpg\" \/>\n\t<meta property=\"og:image:width\" content=\"1280\" \/>\n\t<meta property=\"og:image:height\" content=\"720\" \/>\n\t<meta property=\"og:image:type\" content=\"image\/jpeg\" \/>\n<meta name=\"author\" content=\"Larissa\" \/>\n<meta name=\"twitter:card\" content=\"summary_large_image\" \/>\n<meta name=\"twitter:label1\" content=\"Escrito por\" \/>\n\t<meta name=\"twitter:data1\" content=\"Larissa\" \/>\n\t<meta name=\"twitter:label2\" content=\"Est. tempo de leitura\" \/>\n\t<meta name=\"twitter:data2\" content=\"3 minutos\" \/>\n<!-- \/ Yoast SEO plugin. -->","yoast_head_json":{"title":"Ecoturismo perto de Bras\u00edlia: lugares para curtir a natureza - Correio Braziliense - Aqui","description":"Confira op\u00e7\u00f5es imperd\u00edveis de reservas e parques pr\u00f3ximos \u00e0 capital para renovar as energias e se conectar \u00e0 natureza","robots":{"index":"index","follow":"follow","max-snippet":"max-snippet:-1","max-image-preview":"max-image-preview:large","max-video-preview":"max-video-preview:-1"},"canonical":"https:\/\/www.correiobraziliense.com.br\/aqui\/2026\/08\/27\/ecoturismo-perto-de-brasilia-lugares-para-curtir-a-natureza\/","og_locale":"pt_BR","og_type":"article","og_title":"Ecoturismo perto de Bras\u00edlia: lugares para curtir a natureza - Correio Braziliense - Aqui","og_description":"Confira op\u00e7\u00f5es imperd\u00edveis de reservas e parques pr\u00f3ximos \u00e0 capital para renovar as energias e se conectar \u00e0 natureza","og_url":"https:\/\/www.correiobraziliense.com.br\/aqui\/2026\/08\/27\/ecoturismo-perto-de-brasilia-lugares-para-curtir-a-natureza\/","og_site_name":"Correio Braziliense - Aqui","article_published_time":"2026-08-27T22:40:00+00:00","og_image":[{"width":1280,"height":720,"url":"https:\/\/www.correiobraziliense.com.br\/aqui\/wp-content\/uploads\/2026\/08\/chapada-dos-veadeiros_1787855092412.jpg","type":"image\/jpeg"}],"author":"Larissa","twitter_card":"summary_large_image","twitter_misc":{"Escrito por":"Larissa","Est. tempo de leitura":"3 minutos"},"schema":{"@context":"https:\/\/schema.org","@graph":[{"@type":"WebPage","@id":"https:\/\/www.correiobraziliense.com.br\/aqui\/2026\/08\/27\/ecoturismo-perto-de-brasilia-lugares-para-curtir-a-natureza\/","url":"https:\/\/www.correiobraziliense.com.br\/aqui\/2026\/08\/27\/ecoturismo-perto-de-brasilia-lugares-para-curtir-a-natureza\/","name":"Ecoturismo perto de Bras\u00edlia: lugares para curtir a natureza - Correio Braziliense - Aqui","isPartOf":{"@id":"https:\/\/www.correiobraziliense.com.br\/aqui\/#website"},"primaryImageOfPage":{"@id":"https:\/\/www.correiobraziliense.com.br\/aqui\/2026\/08\/27\/ecoturismo-perto-de-brasilia-lugares-para-curtir-a-natureza\/#primaryimage"},"image":{"@id":"https:\/\/www.correiobraziliense.com.br\/aqui\/2026\/08\/27\/ecoturismo-perto-de-brasilia-lugares-para-curtir-a-natureza\/#primaryimage"},"thumbnailUrl":"https:\/\/www.correiobraziliense.com.br\/aqui\/wp-content\/uploads\/2026\/08\/chapada-dos-veadeiros_1787855092412.jpg","datePublished":"2026-08-27T22:40:00+00:00","author":{"@id":"https:\/\/www.correiobraziliense.com.br\/aqui\/#\/schema\/person\/775f50a8c1ac31704d56816e99b29041"},"description":"Confira op\u00e7\u00f5es imperd\u00edveis de reservas e parques pr\u00f3ximos \u00e0 capital para renovar as energias e se conectar \u00e0 natureza","breadcrumb":{"@id":"https:\/\/www.correiobraziliense.com.br\/aqui\/2026\/08\/27\/ecoturismo-perto-de-brasilia-lugares-para-curtir-a-natureza\/#breadcrumb"},"inLanguage":"pt-BR","potentialAction":[{"@type":"ReadAction","target":["https:\/\/www.correiobraziliense.com.br\/aqui\/2026\/08\/27\/ecoturismo-perto-de-brasilia-lugares-para-curtir-a-natureza\/"]}]},{"@type":"ImageObject","inLanguage":"pt-BR","@id":"https:\/\/www.correiobraziliense.com.br\/aqui\/2026\/08\/27\/ecoturismo-perto-de-brasilia-lugares-para-curtir-a-natureza\/#primaryimage","url":"https:\/\/www.correiobraziliense.com.br\/aqui\/wp-content\/uploads\/2026\/08\/chapada-dos-veadeiros_1787855092412.jpg","contentUrl":"https:\/\/www.correiobraziliense.com.br\/aqui\/wp-content\/uploads\/2026\/08\/chapada-dos-veadeiros_1787855092412.jpg","width":1280,"height":720,"caption":"Cr\u00e9ditos: depositphotos.com \/ A.Paes"},{"@type":"BreadcrumbList","@id":"https:\/\/www.correiobraziliense.com.br\/aqui\/2026\/08\/27\/ecoturismo-perto-de-brasilia-lugares-para-curtir-a-natureza\/#breadcrumb","itemListElement":[{"@type":"ListItem","position":1,"name":"In\u00edcio","item":"https:\/\/www.correiobraziliense.com.br\/aqui\/"},{"@type":"ListItem","position":2,"name":"Ecoturismo perto de Bras\u00edlia: lugares para curtir a natureza"}]},{"@type":"WebSite","@id":"https:\/\/www.correiobraziliense.com.br\/aqui\/#website","url":"https:\/\/www.correiobraziliense.com.br\/aqui\/","name":"Correio Braziliense - Aqui","description":"O Correio Braziliense (CB) \u00e9 o mais importante canal de not\u00edcias de Bras\u00edlia. Aqui voc\u00ea encontra as \u00faltimas not\u00edcias do DF, do Brasil e do mundo.","potentialAction":[{"@type":"SearchAction","target":{"@type":"EntryPoint","urlTemplate":"https:\/\/www.correiobraziliense.com.br\/aqui\/?s={search_term_string}"},"query-input":{"@type":"PropertyValueSpecification","valueRequired":true,"valueName":"search_term_string"}}],"inLanguage":"pt-BR"},{"@type":"Person","@id":"https:\/\/www.correiobraziliense.com.br\/aqui\/#\/schema\/person\/775f50a8c1ac31704d56816e99b29041","name":"Larissa","image":{"@type":"ImageObject","inLanguage":"pt-BR","@id":"https:\/\/www.correiobraziliense.com.br\/aqui\/#\/schema\/person\/image\/","url":"https:\/\/secure.gravatar.com\/avatar\/62f5b2e99de671d075ab98e19f03c3c38c80a93f5d06f51075cf4431a4e76458?s=96&d=mm&r=g","contentUrl":"https:\/\/secure.gravatar.com\/avatar\/62f5b2e99de671d075ab98e19f03c3c38c80a93f5d06f51075cf4431a4e76458?s=96&d=mm&r=g","caption":"Larissa"},"url":"https:\/\/www.correiobraziliense.com.br\/aqui\/author\/larissaaqui\/"}]}},"_links":{"self":[{"href":"https:\/\/www.correiobraziliense.com.br\/aqui\/wp-json\/wp\/v2\/posts\/38028","targetHints":{"allow":["GET"]}}],"collection":[{"href":"https:\/\/www.correiobraziliense.com.br\/aqui\/wp-json\/wp\/v2\/posts"}],"about":[{"href":"https:\/\/www.correiobraziliense.com.br\/aqui\/wp-json\/wp\/v2\/types\/post"}],"author":[{"embeddable":true,"href":"https:\/\/www.correiobraziliense.com.br\/aqui\/wp-json\/wp\/v2\/users\/10"}],"replies":[{"embeddable":true,"href":"https:\/\/www.correiobraziliense.com.br\/aqui\/wp-json\/wp\/v2\/comments?post=38028"}],"version-history":[{"count":4,"href":"https:\/\/www.correiobraziliense.com.br\/aqui\/wp-json\/wp\/v2\/posts\/38028\/revisions"}],"predecessor-version":[{"id":38032,"href":"https:\/\/www.correiobraziliense.com.br\/aqui\/wp-json\/wp\/v2\/posts\/38028\/revisions\/38032"}],"wp:featuredmedia":[{"embeddable":true,"href":"https:\/\/www.correiobraziliense.com.br\/aqui\/wp-json\/wp\/v2\/media\/38033"}],"wp:attachment":[{"href":"https:\/\/www.correiobraziliense.com.br\/aqui\/wp-json\/wp\/v2\/media?parent=38028"}],"wp:term":[{"taxonomy":"category","embeddable":true,"href":"https:\/\/www.correiobraziliense.com.br\/aqui\/wp-json\/wp\/v2\/categories?post=38028"},{"taxonomy":"post_tag","embeddable":true,"href":"https:\/\/www.correiobraziliense.com.br\/aqui\/wp-json\/wp\/v2\/tags?post=38028"}],"curies":[{"name":"wp","href":"https:\/\/api.w.org\/{rel}","templated":true}]}}