{"id":38043,"date":"2026-08-27T17:59:31","date_gmt":"2026-08-27T20:59:31","guid":{"rendered":"https:\/\/www.correiobraziliense.com.br\/aqui\/?p=38043"},"modified":"2026-08-27T17:59:34","modified_gmt":"2026-08-27T20:59:34","slug":"riscos-das-canetas-emagrecedoras-para-criancas-e-adolescentes-sem-indicacao-medica","status":"publish","type":"post","link":"https:\/\/www.correiobraziliense.com.br\/aqui\/2026\/08\/27\/riscos-das-canetas-emagrecedoras-para-criancas-e-adolescentes-sem-indicacao-medica\/","title":{"rendered":"Riscos das &#8216;canetas emagrecedoras&#8217; para crian\u00e7as e adolescentes sem indica\u00e7\u00e3o m\u00e9dica"},"content":{"rendered":"\n<p>A Sociedade Brasileira de Pediatria (SBP) emitiu um alerta oficial sobre os perigos do uso de medicamentos da classe dos agonistas do receptor GLP-1, conhecidos popularmente como &#8216;canetas emagrecedoras&#8217;, por crian\u00e7as e adolescentes sem acompanhamento m\u00e9dico rigoroso. A entidade destaca que a pr\u00e1tica, muitas vezes incentivada pela busca por resultados r\u00e1pidos ou por fins est\u00e9ticos, pode causar danos severos \u00e0 sa\u00fade dos jovens, que ainda est\u00e3o em fase de desenvolvimento.<\/p>\n\n\n\n<p>O comunicado da SBP surge em um momento de crescente preocupa\u00e7\u00e3o com a <a target=\"_blank\" rel=\"noreferrer noopener\" href=\"https:\/\/www.correiobraziliense.com.br\/brasil\/2026\/08\/7486006-sbp-alerta-para-uso-de-canetas-emagrecedoras-por-criancas-e-adolescentes.html\">obesidade infantil<\/a> no Brasil. No entanto, a automedica\u00e7\u00e3o ou a prescri\u00e7\u00e3o sem uma avalia\u00e7\u00e3o completa ignora as complexas causas do ganho de peso. Fatores gen\u00e9ticos, ambientais, psicol\u00f3gicos e hormonais precisam ser investigados antes de qualquer interven\u00e7\u00e3o farmacol\u00f3gica, que deve ser sempre a \u00faltima op\u00e7\u00e3o.<\/p>\n\n\n\n<h2 class=\"wp-block-heading\">Principais riscos do uso indiscriminado<\/h2>\n\n\n\n<p>A administra\u00e7\u00e3o desses f\u00e1rmacos sem o devido cuidado exp\u00f5e crian\u00e7as e adolescentes a uma s\u00e9rie de efeitos colaterais graves. O uso inadequado, especialmente com finalidade est\u00e9tica em jovens com peso adequado, pode servir de gatilho para <a target=\"_blank\" rel=\"noreferrer noopener\" href=\"https:\/\/www.correiobraziliense.com.br\/ciencia-e-saude\/2025\/09\/7242566-saude-mental-bariatrica-oferece-menos-riscos-do-que-canetas-emagrecedoras.html\">transtornos alimentares<\/a>. Os principais perigos citados pela SBP incluem:<\/p>\n\n\n\n<ul class=\"wp-block-list\">\n<li><strong>pancreatite aguda:<\/strong> uma inflama\u00e7\u00e3o grave do p\u00e2ncreas que pode ser fatal;<\/li>\n\n\n\n<li><strong>problemas na ves\u00edcula biliar:<\/strong> incluindo a forma\u00e7\u00e3o de c\u00e1lculos biliares;<\/li>\n\n\n\n<li><strong>desidrata\u00e7\u00e3o e dist\u00farbios eletrol\u00edticos:<\/strong> devido a v\u00f4mitos e diarreia, efeitos colaterais comuns;<\/li>\n\n\n\n<li><strong>perda de massa muscular:<\/strong> a perda de peso r\u00e1pida pode comprometer a massa magra, essencial para o desenvolvimento;<\/li>\n\n\n\n<li><strong>d\u00e9ficit de crescimento e desenvolvimento:<\/strong> a restri\u00e7\u00e3o cal\u00f3rica severa pode interferir na puberdade e no crescimento estatural;<\/li>\n\n\n\n<li><strong>efeitos psiqui\u00e1tricos:<\/strong> quadros de ansiedade, irritabilidade e depress\u00e3o podem ser desencadeados ou agravados.<\/li>\n<\/ul>\n\n\n\n<h2 class=\"wp-block-heading\">A forma correta de tratar a obesidade juvenil<\/h2>\n\n\n\n<p>O tratamento da obesidade em jovens deve ser conduzido por uma equipe multidisciplinar. O acompanhamento com pediatra, nutricionista, psic\u00f3logo e educador f\u00edsico \u00e9 fundamental para criar um plano de a\u00e7\u00e3o seguro e eficaz. A abordagem correta foca na reeduca\u00e7\u00e3o alimentar de toda a fam\u00edlia, no est\u00edmulo \u00e0 pr\u00e1tica regular de atividades f\u00edsicas e no suporte emocional para a crian\u00e7a.<\/p>\n\n\n\n<p>Medicamentos s\u00f3 devem ser considerados em casos muito espec\u00edficos, quando as mudan\u00e7as no estilo de vida n\u00e3o surtem o efeito esperado e o excesso de peso j\u00e1 representa um risco grave \u00e0 sa\u00fade. Mesmo nessas situa\u00e7\u00f5es, a prescri\u00e7\u00e3o \u00e9 feita com extremo crit\u00e9rio e como parte de uma <a target=\"_blank\" rel=\"noreferrer noopener\" href=\"https:\/\/www.correiobraziliense.com.br\/ciencia-e-saude\/2025\/12\/7304702-oms-publica-1-diretriz-sobre-o-uso-de-canetas-emagrecedoras.html\">estrat\u00e9gia terap\u00eautica ampla<\/a>, nunca de forma isolada.<\/p>\n\n\n\n<p><\/p>\n","protected":false},"excerpt":{"rendered":"<p>A Sociedade Brasileira de Pediatria (SBP) emitiu um alerta oficial sobre os perigos do uso de medicamentos da classe dos agonistas do receptor GLP-1, conhecidos popularmente como &#8216;canetas emagrecedoras&#8217;, por crian\u00e7as e adolescentes sem acompanhamento m\u00e9dico rigoroso. A entidade destaca que a pr\u00e1tica, muitas vezes incentivada pela busca por resultados r\u00e1pidos ou por fins est\u00e9ticos, [&hellip;]<\/p>\n","protected":false},"author":9,"featured_media":20991,"comment_status":"open","ping_status":"open","sticky":false,"template":"","format":"standard","meta":{"jnews-multi-image_gallery":[],"jnews_single_post":{"format":"standard"},"jnews_primary_category":[],"jnews_social_meta":[],"jnews_override_counter":[],"footnotes":""},"categories":[123],"tags":[650,2277,3998,1524],"class_list":["post-38043","post","type-post","status-publish","format-standard","has-post-thumbnail","hentry","category-saude","tag-adolescentes","tag-caneta-emagrecedora","tag-criancas","tag-riscos"],"yoast_head":"<!-- This site is optimized with the Yoast SEO plugin v25.1 - https:\/\/yoast.com\/wordpress\/plugins\/seo\/ -->\n<title>Riscos das &#039;canetas emagrecedoras&#039; para crian\u00e7as e adolescentes sem indica\u00e7\u00e3o m\u00e9dica - Correio Braziliense - Aqui<\/title>\n<meta name=\"description\" content=\"Especialistas detalham os efeitos colaterais severos do uso precoce dessas subst\u00e2ncias e explicam a forma correta de tratar a obesidade.\" \/>\n<meta name=\"robots\" content=\"index, follow, max-snippet:-1, max-image-preview:large, max-video-preview:-1\" \/>\n<link rel=\"canonical\" href=\"https:\/\/www.correiobraziliense.com.br\/aqui\/2026\/08\/27\/riscos-das-canetas-emagrecedoras-para-criancas-e-adolescentes-sem-indicacao-medica\/\" \/>\n<meta property=\"og:locale\" content=\"pt_BR\" \/>\n<meta property=\"og:type\" content=\"article\" \/>\n<meta property=\"og:title\" content=\"Riscos das &#039;canetas emagrecedoras&#039; para crian\u00e7as e adolescentes sem indica\u00e7\u00e3o m\u00e9dica - Correio Braziliense - Aqui\" \/>\n<meta property=\"og:description\" content=\"Especialistas detalham os efeitos colaterais severos do uso precoce dessas subst\u00e2ncias e explicam a forma correta de tratar a obesidade.\" \/>\n<meta property=\"og:url\" content=\"https:\/\/www.correiobraziliense.com.br\/aqui\/2026\/08\/27\/riscos-das-canetas-emagrecedoras-para-criancas-e-adolescentes-sem-indicacao-medica\/\" \/>\n<meta property=\"og:site_name\" content=\"Correio Braziliense - Aqui\" \/>\n<meta property=\"article:published_time\" content=\"2026-08-27T20:59:31+00:00\" \/>\n<meta property=\"article:modified_time\" content=\"2026-08-27T20:59:34+00:00\" \/>\n<meta property=\"og:image\" content=\"https:\/\/www.correiobraziliense.com.br\/aqui\/wp-content\/uploads\/2026\/02\/ozempic_1770067070572.jpg\" \/>\n\t<meta property=\"og:image:width\" content=\"1280\" \/>\n\t<meta property=\"og:image:height\" content=\"720\" \/>\n\t<meta property=\"og:image:type\" content=\"image\/jpeg\" \/>\n<meta name=\"author\" content=\"Lucas\" \/>\n<meta name=\"twitter:card\" content=\"summary_large_image\" \/>\n<meta name=\"twitter:label1\" content=\"Escrito por\" \/>\n\t<meta name=\"twitter:data1\" content=\"Lucas\" \/>\n\t<meta name=\"twitter:label2\" content=\"Est. tempo de leitura\" \/>\n\t<meta name=\"twitter:data2\" content=\"3 minutos\" \/>\n<!-- \/ Yoast SEO plugin. -->","yoast_head_json":{"title":"Riscos das 'canetas emagrecedoras' para crian\u00e7as e adolescentes sem indica\u00e7\u00e3o m\u00e9dica - Correio Braziliense - Aqui","description":"Especialistas detalham os efeitos colaterais severos do uso precoce dessas subst\u00e2ncias e explicam a forma correta de tratar a obesidade.","robots":{"index":"index","follow":"follow","max-snippet":"max-snippet:-1","max-image-preview":"max-image-preview:large","max-video-preview":"max-video-preview:-1"},"canonical":"https:\/\/www.correiobraziliense.com.br\/aqui\/2026\/08\/27\/riscos-das-canetas-emagrecedoras-para-criancas-e-adolescentes-sem-indicacao-medica\/","og_locale":"pt_BR","og_type":"article","og_title":"Riscos das 'canetas emagrecedoras' para crian\u00e7as e adolescentes sem indica\u00e7\u00e3o m\u00e9dica - Correio Braziliense - Aqui","og_description":"Especialistas detalham os efeitos colaterais severos do uso precoce dessas subst\u00e2ncias e explicam a forma correta de tratar a obesidade.","og_url":"https:\/\/www.correiobraziliense.com.br\/aqui\/2026\/08\/27\/riscos-das-canetas-emagrecedoras-para-criancas-e-adolescentes-sem-indicacao-medica\/","og_site_name":"Correio Braziliense - Aqui","article_published_time":"2026-08-27T20:59:31+00:00","article_modified_time":"2026-08-27T20:59:34+00:00","og_image":[{"width":1280,"height":720,"url":"https:\/\/www.correiobraziliense.com.br\/aqui\/wp-content\/uploads\/2026\/02\/ozempic_1770067070572.jpg","type":"image\/jpeg"}],"author":"Lucas","twitter_card":"summary_large_image","twitter_misc":{"Escrito por":"Lucas","Est. tempo de leitura":"3 minutos"},"schema":{"@context":"https:\/\/schema.org","@graph":[{"@type":"WebPage","@id":"https:\/\/www.correiobraziliense.com.br\/aqui\/2026\/08\/27\/riscos-das-canetas-emagrecedoras-para-criancas-e-adolescentes-sem-indicacao-medica\/","url":"https:\/\/www.correiobraziliense.com.br\/aqui\/2026\/08\/27\/riscos-das-canetas-emagrecedoras-para-criancas-e-adolescentes-sem-indicacao-medica\/","name":"Riscos das 'canetas emagrecedoras' para crian\u00e7as e adolescentes sem indica\u00e7\u00e3o m\u00e9dica - Correio Braziliense - Aqui","isPartOf":{"@id":"https:\/\/www.correiobraziliense.com.br\/aqui\/#website"},"primaryImageOfPage":{"@id":"https:\/\/www.correiobraziliense.com.br\/aqui\/2026\/08\/27\/riscos-das-canetas-emagrecedoras-para-criancas-e-adolescentes-sem-indicacao-medica\/#primaryimage"},"image":{"@id":"https:\/\/www.correiobraziliense.com.br\/aqui\/2026\/08\/27\/riscos-das-canetas-emagrecedoras-para-criancas-e-adolescentes-sem-indicacao-medica\/#primaryimage"},"thumbnailUrl":"https:\/\/www.correiobraziliense.com.br\/aqui\/wp-content\/uploads\/2026\/02\/ozempic_1770067070572.jpg","datePublished":"2026-08-27T20:59:31+00:00","dateModified":"2026-08-27T20:59:34+00:00","author":{"@id":"https:\/\/www.correiobraziliense.com.br\/aqui\/#\/schema\/person\/36d094a725ba56bbeb370a877862a002"},"description":"Especialistas detalham os efeitos colaterais severos do uso precoce dessas subst\u00e2ncias e explicam a forma correta de tratar a obesidade.","breadcrumb":{"@id":"https:\/\/www.correiobraziliense.com.br\/aqui\/2026\/08\/27\/riscos-das-canetas-emagrecedoras-para-criancas-e-adolescentes-sem-indicacao-medica\/#breadcrumb"},"inLanguage":"pt-BR","potentialAction":[{"@type":"ReadAction","target":["https:\/\/www.correiobraziliense.com.br\/aqui\/2026\/08\/27\/riscos-das-canetas-emagrecedoras-para-criancas-e-adolescentes-sem-indicacao-medica\/"]}]},{"@type":"ImageObject","inLanguage":"pt-BR","@id":"https:\/\/www.correiobraziliense.com.br\/aqui\/2026\/08\/27\/riscos-das-canetas-emagrecedoras-para-criancas-e-adolescentes-sem-indicacao-medica\/#primaryimage","url":"https:\/\/www.correiobraziliense.com.br\/aqui\/wp-content\/uploads\/2026\/02\/ozempic_1770067070572.jpg","contentUrl":"https:\/\/www.correiobraziliense.com.br\/aqui\/wp-content\/uploads\/2026\/02\/ozempic_1770067070572.jpg","width":1280,"height":720,"caption":"Cr\u00e9ditos: depositphotos.com \/ marcbruxelle"},{"@type":"BreadcrumbList","@id":"https:\/\/www.correiobraziliense.com.br\/aqui\/2026\/08\/27\/riscos-das-canetas-emagrecedoras-para-criancas-e-adolescentes-sem-indicacao-medica\/#breadcrumb","itemListElement":[{"@type":"ListItem","position":1,"name":"In\u00edcio","item":"https:\/\/www.correiobraziliense.com.br\/aqui\/"},{"@type":"ListItem","position":2,"name":"Riscos das &#8216;canetas emagrecedoras&#8217; para crian\u00e7as e adolescentes sem indica\u00e7\u00e3o m\u00e9dica"}]},{"@type":"WebSite","@id":"https:\/\/www.correiobraziliense.com.br\/aqui\/#website","url":"https:\/\/www.correiobraziliense.com.br\/aqui\/","name":"Correio Braziliense - Aqui","description":"O Correio Braziliense (CB) \u00e9 o mais importante canal de not\u00edcias de Bras\u00edlia. Aqui voc\u00ea encontra as \u00faltimas not\u00edcias do DF, do Brasil e do mundo.","potentialAction":[{"@type":"SearchAction","target":{"@type":"EntryPoint","urlTemplate":"https:\/\/www.correiobraziliense.com.br\/aqui\/?s={search_term_string}"},"query-input":{"@type":"PropertyValueSpecification","valueRequired":true,"valueName":"search_term_string"}}],"inLanguage":"pt-BR"},{"@type":"Person","@id":"https:\/\/www.correiobraziliense.com.br\/aqui\/#\/schema\/person\/36d094a725ba56bbeb370a877862a002","name":"Lucas","image":{"@type":"ImageObject","inLanguage":"pt-BR","@id":"https:\/\/www.correiobraziliense.com.br\/aqui\/#\/schema\/person\/image\/","url":"https:\/\/secure.gravatar.com\/avatar\/eb1dd4a751dca39c233b091fb7b8ce9ef1608850325ab98ff1fbe898fcef0908?s=96&d=mm&r=g","contentUrl":"https:\/\/secure.gravatar.com\/avatar\/eb1dd4a751dca39c233b091fb7b8ce9ef1608850325ab98ff1fbe898fcef0908?s=96&d=mm&r=g","caption":"Lucas"},"url":"https:\/\/www.correiobraziliense.com.br\/aqui\/author\/lucasaqui\/"}]}},"_links":{"self":[{"href":"https:\/\/www.correiobraziliense.com.br\/aqui\/wp-json\/wp\/v2\/posts\/38043","targetHints":{"allow":["GET"]}}],"collection":[{"href":"https:\/\/www.correiobraziliense.com.br\/aqui\/wp-json\/wp\/v2\/posts"}],"about":[{"href":"https:\/\/www.correiobraziliense.com.br\/aqui\/wp-json\/wp\/v2\/types\/post"}],"author":[{"embeddable":true,"href":"https:\/\/www.correiobraziliense.com.br\/aqui\/wp-json\/wp\/v2\/users\/9"}],"replies":[{"embeddable":true,"href":"https:\/\/www.correiobraziliense.com.br\/aqui\/wp-json\/wp\/v2\/comments?post=38043"}],"version-history":[{"count":1,"href":"https:\/\/www.correiobraziliense.com.br\/aqui\/wp-json\/wp\/v2\/posts\/38043\/revisions"}],"predecessor-version":[{"id":38044,"href":"https:\/\/www.correiobraziliense.com.br\/aqui\/wp-json\/wp\/v2\/posts\/38043\/revisions\/38044"}],"wp:featuredmedia":[{"embeddable":true,"href":"https:\/\/www.correiobraziliense.com.br\/aqui\/wp-json\/wp\/v2\/media\/20991"}],"wp:attachment":[{"href":"https:\/\/www.correiobraziliense.com.br\/aqui\/wp-json\/wp\/v2\/media?parent=38043"}],"wp:term":[{"taxonomy":"category","embeddable":true,"href":"https:\/\/www.correiobraziliense.com.br\/aqui\/wp-json\/wp\/v2\/categories?post=38043"},{"taxonomy":"post_tag","embeddable":true,"href":"https:\/\/www.correiobraziliense.com.br\/aqui\/wp-json\/wp\/v2\/tags?post=38043"}],"curies":[{"name":"wp","href":"https:\/\/api.w.org\/{rel}","templated":true}]}}