{"id":38051,"date":"2026-08-27T18:09:31","date_gmt":"2026-08-27T21:09:31","guid":{"rendered":"https:\/\/www.correiobraziliense.com.br\/aqui\/?p=38051"},"modified":"2026-08-27T18:09:33","modified_gmt":"2026-08-27T21:09:33","slug":"fim-da-escala-6x1-como-2-dias-de-folga-afetam-a-saude-e-o-bem-estar","status":"publish","type":"post","link":"https:\/\/www.correiobraziliense.com.br\/aqui\/2026\/08\/27\/fim-da-escala-6x1-como-2-dias-de-folga-afetam-a-saude-e-o-bem-estar\/","title":{"rendered":"Fim da escala 6&#215;1: como 2 dias de folga afetam a sa\u00fade e o bem-estar"},"content":{"rendered":"\n<p>A discuss\u00e3o sobre o fim da escala de trabalho 6&#215;1 ganhou for\u00e7a em Bras\u00edlia e pode transformar a rotina de milh\u00f5es de brasileiros. A proposta, que prev\u00ea a redu\u00e7\u00e3o da jornada semanal e a garantia de dois dias de folga, teve um parecer favor\u00e1vel apresentado pelo senador Omar Aziz na Comiss\u00e3o de Constitui\u00e7\u00e3o e Justi\u00e7a (CCJ) do Senado em 27 de agosto de 2026, com vota\u00e7\u00e3o prevista para a pr\u00f3xima semana. A medida, no entanto, ainda n\u00e3o foi aprovada e precisa passar por outras etapas no Congresso.<\/p>\n\n\n\n<p>O modelo de apenas um dia de descanso por semana \u00e9 frequentemente associado ao aumento de problemas de sa\u00fade mental. A pausa insuficiente impede que o c\u00e9rebro se desconecte completamente das obriga\u00e7\u00f5es profissionais, mantendo um estado de alerta constante que pode levar a quadros de estresse cr\u00f4nico, ansiedade e at\u00e9 \u00e0 <a target=\"_blank\" rel=\"noreferrer noopener\" href=\"https:\/\/www.correiobraziliense.com.br\/cidades-df\/2026\/05\/7430306-quando-um-trabalhador-adoece-vamos-ter-mais-tres-adoecidos-afirma-psiquiatra.html\">s\u00edndrome de burnout<\/a>, o esgotamento profissional.<\/p>\n\n\n\n<p>Com dois dias de folga, o corpo e a mente ganham um tempo essencial para a recupera\u00e7\u00e3o. Esse per\u00edodo mais longo permite n\u00e3o apenas o descanso f\u00edsico, mas tamb\u00e9m a dedica\u00e7\u00e3o a atividades de lazer, conv\u00edvio social e projetos pessoais, fatores cruciais para a manuten\u00e7\u00e3o do equil\u00edbrio emocional e psicol\u00f3gico.<\/p>\n\n\n\n<h2 class=\"wp-block-heading\">Mais produtividade e qualidade de vida<\/h2>\n\n\n\n<p>A ideia de que menos tempo no trabalho resulta em menor produtividade est\u00e1 sendo superada. Uma for\u00e7a de trabalho descansada e mentalmente saud\u00e1vel tende a ser mais focada, criativa e eficiente. Estudos internacionais sobre empresas que testaram <a target=\"_blank\" rel=\"noreferrer noopener\" href=\"https:\/\/www.correiobraziliense.com.br\/brasil\/2026\/06\/7438414-trabalhar-menos-para-viver-mais-o-que-fazer-com-uma-folga-extra-na-semana.html\">jornadas reduzidas<\/a> relataram aumento no engajamento e melhora no clima organizacional, sem perdas de resultado.<\/p>\n\n\n\n<p>A transi\u00e7\u00e3o para a nova jornada, caso aprovada, dever\u00e1 ser definida posteriormente durante a <a target=\"_blank\" rel=\"noreferrer noopener\" href=\"https:\/\/www.correiobraziliense.com.br\/revista-do-correio\/2026\/06\/7442336-fim-da-escala-6-2151-tire-suas-duvidas-sobre-a-reducao-da-jornada-de-trabalho.html\">regulamenta\u00e7\u00e3o da lei<\/a>. A mudan\u00e7a, se ocorrer, alinhar\u00e1 o Brasil a uma tend\u00eancia global de busca por <a target=\"_blank\" rel=\"noreferrer noopener\" href=\"https:\/\/www.correiobraziliense.com.br\/economia\/2026\/01\/7337534-fim-da-escala-6x1-deve-elevar-produtividade-defende-boulos.html\">modelos de trabalho mais sustent\u00e1veis<\/a>, que valorizam tanto a performance quanto a qualidade de vida do colaborador.<\/p>\n\n\n\n<p>Os principais benef\u00edcios de uma folga prolongada incluem:<\/p>\n\n\n\n<ul class=\"wp-block-list\">\n<li>redu\u00e7\u00e3o dos n\u00edveis de estresse e ansiedade;<\/li>\n\n\n\n<li>preven\u00e7\u00e3o da s\u00edndrome de burnout;<\/li>\n\n\n\n<li>melhora na qualidade do sono e da sa\u00fade f\u00edsica;<\/li>\n\n\n\n<li>aumento do foco, criatividade e capacidade de resolver problemas;<\/li>\n\n\n\n<li>maior equil\u00edbrio entre as demandas profissionais e a vida pessoal.<\/li>\n<\/ul>\n\n\n\n<p><\/p>\n","protected":false},"excerpt":{"rendered":"<p>A discuss\u00e3o sobre o fim da escala de trabalho 6&#215;1 ganhou for\u00e7a em Bras\u00edlia e pode transformar a rotina de milh\u00f5es de brasileiros. A proposta, que prev\u00ea a redu\u00e7\u00e3o da jornada semanal e a garantia de dois dias de folga, teve um parecer favor\u00e1vel apresentado pelo senador Omar Aziz na Comiss\u00e3o de Constitui\u00e7\u00e3o e Justi\u00e7a [&hellip;]<\/p>\n","protected":false},"author":9,"featured_media":38052,"comment_status":"open","ping_status":"open","sticky":false,"template":"","format":"standard","meta":{"jnews-multi-image_gallery":[],"jnews_single_post":{"format":"standard"},"jnews_primary_category":[],"jnews_social_meta":[],"jnews_override_counter":[],"footnotes":""},"categories":[199],"tags":[140,5835,141],"class_list":["post-38051","post","type-post","status-publish","format-standard","has-post-thumbnail","hentry","category-bem-estar","tag-bem-estar","tag-escala-6x1","tag-saude"],"yoast_head":"<!-- This site is optimized with the Yoast SEO plugin v25.1 - https:\/\/yoast.com\/wordpress\/plugins\/seo\/ -->\n<title>Fim da escala 6x1: como 2 dias de folga afetam a sa\u00fade e o bem-estar - Correio Braziliense - Aqui<\/title>\n<meta name=\"description\" content=\"Entenda como a pausa prolongada pode impactar a preven\u00e7\u00e3o de crises de ansiedade e esgotamento profissional.\" \/>\n<meta name=\"robots\" content=\"index, follow, max-snippet:-1, max-image-preview:large, max-video-preview:-1\" \/>\n<link rel=\"canonical\" href=\"https:\/\/www.correiobraziliense.com.br\/aqui\/2026\/08\/27\/fim-da-escala-6x1-como-2-dias-de-folga-afetam-a-saude-e-o-bem-estar\/\" \/>\n<meta property=\"og:locale\" content=\"pt_BR\" \/>\n<meta property=\"og:type\" content=\"article\" \/>\n<meta property=\"og:title\" content=\"Fim da escala 6x1: como 2 dias de folga afetam a sa\u00fade e o bem-estar - Correio Braziliense - Aqui\" \/>\n<meta property=\"og:description\" content=\"Entenda como a pausa prolongada pode impactar a preven\u00e7\u00e3o de crises de ansiedade e esgotamento profissional.\" \/>\n<meta property=\"og:url\" content=\"https:\/\/www.correiobraziliense.com.br\/aqui\/2026\/08\/27\/fim-da-escala-6x1-como-2-dias-de-folga-afetam-a-saude-e-o-bem-estar\/\" \/>\n<meta property=\"og:site_name\" content=\"Correio Braziliense - Aqui\" \/>\n<meta property=\"article:published_time\" content=\"2026-08-27T21:09:31+00:00\" \/>\n<meta property=\"article:modified_time\" content=\"2026-08-27T21:09:33+00:00\" \/>\n<meta property=\"og:image\" content=\"https:\/\/www.correiobraziliense.com.br\/aqui\/wp-content\/uploads\/2026\/08\/descanso_1787864944110.jpg\" \/>\n\t<meta property=\"og:image:width\" content=\"1280\" \/>\n\t<meta property=\"og:image:height\" content=\"720\" \/>\n\t<meta property=\"og:image:type\" content=\"image\/jpeg\" \/>\n<meta name=\"author\" content=\"Lucas\" \/>\n<meta name=\"twitter:card\" content=\"summary_large_image\" \/>\n<meta name=\"twitter:label1\" content=\"Escrito por\" \/>\n\t<meta name=\"twitter:data1\" content=\"Lucas\" \/>\n\t<meta name=\"twitter:label2\" content=\"Est. tempo de leitura\" \/>\n\t<meta name=\"twitter:data2\" content=\"3 minutos\" \/>\n<!-- \/ Yoast SEO plugin. -->","yoast_head_json":{"title":"Fim da escala 6x1: como 2 dias de folga afetam a sa\u00fade e o bem-estar - Correio Braziliense - Aqui","description":"Entenda como a pausa prolongada pode impactar a preven\u00e7\u00e3o de crises de ansiedade e esgotamento profissional.","robots":{"index":"index","follow":"follow","max-snippet":"max-snippet:-1","max-image-preview":"max-image-preview:large","max-video-preview":"max-video-preview:-1"},"canonical":"https:\/\/www.correiobraziliense.com.br\/aqui\/2026\/08\/27\/fim-da-escala-6x1-como-2-dias-de-folga-afetam-a-saude-e-o-bem-estar\/","og_locale":"pt_BR","og_type":"article","og_title":"Fim da escala 6x1: como 2 dias de folga afetam a sa\u00fade e o bem-estar - Correio Braziliense - Aqui","og_description":"Entenda como a pausa prolongada pode impactar a preven\u00e7\u00e3o de crises de ansiedade e esgotamento profissional.","og_url":"https:\/\/www.correiobraziliense.com.br\/aqui\/2026\/08\/27\/fim-da-escala-6x1-como-2-dias-de-folga-afetam-a-saude-e-o-bem-estar\/","og_site_name":"Correio Braziliense - Aqui","article_published_time":"2026-08-27T21:09:31+00:00","article_modified_time":"2026-08-27T21:09:33+00:00","og_image":[{"width":1280,"height":720,"url":"https:\/\/www.correiobraziliense.com.br\/aqui\/wp-content\/uploads\/2026\/08\/descanso_1787864944110.jpg","type":"image\/jpeg"}],"author":"Lucas","twitter_card":"summary_large_image","twitter_misc":{"Escrito por":"Lucas","Est. tempo de leitura":"3 minutos"},"schema":{"@context":"https:\/\/schema.org","@graph":[{"@type":"WebPage","@id":"https:\/\/www.correiobraziliense.com.br\/aqui\/2026\/08\/27\/fim-da-escala-6x1-como-2-dias-de-folga-afetam-a-saude-e-o-bem-estar\/","url":"https:\/\/www.correiobraziliense.com.br\/aqui\/2026\/08\/27\/fim-da-escala-6x1-como-2-dias-de-folga-afetam-a-saude-e-o-bem-estar\/","name":"Fim da escala 6x1: como 2 dias de folga afetam a sa\u00fade e o bem-estar - Correio Braziliense - Aqui","isPartOf":{"@id":"https:\/\/www.correiobraziliense.com.br\/aqui\/#website"},"primaryImageOfPage":{"@id":"https:\/\/www.correiobraziliense.com.br\/aqui\/2026\/08\/27\/fim-da-escala-6x1-como-2-dias-de-folga-afetam-a-saude-e-o-bem-estar\/#primaryimage"},"image":{"@id":"https:\/\/www.correiobraziliense.com.br\/aqui\/2026\/08\/27\/fim-da-escala-6x1-como-2-dias-de-folga-afetam-a-saude-e-o-bem-estar\/#primaryimage"},"thumbnailUrl":"https:\/\/www.correiobraziliense.com.br\/aqui\/wp-content\/uploads\/2026\/08\/descanso_1787864944110.jpg","datePublished":"2026-08-27T21:09:31+00:00","dateModified":"2026-08-27T21:09:33+00:00","author":{"@id":"https:\/\/www.correiobraziliense.com.br\/aqui\/#\/schema\/person\/36d094a725ba56bbeb370a877862a002"},"description":"Entenda como a pausa prolongada pode impactar a preven\u00e7\u00e3o de crises de ansiedade e esgotamento profissional.","breadcrumb":{"@id":"https:\/\/www.correiobraziliense.com.br\/aqui\/2026\/08\/27\/fim-da-escala-6x1-como-2-dias-de-folga-afetam-a-saude-e-o-bem-estar\/#breadcrumb"},"inLanguage":"pt-BR","potentialAction":[{"@type":"ReadAction","target":["https:\/\/www.correiobraziliense.com.br\/aqui\/2026\/08\/27\/fim-da-escala-6x1-como-2-dias-de-folga-afetam-a-saude-e-o-bem-estar\/"]}]},{"@type":"ImageObject","inLanguage":"pt-BR","@id":"https:\/\/www.correiobraziliense.com.br\/aqui\/2026\/08\/27\/fim-da-escala-6x1-como-2-dias-de-folga-afetam-a-saude-e-o-bem-estar\/#primaryimage","url":"https:\/\/www.correiobraziliense.com.br\/aqui\/wp-content\/uploads\/2026\/08\/descanso_1787864944110.jpg","contentUrl":"https:\/\/www.correiobraziliense.com.br\/aqui\/wp-content\/uploads\/2026\/08\/descanso_1787864944110.jpg","width":1280,"height":720,"caption":"Cr\u00e9ditos: depositphotos.com \/ NatashaFedorova"},{"@type":"BreadcrumbList","@id":"https:\/\/www.correiobraziliense.com.br\/aqui\/2026\/08\/27\/fim-da-escala-6x1-como-2-dias-de-folga-afetam-a-saude-e-o-bem-estar\/#breadcrumb","itemListElement":[{"@type":"ListItem","position":1,"name":"In\u00edcio","item":"https:\/\/www.correiobraziliense.com.br\/aqui\/"},{"@type":"ListItem","position":2,"name":"Fim da escala 6&#215;1: como 2 dias de folga afetam a sa\u00fade e o bem-estar"}]},{"@type":"WebSite","@id":"https:\/\/www.correiobraziliense.com.br\/aqui\/#website","url":"https:\/\/www.correiobraziliense.com.br\/aqui\/","name":"Correio Braziliense - Aqui","description":"O Correio Braziliense (CB) \u00e9 o mais importante canal de not\u00edcias de Bras\u00edlia. Aqui voc\u00ea encontra as \u00faltimas not\u00edcias do DF, do Brasil e do mundo.","potentialAction":[{"@type":"SearchAction","target":{"@type":"EntryPoint","urlTemplate":"https:\/\/www.correiobraziliense.com.br\/aqui\/?s={search_term_string}"},"query-input":{"@type":"PropertyValueSpecification","valueRequired":true,"valueName":"search_term_string"}}],"inLanguage":"pt-BR"},{"@type":"Person","@id":"https:\/\/www.correiobraziliense.com.br\/aqui\/#\/schema\/person\/36d094a725ba56bbeb370a877862a002","name":"Lucas","image":{"@type":"ImageObject","inLanguage":"pt-BR","@id":"https:\/\/www.correiobraziliense.com.br\/aqui\/#\/schema\/person\/image\/","url":"https:\/\/secure.gravatar.com\/avatar\/eb1dd4a751dca39c233b091fb7b8ce9ef1608850325ab98ff1fbe898fcef0908?s=96&d=mm&r=g","contentUrl":"https:\/\/secure.gravatar.com\/avatar\/eb1dd4a751dca39c233b091fb7b8ce9ef1608850325ab98ff1fbe898fcef0908?s=96&d=mm&r=g","caption":"Lucas"},"url":"https:\/\/www.correiobraziliense.com.br\/aqui\/author\/lucasaqui\/"}]}},"_links":{"self":[{"href":"https:\/\/www.correiobraziliense.com.br\/aqui\/wp-json\/wp\/v2\/posts\/38051","targetHints":{"allow":["GET"]}}],"collection":[{"href":"https:\/\/www.correiobraziliense.com.br\/aqui\/wp-json\/wp\/v2\/posts"}],"about":[{"href":"https:\/\/www.correiobraziliense.com.br\/aqui\/wp-json\/wp\/v2\/types\/post"}],"author":[{"embeddable":true,"href":"https:\/\/www.correiobraziliense.com.br\/aqui\/wp-json\/wp\/v2\/users\/9"}],"replies":[{"embeddable":true,"href":"https:\/\/www.correiobraziliense.com.br\/aqui\/wp-json\/wp\/v2\/comments?post=38051"}],"version-history":[{"count":1,"href":"https:\/\/www.correiobraziliense.com.br\/aqui\/wp-json\/wp\/v2\/posts\/38051\/revisions"}],"predecessor-version":[{"id":38053,"href":"https:\/\/www.correiobraziliense.com.br\/aqui\/wp-json\/wp\/v2\/posts\/38051\/revisions\/38053"}],"wp:featuredmedia":[{"embeddable":true,"href":"https:\/\/www.correiobraziliense.com.br\/aqui\/wp-json\/wp\/v2\/media\/38052"}],"wp:attachment":[{"href":"https:\/\/www.correiobraziliense.com.br\/aqui\/wp-json\/wp\/v2\/media?parent=38051"}],"wp:term":[{"taxonomy":"category","embeddable":true,"href":"https:\/\/www.correiobraziliense.com.br\/aqui\/wp-json\/wp\/v2\/categories?post=38051"},{"taxonomy":"post_tag","embeddable":true,"href":"https:\/\/www.correiobraziliense.com.br\/aqui\/wp-json\/wp\/v2\/tags?post=38051"}],"curies":[{"name":"wp","href":"https:\/\/api.w.org\/{rel}","templated":true}]}}