{"id":38057,"date":"2026-08-27T18:13:48","date_gmt":"2026-08-27T21:13:48","guid":{"rendered":"https:\/\/www.correiobraziliense.com.br\/aqui\/?p=38057"},"modified":"2026-08-27T18:13:51","modified_gmt":"2026-08-27T21:13:51","slug":"saude-de-lutador-os-riscos-e-cuidados-que-um-atleta-de-mma-precisa-ter","status":"publish","type":"post","link":"https:\/\/www.correiobraziliense.com.br\/aqui\/2026\/08\/27\/saude-de-lutador-os-riscos-e-cuidados-que-um-atleta-de-mma-precisa-ter\/","title":{"rendered":"Sa\u00fade de lutador: os riscos e cuidados que um atleta de MMA precisa ter"},"content":{"rendered":"\n<p>Por tr\u00e1s dos holofotes do Ultimate Fighting Championship (UFC) e de outras grandes organiza\u00e7\u00f5es, a vida de um atleta de MMA \u00e9 uma batalha constante contra os limites do corpo. A rotina de treinos intensos, dietas rigorosas e os pr\u00f3prios combates imp\u00f5em riscos severos \u00e0 sa\u00fade, exigindo um acompanhamento m\u00e9dico t\u00e3o rigoroso quanto a prepara\u00e7\u00e3o f\u00edsica.<\/p>\n\n\n\n<p>Os perigos v\u00e3o muito al\u00e9m de ossos quebrados ou cortes no rosto. As concuss\u00f5es cerebrais representam a amea\u00e7a mais silenciosa e devastadora. Cada <a target=\"_blank\" rel=\"noreferrer noopener\" href=\"https:\/\/www.correiobraziliense.com.br\/mundo\/2026\/01\/7331966-por-que-cabecear-a-bola-em-esportes-como-futebol-pode-ser-tao-perigoso.html\">golpe na cabe\u00e7a<\/a>, mesmo os que n\u00e3o levam a um nocaute, pode causar microles\u00f5es. Com o tempo, o ac\u00famulo desses impactos aumenta o risco de desenvolvimento de <a target=\"_blank\" rel=\"noreferrer noopener\" href=\"https:\/\/www.correiobraziliense.com.br\/esportes\/2026\/08\/7487123-um-em-cada-quatro-jogadores-da-nfl-pode-ter-doenca-cerebral-diz-estudo.html\">Encefalopatia Traum\u00e1tica Cr\u00f4nica (ETC)<\/a>, uma doen\u00e7a neurodegenerativa que afeta a mem\u00f3ria, o comportamento e as fun\u00e7\u00f5es motoras. Estudos indicam que a condi\u00e7\u00e3o pode afetar uma parcela significativa de atletas de esportes de combate, e seu diagn\u00f3stico definitivo, atualmente, s\u00f3 pode ser confirmado por meio de an\u00e1lise cerebral post-mortem.<\/p>\n\n\n\n<p>Outro ponto cr\u00edtico \u00e9 o processo de corte de peso. Para competir em uma determinada categoria, muitos lutadores se submetem a uma desidrata\u00e7\u00e3o extrema dias antes da pesagem oficial, eliminando quilos de \u00e1gua do corpo. Essa pr\u00e1tica sobrecarrega os rins e o cora\u00e7\u00e3o, podendo levar a falhas renais agudas e a um desequil\u00edbrio eletrol\u00edtico perigoso, que compromete o desempenho e a seguran\u00e7a durante a luta.<\/p>\n\n\n\n<h2 class=\"wp-block-heading\">A ci\u00eancia por tr\u00e1s da recupera\u00e7\u00e3o<\/h2>\n\n\n\n<p>Para mitigar esses riscos, a prepara\u00e7\u00e3o de um atleta de elite envolve uma equipe multidisciplinar. M\u00e9dicos, fisioterapeutas e nutricionistas trabalham juntos para criar um plano que equilibre o ganho de performance com a preserva\u00e7\u00e3o da sa\u00fade. O monitoramento constante \u00e9 fundamental, com exames peri\u00f3dicos para avaliar a fun\u00e7\u00e3o cerebral e o estado geral do organismo.<\/p>\n\n\n\n<p>A <a target=\"_blank\" rel=\"noreferrer noopener\" href=\"https:\/\/www.correiobraziliense.com.br\/revista-do-correio\/2026\/06\/7440039-copa-do-mundo-veja-a-importancia-da-alimentacao-no-desempenho-dos-jogadores.html\">nutri\u00e7\u00e3o<\/a> \u00e9 planejada para garantir que o corte de peso seja feito da forma menos agressiva poss\u00edvel, focando na perda de gordura ao longo do tempo e minimizando a desidrata\u00e7\u00e3o severa. Al\u00e9m disso, os per\u00edodos de descanso s\u00e3o estrategicamente inseridos na rotina para permitir que o corpo se recupere das les\u00f5es e do desgaste dos treinos.<\/p>\n\n\n\n<p>O acompanhamento psicol\u00f3gico tamb\u00e9m se tornou uma pe\u00e7a-chave. Lidar com a press\u00e3o por resultados, a dor constante e o medo de les\u00f5es graves exige uma mente fortalecida. O cuidado com a <a target=\"_blank\" rel=\"noreferrer noopener\" href=\"https:\/\/www.correiobraziliense.com.br\/ciencia-e-saude\/2025\/07\/7211452-demencia-pode-ser-prevenida-com-habitos-simples-mostra-estudo.html\">sa\u00fade mental<\/a> \u00e9 essencial para que o lutador consiga manter o foco e a longevidade em uma carreira t\u00e3o exigente e curta.<\/p>\n\n\n\n<p><\/p>\n","protected":false},"excerpt":{"rendered":"<p>Por tr\u00e1s dos holofotes do Ultimate Fighting Championship (UFC) e de outras grandes organiza\u00e7\u00f5es, a vida de um atleta de MMA \u00e9 uma batalha constante contra os limites do corpo. A rotina de treinos intensos, dietas rigorosas e os pr\u00f3prios combates imp\u00f5em riscos severos \u00e0 sa\u00fade, exigindo um acompanhamento m\u00e9dico t\u00e3o rigoroso quanto a prepara\u00e7\u00e3o [&hellip;]<\/p>\n","protected":false},"author":9,"featured_media":38058,"comment_status":"open","ping_status":"open","sticky":false,"template":"","format":"standard","meta":{"jnews-multi-image_gallery":[],"jnews_single_post":{"format":"standard"},"jnews_primary_category":[],"jnews_social_meta":[],"jnews_override_counter":[],"footnotes":""},"categories":[123],"tags":[848,8054,1524,141],"class_list":["post-38057","post","type-post","status-publish","format-standard","has-post-thumbnail","hentry","category-saude","tag-atleta","tag-mma","tag-riscos","tag-saude"],"yoast_head":"<!-- This site is optimized with the Yoast SEO plugin v25.1 - https:\/\/yoast.com\/wordpress\/plugins\/seo\/ -->\n<title>Sa\u00fade de lutador: os riscos e cuidados que um atleta de MMA precisa ter - Correio Braziliense - Aqui<\/title>\n<meta name=\"description\" content=\"O esporte exige muito do corpo; m\u00e9dicos explicam os perigos de concuss\u00f5es cerebrais e as dietas rigorosas para a manuten\u00e7\u00e3o do peso.\" \/>\n<meta name=\"robots\" content=\"index, follow, max-snippet:-1, max-image-preview:large, max-video-preview:-1\" \/>\n<link rel=\"canonical\" href=\"https:\/\/www.correiobraziliense.com.br\/aqui\/2026\/08\/27\/saude-de-lutador-os-riscos-e-cuidados-que-um-atleta-de-mma-precisa-ter\/\" \/>\n<meta property=\"og:locale\" content=\"pt_BR\" \/>\n<meta property=\"og:type\" content=\"article\" \/>\n<meta property=\"og:title\" content=\"Sa\u00fade de lutador: os riscos e cuidados que um atleta de MMA precisa ter - Correio Braziliense - Aqui\" \/>\n<meta property=\"og:description\" content=\"O esporte exige muito do corpo; m\u00e9dicos explicam os perigos de concuss\u00f5es cerebrais e as dietas rigorosas para a manuten\u00e7\u00e3o do peso.\" \/>\n<meta property=\"og:url\" content=\"https:\/\/www.correiobraziliense.com.br\/aqui\/2026\/08\/27\/saude-de-lutador-os-riscos-e-cuidados-que-um-atleta-de-mma-precisa-ter\/\" \/>\n<meta property=\"og:site_name\" content=\"Correio Braziliense - Aqui\" \/>\n<meta property=\"article:published_time\" content=\"2026-08-27T21:13:48+00:00\" \/>\n<meta property=\"article:modified_time\" content=\"2026-08-27T21:13:51+00:00\" \/>\n<meta property=\"og:image\" content=\"https:\/\/www.correiobraziliense.com.br\/aqui\/wp-content\/uploads\/2026\/08\/MMA_1787865209435.jpg\" \/>\n\t<meta property=\"og:image:width\" content=\"1280\" \/>\n\t<meta property=\"og:image:height\" content=\"720\" \/>\n\t<meta property=\"og:image:type\" content=\"image\/jpeg\" \/>\n<meta name=\"author\" content=\"Lucas\" \/>\n<meta name=\"twitter:card\" content=\"summary_large_image\" \/>\n<meta name=\"twitter:label1\" content=\"Escrito por\" \/>\n\t<meta name=\"twitter:data1\" content=\"Lucas\" \/>\n\t<meta name=\"twitter:label2\" content=\"Est. tempo de leitura\" \/>\n\t<meta name=\"twitter:data2\" content=\"3 minutos\" \/>\n<!-- \/ Yoast SEO plugin. -->","yoast_head_json":{"title":"Sa\u00fade de lutador: os riscos e cuidados que um atleta de MMA precisa ter - Correio Braziliense - Aqui","description":"O esporte exige muito do corpo; m\u00e9dicos explicam os perigos de concuss\u00f5es cerebrais e as dietas rigorosas para a manuten\u00e7\u00e3o do peso.","robots":{"index":"index","follow":"follow","max-snippet":"max-snippet:-1","max-image-preview":"max-image-preview:large","max-video-preview":"max-video-preview:-1"},"canonical":"https:\/\/www.correiobraziliense.com.br\/aqui\/2026\/08\/27\/saude-de-lutador-os-riscos-e-cuidados-que-um-atleta-de-mma-precisa-ter\/","og_locale":"pt_BR","og_type":"article","og_title":"Sa\u00fade de lutador: os riscos e cuidados que um atleta de MMA precisa ter - Correio Braziliense - Aqui","og_description":"O esporte exige muito do corpo; m\u00e9dicos explicam os perigos de concuss\u00f5es cerebrais e as dietas rigorosas para a manuten\u00e7\u00e3o do peso.","og_url":"https:\/\/www.correiobraziliense.com.br\/aqui\/2026\/08\/27\/saude-de-lutador-os-riscos-e-cuidados-que-um-atleta-de-mma-precisa-ter\/","og_site_name":"Correio Braziliense - Aqui","article_published_time":"2026-08-27T21:13:48+00:00","article_modified_time":"2026-08-27T21:13:51+00:00","og_image":[{"width":1280,"height":720,"url":"https:\/\/www.correiobraziliense.com.br\/aqui\/wp-content\/uploads\/2026\/08\/MMA_1787865209435.jpg","type":"image\/jpeg"}],"author":"Lucas","twitter_card":"summary_large_image","twitter_misc":{"Escrito por":"Lucas","Est. tempo de leitura":"3 minutos"},"schema":{"@context":"https:\/\/schema.org","@graph":[{"@type":"WebPage","@id":"https:\/\/www.correiobraziliense.com.br\/aqui\/2026\/08\/27\/saude-de-lutador-os-riscos-e-cuidados-que-um-atleta-de-mma-precisa-ter\/","url":"https:\/\/www.correiobraziliense.com.br\/aqui\/2026\/08\/27\/saude-de-lutador-os-riscos-e-cuidados-que-um-atleta-de-mma-precisa-ter\/","name":"Sa\u00fade de lutador: os riscos e cuidados que um atleta de MMA precisa ter - Correio Braziliense - Aqui","isPartOf":{"@id":"https:\/\/www.correiobraziliense.com.br\/aqui\/#website"},"primaryImageOfPage":{"@id":"https:\/\/www.correiobraziliense.com.br\/aqui\/2026\/08\/27\/saude-de-lutador-os-riscos-e-cuidados-que-um-atleta-de-mma-precisa-ter\/#primaryimage"},"image":{"@id":"https:\/\/www.correiobraziliense.com.br\/aqui\/2026\/08\/27\/saude-de-lutador-os-riscos-e-cuidados-que-um-atleta-de-mma-precisa-ter\/#primaryimage"},"thumbnailUrl":"https:\/\/www.correiobraziliense.com.br\/aqui\/wp-content\/uploads\/2026\/08\/MMA_1787865209435.jpg","datePublished":"2026-08-27T21:13:48+00:00","dateModified":"2026-08-27T21:13:51+00:00","author":{"@id":"https:\/\/www.correiobraziliense.com.br\/aqui\/#\/schema\/person\/36d094a725ba56bbeb370a877862a002"},"description":"O esporte exige muito do corpo; m\u00e9dicos explicam os perigos de concuss\u00f5es cerebrais e as dietas rigorosas para a manuten\u00e7\u00e3o do peso.","breadcrumb":{"@id":"https:\/\/www.correiobraziliense.com.br\/aqui\/2026\/08\/27\/saude-de-lutador-os-riscos-e-cuidados-que-um-atleta-de-mma-precisa-ter\/#breadcrumb"},"inLanguage":"pt-BR","potentialAction":[{"@type":"ReadAction","target":["https:\/\/www.correiobraziliense.com.br\/aqui\/2026\/08\/27\/saude-de-lutador-os-riscos-e-cuidados-que-um-atleta-de-mma-precisa-ter\/"]}]},{"@type":"ImageObject","inLanguage":"pt-BR","@id":"https:\/\/www.correiobraziliense.com.br\/aqui\/2026\/08\/27\/saude-de-lutador-os-riscos-e-cuidados-que-um-atleta-de-mma-precisa-ter\/#primaryimage","url":"https:\/\/www.correiobraziliense.com.br\/aqui\/wp-content\/uploads\/2026\/08\/MMA_1787865209435.jpg","contentUrl":"https:\/\/www.correiobraziliense.com.br\/aqui\/wp-content\/uploads\/2026\/08\/MMA_1787865209435.jpg","width":1280,"height":720,"caption":"Cr\u00e9ditos: depositphotos.com \/ VitalikRadko"},{"@type":"BreadcrumbList","@id":"https:\/\/www.correiobraziliense.com.br\/aqui\/2026\/08\/27\/saude-de-lutador-os-riscos-e-cuidados-que-um-atleta-de-mma-precisa-ter\/#breadcrumb","itemListElement":[{"@type":"ListItem","position":1,"name":"In\u00edcio","item":"https:\/\/www.correiobraziliense.com.br\/aqui\/"},{"@type":"ListItem","position":2,"name":"Sa\u00fade de lutador: os riscos e cuidados que um atleta de MMA precisa ter"}]},{"@type":"WebSite","@id":"https:\/\/www.correiobraziliense.com.br\/aqui\/#website","url":"https:\/\/www.correiobraziliense.com.br\/aqui\/","name":"Correio Braziliense - Aqui","description":"O Correio Braziliense (CB) \u00e9 o mais importante canal de not\u00edcias de Bras\u00edlia. Aqui voc\u00ea encontra as \u00faltimas not\u00edcias do DF, do Brasil e do mundo.","potentialAction":[{"@type":"SearchAction","target":{"@type":"EntryPoint","urlTemplate":"https:\/\/www.correiobraziliense.com.br\/aqui\/?s={search_term_string}"},"query-input":{"@type":"PropertyValueSpecification","valueRequired":true,"valueName":"search_term_string"}}],"inLanguage":"pt-BR"},{"@type":"Person","@id":"https:\/\/www.correiobraziliense.com.br\/aqui\/#\/schema\/person\/36d094a725ba56bbeb370a877862a002","name":"Lucas","image":{"@type":"ImageObject","inLanguage":"pt-BR","@id":"https:\/\/www.correiobraziliense.com.br\/aqui\/#\/schema\/person\/image\/","url":"https:\/\/secure.gravatar.com\/avatar\/eb1dd4a751dca39c233b091fb7b8ce9ef1608850325ab98ff1fbe898fcef0908?s=96&d=mm&r=g","contentUrl":"https:\/\/secure.gravatar.com\/avatar\/eb1dd4a751dca39c233b091fb7b8ce9ef1608850325ab98ff1fbe898fcef0908?s=96&d=mm&r=g","caption":"Lucas"},"url":"https:\/\/www.correiobraziliense.com.br\/aqui\/author\/lucasaqui\/"}]}},"_links":{"self":[{"href":"https:\/\/www.correiobraziliense.com.br\/aqui\/wp-json\/wp\/v2\/posts\/38057","targetHints":{"allow":["GET"]}}],"collection":[{"href":"https:\/\/www.correiobraziliense.com.br\/aqui\/wp-json\/wp\/v2\/posts"}],"about":[{"href":"https:\/\/www.correiobraziliense.com.br\/aqui\/wp-json\/wp\/v2\/types\/post"}],"author":[{"embeddable":true,"href":"https:\/\/www.correiobraziliense.com.br\/aqui\/wp-json\/wp\/v2\/users\/9"}],"replies":[{"embeddable":true,"href":"https:\/\/www.correiobraziliense.com.br\/aqui\/wp-json\/wp\/v2\/comments?post=38057"}],"version-history":[{"count":1,"href":"https:\/\/www.correiobraziliense.com.br\/aqui\/wp-json\/wp\/v2\/posts\/38057\/revisions"}],"predecessor-version":[{"id":38059,"href":"https:\/\/www.correiobraziliense.com.br\/aqui\/wp-json\/wp\/v2\/posts\/38057\/revisions\/38059"}],"wp:featuredmedia":[{"embeddable":true,"href":"https:\/\/www.correiobraziliense.com.br\/aqui\/wp-json\/wp\/v2\/media\/38058"}],"wp:attachment":[{"href":"https:\/\/www.correiobraziliense.com.br\/aqui\/wp-json\/wp\/v2\/media?parent=38057"}],"wp:term":[{"taxonomy":"category","embeddable":true,"href":"https:\/\/www.correiobraziliense.com.br\/aqui\/wp-json\/wp\/v2\/categories?post=38057"},{"taxonomy":"post_tag","embeddable":true,"href":"https:\/\/www.correiobraziliense.com.br\/aqui\/wp-json\/wp\/v2\/tags?post=38057"}],"curies":[{"name":"wp","href":"https:\/\/api.w.org\/{rel}","templated":true}]}}