{"id":38061,"date":"2026-08-27T18:16:00","date_gmt":"2026-08-27T21:16:00","guid":{"rendered":"https:\/\/www.correiobraziliense.com.br\/aqui\/?p=38061"},"modified":"2026-08-27T18:16:07","modified_gmt":"2026-08-27T21:16:07","slug":"bariatrica-pelo-plano-de-saude-quando-a-cobertura-e-obrigatoria","status":"publish","type":"post","link":"https:\/\/www.correiobraziliense.com.br\/aqui\/2026\/08\/27\/bariatrica-pelo-plano-de-saude-quando-a-cobertura-e-obrigatoria\/","title":{"rendered":"Bari\u00e1trica pelo plano de sa\u00fade: quando a cobertura \u00e9 obrigat\u00f3ria?"},"content":{"rendered":"\n<p>A cirurgia bari\u00e1trica \u00e9 um procedimento que gera muitas d\u00favidas entre benefici\u00e1rios de planos de sa\u00fade, especialmente sobre quais s\u00e3o as regras para a cobertura. A Ag\u00eancia Nacional de Sa\u00fade Suplementar (ANS) estabelece crit\u00e9rios claros tanto para a cirurgia de redu\u00e7\u00e3o do est\u00f4mago quanto para os procedimentos reparadores necess\u00e1rios ap\u00f3s a perda de peso.<\/p>\n\n\n\n<p>A cobertura da cirurgia bari\u00e1trica \u00e9 obrigat\u00f3ria para todos os planos de sa\u00fade com segmenta\u00e7\u00e3o hospitalar. No entanto, o paciente precisa cumprir alguns requisitos definidos pela ANS, estabelecidos na <a target=\"_blank\" rel=\"noreferrer noopener\" href=\"https:\/\/www.correiobraziliense.com.br\/revista-do-correio\/2025\/06\/7172942-4-mudancas-nas-regras-para-realizar-cirurgia-bariatrica-no-brasil.html\">Resolu\u00e7\u00e3o Normativa n\u00ba 465\/2021 e na Diretriz de Utiliza\u00e7\u00e3o (DUT) n\u00ba 27<\/a>, para ter o procedimento autorizado pela operadora.<\/p>\n\n\n\n<h2 class=\"wp-block-heading\">Quando a bari\u00e1trica \u00e9 coberta pelo plano?<\/h2>\n\n\n\n<p>O procedimento deve ser autorizado quando o paciente se enquadra nos crit\u00e9rios m\u00e9dicos estabelecidos. A lista de exig\u00eancias \u00e9 uma forma de garantir que a interven\u00e7\u00e3o seja realmente necess\u00e1ria para a sa\u00fade do benefici\u00e1rio. Confira as principais condi\u00e7\u00f5es:<\/p>\n\n\n\n<ul class=\"wp-block-list\">\n<li><strong>Idade:<\/strong> ter entre 18 e 65 anos. <a href=\"https:\/\/www.correiobraziliense.com.br\/brasil\/2025\/05\/7151527-idade-minima-para-fazer-bariatrica-e-reduzida-veja-novas-regras.html\" target=\"_blank\" rel=\"noreferrer noopener\">Pacientes entre 16 e 18 anos tamb\u00e9m podem ser eleg\u00edveis em casos espec\u00edficos<\/a>, desde que atendam a crit\u00e9rios mais rigorosos estabelecidos pela ANS.<\/li>\n\n\n\n<li><strong>\u00cdndice de Massa Corporal (IMC):<\/strong> possuir IMC igual ou superior a 40 kg\/m\u00b2, mesmo sem a presen\u00e7a de comorbidades.<\/li>\n\n\n\n<li><strong>IMC com comorbidades:<\/strong> ter IMC entre 35 e 39,9 kg\/m\u00b2 e apresentar doen\u00e7as agravadas pela obesidade (comorbidades), como <a href=\"https:\/\/www.correiobraziliense.com.br\/revista-do-correio\/2026\/06\/7438210-cirurgia-bariatrica-e-diabetes-tipo-2-quais-sao-os-impactos-do-procedimento.html\" target=\"_blank\" rel=\"noreferrer noopener\">diabetes tipo 2<\/a>, apneia do sono ou hipertens\u00e3o arterial.<\/li>\n\n\n\n<li><strong>Tratamento pr\u00e9vio:<\/strong> comprovar a realiza\u00e7\u00e3o de tratamento cl\u00ednico para emagrecer por pelo menos dois anos, sem sucesso.<\/li>\n<\/ul>\n\n\n\n<h2 class=\"wp-block-heading\">E as cirurgias reparadoras?<\/h2>\n\n\n\n<p>Ap\u00f3s uma perda de peso significativa, \u00e9 comum que o excesso de pele cause problemas de sa\u00fade, como infec\u00e7\u00f5es e assaduras. Nesses casos, as <a target=\"_blank\" rel=\"noreferrer noopener\" href=\"https:\/\/www.correiobraziliense.com.br\/revista-do-correio\/2025\/06\/7181572-descubra-como-corrigir-a-flacidez-apos-emagrecer.html\">cirurgias pl\u00e1sticas reparadoras n\u00e3o s\u00e3o consideradas est\u00e9ticas<\/a>, mas sim uma continua\u00e7\u00e3o do tratamento, sendo de cobertura obrigat\u00f3ria pelos planos de sa\u00fade.<\/p>\n\n\n\n<p>Procedimentos como a remo\u00e7\u00e3o de pele na barriga (abdominoplastia), nos bra\u00e7os, nas coxas e a reconstru\u00e7\u00e3o das mamas s\u00e3o exemplos. Para garantir a cobertura, o paciente precisa de um laudo m\u00e9dico que ateste a finalidade funcional e necess\u00e1ria do procedimento para sua sa\u00fade. O Superior Tribunal de Justi\u00e7a (STJ) j\u00e1 consolidou esse entendimento atrav\u00e9s do Tema 1069, refor\u00e7ando o direito dos pacientes.<\/p>\n\n\n\n<h2 class=\"wp-block-heading\">A cobertura para tratamentos dent\u00e1rios<\/h2>\n\n\n\n<p>A rela\u00e7\u00e3o entre a bari\u00e1trica e eventuais problemas dent\u00e1rios \u00e9 mais complexa no que diz respeito \u00e0 cobertura. A maioria dos planos de sa\u00fade n\u00e3o inclui assist\u00eancia odontol\u00f3gica, que deve ser contratada em um plano separado. A cobertura pelo plano de sa\u00fade s\u00f3 se torna obrigat\u00f3ria quando o tratamento dent\u00e1rio \u00e9 essencial para a recupera\u00e7\u00e3o de um procedimento m\u00e9dico coberto, como uma cirurgia de cabe\u00e7a e pesco\u00e7o. Para que uma eventual cobertura de problemas dent\u00e1rios p\u00f3s-bari\u00e1trica fosse discutida, seria necess\u00e1rio comprovar a rela\u00e7\u00e3o direta por meio de laudos detalhados, e a quest\u00e3o frequentemente acaba sendo decidida na Justi\u00e7a.<\/p>\n\n\n\n<p><\/p>\n","protected":false},"excerpt":{"rendered":"<p>A cirurgia bari\u00e1trica \u00e9 um procedimento que gera muitas d\u00favidas entre benefici\u00e1rios de planos de sa\u00fade, especialmente sobre quais s\u00e3o as regras para a cobertura. A Ag\u00eancia Nacional de Sa\u00fade Suplementar (ANS) estabelece crit\u00e9rios claros tanto para a cirurgia de redu\u00e7\u00e3o do est\u00f4mago quanto para os procedimentos reparadores necess\u00e1rios ap\u00f3s a perda de peso. A [&hellip;]<\/p>\n","protected":false},"author":9,"featured_media":38063,"comment_status":"open","ping_status":"open","sticky":false,"template":"","format":"standard","meta":{"jnews-multi-image_gallery":[],"jnews_single_post":{"format":"standard"},"jnews_primary_category":[],"jnews_social_meta":[],"jnews_override_counter":[],"footnotes":""},"categories":[123],"tags":[12430,9301,7579],"class_list":["post-38061","post","type-post","status-publish","format-standard","has-post-thumbnail","hentry","category-saude","tag-bariatrica","tag-cobertura","tag-plano-de-saude"],"yoast_head":"<!-- This site is optimized with the Yoast SEO plugin v25.1 - https:\/\/yoast.com\/wordpress\/plugins\/seo\/ -->\n<title>Bari\u00e1trica pelo plano de sa\u00fade: quando a cobertura \u00e9 obrigat\u00f3ria? - Correio Braziliense - Aqui<\/title>\n<meta name=\"description\" content=\"Entenda as regras da ANS para a cobertura da cirurgia e de procedimentos reparadores pelos planos de sa\u00fade.\" \/>\n<meta name=\"robots\" content=\"index, follow, max-snippet:-1, max-image-preview:large, max-video-preview:-1\" \/>\n<link rel=\"canonical\" href=\"https:\/\/www.correiobraziliense.com.br\/aqui\/2026\/08\/27\/bariatrica-pelo-plano-de-saude-quando-a-cobertura-e-obrigatoria\/\" \/>\n<meta property=\"og:locale\" content=\"pt_BR\" \/>\n<meta property=\"og:type\" content=\"article\" \/>\n<meta property=\"og:title\" content=\"Bari\u00e1trica pelo plano de sa\u00fade: quando a cobertura \u00e9 obrigat\u00f3ria? - Correio Braziliense - Aqui\" \/>\n<meta property=\"og:description\" content=\"Entenda as regras da ANS para a cobertura da cirurgia e de procedimentos reparadores pelos planos de sa\u00fade.\" \/>\n<meta property=\"og:url\" content=\"https:\/\/www.correiobraziliense.com.br\/aqui\/2026\/08\/27\/bariatrica-pelo-plano-de-saude-quando-a-cobertura-e-obrigatoria\/\" \/>\n<meta property=\"og:site_name\" content=\"Correio Braziliense - Aqui\" \/>\n<meta property=\"article:published_time\" content=\"2026-08-27T21:16:00+00:00\" \/>\n<meta property=\"article:modified_time\" content=\"2026-08-27T21:16:07+00:00\" \/>\n<meta property=\"og:image\" content=\"https:\/\/www.correiobraziliense.com.br\/aqui\/wp-content\/uploads\/2026\/08\/bariatrica_1787865310836.jpg\" \/>\n\t<meta property=\"og:image:width\" content=\"1280\" \/>\n\t<meta property=\"og:image:height\" content=\"720\" \/>\n\t<meta property=\"og:image:type\" content=\"image\/jpeg\" \/>\n<meta name=\"author\" content=\"Lucas\" \/>\n<meta name=\"twitter:card\" content=\"summary_large_image\" \/>\n<meta name=\"twitter:label1\" content=\"Escrito por\" \/>\n\t<meta name=\"twitter:data1\" content=\"Lucas\" \/>\n\t<meta name=\"twitter:label2\" content=\"Est. tempo de leitura\" \/>\n\t<meta name=\"twitter:data2\" content=\"3 minutos\" \/>\n<!-- \/ Yoast SEO plugin. -->","yoast_head_json":{"title":"Bari\u00e1trica pelo plano de sa\u00fade: quando a cobertura \u00e9 obrigat\u00f3ria? - Correio Braziliense - Aqui","description":"Entenda as regras da ANS para a cobertura da cirurgia e de procedimentos reparadores pelos planos de sa\u00fade.","robots":{"index":"index","follow":"follow","max-snippet":"max-snippet:-1","max-image-preview":"max-image-preview:large","max-video-preview":"max-video-preview:-1"},"canonical":"https:\/\/www.correiobraziliense.com.br\/aqui\/2026\/08\/27\/bariatrica-pelo-plano-de-saude-quando-a-cobertura-e-obrigatoria\/","og_locale":"pt_BR","og_type":"article","og_title":"Bari\u00e1trica pelo plano de sa\u00fade: quando a cobertura \u00e9 obrigat\u00f3ria? - Correio Braziliense - Aqui","og_description":"Entenda as regras da ANS para a cobertura da cirurgia e de procedimentos reparadores pelos planos de sa\u00fade.","og_url":"https:\/\/www.correiobraziliense.com.br\/aqui\/2026\/08\/27\/bariatrica-pelo-plano-de-saude-quando-a-cobertura-e-obrigatoria\/","og_site_name":"Correio Braziliense - Aqui","article_published_time":"2026-08-27T21:16:00+00:00","article_modified_time":"2026-08-27T21:16:07+00:00","og_image":[{"width":1280,"height":720,"url":"https:\/\/www.correiobraziliense.com.br\/aqui\/wp-content\/uploads\/2026\/08\/bariatrica_1787865310836.jpg","type":"image\/jpeg"}],"author":"Lucas","twitter_card":"summary_large_image","twitter_misc":{"Escrito por":"Lucas","Est. tempo de leitura":"3 minutos"},"schema":{"@context":"https:\/\/schema.org","@graph":[{"@type":"WebPage","@id":"https:\/\/www.correiobraziliense.com.br\/aqui\/2026\/08\/27\/bariatrica-pelo-plano-de-saude-quando-a-cobertura-e-obrigatoria\/","url":"https:\/\/www.correiobraziliense.com.br\/aqui\/2026\/08\/27\/bariatrica-pelo-plano-de-saude-quando-a-cobertura-e-obrigatoria\/","name":"Bari\u00e1trica pelo plano de sa\u00fade: quando a cobertura \u00e9 obrigat\u00f3ria? - Correio Braziliense - Aqui","isPartOf":{"@id":"https:\/\/www.correiobraziliense.com.br\/aqui\/#website"},"primaryImageOfPage":{"@id":"https:\/\/www.correiobraziliense.com.br\/aqui\/2026\/08\/27\/bariatrica-pelo-plano-de-saude-quando-a-cobertura-e-obrigatoria\/#primaryimage"},"image":{"@id":"https:\/\/www.correiobraziliense.com.br\/aqui\/2026\/08\/27\/bariatrica-pelo-plano-de-saude-quando-a-cobertura-e-obrigatoria\/#primaryimage"},"thumbnailUrl":"https:\/\/www.correiobraziliense.com.br\/aqui\/wp-content\/uploads\/2026\/08\/bariatrica_1787865310836.jpg","datePublished":"2026-08-27T21:16:00+00:00","dateModified":"2026-08-27T21:16:07+00:00","author":{"@id":"https:\/\/www.correiobraziliense.com.br\/aqui\/#\/schema\/person\/36d094a725ba56bbeb370a877862a002"},"description":"Entenda as regras da ANS para a cobertura da cirurgia e de procedimentos reparadores pelos planos de sa\u00fade.","breadcrumb":{"@id":"https:\/\/www.correiobraziliense.com.br\/aqui\/2026\/08\/27\/bariatrica-pelo-plano-de-saude-quando-a-cobertura-e-obrigatoria\/#breadcrumb"},"inLanguage":"pt-BR","potentialAction":[{"@type":"ReadAction","target":["https:\/\/www.correiobraziliense.com.br\/aqui\/2026\/08\/27\/bariatrica-pelo-plano-de-saude-quando-a-cobertura-e-obrigatoria\/"]}]},{"@type":"ImageObject","inLanguage":"pt-BR","@id":"https:\/\/www.correiobraziliense.com.br\/aqui\/2026\/08\/27\/bariatrica-pelo-plano-de-saude-quando-a-cobertura-e-obrigatoria\/#primaryimage","url":"https:\/\/www.correiobraziliense.com.br\/aqui\/wp-content\/uploads\/2026\/08\/bariatrica_1787865310836.jpg","contentUrl":"https:\/\/www.correiobraziliense.com.br\/aqui\/wp-content\/uploads\/2026\/08\/bariatrica_1787865310836.jpg","width":1280,"height":720,"caption":"Cr\u00e9ditos: depositphotos.com \/ irinashatilova"},{"@type":"BreadcrumbList","@id":"https:\/\/www.correiobraziliense.com.br\/aqui\/2026\/08\/27\/bariatrica-pelo-plano-de-saude-quando-a-cobertura-e-obrigatoria\/#breadcrumb","itemListElement":[{"@type":"ListItem","position":1,"name":"In\u00edcio","item":"https:\/\/www.correiobraziliense.com.br\/aqui\/"},{"@type":"ListItem","position":2,"name":"Bari\u00e1trica pelo plano de sa\u00fade: quando a cobertura \u00e9 obrigat\u00f3ria?"}]},{"@type":"WebSite","@id":"https:\/\/www.correiobraziliense.com.br\/aqui\/#website","url":"https:\/\/www.correiobraziliense.com.br\/aqui\/","name":"Correio Braziliense - Aqui","description":"O Correio Braziliense (CB) \u00e9 o mais importante canal de not\u00edcias de Bras\u00edlia. Aqui voc\u00ea encontra as \u00faltimas not\u00edcias do DF, do Brasil e do mundo.","potentialAction":[{"@type":"SearchAction","target":{"@type":"EntryPoint","urlTemplate":"https:\/\/www.correiobraziliense.com.br\/aqui\/?s={search_term_string}"},"query-input":{"@type":"PropertyValueSpecification","valueRequired":true,"valueName":"search_term_string"}}],"inLanguage":"pt-BR"},{"@type":"Person","@id":"https:\/\/www.correiobraziliense.com.br\/aqui\/#\/schema\/person\/36d094a725ba56bbeb370a877862a002","name":"Lucas","image":{"@type":"ImageObject","inLanguage":"pt-BR","@id":"https:\/\/www.correiobraziliense.com.br\/aqui\/#\/schema\/person\/image\/","url":"https:\/\/secure.gravatar.com\/avatar\/eb1dd4a751dca39c233b091fb7b8ce9ef1608850325ab98ff1fbe898fcef0908?s=96&d=mm&r=g","contentUrl":"https:\/\/secure.gravatar.com\/avatar\/eb1dd4a751dca39c233b091fb7b8ce9ef1608850325ab98ff1fbe898fcef0908?s=96&d=mm&r=g","caption":"Lucas"},"url":"https:\/\/www.correiobraziliense.com.br\/aqui\/author\/lucasaqui\/"}]}},"_links":{"self":[{"href":"https:\/\/www.correiobraziliense.com.br\/aqui\/wp-json\/wp\/v2\/posts\/38061","targetHints":{"allow":["GET"]}}],"collection":[{"href":"https:\/\/www.correiobraziliense.com.br\/aqui\/wp-json\/wp\/v2\/posts"}],"about":[{"href":"https:\/\/www.correiobraziliense.com.br\/aqui\/wp-json\/wp\/v2\/types\/post"}],"author":[{"embeddable":true,"href":"https:\/\/www.correiobraziliense.com.br\/aqui\/wp-json\/wp\/v2\/users\/9"}],"replies":[{"embeddable":true,"href":"https:\/\/www.correiobraziliense.com.br\/aqui\/wp-json\/wp\/v2\/comments?post=38061"}],"version-history":[{"count":1,"href":"https:\/\/www.correiobraziliense.com.br\/aqui\/wp-json\/wp\/v2\/posts\/38061\/revisions"}],"predecessor-version":[{"id":38062,"href":"https:\/\/www.correiobraziliense.com.br\/aqui\/wp-json\/wp\/v2\/posts\/38061\/revisions\/38062"}],"wp:featuredmedia":[{"embeddable":true,"href":"https:\/\/www.correiobraziliense.com.br\/aqui\/wp-json\/wp\/v2\/media\/38063"}],"wp:attachment":[{"href":"https:\/\/www.correiobraziliense.com.br\/aqui\/wp-json\/wp\/v2\/media?parent=38061"}],"wp:term":[{"taxonomy":"category","embeddable":true,"href":"https:\/\/www.correiobraziliense.com.br\/aqui\/wp-json\/wp\/v2\/categories?post=38061"},{"taxonomy":"post_tag","embeddable":true,"href":"https:\/\/www.correiobraziliense.com.br\/aqui\/wp-json\/wp\/v2\/tags?post=38061"}],"curies":[{"name":"wp","href":"https:\/\/api.w.org\/{rel}","templated":true}]}}