{"id":38072,"date":"2026-08-28T08:15:00","date_gmt":"2026-08-28T11:15:00","guid":{"rendered":"https:\/\/www.correiobraziliense.com.br\/aqui\/?p=38072"},"modified":"2026-08-27T22:42:17","modified_gmt":"2026-08-28T01:42:17","slug":"5-pratos-tipicos-de-barcelona-para-saborear-durante-viagem","status":"publish","type":"post","link":"https:\/\/www.correiobraziliense.com.br\/aqui\/2026\/08\/28\/5-pratos-tipicos-de-barcelona-para-saborear-durante-viagem\/","title":{"rendered":"5 pratos t\u00edpicos de Barcelona para saborear durante viagem"},"content":{"rendered":"\n<p>Barcelona \u00e9 uma cidade que pulsa cultura em cada esquina, e sua gastronomia \u00e9 uma das mais vibrantes express\u00f5es da identidade catal\u00e3. Para quem planeja uma visita ou simplesmente deseja viajar atrav\u00e9s dos sabores, mergulhar nos pratos t\u00edpicos locais \u00e9 uma experi\u00eancia inesquec\u00edvel. Dos mercados movimentados aos restaurantes tradicionais, a comida conta a hist\u00f3ria da regi\u00e3o.<\/p>\n\n\n\n<p>Para gui\u00e1-lo nessa <a target=\"_blank\" rel=\"noreferrer noopener\" href=\"https:\/\/www.correiobraziliense.com.br\/revista-do-correio\/2025\/10\/7265929-onde-comer-e-beber-em-barcelona-melhores-restaurantes-e-bares-da-cidade.html\">jornada culin\u00e1ria<\/a>, separamos cinco iguarias que definem a ess\u00eancia de Barcelona e que voc\u00ea n\u00e3o pode deixar de provar.<\/p>\n\n\n\n<h2 class=\"wp-block-heading\">1. Pa amb Tom\u00e0quet<\/h2>\n\n\n\n<p>A simplicidade define o Pa amb Tom\u00e0quet, um dos pilares da cozinha catal\u00e3. Trata-se de uma fatia de <a target=\"_blank\" rel=\"noreferrer noopener\" href=\"https:\/\/www.correiobraziliense.com.br\/revista-do-correio\/2025\/07\/7210788-5-receitas-rapidas-de-paes-para-fazer-em-casa.html\">p\u00e3o r\u00fastico<\/a>, muitas vezes tostado, esfregado com alho e tomate maduro. O preparo \u00e9 finalizado com um fio de azeite de oliva extravirgem e uma pitada de sal. Embora pare\u00e7a b\u00e1sico, a qualidade dos ingredientes \u00e9 o que faz a diferen\u00e7a.<\/p>\n\n\n\n<p>Servido como entrada, acompanhamento ou mesmo no caf\u00e9 da manh\u00e3, este prato representa a ess\u00eancia da comida local: fresca, saborosa e sem complica\u00e7\u00f5es. \u00c9 a base de muitas refei\u00e7\u00f5es na regi\u00e3o e um verdadeiro s\u00edmbolo de identidade.<\/p>\n\n\n\n<h2 class=\"wp-block-heading\">2. La Bomba<\/h2>\n\n\n\n<p>Inspirada em uma granada, a La Bomba \u00e9 uma tapa que conta parte da hist\u00f3ria de Barcelona. \u00c9 uma bola de pur\u00ea de batata recheada com carne mo\u00edda, empanada e frita at\u00e9 ficar dourada e crocante. Diz a tradi\u00e7\u00e3o local que o nome e o formato remetem a artefatos usados durante a Guerra Civil Espanhola.<\/p>\n\n\n\n<p>O prato \u00e9 tradicionalmente servido com dois molhos: o alioli, branco e suave, e um molho vermelho picante, que simboliza a explos\u00e3o. \u00c9 um <a target=\"_blank\" rel=\"noreferrer noopener\" href=\"https:\/\/www.correiobraziliense.com.br\/revista-do-correio\/2025\/02\/7073687-7-petiscos-praticos-para-fazer-no-feriado-de-carnaval.html\">petisco saboroso<\/a> e imperd\u00edvel nos bares do bairro de La Barceloneta, onde teria sido criado.<\/p>\n\n\n\n<h2 class=\"wp-block-heading\">3. Escalivada<\/h2>\n\n\n\n<p>Para quem busca uma op\u00e7\u00e3o mais leve, a Escalivada \u00e9 a pedida certa. O nome vem do verbo catal\u00e3o \u201cescalivar\u201d, que significa assar nas cinzas. O prato consiste em uma mistura de piment\u00f5es vermelhos, berinjelas e cebolas assados lentamente at\u00e9 que a pele se solte e o interior fique macio e defumado.<\/p>\n\n\n\n<p>As tiras de vegetais s\u00e3o servidas em temperatura ambiente, regadas com azeite de oliva e, por vezes, acompanhadas de anchovas para um toque salgado. \u00c9 um prato vers\u00e1til, que pode ser consumido sozinho ou sobre uma fatia de p\u00e3o tostado.<\/p>\n\n\n\n<h2 class=\"wp-block-heading\">4. Fideu\u00e0<\/h2>\n\n\n\n<p>Muitos conhecem a paella, mas na Catalunha, a Fideu\u00e0 rouba a cena. Este prato se assemelha ao seu primo famoso, mas troca o arroz por um tipo de macarr\u00e3o fino e curto, chamado fideus. Cozido em um caldo de peixe rico, geralmente com frutos do mar, o prato \u00e9 finalizado no forno para que os noodles fiquem tostados por cima.<\/p>\n\n\n\n<p>\u00c9 frequentemente servido com alioli para equilibrar os sabores intensos do mar. A Fideu\u00e0 \u00e9 uma alternativa deliciosa e aut\u00eantica, mostrando a criatividade da cozinha costeira catal\u00e3.<\/p>\n\n\n\n<h2 class=\"wp-block-heading\">5. Crema Catalana<\/h2>\n\n\n\n<p>Nenhuma lista estaria completa sem a Crema Catalana. Frequentemente citada como uma das sobremesas mais antigas da Europa, \u00e9 um creme aveludado feito com gemas de ovo, leite e a\u00e7\u00facar, aromatizado com casca de lim\u00e3o e canela. O toque final \u00e9 a sua caracter\u00edstica camada de a\u00e7\u00facar caramelizado, queimado pouco antes de servir, criando uma casquinha crocante que se quebra com a colher.<\/p>\n","protected":false},"excerpt":{"rendered":"<p>Conhe\u00e7a as iguarias gastron\u00f4micas catal\u00e3s mais famosas, desde as tradicionais tapas at\u00e9 a cremosa crema catalana nos mercados locais da regi\u00e3o<\/p>\n","protected":false},"author":10,"featured_media":38076,"comment_status":"open","ping_status":"open","sticky":false,"template":"","format":"standard","meta":{"jnews-multi-image_gallery":[],"jnews_single_post":{"format":"standard"},"jnews_primary_category":[],"jnews_social_meta":[],"jnews_override_counter":[],"footnotes":""},"categories":[121],"tags":[3356,119,146],"class_list":["post-38072","post","type-post","status-publish","format-standard","has-post-thumbnail","hentry","category-gastronomia","tag-barcelona","tag-gastronomia","tag-turismo"],"yoast_head":"<!-- This site is optimized with the Yoast SEO plugin v25.1 - https:\/\/yoast.com\/wordpress\/plugins\/seo\/ -->\n<title>5 pratos t\u00edpicos de Barcelona para saborear durante viagem - Correio Braziliense - Aqui<\/title>\n<meta name=\"description\" content=\"Conhe\u00e7a as iguarias gastron\u00f4micas mais famosas de Barcelona, desde as tradicionais tapas at\u00e9 a cremosa crema catalana\" \/>\n<meta name=\"robots\" content=\"index, follow, max-snippet:-1, max-image-preview:large, max-video-preview:-1\" \/>\n<link rel=\"canonical\" href=\"https:\/\/www.correiobraziliense.com.br\/aqui\/2026\/08\/28\/5-pratos-tipicos-de-barcelona-para-saborear-durante-viagem\/\" \/>\n<meta property=\"og:locale\" content=\"pt_BR\" \/>\n<meta property=\"og:type\" content=\"article\" \/>\n<meta property=\"og:title\" content=\"5 pratos t\u00edpicos de Barcelona para saborear durante viagem - Correio Braziliense - Aqui\" \/>\n<meta property=\"og:description\" content=\"Conhe\u00e7a as iguarias gastron\u00f4micas mais famosas de Barcelona, desde as tradicionais tapas at\u00e9 a cremosa crema catalana\" \/>\n<meta property=\"og:url\" content=\"https:\/\/www.correiobraziliense.com.br\/aqui\/2026\/08\/28\/5-pratos-tipicos-de-barcelona-para-saborear-durante-viagem\/\" \/>\n<meta property=\"og:site_name\" content=\"Correio Braziliense - Aqui\" \/>\n<meta property=\"article:published_time\" content=\"2026-08-28T11:15:00+00:00\" \/>\n<meta property=\"og:image\" content=\"https:\/\/www.correiobraziliense.com.br\/aqui\/wp-content\/uploads\/2026\/08\/Crema-Catalana_1787881144703.jpg\" \/>\n\t<meta property=\"og:image:width\" content=\"1280\" \/>\n\t<meta property=\"og:image:height\" content=\"720\" \/>\n\t<meta property=\"og:image:type\" content=\"image\/jpeg\" \/>\n<meta name=\"author\" content=\"Larissa\" \/>\n<meta name=\"twitter:card\" content=\"summary_large_image\" \/>\n<meta name=\"twitter:label1\" content=\"Escrito por\" \/>\n\t<meta name=\"twitter:data1\" content=\"Larissa\" \/>\n\t<meta name=\"twitter:label2\" content=\"Est. tempo de leitura\" \/>\n\t<meta name=\"twitter:data2\" content=\"4 minutos\" \/>\n<!-- \/ Yoast SEO plugin. -->","yoast_head_json":{"title":"5 pratos t\u00edpicos de Barcelona para saborear durante viagem - Correio Braziliense - Aqui","description":"Conhe\u00e7a as iguarias gastron\u00f4micas mais famosas de Barcelona, desde as tradicionais tapas at\u00e9 a cremosa crema catalana","robots":{"index":"index","follow":"follow","max-snippet":"max-snippet:-1","max-image-preview":"max-image-preview:large","max-video-preview":"max-video-preview:-1"},"canonical":"https:\/\/www.correiobraziliense.com.br\/aqui\/2026\/08\/28\/5-pratos-tipicos-de-barcelona-para-saborear-durante-viagem\/","og_locale":"pt_BR","og_type":"article","og_title":"5 pratos t\u00edpicos de Barcelona para saborear durante viagem - Correio Braziliense - Aqui","og_description":"Conhe\u00e7a as iguarias gastron\u00f4micas mais famosas de Barcelona, desde as tradicionais tapas at\u00e9 a cremosa crema catalana","og_url":"https:\/\/www.correiobraziliense.com.br\/aqui\/2026\/08\/28\/5-pratos-tipicos-de-barcelona-para-saborear-durante-viagem\/","og_site_name":"Correio Braziliense - Aqui","article_published_time":"2026-08-28T11:15:00+00:00","og_image":[{"width":1280,"height":720,"url":"https:\/\/www.correiobraziliense.com.br\/aqui\/wp-content\/uploads\/2026\/08\/Crema-Catalana_1787881144703.jpg","type":"image\/jpeg"}],"author":"Larissa","twitter_card":"summary_large_image","twitter_misc":{"Escrito por":"Larissa","Est. tempo de leitura":"4 minutos"},"schema":{"@context":"https:\/\/schema.org","@graph":[{"@type":"WebPage","@id":"https:\/\/www.correiobraziliense.com.br\/aqui\/2026\/08\/28\/5-pratos-tipicos-de-barcelona-para-saborear-durante-viagem\/","url":"https:\/\/www.correiobraziliense.com.br\/aqui\/2026\/08\/28\/5-pratos-tipicos-de-barcelona-para-saborear-durante-viagem\/","name":"5 pratos t\u00edpicos de Barcelona para saborear durante viagem - Correio Braziliense - Aqui","isPartOf":{"@id":"https:\/\/www.correiobraziliense.com.br\/aqui\/#website"},"primaryImageOfPage":{"@id":"https:\/\/www.correiobraziliense.com.br\/aqui\/2026\/08\/28\/5-pratos-tipicos-de-barcelona-para-saborear-durante-viagem\/#primaryimage"},"image":{"@id":"https:\/\/www.correiobraziliense.com.br\/aqui\/2026\/08\/28\/5-pratos-tipicos-de-barcelona-para-saborear-durante-viagem\/#primaryimage"},"thumbnailUrl":"https:\/\/www.correiobraziliense.com.br\/aqui\/wp-content\/uploads\/2026\/08\/Crema-Catalana_1787881144703.jpg","datePublished":"2026-08-28T11:15:00+00:00","author":{"@id":"https:\/\/www.correiobraziliense.com.br\/aqui\/#\/schema\/person\/775f50a8c1ac31704d56816e99b29041"},"description":"Conhe\u00e7a as iguarias gastron\u00f4micas mais famosas de Barcelona, desde as tradicionais tapas at\u00e9 a cremosa crema catalana","breadcrumb":{"@id":"https:\/\/www.correiobraziliense.com.br\/aqui\/2026\/08\/28\/5-pratos-tipicos-de-barcelona-para-saborear-durante-viagem\/#breadcrumb"},"inLanguage":"pt-BR","potentialAction":[{"@type":"ReadAction","target":["https:\/\/www.correiobraziliense.com.br\/aqui\/2026\/08\/28\/5-pratos-tipicos-de-barcelona-para-saborear-durante-viagem\/"]}]},{"@type":"ImageObject","inLanguage":"pt-BR","@id":"https:\/\/www.correiobraziliense.com.br\/aqui\/2026\/08\/28\/5-pratos-tipicos-de-barcelona-para-saborear-durante-viagem\/#primaryimage","url":"https:\/\/www.correiobraziliense.com.br\/aqui\/wp-content\/uploads\/2026\/08\/Crema-Catalana_1787881144703.jpg","contentUrl":"https:\/\/www.correiobraziliense.com.br\/aqui\/wp-content\/uploads\/2026\/08\/Crema-Catalana_1787881144703.jpg","width":1280,"height":720,"caption":"Cr\u00e9ditos: depositphotos.com \/ asimojet"},{"@type":"BreadcrumbList","@id":"https:\/\/www.correiobraziliense.com.br\/aqui\/2026\/08\/28\/5-pratos-tipicos-de-barcelona-para-saborear-durante-viagem\/#breadcrumb","itemListElement":[{"@type":"ListItem","position":1,"name":"In\u00edcio","item":"https:\/\/www.correiobraziliense.com.br\/aqui\/"},{"@type":"ListItem","position":2,"name":"5 pratos t\u00edpicos de Barcelona para saborear durante viagem"}]},{"@type":"WebSite","@id":"https:\/\/www.correiobraziliense.com.br\/aqui\/#website","url":"https:\/\/www.correiobraziliense.com.br\/aqui\/","name":"Correio Braziliense - Aqui","description":"O Correio Braziliense (CB) \u00e9 o mais importante canal de not\u00edcias de Bras\u00edlia. Aqui voc\u00ea encontra as \u00faltimas not\u00edcias do DF, do Brasil e do mundo.","potentialAction":[{"@type":"SearchAction","target":{"@type":"EntryPoint","urlTemplate":"https:\/\/www.correiobraziliense.com.br\/aqui\/?s={search_term_string}"},"query-input":{"@type":"PropertyValueSpecification","valueRequired":true,"valueName":"search_term_string"}}],"inLanguage":"pt-BR"},{"@type":"Person","@id":"https:\/\/www.correiobraziliense.com.br\/aqui\/#\/schema\/person\/775f50a8c1ac31704d56816e99b29041","name":"Larissa","image":{"@type":"ImageObject","inLanguage":"pt-BR","@id":"https:\/\/www.correiobraziliense.com.br\/aqui\/#\/schema\/person\/image\/","url":"https:\/\/secure.gravatar.com\/avatar\/62f5b2e99de671d075ab98e19f03c3c38c80a93f5d06f51075cf4431a4e76458?s=96&d=mm&r=g","contentUrl":"https:\/\/secure.gravatar.com\/avatar\/62f5b2e99de671d075ab98e19f03c3c38c80a93f5d06f51075cf4431a4e76458?s=96&d=mm&r=g","caption":"Larissa"},"url":"https:\/\/www.correiobraziliense.com.br\/aqui\/author\/larissaaqui\/"}]}},"_links":{"self":[{"href":"https:\/\/www.correiobraziliense.com.br\/aqui\/wp-json\/wp\/v2\/posts\/38072","targetHints":{"allow":["GET"]}}],"collection":[{"href":"https:\/\/www.correiobraziliense.com.br\/aqui\/wp-json\/wp\/v2\/posts"}],"about":[{"href":"https:\/\/www.correiobraziliense.com.br\/aqui\/wp-json\/wp\/v2\/types\/post"}],"author":[{"embeddable":true,"href":"https:\/\/www.correiobraziliense.com.br\/aqui\/wp-json\/wp\/v2\/users\/10"}],"replies":[{"embeddable":true,"href":"https:\/\/www.correiobraziliense.com.br\/aqui\/wp-json\/wp\/v2\/comments?post=38072"}],"version-history":[{"count":4,"href":"https:\/\/www.correiobraziliense.com.br\/aqui\/wp-json\/wp\/v2\/posts\/38072\/revisions"}],"predecessor-version":[{"id":38077,"href":"https:\/\/www.correiobraziliense.com.br\/aqui\/wp-json\/wp\/v2\/posts\/38072\/revisions\/38077"}],"wp:featuredmedia":[{"embeddable":true,"href":"https:\/\/www.correiobraziliense.com.br\/aqui\/wp-json\/wp\/v2\/media\/38076"}],"wp:attachment":[{"href":"https:\/\/www.correiobraziliense.com.br\/aqui\/wp-json\/wp\/v2\/media?parent=38072"}],"wp:term":[{"taxonomy":"category","embeddable":true,"href":"https:\/\/www.correiobraziliense.com.br\/aqui\/wp-json\/wp\/v2\/categories?post=38072"},{"taxonomy":"post_tag","embeddable":true,"href":"https:\/\/www.correiobraziliense.com.br\/aqui\/wp-json\/wp\/v2\/tags?post=38072"}],"curies":[{"name":"wp","href":"https:\/\/api.w.org\/{rel}","templated":true}]}}