{"id":38078,"date":"2026-08-28T08:40:00","date_gmt":"2026-08-28T11:40:00","guid":{"rendered":"https:\/\/www.correiobraziliense.com.br\/aqui\/?p=38078"},"modified":"2026-08-27T22:45:54","modified_gmt":"2026-08-28T01:45:54","slug":"como-usar-a-nota-do-enem-para-entrar-na-faculdade-em-2026","status":"publish","type":"post","link":"https:\/\/www.correiobraziliense.com.br\/aqui\/2026\/08\/28\/como-usar-a-nota-do-enem-para-entrar-na-faculdade-em-2026\/","title":{"rendered":"Como usar a nota do Enem para entrar na faculdade em 2026"},"content":{"rendered":"\n<p>A nota do Exame Nacional do Ensino M\u00e9dio (Enem) \u00e9 a principal porta de entrada para o ensino superior no Brasil. Com mudan\u00e7as importantes para os <a target=\"_blank\" rel=\"noreferrer noopener\" href=\"https:\/\/www.correiobraziliense.com.br\/euestudante\/enem\/2026\/01\/7335889-sisu-2026-abre-inscricoes-com-2748-mil-vagas-em-universidades-publicas.html\">processos seletivos de 2026<\/a>, milh\u00f5es de estudantes podem utilizar seu desempenho para concorrer a vagas em universidades p\u00fablicas e a bolsas de estudo em institui\u00e7\u00f5es privadas por meio de programas do governo federal.<\/p>\n\n\n\n<p>Os dois caminhos mais conhecidos s\u00e3o o <a target=\"_blank\" rel=\"noreferrer noopener\" href=\"https:\/\/www.correiobraziliense.com.br\/euestudante\/enem\/2025\/06\/7172362-saiba-como-usar-a-nota-do-enem-para-acessar-universidades-publicas.html\">Sistema de Sele\u00e7\u00e3o Unificada (Sisu)<\/a> e o Programa Universidade para Todos (Prouni). Ambos usam a pontua\u00e7\u00e3o do Enem como crit\u00e9rio de classifica\u00e7\u00e3o, e entender as regras atualizadas \u00e9 fundamental para planejar sua inscri\u00e7\u00e3o e aumentar as chances de aprova\u00e7\u00e3o.<\/p>\n\n\n\n<h2 class=\"wp-block-heading\">Sisu: a porta para as universidades p\u00fablicas<\/h2>\n\n\n\n<p>O Sisu \u00e9 um programa gratuito que distribui vagas em <a target=\"_blank\" rel=\"noreferrer noopener\" href=\"https:\/\/www.correiobraziliense.com.br\/revista-do-correio\/2025\/05\/7159400-5-caminhos-para-o-ensino-superior-a-partir-do-enem.html\">institui\u00e7\u00f5es federais e estaduais de ensino superior<\/a>. A partir de 2026, para participar, o candidato precisa ter feito uma das tr\u00eas \u00faltimas edi\u00e7\u00f5es do Enem (2023, 2024 ou 2025) e n\u00e3o ter zerado a reda\u00e7\u00e3o. O sistema selecionar\u00e1 automaticamente a edi\u00e7\u00e3o com a melhor m\u00e9dia para o curso escolhido. \u00c9 importante notar que estudantes que realizaram o exame como &#8220;treineiros&#8221;, ou seja, sem ter conclu\u00eddo o ensino m\u00e9dio, n\u00e3o podem concorrer.<\/p>\n\n\n\n<p>Durante o per\u00edodo de inscri\u00e7\u00e3o, o sistema calcula diariamente a nota de corte para cada curso, considerando as diferentes modalidades de concorr\u00eancia (ampla concorr\u00eancia e cotas). Essa pontua\u00e7\u00e3o \u00e9 a nota m\u00ednima necess\u00e1ria para estar entre os potenciais selecionados. O estudante pode alterar suas op\u00e7\u00f5es at\u00e9 o \u00faltimo dia, buscando cursos onde sua nota seja mais competitiva.<\/p>\n\n\n\n<h2 class=\"wp-block-heading\">Prouni: bolsas em faculdades particulares<\/h2>\n\n\n\n<p>O <a target=\"_blank\" rel=\"noreferrer noopener\" href=\"https:\/\/www.correiobraziliense.com.br\/euestudante\/2026\/07\/7458853-prouni-prazo-para-concorrer-a-471-mil-bolsas-termina-nesta-sexta.html\">Prouni oferece bolsas de estudo<\/a> parciais (50%) e integrais (100%) em faculdades privadas. Para concorrer, o candidato precisa ter participado de uma das duas \u00faltimas edi\u00e7\u00f5es do Enem, al\u00e9m de atender a crit\u00e9rios de renda familiar e ter cursado o ensino m\u00e9dio em escola p\u00fablica ou como bolsista integral em escola particular.<\/p>\n\n\n\n<p>A nota m\u00ednima exigida \u00e9 de 450 pontos na m\u00e9dia das provas e nota superior a zero na reda\u00e7\u00e3o. Assim como no Sisu, o processo de sele\u00e7\u00e3o \u00e9 baseado na pontua\u00e7\u00e3o do exame, e os candidatos mais bem classificados garantem as bolsas dispon\u00edveis.<\/p>\n\n\n\n<h2 class=\"wp-block-heading\">Passo a passo para usar sua nota do Enem<\/h2>\n\n\n\n<p>O processo de inscri\u00e7\u00e3o para ambos os programas \u00e9 centralizado em um portal \u00fanico do governo. Para n\u00e3o perder nenhuma etapa, siga as orienta\u00e7\u00f5es:<\/p>\n\n\n\n<ol class=\"wp-block-list\">\n<li>Acesse o Portal \u00danico de Acesso ao Ensino Superior nas datas divulgadas pelo Minist\u00e9rio da Educa\u00e7\u00e3o. O login \u00e9 feito com sua conta Gov.br.<\/li>\n\n\n\n<li>No sistema, voc\u00ea poder\u00e1 escolher at\u00e9 duas op\u00e7\u00f5es de curso, turno e institui\u00e7\u00e3o de ensino, em ordem de prefer\u00eancia.<\/li>\n\n\n\n<li>Acompanhe diariamente a sua classifica\u00e7\u00e3o e a nota de corte. Se necess\u00e1rio, troque as op\u00e7\u00f5es de curso para aumentar suas chances.<\/li>\n\n\n\n<li>Ao final do per\u00edodo de inscri\u00e7\u00e3o, o sistema seleciona os candidatos mais bem colocados em cada curso, com base na nota do Enem.<\/li>\n\n\n\n<li>Caso n\u00e3o seja selecionado na chamada regular, manifeste interesse em participar da lista de espera para continuar concorrendo \u00e0s vagas remanescentes.<\/li>\n<\/ol>\n","protected":false},"excerpt":{"rendered":"<p>Confira o passo a passo para aplicar seu desempenho nos programas Sisu e Prouni, que trazem novas regras de sele\u00e7\u00e3o para o pr\u00f3ximo ano<\/p>\n","protected":false},"author":10,"featured_media":27713,"comment_status":"open","ping_status":"open","sticky":false,"template":"","format":"standard","meta":{"jnews-multi-image_gallery":[],"jnews_single_post":{"format":"standard"},"jnews_primary_category":[],"jnews_social_meta":[],"jnews_override_counter":[],"footnotes":""},"categories":[154],"tags":[157,5564],"class_list":["post-38078","post","type-post","status-publish","format-standard","has-post-thumbnail","hentry","category-brasil","tag-brasil","tag-enem"],"yoast_head":"<!-- This site is optimized with the Yoast SEO plugin v25.1 - https:\/\/yoast.com\/wordpress\/plugins\/seo\/ -->\n<title>Como usar a nota do Enem para entrar na faculdade em 2026 - Correio Braziliense - Aqui<\/title>\n<meta name=\"description\" content=\"Confira o passo a passo para aplicar nota do Enem em programas como Sisu e Prouni, que trazem novas regras de sele\u00e7\u00e3o para o pr\u00f3ximo ano\" \/>\n<meta name=\"robots\" content=\"index, follow, max-snippet:-1, max-image-preview:large, max-video-preview:-1\" \/>\n<link rel=\"canonical\" href=\"https:\/\/www.correiobraziliense.com.br\/aqui\/2026\/08\/28\/como-usar-a-nota-do-enem-para-entrar-na-faculdade-em-2026\/\" \/>\n<meta property=\"og:locale\" content=\"pt_BR\" \/>\n<meta property=\"og:type\" content=\"article\" \/>\n<meta property=\"og:title\" content=\"Como usar a nota do Enem para entrar na faculdade em 2026 - Correio Braziliense - Aqui\" \/>\n<meta property=\"og:description\" content=\"Confira o passo a passo para aplicar nota do Enem em programas como Sisu e Prouni, que trazem novas regras de sele\u00e7\u00e3o para o pr\u00f3ximo ano\" \/>\n<meta property=\"og:url\" content=\"https:\/\/www.correiobraziliense.com.br\/aqui\/2026\/08\/28\/como-usar-a-nota-do-enem-para-entrar-na-faculdade-em-2026\/\" \/>\n<meta property=\"og:site_name\" content=\"Correio Braziliense - Aqui\" \/>\n<meta property=\"article:published_time\" content=\"2026-08-28T11:40:00+00:00\" \/>\n<meta property=\"og:image\" content=\"https:\/\/www.correiobraziliense.com.br\/aqui\/wp-content\/uploads\/2026\/04\/Enem_1776855483431.jpg\" \/>\n\t<meta property=\"og:image:width\" content=\"1280\" \/>\n\t<meta property=\"og:image:height\" content=\"720\" \/>\n\t<meta property=\"og:image:type\" content=\"image\/jpeg\" \/>\n<meta name=\"author\" content=\"Larissa\" \/>\n<meta name=\"twitter:card\" content=\"summary_large_image\" \/>\n<meta name=\"twitter:label1\" content=\"Escrito por\" \/>\n\t<meta name=\"twitter:data1\" content=\"Larissa\" \/>\n\t<meta name=\"twitter:label2\" content=\"Est. tempo de leitura\" \/>\n\t<meta name=\"twitter:data2\" content=\"3 minutos\" \/>\n<!-- \/ Yoast SEO plugin. -->","yoast_head_json":{"title":"Como usar a nota do Enem para entrar na faculdade em 2026 - Correio Braziliense - Aqui","description":"Confira o passo a passo para aplicar nota do Enem em programas como Sisu e Prouni, que trazem novas regras de sele\u00e7\u00e3o para o pr\u00f3ximo ano","robots":{"index":"index","follow":"follow","max-snippet":"max-snippet:-1","max-image-preview":"max-image-preview:large","max-video-preview":"max-video-preview:-1"},"canonical":"https:\/\/www.correiobraziliense.com.br\/aqui\/2026\/08\/28\/como-usar-a-nota-do-enem-para-entrar-na-faculdade-em-2026\/","og_locale":"pt_BR","og_type":"article","og_title":"Como usar a nota do Enem para entrar na faculdade em 2026 - Correio Braziliense - Aqui","og_description":"Confira o passo a passo para aplicar nota do Enem em programas como Sisu e Prouni, que trazem novas regras de sele\u00e7\u00e3o para o pr\u00f3ximo ano","og_url":"https:\/\/www.correiobraziliense.com.br\/aqui\/2026\/08\/28\/como-usar-a-nota-do-enem-para-entrar-na-faculdade-em-2026\/","og_site_name":"Correio Braziliense - Aqui","article_published_time":"2026-08-28T11:40:00+00:00","og_image":[{"width":1280,"height":720,"url":"https:\/\/www.correiobraziliense.com.br\/aqui\/wp-content\/uploads\/2026\/04\/Enem_1776855483431.jpg","type":"image\/jpeg"}],"author":"Larissa","twitter_card":"summary_large_image","twitter_misc":{"Escrito por":"Larissa","Est. tempo de leitura":"3 minutos"},"schema":{"@context":"https:\/\/schema.org","@graph":[{"@type":"WebPage","@id":"https:\/\/www.correiobraziliense.com.br\/aqui\/2026\/08\/28\/como-usar-a-nota-do-enem-para-entrar-na-faculdade-em-2026\/","url":"https:\/\/www.correiobraziliense.com.br\/aqui\/2026\/08\/28\/como-usar-a-nota-do-enem-para-entrar-na-faculdade-em-2026\/","name":"Como usar a nota do Enem para entrar na faculdade em 2026 - Correio Braziliense - Aqui","isPartOf":{"@id":"https:\/\/www.correiobraziliense.com.br\/aqui\/#website"},"primaryImageOfPage":{"@id":"https:\/\/www.correiobraziliense.com.br\/aqui\/2026\/08\/28\/como-usar-a-nota-do-enem-para-entrar-na-faculdade-em-2026\/#primaryimage"},"image":{"@id":"https:\/\/www.correiobraziliense.com.br\/aqui\/2026\/08\/28\/como-usar-a-nota-do-enem-para-entrar-na-faculdade-em-2026\/#primaryimage"},"thumbnailUrl":"https:\/\/www.correiobraziliense.com.br\/aqui\/wp-content\/uploads\/2026\/04\/Enem_1776855483431.jpg","datePublished":"2026-08-28T11:40:00+00:00","author":{"@id":"https:\/\/www.correiobraziliense.com.br\/aqui\/#\/schema\/person\/775f50a8c1ac31704d56816e99b29041"},"description":"Confira o passo a passo para aplicar nota do Enem em programas como Sisu e Prouni, que trazem novas regras de sele\u00e7\u00e3o para o pr\u00f3ximo ano","breadcrumb":{"@id":"https:\/\/www.correiobraziliense.com.br\/aqui\/2026\/08\/28\/como-usar-a-nota-do-enem-para-entrar-na-faculdade-em-2026\/#breadcrumb"},"inLanguage":"pt-BR","potentialAction":[{"@type":"ReadAction","target":["https:\/\/www.correiobraziliense.com.br\/aqui\/2026\/08\/28\/como-usar-a-nota-do-enem-para-entrar-na-faculdade-em-2026\/"]}]},{"@type":"ImageObject","inLanguage":"pt-BR","@id":"https:\/\/www.correiobraziliense.com.br\/aqui\/2026\/08\/28\/como-usar-a-nota-do-enem-para-entrar-na-faculdade-em-2026\/#primaryimage","url":"https:\/\/www.correiobraziliense.com.br\/aqui\/wp-content\/uploads\/2026\/04\/Enem_1776855483431.jpg","contentUrl":"https:\/\/www.correiobraziliense.com.br\/aqui\/wp-content\/uploads\/2026\/04\/Enem_1776855483431.jpg","width":1280,"height":720,"caption":"Cr\u00e9ditos: depositphotos.com \/ rafapress"},{"@type":"BreadcrumbList","@id":"https:\/\/www.correiobraziliense.com.br\/aqui\/2026\/08\/28\/como-usar-a-nota-do-enem-para-entrar-na-faculdade-em-2026\/#breadcrumb","itemListElement":[{"@type":"ListItem","position":1,"name":"In\u00edcio","item":"https:\/\/www.correiobraziliense.com.br\/aqui\/"},{"@type":"ListItem","position":2,"name":"Como usar a nota do Enem para entrar na faculdade em 2026"}]},{"@type":"WebSite","@id":"https:\/\/www.correiobraziliense.com.br\/aqui\/#website","url":"https:\/\/www.correiobraziliense.com.br\/aqui\/","name":"Correio Braziliense - Aqui","description":"O Correio Braziliense (CB) \u00e9 o mais importante canal de not\u00edcias de Bras\u00edlia. Aqui voc\u00ea encontra as \u00faltimas not\u00edcias do DF, do Brasil e do mundo.","potentialAction":[{"@type":"SearchAction","target":{"@type":"EntryPoint","urlTemplate":"https:\/\/www.correiobraziliense.com.br\/aqui\/?s={search_term_string}"},"query-input":{"@type":"PropertyValueSpecification","valueRequired":true,"valueName":"search_term_string"}}],"inLanguage":"pt-BR"},{"@type":"Person","@id":"https:\/\/www.correiobraziliense.com.br\/aqui\/#\/schema\/person\/775f50a8c1ac31704d56816e99b29041","name":"Larissa","image":{"@type":"ImageObject","inLanguage":"pt-BR","@id":"https:\/\/www.correiobraziliense.com.br\/aqui\/#\/schema\/person\/image\/","url":"https:\/\/secure.gravatar.com\/avatar\/62f5b2e99de671d075ab98e19f03c3c38c80a93f5d06f51075cf4431a4e76458?s=96&d=mm&r=g","contentUrl":"https:\/\/secure.gravatar.com\/avatar\/62f5b2e99de671d075ab98e19f03c3c38c80a93f5d06f51075cf4431a4e76458?s=96&d=mm&r=g","caption":"Larissa"},"url":"https:\/\/www.correiobraziliense.com.br\/aqui\/author\/larissaaqui\/"}]}},"_links":{"self":[{"href":"https:\/\/www.correiobraziliense.com.br\/aqui\/wp-json\/wp\/v2\/posts\/38078","targetHints":{"allow":["GET"]}}],"collection":[{"href":"https:\/\/www.correiobraziliense.com.br\/aqui\/wp-json\/wp\/v2\/posts"}],"about":[{"href":"https:\/\/www.correiobraziliense.com.br\/aqui\/wp-json\/wp\/v2\/types\/post"}],"author":[{"embeddable":true,"href":"https:\/\/www.correiobraziliense.com.br\/aqui\/wp-json\/wp\/v2\/users\/10"}],"replies":[{"embeddable":true,"href":"https:\/\/www.correiobraziliense.com.br\/aqui\/wp-json\/wp\/v2\/comments?post=38078"}],"version-history":[{"count":3,"href":"https:\/\/www.correiobraziliense.com.br\/aqui\/wp-json\/wp\/v2\/posts\/38078\/revisions"}],"predecessor-version":[{"id":38081,"href":"https:\/\/www.correiobraziliense.com.br\/aqui\/wp-json\/wp\/v2\/posts\/38078\/revisions\/38081"}],"wp:featuredmedia":[{"embeddable":true,"href":"https:\/\/www.correiobraziliense.com.br\/aqui\/wp-json\/wp\/v2\/media\/27713"}],"wp:attachment":[{"href":"https:\/\/www.correiobraziliense.com.br\/aqui\/wp-json\/wp\/v2\/media?parent=38078"}],"wp:term":[{"taxonomy":"category","embeddable":true,"href":"https:\/\/www.correiobraziliense.com.br\/aqui\/wp-json\/wp\/v2\/categories?post=38078"},{"taxonomy":"post_tag","embeddable":true,"href":"https:\/\/www.correiobraziliense.com.br\/aqui\/wp-json\/wp\/v2\/tags?post=38078"}],"curies":[{"name":"wp","href":"https:\/\/api.w.org\/{rel}","templated":true}]}}