{"id":38089,"date":"2026-08-28T09:35:00","date_gmt":"2026-08-28T12:35:00","guid":{"rendered":"https:\/\/www.correiobraziliense.com.br\/aqui\/?p=38089"},"modified":"2026-08-28T09:00:57","modified_gmt":"2026-08-28T12:00:57","slug":"como-o-downdetector-detecta-quedas-no-sinal-antes-dos-avisos-oficiais","status":"publish","type":"post","link":"https:\/\/www.correiobraziliense.com.br\/aqui\/2026\/08\/28\/como-o-downdetector-detecta-quedas-no-sinal-antes-dos-avisos-oficiais\/","title":{"rendered":"Como o Downdetector detecta quedas no sinal antes dos avisos oficiais"},"content":{"rendered":"\n<p>Voc\u00ea j\u00e1 passou pela situa\u00e7\u00e3o de um aplicativo parar de funcionar e, minutos depois, o Downdetector j\u00e1 estar apontando uma instabilidade generalizada? Fundada em 2012, a plataforma se tornou uma refer\u00eancia para verificar quedas em servi\u00e7os online, muitas vezes antes mesmo de as empresas respons\u00e1veis emitirem um comunicado oficial. Isso acontece porque seu funcionamento \u00e9 baseado, principalmente, na colabora\u00e7\u00e3o dos pr\u00f3prios usu\u00e1rios.<\/p>\n\n\n\n<p>O site monitora em tempo real mais de 12.000 servi\u00e7os em 45 pa\u00edses, desde redes sociais e aplicativos de mensagens at\u00e9 bancos e operadoras de telefonia. A principal fonte de dados s\u00e3o os relat\u00f3rios de problemas enviados por pessoas comuns. Quando um usu\u00e1rio enfrenta uma dificuldade, ele pode acessar a p\u00e1gina do servi\u00e7o no Downdetector e registrar uma queixa.<\/p>\n\n\n\n<p>A plataforma estabelece uma linha de base, que \u00e9 o volume m\u00e9dio de reclama\u00e7\u00f5es para cada servi\u00e7o em um dia normal. Um alerta de instabilidade \u00e9 gerado quando o n\u00famero de notifica\u00e7\u00f5es ultrapassa significativamente esse patamar em um curto espa\u00e7o de tempo. Al\u00e9m dos relatos diretos, o sistema tamb\u00e9m varre redes sociais, como <a target=\"_blank\" rel=\"noreferrer noopener\" href=\"https:\/\/www.correiobraziliense.com.br\/tecnologia\/2025\/05\/7155424-rede-social-x-passa-por-instabilidade-neste-sabado.html\">o X (antigo Twitter)<\/a>, em busca de picos de men\u00e7\u00f5es sobre problemas em determinada plataforma, cruzando as informa\u00e7\u00f5es para validar a tend\u00eancia.<\/p>\n\n\n\n<h2 class=\"wp-block-heading\">Por que o site aponta falhas que n\u00e3o s\u00e3o confirmadas?<\/h2>\n\n\n\n<p>\u00c9 comum o Downdetector exibir um gr\u00e1fico com um pico de reclama\u00e7\u00f5es enquanto a empresa respons\u00e1vel pelo servi\u00e7o permanece em sil\u00eancio ou nega a exist\u00eancia de uma falha geral. Isso ocorre por alguns motivos espec\u00edficos, que ajudam a entender a natureza dos alertas.<\/p>\n\n\n\n<p>Muitas vezes, os problemas que geram os relat\u00f3rios n\u00e3o representam uma queda completa do sistema, mas sim instabilidades localizadas. Entre as causas mais comuns est\u00e3o:<\/p>\n\n\n\n<ul class=\"wp-block-list\">\n<li><strong>Falhas regionais:<\/strong> um problema pode afetar apenas os usu\u00e1rios de uma cidade, estado ou que utilizam uma provedora de internet espec\u00edfica. Para eles, o servi\u00e7o est\u00e1 fora do ar, mas para o restante do pa\u00eds, tudo funciona normalmente.<\/li>\n\n\n\n<li><strong>Problemas na conex\u00e3o do usu\u00e1rio:<\/strong> uma conex\u00e3o de internet lenta ou inst\u00e1vel pode impedir o acesso a um <a href=\"https:\/\/www.correiobraziliense.com.br\/tecnologia\/2025\/07\/7209777-whatsapp-apresenta-instabilidade-e-usuarios-relatam-falhas-no-aplicativo.html\" target=\"_blank\" rel=\"noreferrer noopener\">aplicativo<\/a>. Se muitas pessoas na mesma regi\u00e3o, atendidas pela mesma operadora, enfrentam essa situa\u00e7\u00e3o, elas podem atribuir o erro ao servi\u00e7o, gerando um falso alerta de queda.<\/li>\n\n\n\n<li><strong>Efeito cascata:<\/strong> a internet depende de servi\u00e7os de infraestrutura, como <a href=\"https:\/\/www.correiobraziliense.com.br\/mundo\/2025\/10\/7274348-canva-snapchat-roblox-por-que-aplicativos-estao-fora-do-ar-segundo-servico-de-nuvem-da-amazon.html\" target=\"_blank\" rel=\"noreferrer noopener\">servidores de nuvem<\/a> e sistemas de DNS. Uma falha em um desses pilares pode afetar diversos aplicativos populares ao mesmo tempo. Os usu\u00e1rios relatam a queda do app que usam, mas a origem do problema \u00e9 externa.<\/li>\n<\/ul>\n\n\n\n<p>Por isso, <a target=\"_blank\" rel=\"noreferrer noopener\" href=\"https:\/\/www.correiobraziliense.com.br\/brasil\/2025\/10\/7271343-aplicativo-da-99-enfrenta-instabilidade-empresa-se-manifesta.html\">o Downdetector<\/a> deve ser visto mais como um term\u00f4metro de percep\u00e7\u00e3o do p\u00fablico do que como um diagn\u00f3stico t\u00e9cnico definitivo. Ele indica que um n\u00famero anormal de pessoas est\u00e1 enfrentando dificuldades, mas a causa raiz pode variar, indo de uma pane global a uma simples instabilidade local na rede de internet.<\/p>\n","protected":false},"excerpt":{"rendered":"<p>Entenda o funcionamento do Downdetector e saiba o que provoca alertas de instabilidade em plataformas mesmo sem confirma\u00e7\u00f5es de empresas<\/p>\n","protected":false},"author":10,"featured_media":25528,"comment_status":"open","ping_status":"open","sticky":false,"template":"","format":"standard","meta":{"jnews-multi-image_gallery":[],"jnews_single_post":{"format":"standard"},"jnews_primary_category":[],"jnews_social_meta":[],"jnews_override_counter":[],"footnotes":""},"categories":[244],"tags":[9391,224],"class_list":["post-38089","post","type-post","status-publish","format-standard","has-post-thumbnail","hentry","category-tecnologia-2","tag-downdetector","tag-tecnologia"],"yoast_head":"<!-- This site is optimized with the Yoast SEO plugin v25.1 - https:\/\/yoast.com\/wordpress\/plugins\/seo\/ -->\n<title>Como o Downdetector detecta quedas no sinal antes dos avisos oficiais - Correio Braziliense - Aqui<\/title>\n<meta name=\"description\" content=\"Entenda o funcionamento do Downdetector e saiba o que provoca alertas de instabilidade em plataformas mesmo sem confirma\u00e7\u00f5es de empresas\" \/>\n<meta name=\"robots\" content=\"index, follow, max-snippet:-1, max-image-preview:large, max-video-preview:-1\" \/>\n<link rel=\"canonical\" href=\"https:\/\/www.correiobraziliense.com.br\/aqui\/2026\/08\/28\/como-o-downdetector-detecta-quedas-no-sinal-antes-dos-avisos-oficiais\/\" \/>\n<meta property=\"og:locale\" content=\"pt_BR\" \/>\n<meta property=\"og:type\" content=\"article\" \/>\n<meta property=\"og:title\" content=\"Como o Downdetector detecta quedas no sinal antes dos avisos oficiais - Correio Braziliense - Aqui\" \/>\n<meta property=\"og:description\" content=\"Entenda o funcionamento do Downdetector e saiba o que provoca alertas de instabilidade em plataformas mesmo sem confirma\u00e7\u00f5es de empresas\" \/>\n<meta property=\"og:url\" content=\"https:\/\/www.correiobraziliense.com.br\/aqui\/2026\/08\/28\/como-o-downdetector-detecta-quedas-no-sinal-antes-dos-avisos-oficiais\/\" \/>\n<meta property=\"og:site_name\" content=\"Correio Braziliense - Aqui\" \/>\n<meta property=\"article:published_time\" content=\"2026-08-28T12:35:00+00:00\" \/>\n<meta property=\"og:image\" content=\"https:\/\/www.correiobraziliense.com.br\/aqui\/wp-content\/uploads\/2026\/03\/Downdetector_1774521514148.jpg\" \/>\n\t<meta property=\"og:image:width\" content=\"1280\" \/>\n\t<meta property=\"og:image:height\" content=\"720\" \/>\n\t<meta property=\"og:image:type\" content=\"image\/jpeg\" \/>\n<meta name=\"author\" content=\"Larissa\" \/>\n<meta name=\"twitter:card\" content=\"summary_large_image\" \/>\n<meta name=\"twitter:label1\" content=\"Escrito por\" \/>\n\t<meta name=\"twitter:data1\" content=\"Larissa\" \/>\n\t<meta name=\"twitter:label2\" content=\"Est. tempo de leitura\" \/>\n\t<meta name=\"twitter:data2\" content=\"3 minutos\" \/>\n<!-- \/ Yoast SEO plugin. -->","yoast_head_json":{"title":"Como o Downdetector detecta quedas no sinal antes dos avisos oficiais - Correio Braziliense - Aqui","description":"Entenda o funcionamento do Downdetector e saiba o que provoca alertas de instabilidade em plataformas mesmo sem confirma\u00e7\u00f5es de empresas","robots":{"index":"index","follow":"follow","max-snippet":"max-snippet:-1","max-image-preview":"max-image-preview:large","max-video-preview":"max-video-preview:-1"},"canonical":"https:\/\/www.correiobraziliense.com.br\/aqui\/2026\/08\/28\/como-o-downdetector-detecta-quedas-no-sinal-antes-dos-avisos-oficiais\/","og_locale":"pt_BR","og_type":"article","og_title":"Como o Downdetector detecta quedas no sinal antes dos avisos oficiais - Correio Braziliense - Aqui","og_description":"Entenda o funcionamento do Downdetector e saiba o que provoca alertas de instabilidade em plataformas mesmo sem confirma\u00e7\u00f5es de empresas","og_url":"https:\/\/www.correiobraziliense.com.br\/aqui\/2026\/08\/28\/como-o-downdetector-detecta-quedas-no-sinal-antes-dos-avisos-oficiais\/","og_site_name":"Correio Braziliense - Aqui","article_published_time":"2026-08-28T12:35:00+00:00","og_image":[{"width":1280,"height":720,"url":"https:\/\/www.correiobraziliense.com.br\/aqui\/wp-content\/uploads\/2026\/03\/Downdetector_1774521514148.jpg","type":"image\/jpeg"}],"author":"Larissa","twitter_card":"summary_large_image","twitter_misc":{"Escrito por":"Larissa","Est. tempo de leitura":"3 minutos"},"schema":{"@context":"https:\/\/schema.org","@graph":[{"@type":"WebPage","@id":"https:\/\/www.correiobraziliense.com.br\/aqui\/2026\/08\/28\/como-o-downdetector-detecta-quedas-no-sinal-antes-dos-avisos-oficiais\/","url":"https:\/\/www.correiobraziliense.com.br\/aqui\/2026\/08\/28\/como-o-downdetector-detecta-quedas-no-sinal-antes-dos-avisos-oficiais\/","name":"Como o Downdetector detecta quedas no sinal antes dos avisos oficiais - Correio Braziliense - Aqui","isPartOf":{"@id":"https:\/\/www.correiobraziliense.com.br\/aqui\/#website"},"primaryImageOfPage":{"@id":"https:\/\/www.correiobraziliense.com.br\/aqui\/2026\/08\/28\/como-o-downdetector-detecta-quedas-no-sinal-antes-dos-avisos-oficiais\/#primaryimage"},"image":{"@id":"https:\/\/www.correiobraziliense.com.br\/aqui\/2026\/08\/28\/como-o-downdetector-detecta-quedas-no-sinal-antes-dos-avisos-oficiais\/#primaryimage"},"thumbnailUrl":"https:\/\/www.correiobraziliense.com.br\/aqui\/wp-content\/uploads\/2026\/03\/Downdetector_1774521514148.jpg","datePublished":"2026-08-28T12:35:00+00:00","author":{"@id":"https:\/\/www.correiobraziliense.com.br\/aqui\/#\/schema\/person\/775f50a8c1ac31704d56816e99b29041"},"description":"Entenda o funcionamento do Downdetector e saiba o que provoca alertas de instabilidade em plataformas mesmo sem confirma\u00e7\u00f5es de empresas","breadcrumb":{"@id":"https:\/\/www.correiobraziliense.com.br\/aqui\/2026\/08\/28\/como-o-downdetector-detecta-quedas-no-sinal-antes-dos-avisos-oficiais\/#breadcrumb"},"inLanguage":"pt-BR","potentialAction":[{"@type":"ReadAction","target":["https:\/\/www.correiobraziliense.com.br\/aqui\/2026\/08\/28\/como-o-downdetector-detecta-quedas-no-sinal-antes-dos-avisos-oficiais\/"]}]},{"@type":"ImageObject","inLanguage":"pt-BR","@id":"https:\/\/www.correiobraziliense.com.br\/aqui\/2026\/08\/28\/como-o-downdetector-detecta-quedas-no-sinal-antes-dos-avisos-oficiais\/#primaryimage","url":"https:\/\/www.correiobraziliense.com.br\/aqui\/wp-content\/uploads\/2026\/03\/Downdetector_1774521514148.jpg","contentUrl":"https:\/\/www.correiobraziliense.com.br\/aqui\/wp-content\/uploads\/2026\/03\/Downdetector_1774521514148.jpg","width":1280,"height":720,"caption":"Cr\u00e9ditos: depositphotos.com \/ rafapress"},{"@type":"BreadcrumbList","@id":"https:\/\/www.correiobraziliense.com.br\/aqui\/2026\/08\/28\/como-o-downdetector-detecta-quedas-no-sinal-antes-dos-avisos-oficiais\/#breadcrumb","itemListElement":[{"@type":"ListItem","position":1,"name":"In\u00edcio","item":"https:\/\/www.correiobraziliense.com.br\/aqui\/"},{"@type":"ListItem","position":2,"name":"Como o Downdetector detecta quedas no sinal antes dos avisos oficiais"}]},{"@type":"WebSite","@id":"https:\/\/www.correiobraziliense.com.br\/aqui\/#website","url":"https:\/\/www.correiobraziliense.com.br\/aqui\/","name":"Correio Braziliense - Aqui","description":"O Correio Braziliense (CB) \u00e9 o mais importante canal de not\u00edcias de Bras\u00edlia. Aqui voc\u00ea encontra as \u00faltimas not\u00edcias do DF, do Brasil e do mundo.","potentialAction":[{"@type":"SearchAction","target":{"@type":"EntryPoint","urlTemplate":"https:\/\/www.correiobraziliense.com.br\/aqui\/?s={search_term_string}"},"query-input":{"@type":"PropertyValueSpecification","valueRequired":true,"valueName":"search_term_string"}}],"inLanguage":"pt-BR"},{"@type":"Person","@id":"https:\/\/www.correiobraziliense.com.br\/aqui\/#\/schema\/person\/775f50a8c1ac31704d56816e99b29041","name":"Larissa","image":{"@type":"ImageObject","inLanguage":"pt-BR","@id":"https:\/\/www.correiobraziliense.com.br\/aqui\/#\/schema\/person\/image\/","url":"https:\/\/secure.gravatar.com\/avatar\/62f5b2e99de671d075ab98e19f03c3c38c80a93f5d06f51075cf4431a4e76458?s=96&d=mm&r=g","contentUrl":"https:\/\/secure.gravatar.com\/avatar\/62f5b2e99de671d075ab98e19f03c3c38c80a93f5d06f51075cf4431a4e76458?s=96&d=mm&r=g","caption":"Larissa"},"url":"https:\/\/www.correiobraziliense.com.br\/aqui\/author\/larissaaqui\/"}]}},"_links":{"self":[{"href":"https:\/\/www.correiobraziliense.com.br\/aqui\/wp-json\/wp\/v2\/posts\/38089","targetHints":{"allow":["GET"]}}],"collection":[{"href":"https:\/\/www.correiobraziliense.com.br\/aqui\/wp-json\/wp\/v2\/posts"}],"about":[{"href":"https:\/\/www.correiobraziliense.com.br\/aqui\/wp-json\/wp\/v2\/types\/post"}],"author":[{"embeddable":true,"href":"https:\/\/www.correiobraziliense.com.br\/aqui\/wp-json\/wp\/v2\/users\/10"}],"replies":[{"embeddable":true,"href":"https:\/\/www.correiobraziliense.com.br\/aqui\/wp-json\/wp\/v2\/comments?post=38089"}],"version-history":[{"count":2,"href":"https:\/\/www.correiobraziliense.com.br\/aqui\/wp-json\/wp\/v2\/posts\/38089\/revisions"}],"predecessor-version":[{"id":38091,"href":"https:\/\/www.correiobraziliense.com.br\/aqui\/wp-json\/wp\/v2\/posts\/38089\/revisions\/38091"}],"wp:featuredmedia":[{"embeddable":true,"href":"https:\/\/www.correiobraziliense.com.br\/aqui\/wp-json\/wp\/v2\/media\/25528"}],"wp:attachment":[{"href":"https:\/\/www.correiobraziliense.com.br\/aqui\/wp-json\/wp\/v2\/media?parent=38089"}],"wp:term":[{"taxonomy":"category","embeddable":true,"href":"https:\/\/www.correiobraziliense.com.br\/aqui\/wp-json\/wp\/v2\/categories?post=38089"},{"taxonomy":"post_tag","embeddable":true,"href":"https:\/\/www.correiobraziliense.com.br\/aqui\/wp-json\/wp\/v2\/tags?post=38089"}],"curies":[{"name":"wp","href":"https:\/\/api.w.org\/{rel}","templated":true}]}}