{"id":38096,"date":"2026-08-28T10:35:00","date_gmt":"2026-08-28T13:35:00","guid":{"rendered":"https:\/\/www.correiobraziliense.com.br\/aqui\/?p=38096"},"modified":"2026-08-28T09:15:22","modified_gmt":"2026-08-28T12:15:22","slug":"como-oferecer-apoio-emocional-para-vitima-de-trauma","status":"publish","type":"post","link":"https:\/\/www.correiobraziliense.com.br\/aqui\/2026\/08\/28\/como-oferecer-apoio-emocional-para-vitima-de-trauma\/","title":{"rendered":"Como oferecer apoio emocional para v\u00edtima de trauma"},"content":{"rendered":"\n<p>Oferecer apoio a<a href=\"https:\/\/www.correiobraziliense.com.br\/aqui\/2026\/06\/19\/rede-de-apoio-a-mulheres-vitimas-de-violencia-no-df-onde-encontrar\/\"> algu\u00e9m que passou por uma situa\u00e7\u00e3o de trauma <\/a>\u00e9 um gesto de cuidado, mas o medo de dizer ou fazer algo errado muitas vezes paralisa. O caminho para um acolhimento genu\u00edno e eficaz n\u00e3o exige solu\u00e7\u00f5es m\u00e1gicas, mas sim uma escuta atenta e o respeito ao espa\u00e7o e tempo do outro. Entender como agir nesses momentos \u00e9 fundamental para ajudar sem causar mais desconforto.<\/p>\n\n\n\n<p>Acolher de forma saud\u00e1vel envolve mais ouvir do que falar. O objetivo principal \u00e9 criar um ambiente seguro onde a pessoa se sinta \u00e0 vontade para expressar seus sentimentos, se e quando quiser. A valida\u00e7\u00e3o das emo\u00e7\u00f5es, sem julgamentos, \u00e9 um dos pilares desse suporte. Mostrar que voc\u00ea est\u00e1 presente e dispon\u00edvel \u00e9, na maioria das vezes, o suficiente.<\/p>\n\n\n\n<h2 class=\"wp-block-heading\">O que fazer para oferecer um apoio efetivo<\/h2>\n\n\n\n<p>A\u00e7\u00f5es simples podem fazer uma grande diferen\u00e7a. Em vez de um gen\u00e9rico \u201cse precisar de algo, me avise\u201d, ofere\u00e7a apoio pr\u00e1tico e ajudas espec\u00edficas, como \u201cposso levar o jantar hoje?\u201d ou \u201cquer que eu te acompanhe naquela consulta?\u201d. Essa atitude demonstra um cuidado concreto e tira da pessoa o peso de ter que pedir ajuda.<\/p>\n\n\n\n<p>Esteja presente de verdade. Desligue o celular, fa\u00e7a contato visual e demonstre que voc\u00ea est\u00e1 ali para ouvir, sem interromper. Respeite o sil\u00eancio. Nem sempre \u00e9 preciso preencher o espa\u00e7o com palavras. Apenas a sua companhia pode ser reconfortante e transmitir a seguran\u00e7a de que a pessoa n\u00e3o est\u00e1 sozinha em seu processo.<\/p>\n\n\n\n<h2 class=\"wp-block-heading\">Atitudes e frases que devem ser evitadas<\/h2>\n\n\n\n<p>T\u00e3o importante quanto saber o que fazer \u00e9 entender o que n\u00e3o fazer. Certas palavras e posturas, mesmo ditas com boa inten\u00e7\u00e3o, podem ser prejudiciais. Para n\u00e3o cometer excessos, \u00e9 crucial evitar alguns comportamentos comuns que invalidam a dor do outro.<\/p>\n\n\n\n<ul class=\"wp-block-list\">\n<li><strong>Comparar experi\u00eancias:<\/strong> evite dizer \u201ceu sei como voc\u00ea se sente\u201d. Cada dor \u00e9 \u00fanica e a compara\u00e7\u00e3o pode diminuir o sentimento da pessoa, fazendo-a se sentir incompreendida.<\/li>\n\n\n\n<li><strong>Minimizar o sofrimento:<\/strong> frases como \u201cpoderia ter sido pior\u201d ou \u201cpelo menos voc\u00ea est\u00e1 bem\u201d n\u00e3o ajudam. Elas podem gerar culpa e transmitir a ideia de que o sentimento da pessoa n\u00e3o \u00e9 leg\u00edtimo.<\/li>\n\n\n\n<li><strong>Pressionar para superar:<\/strong> n\u00e3o use express\u00f5es como \u201cvoc\u00ea precisa superar isso\u201d ou \u201ca vida continua\u201d. O processo de cura tem um ritmo pr\u00f3prio e n\u00e3o deve ser apressado por ningu\u00e9m.<\/li>\n\n\n\n<li><strong>Oferecer conselhos n\u00e3o solicitados:<\/strong> a menos que a pessoa pe\u00e7a sua opini\u00e3o, evite dar sugest\u00f5es ou dizer o que voc\u00ea faria no lugar dela. O principal papel do apoio \u00e9 ouvir e acolher, n\u00e3o solucionar.<\/li>\n\n\n\n<li><strong>Fazer promessas vazias:<\/strong> n\u00e3o garanta que \u201ctudo vai ficar bem\u201d se voc\u00ea n\u00e3o tem controle sobre a situa\u00e7\u00e3o. A honestidade, combinada com a oferta de presen\u00e7a, \u00e9 muito mais valiosa.<\/li>\n<\/ul>\n\n\n\n<h2 class=\"wp-block-heading\">Quando o apoio n\u00e3o \u00e9 suficiente<\/h2>\n\n\n\n<p>Embora o acolhimento de amigos e familiares seja crucial, \u00e9 importante reconhecer os limites do apoio informal. Se a pessoa apresenta sintomas persistentes de estresse p\u00f3s-traum\u00e1tico, como flashbacks, pesadelos recorrentes, ansiedade severa ou isolamento social extremo, o suporte de um profissional se torna indispens\u00e1vel. Incentivar a busca por um psic\u00f3logo ou terapeuta especializado em trauma n\u00e3o \u00e9 um sinal de que seu apoio falhou, mas sim um ato de cuidado respons\u00e1vel que direciona a v\u00edtima para o tratamento adequado.<\/p>\n","protected":false},"excerpt":{"rendered":"<p>Especialistas em psicologia d\u00e3o orienta\u00e7\u00f5es fundamentais sobre a escuta emp\u00e1tica e mostram formas adequadas de acolhimento em momentos sens\u00edveis<\/p>\n","protected":false},"author":10,"featured_media":38100,"comment_status":"open","ping_status":"open","sticky":false,"template":"","format":"standard","meta":{"jnews-multi-image_gallery":[],"jnews_single_post":{"format":"standard"},"jnews_primary_category":[],"jnews_social_meta":[],"jnews_override_counter":[],"footnotes":""},"categories":[199],"tags":[140,234,10982],"class_list":["post-38096","post","type-post","status-publish","format-standard","has-post-thumbnail","hentry","category-bem-estar","tag-bem-estar","tag-saude-mental","tag-vitima"],"yoast_head":"<!-- This site is optimized with the Yoast SEO plugin v25.1 - https:\/\/yoast.com\/wordpress\/plugins\/seo\/ -->\n<title>Como oferecer apoio emocional para v\u00edtima de trauma - Correio Braziliense - Aqui<\/title>\n<meta name=\"description\" content=\"Especialistas em psicologia d\u00e3o orienta\u00e7\u00f5es fundamentais sobre a escuta emp\u00e1tica e mostram formas adequadas de dar apoio e acolhimento\" \/>\n<meta name=\"robots\" content=\"index, follow, max-snippet:-1, max-image-preview:large, max-video-preview:-1\" \/>\n<link rel=\"canonical\" href=\"https:\/\/www.correiobraziliense.com.br\/aqui\/2026\/08\/28\/como-oferecer-apoio-emocional-para-vitima-de-trauma\/\" \/>\n<meta property=\"og:locale\" content=\"pt_BR\" \/>\n<meta property=\"og:type\" content=\"article\" \/>\n<meta property=\"og:title\" content=\"Como oferecer apoio emocional para v\u00edtima de trauma - Correio Braziliense - Aqui\" \/>\n<meta property=\"og:description\" content=\"Especialistas em psicologia d\u00e3o orienta\u00e7\u00f5es fundamentais sobre a escuta emp\u00e1tica e mostram formas adequadas de dar apoio e acolhimento\" \/>\n<meta property=\"og:url\" content=\"https:\/\/www.correiobraziliense.com.br\/aqui\/2026\/08\/28\/como-oferecer-apoio-emocional-para-vitima-de-trauma\/\" \/>\n<meta property=\"og:site_name\" content=\"Correio Braziliense - Aqui\" \/>\n<meta property=\"article:published_time\" content=\"2026-08-28T13:35:00+00:00\" \/>\n<meta property=\"og:image\" content=\"https:\/\/www.correiobraziliense.com.br\/aqui\/wp-content\/uploads\/2026\/08\/apoiando-vitima_1787918971576.jpg\" \/>\n\t<meta property=\"og:image:width\" content=\"1280\" \/>\n\t<meta property=\"og:image:height\" content=\"720\" \/>\n\t<meta property=\"og:image:type\" content=\"image\/jpeg\" \/>\n<meta name=\"author\" content=\"Larissa\" \/>\n<meta name=\"twitter:card\" content=\"summary_large_image\" \/>\n<meta name=\"twitter:label1\" content=\"Escrito por\" \/>\n\t<meta name=\"twitter:data1\" content=\"Larissa\" \/>\n\t<meta name=\"twitter:label2\" content=\"Est. tempo de leitura\" \/>\n\t<meta name=\"twitter:data2\" content=\"4 minutos\" \/>\n<!-- \/ Yoast SEO plugin. -->","yoast_head_json":{"title":"Como oferecer apoio emocional para v\u00edtima de trauma - Correio Braziliense - Aqui","description":"Especialistas em psicologia d\u00e3o orienta\u00e7\u00f5es fundamentais sobre a escuta emp\u00e1tica e mostram formas adequadas de dar apoio e acolhimento","robots":{"index":"index","follow":"follow","max-snippet":"max-snippet:-1","max-image-preview":"max-image-preview:large","max-video-preview":"max-video-preview:-1"},"canonical":"https:\/\/www.correiobraziliense.com.br\/aqui\/2026\/08\/28\/como-oferecer-apoio-emocional-para-vitima-de-trauma\/","og_locale":"pt_BR","og_type":"article","og_title":"Como oferecer apoio emocional para v\u00edtima de trauma - Correio Braziliense - Aqui","og_description":"Especialistas em psicologia d\u00e3o orienta\u00e7\u00f5es fundamentais sobre a escuta emp\u00e1tica e mostram formas adequadas de dar apoio e acolhimento","og_url":"https:\/\/www.correiobraziliense.com.br\/aqui\/2026\/08\/28\/como-oferecer-apoio-emocional-para-vitima-de-trauma\/","og_site_name":"Correio Braziliense - Aqui","article_published_time":"2026-08-28T13:35:00+00:00","og_image":[{"width":1280,"height":720,"url":"https:\/\/www.correiobraziliense.com.br\/aqui\/wp-content\/uploads\/2026\/08\/apoiando-vitima_1787918971576.jpg","type":"image\/jpeg"}],"author":"Larissa","twitter_card":"summary_large_image","twitter_misc":{"Escrito por":"Larissa","Est. tempo de leitura":"4 minutos"},"schema":{"@context":"https:\/\/schema.org","@graph":[{"@type":"WebPage","@id":"https:\/\/www.correiobraziliense.com.br\/aqui\/2026\/08\/28\/como-oferecer-apoio-emocional-para-vitima-de-trauma\/","url":"https:\/\/www.correiobraziliense.com.br\/aqui\/2026\/08\/28\/como-oferecer-apoio-emocional-para-vitima-de-trauma\/","name":"Como oferecer apoio emocional para v\u00edtima de trauma - Correio Braziliense - Aqui","isPartOf":{"@id":"https:\/\/www.correiobraziliense.com.br\/aqui\/#website"},"primaryImageOfPage":{"@id":"https:\/\/www.correiobraziliense.com.br\/aqui\/2026\/08\/28\/como-oferecer-apoio-emocional-para-vitima-de-trauma\/#primaryimage"},"image":{"@id":"https:\/\/www.correiobraziliense.com.br\/aqui\/2026\/08\/28\/como-oferecer-apoio-emocional-para-vitima-de-trauma\/#primaryimage"},"thumbnailUrl":"https:\/\/www.correiobraziliense.com.br\/aqui\/wp-content\/uploads\/2026\/08\/apoiando-vitima_1787918971576.jpg","datePublished":"2026-08-28T13:35:00+00:00","author":{"@id":"https:\/\/www.correiobraziliense.com.br\/aqui\/#\/schema\/person\/775f50a8c1ac31704d56816e99b29041"},"description":"Especialistas em psicologia d\u00e3o orienta\u00e7\u00f5es fundamentais sobre a escuta emp\u00e1tica e mostram formas adequadas de dar apoio e acolhimento","breadcrumb":{"@id":"https:\/\/www.correiobraziliense.com.br\/aqui\/2026\/08\/28\/como-oferecer-apoio-emocional-para-vitima-de-trauma\/#breadcrumb"},"inLanguage":"pt-BR","potentialAction":[{"@type":"ReadAction","target":["https:\/\/www.correiobraziliense.com.br\/aqui\/2026\/08\/28\/como-oferecer-apoio-emocional-para-vitima-de-trauma\/"]}]},{"@type":"ImageObject","inLanguage":"pt-BR","@id":"https:\/\/www.correiobraziliense.com.br\/aqui\/2026\/08\/28\/como-oferecer-apoio-emocional-para-vitima-de-trauma\/#primaryimage","url":"https:\/\/www.correiobraziliense.com.br\/aqui\/wp-content\/uploads\/2026\/08\/apoiando-vitima_1787918971576.jpg","contentUrl":"https:\/\/www.correiobraziliense.com.br\/aqui\/wp-content\/uploads\/2026\/08\/apoiando-vitima_1787918971576.jpg","width":1280,"height":720,"caption":"Cr\u00e9ditos: depositphotos.com \/ Elnur_"},{"@type":"BreadcrumbList","@id":"https:\/\/www.correiobraziliense.com.br\/aqui\/2026\/08\/28\/como-oferecer-apoio-emocional-para-vitima-de-trauma\/#breadcrumb","itemListElement":[{"@type":"ListItem","position":1,"name":"In\u00edcio","item":"https:\/\/www.correiobraziliense.com.br\/aqui\/"},{"@type":"ListItem","position":2,"name":"Como oferecer apoio emocional para v\u00edtima de trauma"}]},{"@type":"WebSite","@id":"https:\/\/www.correiobraziliense.com.br\/aqui\/#website","url":"https:\/\/www.correiobraziliense.com.br\/aqui\/","name":"Correio Braziliense - Aqui","description":"O Correio Braziliense (CB) \u00e9 o mais importante canal de not\u00edcias de Bras\u00edlia. Aqui voc\u00ea encontra as \u00faltimas not\u00edcias do DF, do Brasil e do mundo.","potentialAction":[{"@type":"SearchAction","target":{"@type":"EntryPoint","urlTemplate":"https:\/\/www.correiobraziliense.com.br\/aqui\/?s={search_term_string}"},"query-input":{"@type":"PropertyValueSpecification","valueRequired":true,"valueName":"search_term_string"}}],"inLanguage":"pt-BR"},{"@type":"Person","@id":"https:\/\/www.correiobraziliense.com.br\/aqui\/#\/schema\/person\/775f50a8c1ac31704d56816e99b29041","name":"Larissa","image":{"@type":"ImageObject","inLanguage":"pt-BR","@id":"https:\/\/www.correiobraziliense.com.br\/aqui\/#\/schema\/person\/image\/","url":"https:\/\/secure.gravatar.com\/avatar\/62f5b2e99de671d075ab98e19f03c3c38c80a93f5d06f51075cf4431a4e76458?s=96&d=mm&r=g","contentUrl":"https:\/\/secure.gravatar.com\/avatar\/62f5b2e99de671d075ab98e19f03c3c38c80a93f5d06f51075cf4431a4e76458?s=96&d=mm&r=g","caption":"Larissa"},"url":"https:\/\/www.correiobraziliense.com.br\/aqui\/author\/larissaaqui\/"}]}},"_links":{"self":[{"href":"https:\/\/www.correiobraziliense.com.br\/aqui\/wp-json\/wp\/v2\/posts\/38096","targetHints":{"allow":["GET"]}}],"collection":[{"href":"https:\/\/www.correiobraziliense.com.br\/aqui\/wp-json\/wp\/v2\/posts"}],"about":[{"href":"https:\/\/www.correiobraziliense.com.br\/aqui\/wp-json\/wp\/v2\/types\/post"}],"author":[{"embeddable":true,"href":"https:\/\/www.correiobraziliense.com.br\/aqui\/wp-json\/wp\/v2\/users\/10"}],"replies":[{"embeddable":true,"href":"https:\/\/www.correiobraziliense.com.br\/aqui\/wp-json\/wp\/v2\/comments?post=38096"}],"version-history":[{"count":6,"href":"https:\/\/www.correiobraziliense.com.br\/aqui\/wp-json\/wp\/v2\/posts\/38096\/revisions"}],"predecessor-version":[{"id":38103,"href":"https:\/\/www.correiobraziliense.com.br\/aqui\/wp-json\/wp\/v2\/posts\/38096\/revisions\/38103"}],"wp:featuredmedia":[{"embeddable":true,"href":"https:\/\/www.correiobraziliense.com.br\/aqui\/wp-json\/wp\/v2\/media\/38100"}],"wp:attachment":[{"href":"https:\/\/www.correiobraziliense.com.br\/aqui\/wp-json\/wp\/v2\/media?parent=38096"}],"wp:term":[{"taxonomy":"category","embeddable":true,"href":"https:\/\/www.correiobraziliense.com.br\/aqui\/wp-json\/wp\/v2\/categories?post=38096"},{"taxonomy":"post_tag","embeddable":true,"href":"https:\/\/www.correiobraziliense.com.br\/aqui\/wp-json\/wp\/v2\/tags?post=38096"}],"curies":[{"name":"wp","href":"https:\/\/api.w.org\/{rel}","templated":true}]}}