{"id":38124,"date":"2026-08-29T12:00:00","date_gmt":"2026-08-29T15:00:00","guid":{"rendered":"https:\/\/www.correiobraziliense.com.br\/aqui\/?p=38124"},"modified":"2026-08-28T09:58:02","modified_gmt":"2026-08-28T12:58:02","slug":"cuidados-de-saude-indispensaveis-durante-frente-fria","status":"publish","type":"post","link":"https:\/\/www.correiobraziliense.com.br\/aqui\/2026\/08\/29\/cuidados-de-saude-indispensaveis-durante-frente-fria\/","title":{"rendered":"Cuidados de sa\u00fade indispens\u00e1veis durante frente fria"},"content":{"rendered":"\n<p>A chegada de uma nova frente fria ao centro-sul do Brasil, que derrubou as temperaturas em diversas regi\u00f5es, n\u00e3o afeta apenas os term\u00f4metros. A mudan\u00e7a brusca de temperatura e a queda na umidade do ar acendem um alerta para o aumento de crises respirat\u00f3rias e alergias, exigindo aten\u00e7\u00e3o redobrada com a sa\u00fade para evitar complica\u00e7\u00f5es.<\/p>\n\n\n\n<p>O <a target=\"_blank\" rel=\"noreferrer noopener\" href=\"https:\/\/www.correiobraziliense.com.br\/ciencia-e-saude\/2026\/07\/7457640-tempo-seco-em-brasilia-7-dicas-para-proteger-sua-saude-da-baixa-umidade.html\">ar mais frio e seco<\/a> resseca as mucosas do nariz e da garganta, que funcionam como uma barreira natural contra v\u00edrus e bact\u00e9rias. Com essa prote\u00e7\u00e3o enfraquecida, o corpo se torna mais suscet\u00edvel a <a target=\"_blank\" rel=\"noreferrer noopener\" href=\"https:\/\/www.correiobraziliense.com.br\/revista-do-correio\/2026\/06\/7443864-por-que-adoecemos-mais-no-inverno-entenda-as-causas-e-veja-como-se-proteger.html\">infec\u00e7\u00f5es como gripes, resfriados, sinusites e pneumonias<\/a>. Al\u00e9m disso, a mudan\u00e7a brusca de temperatura ao sair de um ambiente quente para um frio pode agravar o quadro.<\/p>\n\n\n\n<p><a target=\"_blank\" rel=\"noreferrer noopener\" href=\"https:\/\/www.correiobraziliense.com.br\/revista-do-correio\/2025\/10\/7280641-saiba-como-manter-a-saude-das-criancas-na-primavera.html\">Crian\u00e7as<\/a>, idosos e pessoas com doen\u00e7as cr\u00f4nicas como asma, rinite e bronquite s\u00e3o os mais vulner\u00e1veis a esse cen\u00e1rio. Para eles, a varia\u00e7\u00e3o clim\u00e1tica pode desencadear crises intensas, com sintomas como tosse persistente, falta de ar e chiado no peito. \u00c9 essencial que mantenham seus tratamentos em dia e evitem a exposi\u00e7\u00e3o desnecess\u00e1ria ao frio intenso.<\/p>\n\n\n\n<p>Adotar algumas pr\u00e1ticas simples no dia a dia, no entanto, pode fazer uma grande diferen\u00e7a na prote\u00e7\u00e3o do <a target=\"_blank\" rel=\"noreferrer noopener\" href=\"https:\/\/www.correiobraziliense.com.br\/revista-do-correio\/2026\/08\/7475742-alem-da-vitamina-c-6-habitos-para-fortalecer-a-imunidade-no-inverno.html\">sistema imunol\u00f3gico<\/a> e na preven\u00e7\u00e3o de doen\u00e7as. Pequenos ajustes na rotina ajudam o organismo a se adaptar melhor \u00e0s novas condi\u00e7\u00f5es clim\u00e1ticas, reduzindo o risco de problemas de sa\u00fade.<\/p>\n\n\n\n<h2 class=\"wp-block-heading\">Cuidados pr\u00e1ticos para refor\u00e7ar a imunidade<\/h2>\n\n\n\n<p>Pequenas mudan\u00e7as de h\u00e1bito ajudam a fortalecer as defesas do corpo e a atravessar o per\u00edodo de instabilidade clim\u00e1tica e frente fria de forma mais segura. Confira algumas dicas essenciais:<\/p>\n\n\n\n<p><strong>Hidrata\u00e7\u00e3o constante:<\/strong> beber bastante \u00e1gua ao longo do dia \u00e9 fundamental para manter as vias a\u00e9reas hidratadas. L\u00edquidos como ch\u00e1s e sucos naturais tamb\u00e9m contribuem para esse objetivo, ajudando a fluidificar as secre\u00e7\u00f5es e a proteger as mucosas.<\/p>\n\n\n\n<p><strong>Alimenta\u00e7\u00e3o balanceada:<\/strong> invista em uma dieta rica em frutas, legumes e verduras, fontes de vitaminas e minerais que fortalecem o sistema imunol\u00f3gico. Alimentos ricos em vitaminas e minerais, como frutas c\u00edtricas (laranja, lim\u00e3o, acerola) e vegetais, contribuem para o bom funcionamento do sistema imunol\u00f3gico.<\/p>\n\n\n\n<p><strong>Higiene nasal:<\/strong> o uso de soro fisiol\u00f3gico para limpar as narinas v\u00e1rias vezes ao dia remove impurezas e agentes infecciosos, al\u00e9m de manter a regi\u00e3o \u00famida e protegida. Esse cuidado \u00e9 simples e muito eficaz.<\/p>\n\n\n\n<p><strong>Lave as m\u00e3os com frequ\u00eancia:<\/strong> a higieniza\u00e7\u00e3o regular das m\u00e3os com \u00e1gua e sab\u00e3o ou \u00e1lcool em gel \u00e9 uma das formas mais eficazes de evitar a transmiss\u00e3o de v\u00edrus respirat\u00f3rios.<\/p>\n\n\n\n<p><strong>Ambientes arejados:<\/strong> manter a casa fechada pode parecer uma boa ideia para se proteger do frio, mas isso aumenta a concentra\u00e7\u00e3o de v\u00edrus e \u00e1caros no ar. Procure ventilar os c\u00f4modos por alguns minutos todos os dias, preferencialmente nos hor\u00e1rios mais quentes.<\/p>\n\n\n\n<p><strong>Agasalhos adequados:<\/strong> proteja-se do frio com roupas em camadas, que permitem ajustar a vestimenta conforme a temperatura do ambiente. Evite sair de locais aquecidos para o frio sem estar devidamente agasalhado para n\u00e3o sofrer com a transi\u00e7\u00e3o t\u00e9rmica abrupta.<\/p>\n","protected":false},"excerpt":{"rendered":"<p>M\u00e9dicos fazem alerta para o aumento de crises respirat\u00f3rias com o avan\u00e7o da frente fria e d\u00e3o dicas pr\u00e1ticas para refor\u00e7ar a imunidade<\/p>\n","protected":false},"author":10,"featured_media":38127,"comment_status":"open","ping_status":"open","sticky":false,"template":"","format":"standard","meta":{"jnews-multi-image_gallery":[],"jnews_single_post":{"format":"standard"},"jnews_primary_category":[],"jnews_social_meta":[],"jnews_override_counter":[],"footnotes":""},"categories":[123],"tags":[7538,141],"class_list":["post-38124","post","type-post","status-publish","format-standard","has-post-thumbnail","hentry","category-saude","tag-frente-fria","tag-saude"],"yoast_head":"<!-- This site is optimized with the Yoast SEO plugin v25.1 - https:\/\/yoast.com\/wordpress\/plugins\/seo\/ -->\n<title>Cuidados de sa\u00fade indispens\u00e1veis durante frente fria - Correio Braziliense - Aqui<\/title>\n<meta name=\"description\" content=\"M\u00e9dicos fazem alerta para o aumento de crises respirat\u00f3rias com o avan\u00e7o da frente fria e d\u00e3o dicas pr\u00e1ticas para refor\u00e7ar a imunidade\" \/>\n<meta name=\"robots\" content=\"index, follow, max-snippet:-1, max-image-preview:large, max-video-preview:-1\" \/>\n<link rel=\"canonical\" href=\"https:\/\/www.correiobraziliense.com.br\/aqui\/2026\/08\/29\/cuidados-de-saude-indispensaveis-durante-frente-fria\/\" \/>\n<meta property=\"og:locale\" content=\"pt_BR\" \/>\n<meta property=\"og:type\" content=\"article\" \/>\n<meta property=\"og:title\" content=\"Cuidados de sa\u00fade indispens\u00e1veis durante frente fria - Correio Braziliense - Aqui\" \/>\n<meta property=\"og:description\" content=\"M\u00e9dicos fazem alerta para o aumento de crises respirat\u00f3rias com o avan\u00e7o da frente fria e d\u00e3o dicas pr\u00e1ticas para refor\u00e7ar a imunidade\" \/>\n<meta property=\"og:url\" content=\"https:\/\/www.correiobraziliense.com.br\/aqui\/2026\/08\/29\/cuidados-de-saude-indispensaveis-durante-frente-fria\/\" \/>\n<meta property=\"og:site_name\" content=\"Correio Braziliense - Aqui\" \/>\n<meta property=\"article:published_time\" content=\"2026-08-29T15:00:00+00:00\" \/>\n<meta property=\"og:image\" content=\"https:\/\/www.correiobraziliense.com.br\/aqui\/wp-content\/uploads\/2026\/08\/resfriada_1787921671220.jpg\" \/>\n\t<meta property=\"og:image:width\" content=\"1280\" \/>\n\t<meta property=\"og:image:height\" content=\"720\" \/>\n\t<meta property=\"og:image:type\" content=\"image\/jpeg\" \/>\n<meta name=\"author\" content=\"Larissa\" \/>\n<meta name=\"twitter:card\" content=\"summary_large_image\" \/>\n<meta name=\"twitter:label1\" content=\"Escrito por\" \/>\n\t<meta name=\"twitter:data1\" content=\"Larissa\" \/>\n\t<meta name=\"twitter:label2\" content=\"Est. tempo de leitura\" \/>\n\t<meta name=\"twitter:data2\" content=\"3 minutos\" \/>\n<!-- \/ Yoast SEO plugin. -->","yoast_head_json":{"title":"Cuidados de sa\u00fade indispens\u00e1veis durante frente fria - Correio Braziliense - Aqui","description":"M\u00e9dicos fazem alerta para o aumento de crises respirat\u00f3rias com o avan\u00e7o da frente fria e d\u00e3o dicas pr\u00e1ticas para refor\u00e7ar a imunidade","robots":{"index":"index","follow":"follow","max-snippet":"max-snippet:-1","max-image-preview":"max-image-preview:large","max-video-preview":"max-video-preview:-1"},"canonical":"https:\/\/www.correiobraziliense.com.br\/aqui\/2026\/08\/29\/cuidados-de-saude-indispensaveis-durante-frente-fria\/","og_locale":"pt_BR","og_type":"article","og_title":"Cuidados de sa\u00fade indispens\u00e1veis durante frente fria - Correio Braziliense - Aqui","og_description":"M\u00e9dicos fazem alerta para o aumento de crises respirat\u00f3rias com o avan\u00e7o da frente fria e d\u00e3o dicas pr\u00e1ticas para refor\u00e7ar a imunidade","og_url":"https:\/\/www.correiobraziliense.com.br\/aqui\/2026\/08\/29\/cuidados-de-saude-indispensaveis-durante-frente-fria\/","og_site_name":"Correio Braziliense - Aqui","article_published_time":"2026-08-29T15:00:00+00:00","og_image":[{"width":1280,"height":720,"url":"https:\/\/www.correiobraziliense.com.br\/aqui\/wp-content\/uploads\/2026\/08\/resfriada_1787921671220.jpg","type":"image\/jpeg"}],"author":"Larissa","twitter_card":"summary_large_image","twitter_misc":{"Escrito por":"Larissa","Est. tempo de leitura":"3 minutos"},"schema":{"@context":"https:\/\/schema.org","@graph":[{"@type":"WebPage","@id":"https:\/\/www.correiobraziliense.com.br\/aqui\/2026\/08\/29\/cuidados-de-saude-indispensaveis-durante-frente-fria\/","url":"https:\/\/www.correiobraziliense.com.br\/aqui\/2026\/08\/29\/cuidados-de-saude-indispensaveis-durante-frente-fria\/","name":"Cuidados de sa\u00fade indispens\u00e1veis durante frente fria - Correio Braziliense - Aqui","isPartOf":{"@id":"https:\/\/www.correiobraziliense.com.br\/aqui\/#website"},"primaryImageOfPage":{"@id":"https:\/\/www.correiobraziliense.com.br\/aqui\/2026\/08\/29\/cuidados-de-saude-indispensaveis-durante-frente-fria\/#primaryimage"},"image":{"@id":"https:\/\/www.correiobraziliense.com.br\/aqui\/2026\/08\/29\/cuidados-de-saude-indispensaveis-durante-frente-fria\/#primaryimage"},"thumbnailUrl":"https:\/\/www.correiobraziliense.com.br\/aqui\/wp-content\/uploads\/2026\/08\/resfriada_1787921671220.jpg","datePublished":"2026-08-29T15:00:00+00:00","author":{"@id":"https:\/\/www.correiobraziliense.com.br\/aqui\/#\/schema\/person\/775f50a8c1ac31704d56816e99b29041"},"description":"M\u00e9dicos fazem alerta para o aumento de crises respirat\u00f3rias com o avan\u00e7o da frente fria e d\u00e3o dicas pr\u00e1ticas para refor\u00e7ar a imunidade","breadcrumb":{"@id":"https:\/\/www.correiobraziliense.com.br\/aqui\/2026\/08\/29\/cuidados-de-saude-indispensaveis-durante-frente-fria\/#breadcrumb"},"inLanguage":"pt-BR","potentialAction":[{"@type":"ReadAction","target":["https:\/\/www.correiobraziliense.com.br\/aqui\/2026\/08\/29\/cuidados-de-saude-indispensaveis-durante-frente-fria\/"]}]},{"@type":"ImageObject","inLanguage":"pt-BR","@id":"https:\/\/www.correiobraziliense.com.br\/aqui\/2026\/08\/29\/cuidados-de-saude-indispensaveis-durante-frente-fria\/#primaryimage","url":"https:\/\/www.correiobraziliense.com.br\/aqui\/wp-content\/uploads\/2026\/08\/resfriada_1787921671220.jpg","contentUrl":"https:\/\/www.correiobraziliense.com.br\/aqui\/wp-content\/uploads\/2026\/08\/resfriada_1787921671220.jpg","width":1280,"height":720,"caption":"Cr\u00e9ditos: depositphotos.com \/ IgorVetushko"},{"@type":"BreadcrumbList","@id":"https:\/\/www.correiobraziliense.com.br\/aqui\/2026\/08\/29\/cuidados-de-saude-indispensaveis-durante-frente-fria\/#breadcrumb","itemListElement":[{"@type":"ListItem","position":1,"name":"In\u00edcio","item":"https:\/\/www.correiobraziliense.com.br\/aqui\/"},{"@type":"ListItem","position":2,"name":"Cuidados de sa\u00fade indispens\u00e1veis durante frente fria"}]},{"@type":"WebSite","@id":"https:\/\/www.correiobraziliense.com.br\/aqui\/#website","url":"https:\/\/www.correiobraziliense.com.br\/aqui\/","name":"Correio Braziliense - Aqui","description":"O Correio Braziliense (CB) \u00e9 o mais importante canal de not\u00edcias de Bras\u00edlia. Aqui voc\u00ea encontra as \u00faltimas not\u00edcias do DF, do Brasil e do mundo.","potentialAction":[{"@type":"SearchAction","target":{"@type":"EntryPoint","urlTemplate":"https:\/\/www.correiobraziliense.com.br\/aqui\/?s={search_term_string}"},"query-input":{"@type":"PropertyValueSpecification","valueRequired":true,"valueName":"search_term_string"}}],"inLanguage":"pt-BR"},{"@type":"Person","@id":"https:\/\/www.correiobraziliense.com.br\/aqui\/#\/schema\/person\/775f50a8c1ac31704d56816e99b29041","name":"Larissa","image":{"@type":"ImageObject","inLanguage":"pt-BR","@id":"https:\/\/www.correiobraziliense.com.br\/aqui\/#\/schema\/person\/image\/","url":"https:\/\/secure.gravatar.com\/avatar\/62f5b2e99de671d075ab98e19f03c3c38c80a93f5d06f51075cf4431a4e76458?s=96&d=mm&r=g","contentUrl":"https:\/\/secure.gravatar.com\/avatar\/62f5b2e99de671d075ab98e19f03c3c38c80a93f5d06f51075cf4431a4e76458?s=96&d=mm&r=g","caption":"Larissa"},"url":"https:\/\/www.correiobraziliense.com.br\/aqui\/author\/larissaaqui\/"}]}},"_links":{"self":[{"href":"https:\/\/www.correiobraziliense.com.br\/aqui\/wp-json\/wp\/v2\/posts\/38124","targetHints":{"allow":["GET"]}}],"collection":[{"href":"https:\/\/www.correiobraziliense.com.br\/aqui\/wp-json\/wp\/v2\/posts"}],"about":[{"href":"https:\/\/www.correiobraziliense.com.br\/aqui\/wp-json\/wp\/v2\/types\/post"}],"author":[{"embeddable":true,"href":"https:\/\/www.correiobraziliense.com.br\/aqui\/wp-json\/wp\/v2\/users\/10"}],"replies":[{"embeddable":true,"href":"https:\/\/www.correiobraziliense.com.br\/aqui\/wp-json\/wp\/v2\/comments?post=38124"}],"version-history":[{"count":6,"href":"https:\/\/www.correiobraziliense.com.br\/aqui\/wp-json\/wp\/v2\/posts\/38124\/revisions"}],"predecessor-version":[{"id":38131,"href":"https:\/\/www.correiobraziliense.com.br\/aqui\/wp-json\/wp\/v2\/posts\/38124\/revisions\/38131"}],"wp:featuredmedia":[{"embeddable":true,"href":"https:\/\/www.correiobraziliense.com.br\/aqui\/wp-json\/wp\/v2\/media\/38127"}],"wp:attachment":[{"href":"https:\/\/www.correiobraziliense.com.br\/aqui\/wp-json\/wp\/v2\/media?parent=38124"}],"wp:term":[{"taxonomy":"category","embeddable":true,"href":"https:\/\/www.correiobraziliense.com.br\/aqui\/wp-json\/wp\/v2\/categories?post=38124"},{"taxonomy":"post_tag","embeddable":true,"href":"https:\/\/www.correiobraziliense.com.br\/aqui\/wp-json\/wp\/v2\/tags?post=38124"}],"curies":[{"name":"wp","href":"https:\/\/api.w.org\/{rel}","templated":true}]}}