{"id":38142,"date":"2026-08-28T15:56:00","date_gmt":"2026-08-28T18:56:00","guid":{"rendered":"https:\/\/www.correiobraziliense.com.br\/aqui\/?p=38142"},"modified":"2026-08-28T15:29:59","modified_gmt":"2026-08-28T18:29:59","slug":"como-conter-o-estresse-gerado-pelo-superendividamento-na-familia","status":"publish","type":"post","link":"https:\/\/www.correiobraziliense.com.br\/aqui\/2026\/08\/28\/como-conter-o-estresse-gerado-pelo-superendividamento-na-familia\/","title":{"rendered":"Como conter o estresse gerado pelo superendividamento na fam\u00edlia"},"content":{"rendered":"\n<p>O peso das d\u00edvidas vai muito al\u00e9m do extrato banc\u00e1rio. Para milh\u00f5es de fam\u00edlias brasileiras, o superendividamento se tornou uma fonte constante de estresse, ansiedade e conflitos. O tema ganhou respaldo legal com a Lei 14.181\/2021, conhecida como Lei do Superendividamento, que oferece mecanismos de prote\u00e7\u00e3o aos consumidores.<\/p>\n\n\n\n<p>Quando as contas n\u00e3o fecham, a <a target=\"_blank\" rel=\"noreferrer noopener\" href=\"https:\/\/www.correiobraziliense.com.br\/cidades-df\/2025\/08\/7236926-endividamento-impacta-o-bolso-e-a-saude-mental-organize-suas-financas.html\">sa\u00fade mental \u00e9 uma das primeiras a ser afetada<\/a>. Dados recentes apontam que <a target=\"_blank\" rel=\"noreferrer noopener\" href=\"https:\/\/www.correiobraziliense.com.br\/economia\/2026\/07\/7453513-preocupacao-financeira-atinge-95-dos-brasileiros-aponta-pesquisa.html\">mais de 77% das fam\u00edlias brasileiras est\u00e3o endividadas<\/a>. A preocupa\u00e7\u00e3o constante com boletos, juros e cobran\u00e7as pode levar a noites mal dormidas, irritabilidade e dificuldade de concentra\u00e7\u00e3o. Esse cen\u00e1rio cria um ciclo vicioso: o estresse impacta o desempenho no trabalho e as rela\u00e7\u00f5es pessoais, o que pode agravar ainda mais a situa\u00e7\u00e3o financeira.<\/p>\n\n\n\n<p>O sentimento de vergonha e isolamento tamb\u00e9m \u00e9 comum. Muitas pessoas evitam compartilhar o problema com amigos ou familiares por medo de julgamento, o que intensifica a ang\u00fastia. Dentro de casa, o dinheiro se torna um assunto delicado, capaz de gerar discuss\u00f5es e minar a confian\u00e7a entre o casal e outros membros da fam\u00edlia.<\/p>\n\n\n\n<h2 class=\"wp-block-heading\">Como enfrentar o estresse financeiro<\/h2>\n\n\n\n<p>Lidar com a press\u00e3o do superendividamento exige uma abordagem pr\u00e1tica e focada no bem-estar. A boa not\u00edcia \u00e9 que algumas atitudes podem ajudar a <a target=\"_blank\" rel=\"noreferrer noopener\" href=\"https:\/\/www.correiobraziliense.com.br\/revista-do-correio\/2025\/09\/7246834-5-dicas-praticas-para-sair-do-vermelho-ate-dezembro.html\">retomar o controle da situa\u00e7\u00e3o<\/a> e, principalmente, a preservar a sa\u00fade mental de todos os envolvidos. Organiza\u00e7\u00e3o e di\u00e1logo s\u00e3o os pontos de partida para virar o jogo.<\/p>\n\n\n\n<p>Adotar estrat\u00e9gias claras pode aliviar a carga emocional e abrir caminho para uma solu\u00e7\u00e3o. Veja algumas recomenda\u00e7\u00f5es pr\u00e1ticas:<\/p>\n\n\n\n<ol class=\"wp-block-list\">\n<li><strong>Comunica\u00e7\u00e3o aberta:<\/strong> o primeiro passo \u00e9 reconhecer o problema em fam\u00edlia. Conversar abertamente sobre a situa\u00e7\u00e3o, sem culpas ou acusa\u00e7\u00f5es, une as pessoas em busca de um objetivo comum e alivia a sensa\u00e7\u00e3o de solid\u00e3o.<\/li>\n\n\n\n<li><strong>Planejamento conjunto:<\/strong> coloque todas as d\u00edvidas e as fontes de renda no papel. Criar um or\u00e7amento familiar detalhado ajuda a visualizar para onde o dinheiro est\u00e1 indo e onde \u00e9 poss\u00edvel cortar gastos. Essa clareza reduz a ansiedade gerada pela incerteza.<\/li>\n\n\n\n<li><strong>Busca por renegocia\u00e7\u00e3o:<\/strong> entre em contato com os credores para tentar <a href=\"https:\/\/www.correiobraziliense.com.br\/revista-do-correio\/2025\/08\/7237650-5-dicas-para-quitar-as-dividas-e-sair-do-vermelho.html\" target=\"_blank\" rel=\"noreferrer noopener\">renegociar os d\u00e9bitos<\/a>. A Lei do Superendividamento oferece mecanismos que facilitam acordos mais justos, permitindo a renegocia\u00e7\u00e3o de todas as d\u00edvidas em conjunto com um plano de pagamento de at\u00e9 cinco anos, al\u00e9m de proteger uma parte da renda para as despesas essenciais.<\/li>\n\n\n\n<li><strong>Foco em pequenas vit\u00f3rias:<\/strong> quitar uma d\u00edvida pequena pode proporcionar um grande al\u00edvio psicol\u00f3gico e dar motiva\u00e7\u00e3o para continuar. Celebre cada passo, por menor que seja, no caminho para a reorganiza\u00e7\u00e3o financeira.<\/li>\n\n\n\n<li><strong>Cuidado com a sa\u00fade mental:<\/strong> entenda que a situa\u00e7\u00e3o financeira \u00e9 um problema a ser resolvido e n\u00e3o define quem voc\u00ea \u00e9. Se o estresse se tornar excessivo, buscar apoio psicol\u00f3gico \u00e9 fundamental para manter o equil\u00edbrio emocional e a capacidade de tomar decis\u00f5es.<\/li>\n<\/ol>\n","protected":false},"excerpt":{"rendered":"<p>Saiba como as d\u00edvidas cr\u00f4nicas aumentam o estresse e afetam a sa\u00fade mental, al\u00e9m de conferir dicas para preservar o bem-estar familiar.<\/p>\n","protected":false},"author":8,"featured_media":38143,"comment_status":"open","ping_status":"open","sticky":false,"template":"","format":"standard","meta":{"jnews-multi-image_gallery":[],"jnews_single_post":{"format":"standard"},"jnews_primary_category":[],"jnews_social_meta":[],"jnews_override_counter":[],"footnotes":""},"categories":[123],"tags":[1646,12435,141,234,7818],"class_list":["post-38142","post","type-post","status-publish","format-standard","has-post-thumbnail","hentry","category-saude","tag-estresse","tag-estresse-financeiro","tag-saude","tag-saude-mental","tag-superendividamento"],"yoast_head":"<!-- This site is optimized with the Yoast SEO plugin v25.1 - https:\/\/yoast.com\/wordpress\/plugins\/seo\/ -->\n<title>Como conter o estresse gerado pelo superendividamento na fam\u00edlia - Correio Braziliense - Aqui<\/title>\n<meta name=\"description\" content=\"Saiba como as d\u00edvidas cr\u00f4nicas aumentam o estresse e afetam a sa\u00fade mental, al\u00e9m de conferir dicas para preservar o bem-estar familiar.\" \/>\n<meta name=\"robots\" content=\"index, follow, max-snippet:-1, max-image-preview:large, max-video-preview:-1\" \/>\n<link rel=\"canonical\" href=\"https:\/\/www.correiobraziliense.com.br\/aqui\/2026\/08\/28\/como-conter-o-estresse-gerado-pelo-superendividamento-na-familia\/\" \/>\n<meta property=\"og:locale\" content=\"pt_BR\" \/>\n<meta property=\"og:type\" content=\"article\" \/>\n<meta property=\"og:title\" content=\"Como conter o estresse gerado pelo superendividamento na fam\u00edlia - Correio Braziliense - Aqui\" \/>\n<meta property=\"og:description\" content=\"Saiba como as d\u00edvidas cr\u00f4nicas aumentam o estresse e afetam a sa\u00fade mental, al\u00e9m de conferir dicas para preservar o bem-estar familiar.\" \/>\n<meta property=\"og:url\" content=\"https:\/\/www.correiobraziliense.com.br\/aqui\/2026\/08\/28\/como-conter-o-estresse-gerado-pelo-superendividamento-na-familia\/\" \/>\n<meta property=\"og:site_name\" content=\"Correio Braziliense - Aqui\" \/>\n<meta property=\"article:published_time\" content=\"2026-08-28T18:56:00+00:00\" \/>\n<meta property=\"og:image\" content=\"https:\/\/www.correiobraziliense.com.br\/aqui\/wp-content\/uploads\/2026\/08\/dividas_1787941665095.jpg\" \/>\n\t<meta property=\"og:image:width\" content=\"1280\" \/>\n\t<meta property=\"og:image:height\" content=\"720\" \/>\n\t<meta property=\"og:image:type\" content=\"image\/jpeg\" \/>\n<meta name=\"author\" content=\"Lara\" \/>\n<meta name=\"twitter:card\" content=\"summary_large_image\" \/>\n<meta name=\"twitter:label1\" content=\"Escrito por\" \/>\n\t<meta name=\"twitter:data1\" content=\"Lara\" \/>\n\t<meta name=\"twitter:label2\" content=\"Est. tempo de leitura\" \/>\n\t<meta name=\"twitter:data2\" content=\"3 minutos\" \/>\n<!-- \/ Yoast SEO plugin. -->","yoast_head_json":{"title":"Como conter o estresse gerado pelo superendividamento na fam\u00edlia - Correio Braziliense - Aqui","description":"Saiba como as d\u00edvidas cr\u00f4nicas aumentam o estresse e afetam a sa\u00fade mental, al\u00e9m de conferir dicas para preservar o bem-estar familiar.","robots":{"index":"index","follow":"follow","max-snippet":"max-snippet:-1","max-image-preview":"max-image-preview:large","max-video-preview":"max-video-preview:-1"},"canonical":"https:\/\/www.correiobraziliense.com.br\/aqui\/2026\/08\/28\/como-conter-o-estresse-gerado-pelo-superendividamento-na-familia\/","og_locale":"pt_BR","og_type":"article","og_title":"Como conter o estresse gerado pelo superendividamento na fam\u00edlia - Correio Braziliense - Aqui","og_description":"Saiba como as d\u00edvidas cr\u00f4nicas aumentam o estresse e afetam a sa\u00fade mental, al\u00e9m de conferir dicas para preservar o bem-estar familiar.","og_url":"https:\/\/www.correiobraziliense.com.br\/aqui\/2026\/08\/28\/como-conter-o-estresse-gerado-pelo-superendividamento-na-familia\/","og_site_name":"Correio Braziliense - Aqui","article_published_time":"2026-08-28T18:56:00+00:00","og_image":[{"width":1280,"height":720,"url":"https:\/\/www.correiobraziliense.com.br\/aqui\/wp-content\/uploads\/2026\/08\/dividas_1787941665095.jpg","type":"image\/jpeg"}],"author":"Lara","twitter_card":"summary_large_image","twitter_misc":{"Escrito por":"Lara","Est. tempo de leitura":"3 minutos"},"schema":{"@context":"https:\/\/schema.org","@graph":[{"@type":"WebPage","@id":"https:\/\/www.correiobraziliense.com.br\/aqui\/2026\/08\/28\/como-conter-o-estresse-gerado-pelo-superendividamento-na-familia\/","url":"https:\/\/www.correiobraziliense.com.br\/aqui\/2026\/08\/28\/como-conter-o-estresse-gerado-pelo-superendividamento-na-familia\/","name":"Como conter o estresse gerado pelo superendividamento na fam\u00edlia - Correio Braziliense - Aqui","isPartOf":{"@id":"https:\/\/www.correiobraziliense.com.br\/aqui\/#website"},"primaryImageOfPage":{"@id":"https:\/\/www.correiobraziliense.com.br\/aqui\/2026\/08\/28\/como-conter-o-estresse-gerado-pelo-superendividamento-na-familia\/#primaryimage"},"image":{"@id":"https:\/\/www.correiobraziliense.com.br\/aqui\/2026\/08\/28\/como-conter-o-estresse-gerado-pelo-superendividamento-na-familia\/#primaryimage"},"thumbnailUrl":"https:\/\/www.correiobraziliense.com.br\/aqui\/wp-content\/uploads\/2026\/08\/dividas_1787941665095.jpg","datePublished":"2026-08-28T18:56:00+00:00","author":{"@id":"https:\/\/www.correiobraziliense.com.br\/aqui\/#\/schema\/person\/5d6e4d99fecc86ab1a7ed1a0369afb65"},"description":"Saiba como as d\u00edvidas cr\u00f4nicas aumentam o estresse e afetam a sa\u00fade mental, al\u00e9m de conferir dicas para preservar o bem-estar familiar.","breadcrumb":{"@id":"https:\/\/www.correiobraziliense.com.br\/aqui\/2026\/08\/28\/como-conter-o-estresse-gerado-pelo-superendividamento-na-familia\/#breadcrumb"},"inLanguage":"pt-BR","potentialAction":[{"@type":"ReadAction","target":["https:\/\/www.correiobraziliense.com.br\/aqui\/2026\/08\/28\/como-conter-o-estresse-gerado-pelo-superendividamento-na-familia\/"]}]},{"@type":"ImageObject","inLanguage":"pt-BR","@id":"https:\/\/www.correiobraziliense.com.br\/aqui\/2026\/08\/28\/como-conter-o-estresse-gerado-pelo-superendividamento-na-familia\/#primaryimage","url":"https:\/\/www.correiobraziliense.com.br\/aqui\/wp-content\/uploads\/2026\/08\/dividas_1787941665095.jpg","contentUrl":"https:\/\/www.correiobraziliense.com.br\/aqui\/wp-content\/uploads\/2026\/08\/dividas_1787941665095.jpg","width":1280,"height":720,"caption":"Cr\u00e9ditos: depositphotos.com \/ YevgeniySam25"},{"@type":"BreadcrumbList","@id":"https:\/\/www.correiobraziliense.com.br\/aqui\/2026\/08\/28\/como-conter-o-estresse-gerado-pelo-superendividamento-na-familia\/#breadcrumb","itemListElement":[{"@type":"ListItem","position":1,"name":"In\u00edcio","item":"https:\/\/www.correiobraziliense.com.br\/aqui\/"},{"@type":"ListItem","position":2,"name":"Como conter o estresse gerado pelo superendividamento na fam\u00edlia"}]},{"@type":"WebSite","@id":"https:\/\/www.correiobraziliense.com.br\/aqui\/#website","url":"https:\/\/www.correiobraziliense.com.br\/aqui\/","name":"Correio Braziliense - Aqui","description":"O Correio Braziliense (CB) \u00e9 o mais importante canal de not\u00edcias de Bras\u00edlia. Aqui voc\u00ea encontra as \u00faltimas not\u00edcias do DF, do Brasil e do mundo.","potentialAction":[{"@type":"SearchAction","target":{"@type":"EntryPoint","urlTemplate":"https:\/\/www.correiobraziliense.com.br\/aqui\/?s={search_term_string}"},"query-input":{"@type":"PropertyValueSpecification","valueRequired":true,"valueName":"search_term_string"}}],"inLanguage":"pt-BR"},{"@type":"Person","@id":"https:\/\/www.correiobraziliense.com.br\/aqui\/#\/schema\/person\/5d6e4d99fecc86ab1a7ed1a0369afb65","name":"Lara","image":{"@type":"ImageObject","inLanguage":"pt-BR","@id":"https:\/\/www.correiobraziliense.com.br\/aqui\/#\/schema\/person\/image\/","url":"https:\/\/secure.gravatar.com\/avatar\/57056c5c343a6d8a6669688d3d2c04916d9d280b352b6e50e66a8d39b2517e00?s=96&d=mm&r=g","contentUrl":"https:\/\/secure.gravatar.com\/avatar\/57056c5c343a6d8a6669688d3d2c04916d9d280b352b6e50e66a8d39b2517e00?s=96&d=mm&r=g","caption":"Lara"},"url":"https:\/\/www.correiobraziliense.com.br\/aqui\/author\/laraaqui\/"}]}},"_links":{"self":[{"href":"https:\/\/www.correiobraziliense.com.br\/aqui\/wp-json\/wp\/v2\/posts\/38142","targetHints":{"allow":["GET"]}}],"collection":[{"href":"https:\/\/www.correiobraziliense.com.br\/aqui\/wp-json\/wp\/v2\/posts"}],"about":[{"href":"https:\/\/www.correiobraziliense.com.br\/aqui\/wp-json\/wp\/v2\/types\/post"}],"author":[{"embeddable":true,"href":"https:\/\/www.correiobraziliense.com.br\/aqui\/wp-json\/wp\/v2\/users\/8"}],"replies":[{"embeddable":true,"href":"https:\/\/www.correiobraziliense.com.br\/aqui\/wp-json\/wp\/v2\/comments?post=38142"}],"version-history":[{"count":1,"href":"https:\/\/www.correiobraziliense.com.br\/aqui\/wp-json\/wp\/v2\/posts\/38142\/revisions"}],"predecessor-version":[{"id":38144,"href":"https:\/\/www.correiobraziliense.com.br\/aqui\/wp-json\/wp\/v2\/posts\/38142\/revisions\/38144"}],"wp:featuredmedia":[{"embeddable":true,"href":"https:\/\/www.correiobraziliense.com.br\/aqui\/wp-json\/wp\/v2\/media\/38143"}],"wp:attachment":[{"href":"https:\/\/www.correiobraziliense.com.br\/aqui\/wp-json\/wp\/v2\/media?parent=38142"}],"wp:term":[{"taxonomy":"category","embeddable":true,"href":"https:\/\/www.correiobraziliense.com.br\/aqui\/wp-json\/wp\/v2\/categories?post=38142"},{"taxonomy":"post_tag","embeddable":true,"href":"https:\/\/www.correiobraziliense.com.br\/aqui\/wp-json\/wp\/v2\/tags?post=38142"}],"curies":[{"name":"wp","href":"https:\/\/api.w.org\/{rel}","templated":true}]}}