{"id":38145,"date":"2026-08-28T16:31:00","date_gmt":"2026-08-28T19:31:00","guid":{"rendered":"https:\/\/www.correiobraziliense.com.br\/aqui\/?p=38145"},"modified":"2026-08-28T15:35:34","modified_gmt":"2026-08-28T18:35:34","slug":"febre-do-nilo-ocidental-saiba-como-identificar-os-sintomas-da-doenca","status":"publish","type":"post","link":"https:\/\/www.correiobraziliense.com.br\/aqui\/2026\/08\/28\/febre-do-nilo-ocidental-saiba-como-identificar-os-sintomas-da-doenca\/","title":{"rendered":"Febre do Nilo Ocidental: saiba como identificar os sintomas da doen\u00e7a"},"content":{"rendered":"\n<p>A confirma\u00e7\u00e3o dos primeiros casos humanos e de um \u00f3bito por febre do Nilo Ocidental em S\u00e3o Paulo e Santa Catarina, em agosto de 2026, acendeu um alerta nacional. A doen\u00e7a, causada por um v\u00edrus e transmitida principalmente por <strong><a href=\"https:\/\/www.correiobraziliense.com.br\/aqui\/2025\/12\/10\/por-que-sentimos-frio-quando-estamos-com-febre-entenda\/\" target=\"_blank\" rel=\"noreferrer noopener\">mosquitos do g\u00eanero <em>Culex<\/em>,<\/a><\/strong> j\u00e1 circula no Brasil h\u00e1 alguns anos, mas os diagn\u00f3sticos recentes refor\u00e7am a import\u00e2ncia de conhecer seus sintomas e as formas de preven\u00e7\u00e3o.<\/p>\n\n\n\n<p>O v\u00edrus tem as aves silvestres como seus principais hospedeiros. Os mosquitos se infectam ao picar uma ave contaminada e, posteriormente, podem transmitir o v\u00edrus para humanos e cavalos ao se alimentarem de seu sangue. \u00c9 importante notar que a infec\u00e7\u00e3o em pessoas n\u00e3o ocorre pelo contato direto com outras pessoas ou com aves.<\/p>\n\n\n\n<h2 class=\"wp-block-heading\">Quais s\u00e3o os principais sintomas?<\/h2>\n\n\n\n<p>A grande maioria das pessoas infectadas, cerca de 80%, n\u00e3o apresenta qualquer <a target=\"_blank\" rel=\"noreferrer noopener\" href=\"https:\/\/www.correiobraziliense.com.br\/mundo\/2025\/08\/7219313-gripe-resfriado-covid-19-ou-dengue-entenda-diferencas-e-sintomas.html\">sintoma<\/a>. Essa caracter\u00edstica dificulta o diagn\u00f3stico e o mapeamento real da circula\u00e7\u00e3o do v\u00edrus no pa\u00eds. Quando os sinais aparecem, eles costumam ser leves e surgem entre 3 e 14 dias ap\u00f3s a picada do mosquito.<\/p>\n\n\n\n<p>Nos casos sintom\u00e1ticos, os mais comuns s\u00e3o febre, dor de cabe\u00e7a, cansa\u00e7o, dores musculares e nas articula\u00e7\u00f5es, al\u00e9m de irrita\u00e7\u00f5es na pele. Em alguns pacientes, tamb\u00e9m pode ocorrer aumento dos g\u00e2nglios linf\u00e1ticos, popularmente conhecidos como \u00ednguas.<\/p>\n\n\n\n<p>Uma pequena parcela dos infectados, aproximadamente 1 em cada 150 pessoas, pode desenvolver a forma grave da doen\u00e7a, que afeta o sistema nervoso central. Nesses quadros, os sintomas incluem febre alta, dor de cabe\u00e7a intensa, rigidez na nuca, desorienta\u00e7\u00e3o, tremores, convuls\u00f5es e at\u00e9 paralisia. A forma neuroinvasiva da febre do Nilo Ocidental pode levar a sequelas neurol\u00f3gicas permanentes e tem uma taxa de letalidade de cerca de 10% entre os pacientes que desenvolvem o quadro grave.<\/p>\n\n\n\n<h2 class=\"wp-block-heading\">Como se proteger da febre do Nilo Ocidental?<\/h2>\n\n\n\n<p>Como n\u00e3o existe vacina para humanos nem tratamento espec\u00edfico para a doen\u00e7a, a preven\u00e7\u00e3o se concentra em evitar as picadas de mosquito. As medidas s\u00e3o semelhantes \u00e0s de combate \u00e0 dengue, zika e chikungunya, mas com foco no mosquito <em>Culex<\/em>, que tem h\u00e1bitos noturnos.<\/p>\n\n\n\n<p>Adotar algumas pr\u00e1ticas simples no dia a dia \u00e9 a forma mais eficaz de proteger a si mesmo e sua fam\u00edlia. Confira as principais recomenda\u00e7\u00f5es:<\/p>\n\n\n\n<ul class=\"wp-block-list\">\n<li>Elimine focos de \u00e1gua parada em vasos de plantas, pneus, calhas e outros recipientes que possam acumular \u00e1gua e servir de criadouro para os mosquitos.<\/li>\n\n\n\n<li>Instale telas de prote\u00e7\u00e3o em janelas e portas para impedir a entrada dos insetos em casa.<\/li>\n\n\n\n<li>Use repelentes corporais, principalmente durante o entardecer e \u00e0 noite, per\u00edodos de maior atividade do mosquito transmissor.<\/li>\n\n\n\n<li>Opte por roupas claras e de manga comprida ao frequentar \u00e1reas com maior presen\u00e7a de mosquitos, como matas e beiras de rios.<\/li>\n<\/ul>\n","protected":false},"excerpt":{"rendered":"<p>Entenda como a Febre do Nilo Ocidental \u00e9 transmitida por mosquitos e veja cuidados para prevenir a infec\u00e7\u00e3o e proteger toda a fam\u00edlia.<\/p>\n","protected":false},"author":8,"featured_media":38146,"comment_status":"open","ping_status":"open","sticky":false,"template":"","format":"standard","meta":{"jnews-multi-image_gallery":[],"jnews_single_post":{"format":"standard"},"jnews_primary_category":[],"jnews_social_meta":[],"jnews_override_counter":[],"footnotes":""},"categories":[123],"tags":[6474,5542,12436,141,514],"class_list":["post-38145","post","type-post","status-publish","format-standard","has-post-thumbnail","hentry","category-saude","tag-como-identificar","tag-como-se-proteger","tag-febre-do-nilo-ocidental","tag-saude","tag-sintomas"],"yoast_head":"<!-- This site is optimized with the Yoast SEO plugin v25.1 - https:\/\/yoast.com\/wordpress\/plugins\/seo\/ -->\n<title>Febre do Nilo Ocidental: saiba como identificar os sintomas da doen\u00e7a - Correio Braziliense - Aqui<\/title>\n<meta name=\"description\" content=\"Entenda como a Febre do Nilo Ocidental \u00e9 transmitida por mosquitos e veja cuidados para prevenir a infec\u00e7\u00e3o e proteger toda a fam\u00edlia.\" \/>\n<meta name=\"robots\" content=\"index, follow, max-snippet:-1, max-image-preview:large, max-video-preview:-1\" \/>\n<link rel=\"canonical\" href=\"https:\/\/www.correiobraziliense.com.br\/aqui\/2026\/08\/28\/febre-do-nilo-ocidental-saiba-como-identificar-os-sintomas-da-doenca\/\" \/>\n<meta property=\"og:locale\" content=\"pt_BR\" \/>\n<meta property=\"og:type\" content=\"article\" \/>\n<meta property=\"og:title\" content=\"Febre do Nilo Ocidental: saiba como identificar os sintomas da doen\u00e7a - Correio Braziliense - Aqui\" \/>\n<meta property=\"og:description\" content=\"Entenda como a Febre do Nilo Ocidental \u00e9 transmitida por mosquitos e veja cuidados para prevenir a infec\u00e7\u00e3o e proteger toda a fam\u00edlia.\" \/>\n<meta property=\"og:url\" content=\"https:\/\/www.correiobraziliense.com.br\/aqui\/2026\/08\/28\/febre-do-nilo-ocidental-saiba-como-identificar-os-sintomas-da-doenca\/\" \/>\n<meta property=\"og:site_name\" content=\"Correio Braziliense - Aqui\" \/>\n<meta property=\"article:published_time\" content=\"2026-08-28T19:31:00+00:00\" \/>\n<meta property=\"og:image\" content=\"https:\/\/www.correiobraziliense.com.br\/aqui\/wp-content\/uploads\/2026\/08\/Febre-do-Nilo-Ocidental_1787941963660.jpg\" \/>\n\t<meta property=\"og:image:width\" content=\"1280\" \/>\n\t<meta property=\"og:image:height\" content=\"720\" \/>\n\t<meta property=\"og:image:type\" content=\"image\/jpeg\" \/>\n<meta name=\"author\" content=\"Lara\" \/>\n<meta name=\"twitter:card\" content=\"summary_large_image\" \/>\n<meta name=\"twitter:label1\" content=\"Escrito por\" \/>\n\t<meta name=\"twitter:data1\" content=\"Lara\" \/>\n\t<meta name=\"twitter:label2\" content=\"Est. tempo de leitura\" \/>\n\t<meta name=\"twitter:data2\" content=\"3 minutos\" \/>\n<!-- \/ Yoast SEO plugin. -->","yoast_head_json":{"title":"Febre do Nilo Ocidental: saiba como identificar os sintomas da doen\u00e7a - Correio Braziliense - Aqui","description":"Entenda como a Febre do Nilo Ocidental \u00e9 transmitida por mosquitos e veja cuidados para prevenir a infec\u00e7\u00e3o e proteger toda a fam\u00edlia.","robots":{"index":"index","follow":"follow","max-snippet":"max-snippet:-1","max-image-preview":"max-image-preview:large","max-video-preview":"max-video-preview:-1"},"canonical":"https:\/\/www.correiobraziliense.com.br\/aqui\/2026\/08\/28\/febre-do-nilo-ocidental-saiba-como-identificar-os-sintomas-da-doenca\/","og_locale":"pt_BR","og_type":"article","og_title":"Febre do Nilo Ocidental: saiba como identificar os sintomas da doen\u00e7a - Correio Braziliense - Aqui","og_description":"Entenda como a Febre do Nilo Ocidental \u00e9 transmitida por mosquitos e veja cuidados para prevenir a infec\u00e7\u00e3o e proteger toda a fam\u00edlia.","og_url":"https:\/\/www.correiobraziliense.com.br\/aqui\/2026\/08\/28\/febre-do-nilo-ocidental-saiba-como-identificar-os-sintomas-da-doenca\/","og_site_name":"Correio Braziliense - Aqui","article_published_time":"2026-08-28T19:31:00+00:00","og_image":[{"width":1280,"height":720,"url":"https:\/\/www.correiobraziliense.com.br\/aqui\/wp-content\/uploads\/2026\/08\/Febre-do-Nilo-Ocidental_1787941963660.jpg","type":"image\/jpeg"}],"author":"Lara","twitter_card":"summary_large_image","twitter_misc":{"Escrito por":"Lara","Est. tempo de leitura":"3 minutos"},"schema":{"@context":"https:\/\/schema.org","@graph":[{"@type":"WebPage","@id":"https:\/\/www.correiobraziliense.com.br\/aqui\/2026\/08\/28\/febre-do-nilo-ocidental-saiba-como-identificar-os-sintomas-da-doenca\/","url":"https:\/\/www.correiobraziliense.com.br\/aqui\/2026\/08\/28\/febre-do-nilo-ocidental-saiba-como-identificar-os-sintomas-da-doenca\/","name":"Febre do Nilo Ocidental: saiba como identificar os sintomas da doen\u00e7a - Correio Braziliense - Aqui","isPartOf":{"@id":"https:\/\/www.correiobraziliense.com.br\/aqui\/#website"},"primaryImageOfPage":{"@id":"https:\/\/www.correiobraziliense.com.br\/aqui\/2026\/08\/28\/febre-do-nilo-ocidental-saiba-como-identificar-os-sintomas-da-doenca\/#primaryimage"},"image":{"@id":"https:\/\/www.correiobraziliense.com.br\/aqui\/2026\/08\/28\/febre-do-nilo-ocidental-saiba-como-identificar-os-sintomas-da-doenca\/#primaryimage"},"thumbnailUrl":"https:\/\/www.correiobraziliense.com.br\/aqui\/wp-content\/uploads\/2026\/08\/Febre-do-Nilo-Ocidental_1787941963660.jpg","datePublished":"2026-08-28T19:31:00+00:00","author":{"@id":"https:\/\/www.correiobraziliense.com.br\/aqui\/#\/schema\/person\/5d6e4d99fecc86ab1a7ed1a0369afb65"},"description":"Entenda como a Febre do Nilo Ocidental \u00e9 transmitida por mosquitos e veja cuidados para prevenir a infec\u00e7\u00e3o e proteger toda a fam\u00edlia.","breadcrumb":{"@id":"https:\/\/www.correiobraziliense.com.br\/aqui\/2026\/08\/28\/febre-do-nilo-ocidental-saiba-como-identificar-os-sintomas-da-doenca\/#breadcrumb"},"inLanguage":"pt-BR","potentialAction":[{"@type":"ReadAction","target":["https:\/\/www.correiobraziliense.com.br\/aqui\/2026\/08\/28\/febre-do-nilo-ocidental-saiba-como-identificar-os-sintomas-da-doenca\/"]}]},{"@type":"ImageObject","inLanguage":"pt-BR","@id":"https:\/\/www.correiobraziliense.com.br\/aqui\/2026\/08\/28\/febre-do-nilo-ocidental-saiba-como-identificar-os-sintomas-da-doenca\/#primaryimage","url":"https:\/\/www.correiobraziliense.com.br\/aqui\/wp-content\/uploads\/2026\/08\/Febre-do-Nilo-Ocidental_1787941963660.jpg","contentUrl":"https:\/\/www.correiobraziliense.com.br\/aqui\/wp-content\/uploads\/2026\/08\/Febre-do-Nilo-Ocidental_1787941963660.jpg","width":1280,"height":720,"caption":"Cr\u00e9ditos: depositphotos.com \/ NatchaS"},{"@type":"BreadcrumbList","@id":"https:\/\/www.correiobraziliense.com.br\/aqui\/2026\/08\/28\/febre-do-nilo-ocidental-saiba-como-identificar-os-sintomas-da-doenca\/#breadcrumb","itemListElement":[{"@type":"ListItem","position":1,"name":"In\u00edcio","item":"https:\/\/www.correiobraziliense.com.br\/aqui\/"},{"@type":"ListItem","position":2,"name":"Febre do Nilo Ocidental: saiba como identificar os sintomas da doen\u00e7a"}]},{"@type":"WebSite","@id":"https:\/\/www.correiobraziliense.com.br\/aqui\/#website","url":"https:\/\/www.correiobraziliense.com.br\/aqui\/","name":"Correio Braziliense - Aqui","description":"O Correio Braziliense (CB) \u00e9 o mais importante canal de not\u00edcias de Bras\u00edlia. Aqui voc\u00ea encontra as \u00faltimas not\u00edcias do DF, do Brasil e do mundo.","potentialAction":[{"@type":"SearchAction","target":{"@type":"EntryPoint","urlTemplate":"https:\/\/www.correiobraziliense.com.br\/aqui\/?s={search_term_string}"},"query-input":{"@type":"PropertyValueSpecification","valueRequired":true,"valueName":"search_term_string"}}],"inLanguage":"pt-BR"},{"@type":"Person","@id":"https:\/\/www.correiobraziliense.com.br\/aqui\/#\/schema\/person\/5d6e4d99fecc86ab1a7ed1a0369afb65","name":"Lara","image":{"@type":"ImageObject","inLanguage":"pt-BR","@id":"https:\/\/www.correiobraziliense.com.br\/aqui\/#\/schema\/person\/image\/","url":"https:\/\/secure.gravatar.com\/avatar\/57056c5c343a6d8a6669688d3d2c04916d9d280b352b6e50e66a8d39b2517e00?s=96&d=mm&r=g","contentUrl":"https:\/\/secure.gravatar.com\/avatar\/57056c5c343a6d8a6669688d3d2c04916d9d280b352b6e50e66a8d39b2517e00?s=96&d=mm&r=g","caption":"Lara"},"url":"https:\/\/www.correiobraziliense.com.br\/aqui\/author\/laraaqui\/"}]}},"_links":{"self":[{"href":"https:\/\/www.correiobraziliense.com.br\/aqui\/wp-json\/wp\/v2\/posts\/38145","targetHints":{"allow":["GET"]}}],"collection":[{"href":"https:\/\/www.correiobraziliense.com.br\/aqui\/wp-json\/wp\/v2\/posts"}],"about":[{"href":"https:\/\/www.correiobraziliense.com.br\/aqui\/wp-json\/wp\/v2\/types\/post"}],"author":[{"embeddable":true,"href":"https:\/\/www.correiobraziliense.com.br\/aqui\/wp-json\/wp\/v2\/users\/8"}],"replies":[{"embeddable":true,"href":"https:\/\/www.correiobraziliense.com.br\/aqui\/wp-json\/wp\/v2\/comments?post=38145"}],"version-history":[{"count":1,"href":"https:\/\/www.correiobraziliense.com.br\/aqui\/wp-json\/wp\/v2\/posts\/38145\/revisions"}],"predecessor-version":[{"id":38147,"href":"https:\/\/www.correiobraziliense.com.br\/aqui\/wp-json\/wp\/v2\/posts\/38145\/revisions\/38147"}],"wp:featuredmedia":[{"embeddable":true,"href":"https:\/\/www.correiobraziliense.com.br\/aqui\/wp-json\/wp\/v2\/media\/38146"}],"wp:attachment":[{"href":"https:\/\/www.correiobraziliense.com.br\/aqui\/wp-json\/wp\/v2\/media?parent=38145"}],"wp:term":[{"taxonomy":"category","embeddable":true,"href":"https:\/\/www.correiobraziliense.com.br\/aqui\/wp-json\/wp\/v2\/categories?post=38145"},{"taxonomy":"post_tag","embeddable":true,"href":"https:\/\/www.correiobraziliense.com.br\/aqui\/wp-json\/wp\/v2\/tags?post=38145"}],"curies":[{"name":"wp","href":"https:\/\/api.w.org\/{rel}","templated":true}]}}