{"id":38158,"date":"2026-08-28T18:26:00","date_gmt":"2026-08-28T21:26:00","guid":{"rendered":"https:\/\/www.correiobraziliense.com.br\/aqui\/?p=38158"},"modified":"2026-08-28T15:59:36","modified_gmt":"2026-08-28T18:59:36","slug":"5-pratos-tradicionais-do-ceara-que-conquistaram-a-culinaria-do-brasil","status":"publish","type":"post","link":"https:\/\/www.correiobraziliense.com.br\/aqui\/2026\/08\/28\/5-pratos-tradicionais-do-ceara-que-conquistaram-a-culinaria-do-brasil\/","title":{"rendered":"5 pratos tradicionais do Cear\u00e1 que conquistaram a culin\u00e1ria do Brasil"},"content":{"rendered":"\n<p>A culin\u00e1ria do Cear\u00e1 \u00e9 um reflexo de sua cultura vibrante e de sua geografia, que vai do sert\u00e3o ao litoral. Com ingredientes simples e t\u00e9cnicas que atravessam gera\u00e7\u00f5es, os sabores cearenses conquistaram paladares em todo o Brasil, marcando presen\u00e7a em restaurantes e na mesa de muitas fam\u00edlias. Pratos como o bai\u00e3o de dois e a carne de sol se tornaram verdadeiros embaixadores dessa tradi\u00e7\u00e3o gastron\u00f4mica.<\/p>\n\n\n\n<p>Mais do que uma simples mistura de arroz e feij\u00e3o, o bai\u00e3o de dois \u00e9 a alma da cozinha cearense em um prato s\u00f3. A receita tradicional leva arroz, feij\u00e3o-fradinho, <a target=\"_blank\" rel=\"noreferrer noopener\" href=\"https:\/\/www.correiobraziliense.com.br\/revista-do-correio\/2026\/06\/7435756-7-receitas-com-carne-seca-para-o-sabado.html\">carne seca desfiada<\/a>, queijo coalho em cubos e, muitas vezes, um toque de nata ou coentro. O nome faz refer\u00eancia ao bai\u00e3o, um ritmo musical popularizado por Luiz Gonzaga. A combina\u00e7\u00e3o cremosa e cheia de sabor faz dele uma refei\u00e7\u00e3o completa.<\/p>\n\n\n\n<p>Outro cl\u00e1ssico \u00e9 a carne de sol com macaxeira. A carne, levemente salgada e curada sob o sol do sert\u00e3o, desenvolve um sabor \u00fanico e uma textura macia. Servida com macaxeira (aipim ou mandioca) cozida ou frita e um fio de manteiga de garrafa, a iguaria \u00e9 um s\u00edmbolo da resist\u00eancia e da criatividade do <a target=\"_blank\" rel=\"noreferrer noopener\" href=\"https:\/\/www.correiobraziliense.com.br\/revista-do-correio\/2025\/04\/7131943-7-receitas-tipicas-do-nordeste-e-faceis-de-fazer.html\">povo nordestino<\/a>, transformando a necessidade de conservar alimentos em alta gastronomia.<\/p>\n\n\n\n<p>Indo para o litoral, a <a target=\"_blank\" rel=\"noreferrer noopener\" href=\"https:\/\/www.correiobraziliense.com.br\/revista-do-correio\/2026\/08\/7479744-moqueca-de-peixe-aprenda-3-receitas-faceis-e-saudaveis-para-o-jantar.html\">moqueca cearense<\/a> se destaca. Diferente da vers\u00e3o baiana, que leva azeite de dend\u00ea, a do Cear\u00e1 costuma ser mais leve, preparada com leite de coco, azeite comum e muitos vegetais frescos, como piment\u00e3o, tomate e cebola. Peixes de \u00e1gua salgada e frutos do mar, como camar\u00e3o, s\u00e3o os protagonistas deste prato colorido e perfumado, que celebra a riqueza do oceano.<\/p>\n\n\n\n<p>A pa\u00e7oca de carne de sol \u00e9 outro prato que surpreende pela simplicidade e intensidade de sabor. A carne seca, depois de dessalgada e cozida, \u00e9 desfiada e socada em um pil\u00e3o com farinha de mandioca e cebola roxa. O resultado \u00e9 uma farofa \u00famida e saborosa, que pode ser consumida pura ou como acompanhamento para o bai\u00e3o de dois, criando uma combina\u00e7\u00e3o de texturas e sabores inesquec\u00edvel.<\/p>\n\n\n\n<p>Por fim, a caranguejada \u00e9 mais que um prato: \u00e9 um evento social. Tradicionalmente consumida \u00e0s quintas-feiras, a &#8220;quinta do caranguejo&#8221; re\u00fane amigos e familiares. Os caranguejos s\u00e3o cozidos em um caldo rico, geralmente com leite de coco e vegetais, e servidos inteiros. A divers\u00e3o est\u00e1 em quebrar as patas com um martelinho de madeira e saborear a carne tenra com farofa e um molho vinagrete.<\/p>\n","protected":false},"excerpt":{"rendered":"<p>Conhe\u00e7a a hist\u00f3ria e os segredos do bai\u00e3o de dois e de outras iguarias t\u00edpicas do Cear\u00e1 que ganharam espa\u00e7o em restaurantes de todo o pa\u00eds<\/p>\n","protected":false},"author":8,"featured_media":38159,"comment_status":"open","ping_status":"open","sticky":false,"template":"","format":"standard","meta":{"jnews-multi-image_gallery":[],"jnews_single_post":{"format":"standard"},"jnews_primary_category":[],"jnews_social_meta":[],"jnews_override_counter":[],"footnotes":""},"categories":[121],"tags":[157,10257,12443,119,12442],"class_list":["post-38158","post","type-post","status-publish","format-standard","has-post-thumbnail","hentry","category-gastronomia","tag-brasil","tag-ceara","tag-culinaria-do-ceara","tag-gastronomia","tag-pratos-tradicionais"],"yoast_head":"<!-- This site is optimized with the Yoast SEO plugin v25.1 - https:\/\/yoast.com\/wordpress\/plugins\/seo\/ -->\n<title>5 pratos tradicionais do Cear\u00e1 que conquistaram a culin\u00e1ria do Brasil - Correio Braziliense - Aqui<\/title>\n<meta name=\"description\" content=\"Conhe\u00e7a a hist\u00f3ria e os segredos do bai\u00e3o de dois e de outras iguarias t\u00edpicas do Cear\u00e1 que ganharam espa\u00e7o em restaurantes de todo o pa\u00eds\" \/>\n<meta name=\"robots\" content=\"index, follow, max-snippet:-1, max-image-preview:large, max-video-preview:-1\" \/>\n<link rel=\"canonical\" href=\"https:\/\/www.correiobraziliense.com.br\/aqui\/2026\/08\/28\/5-pratos-tradicionais-do-ceara-que-conquistaram-a-culinaria-do-brasil\/\" \/>\n<meta property=\"og:locale\" content=\"pt_BR\" \/>\n<meta property=\"og:type\" content=\"article\" \/>\n<meta property=\"og:title\" content=\"5 pratos tradicionais do Cear\u00e1 que conquistaram a culin\u00e1ria do Brasil - Correio Braziliense - Aqui\" \/>\n<meta property=\"og:description\" content=\"Conhe\u00e7a a hist\u00f3ria e os segredos do bai\u00e3o de dois e de outras iguarias t\u00edpicas do Cear\u00e1 que ganharam espa\u00e7o em restaurantes de todo o pa\u00eds\" \/>\n<meta property=\"og:url\" content=\"https:\/\/www.correiobraziliense.com.br\/aqui\/2026\/08\/28\/5-pratos-tradicionais-do-ceara-que-conquistaram-a-culinaria-do-brasil\/\" \/>\n<meta property=\"og:site_name\" content=\"Correio Braziliense - Aqui\" \/>\n<meta property=\"article:published_time\" content=\"2026-08-28T21:26:00+00:00\" \/>\n<meta property=\"og:image\" content=\"https:\/\/www.correiobraziliense.com.br\/aqui\/wp-content\/uploads\/2026\/08\/carne-de-sol_1787943507263.jpg\" \/>\n\t<meta property=\"og:image:width\" content=\"1280\" \/>\n\t<meta property=\"og:image:height\" content=\"720\" \/>\n\t<meta property=\"og:image:type\" content=\"image\/jpeg\" \/>\n<meta name=\"author\" content=\"Lara\" \/>\n<meta name=\"twitter:card\" content=\"summary_large_image\" \/>\n<meta name=\"twitter:label1\" content=\"Escrito por\" \/>\n\t<meta name=\"twitter:data1\" content=\"Lara\" \/>\n\t<meta name=\"twitter:label2\" content=\"Est. tempo de leitura\" \/>\n\t<meta name=\"twitter:data2\" content=\"3 minutos\" \/>\n<!-- \/ Yoast SEO plugin. -->","yoast_head_json":{"title":"5 pratos tradicionais do Cear\u00e1 que conquistaram a culin\u00e1ria do Brasil - Correio Braziliense - Aqui","description":"Conhe\u00e7a a hist\u00f3ria e os segredos do bai\u00e3o de dois e de outras iguarias t\u00edpicas do Cear\u00e1 que ganharam espa\u00e7o em restaurantes de todo o pa\u00eds","robots":{"index":"index","follow":"follow","max-snippet":"max-snippet:-1","max-image-preview":"max-image-preview:large","max-video-preview":"max-video-preview:-1"},"canonical":"https:\/\/www.correiobraziliense.com.br\/aqui\/2026\/08\/28\/5-pratos-tradicionais-do-ceara-que-conquistaram-a-culinaria-do-brasil\/","og_locale":"pt_BR","og_type":"article","og_title":"5 pratos tradicionais do Cear\u00e1 que conquistaram a culin\u00e1ria do Brasil - Correio Braziliense - Aqui","og_description":"Conhe\u00e7a a hist\u00f3ria e os segredos do bai\u00e3o de dois e de outras iguarias t\u00edpicas do Cear\u00e1 que ganharam espa\u00e7o em restaurantes de todo o pa\u00eds","og_url":"https:\/\/www.correiobraziliense.com.br\/aqui\/2026\/08\/28\/5-pratos-tradicionais-do-ceara-que-conquistaram-a-culinaria-do-brasil\/","og_site_name":"Correio Braziliense - Aqui","article_published_time":"2026-08-28T21:26:00+00:00","og_image":[{"width":1280,"height":720,"url":"https:\/\/www.correiobraziliense.com.br\/aqui\/wp-content\/uploads\/2026\/08\/carne-de-sol_1787943507263.jpg","type":"image\/jpeg"}],"author":"Lara","twitter_card":"summary_large_image","twitter_misc":{"Escrito por":"Lara","Est. tempo de leitura":"3 minutos"},"schema":{"@context":"https:\/\/schema.org","@graph":[{"@type":"WebPage","@id":"https:\/\/www.correiobraziliense.com.br\/aqui\/2026\/08\/28\/5-pratos-tradicionais-do-ceara-que-conquistaram-a-culinaria-do-brasil\/","url":"https:\/\/www.correiobraziliense.com.br\/aqui\/2026\/08\/28\/5-pratos-tradicionais-do-ceara-que-conquistaram-a-culinaria-do-brasil\/","name":"5 pratos tradicionais do Cear\u00e1 que conquistaram a culin\u00e1ria do Brasil - Correio Braziliense - Aqui","isPartOf":{"@id":"https:\/\/www.correiobraziliense.com.br\/aqui\/#website"},"primaryImageOfPage":{"@id":"https:\/\/www.correiobraziliense.com.br\/aqui\/2026\/08\/28\/5-pratos-tradicionais-do-ceara-que-conquistaram-a-culinaria-do-brasil\/#primaryimage"},"image":{"@id":"https:\/\/www.correiobraziliense.com.br\/aqui\/2026\/08\/28\/5-pratos-tradicionais-do-ceara-que-conquistaram-a-culinaria-do-brasil\/#primaryimage"},"thumbnailUrl":"https:\/\/www.correiobraziliense.com.br\/aqui\/wp-content\/uploads\/2026\/08\/carne-de-sol_1787943507263.jpg","datePublished":"2026-08-28T21:26:00+00:00","author":{"@id":"https:\/\/www.correiobraziliense.com.br\/aqui\/#\/schema\/person\/5d6e4d99fecc86ab1a7ed1a0369afb65"},"description":"Conhe\u00e7a a hist\u00f3ria e os segredos do bai\u00e3o de dois e de outras iguarias t\u00edpicas do Cear\u00e1 que ganharam espa\u00e7o em restaurantes de todo o pa\u00eds","breadcrumb":{"@id":"https:\/\/www.correiobraziliense.com.br\/aqui\/2026\/08\/28\/5-pratos-tradicionais-do-ceara-que-conquistaram-a-culinaria-do-brasil\/#breadcrumb"},"inLanguage":"pt-BR","potentialAction":[{"@type":"ReadAction","target":["https:\/\/www.correiobraziliense.com.br\/aqui\/2026\/08\/28\/5-pratos-tradicionais-do-ceara-que-conquistaram-a-culinaria-do-brasil\/"]}]},{"@type":"ImageObject","inLanguage":"pt-BR","@id":"https:\/\/www.correiobraziliense.com.br\/aqui\/2026\/08\/28\/5-pratos-tradicionais-do-ceara-que-conquistaram-a-culinaria-do-brasil\/#primaryimage","url":"https:\/\/www.correiobraziliense.com.br\/aqui\/wp-content\/uploads\/2026\/08\/carne-de-sol_1787943507263.jpg","contentUrl":"https:\/\/www.correiobraziliense.com.br\/aqui\/wp-content\/uploads\/2026\/08\/carne-de-sol_1787943507263.jpg","width":1280,"height":720,"caption":"Cr\u00e9ditos: depositphotos.com \/ sochodolak.pa@gmail.com"},{"@type":"BreadcrumbList","@id":"https:\/\/www.correiobraziliense.com.br\/aqui\/2026\/08\/28\/5-pratos-tradicionais-do-ceara-que-conquistaram-a-culinaria-do-brasil\/#breadcrumb","itemListElement":[{"@type":"ListItem","position":1,"name":"In\u00edcio","item":"https:\/\/www.correiobraziliense.com.br\/aqui\/"},{"@type":"ListItem","position":2,"name":"5 pratos tradicionais do Cear\u00e1 que conquistaram a culin\u00e1ria do Brasil"}]},{"@type":"WebSite","@id":"https:\/\/www.correiobraziliense.com.br\/aqui\/#website","url":"https:\/\/www.correiobraziliense.com.br\/aqui\/","name":"Correio Braziliense - Aqui","description":"O Correio Braziliense (CB) \u00e9 o mais importante canal de not\u00edcias de Bras\u00edlia. Aqui voc\u00ea encontra as \u00faltimas not\u00edcias do DF, do Brasil e do mundo.","potentialAction":[{"@type":"SearchAction","target":{"@type":"EntryPoint","urlTemplate":"https:\/\/www.correiobraziliense.com.br\/aqui\/?s={search_term_string}"},"query-input":{"@type":"PropertyValueSpecification","valueRequired":true,"valueName":"search_term_string"}}],"inLanguage":"pt-BR"},{"@type":"Person","@id":"https:\/\/www.correiobraziliense.com.br\/aqui\/#\/schema\/person\/5d6e4d99fecc86ab1a7ed1a0369afb65","name":"Lara","image":{"@type":"ImageObject","inLanguage":"pt-BR","@id":"https:\/\/www.correiobraziliense.com.br\/aqui\/#\/schema\/person\/image\/","url":"https:\/\/secure.gravatar.com\/avatar\/57056c5c343a6d8a6669688d3d2c04916d9d280b352b6e50e66a8d39b2517e00?s=96&d=mm&r=g","contentUrl":"https:\/\/secure.gravatar.com\/avatar\/57056c5c343a6d8a6669688d3d2c04916d9d280b352b6e50e66a8d39b2517e00?s=96&d=mm&r=g","caption":"Lara"},"url":"https:\/\/www.correiobraziliense.com.br\/aqui\/author\/laraaqui\/"}]}},"_links":{"self":[{"href":"https:\/\/www.correiobraziliense.com.br\/aqui\/wp-json\/wp\/v2\/posts\/38158","targetHints":{"allow":["GET"]}}],"collection":[{"href":"https:\/\/www.correiobraziliense.com.br\/aqui\/wp-json\/wp\/v2\/posts"}],"about":[{"href":"https:\/\/www.correiobraziliense.com.br\/aqui\/wp-json\/wp\/v2\/types\/post"}],"author":[{"embeddable":true,"href":"https:\/\/www.correiobraziliense.com.br\/aqui\/wp-json\/wp\/v2\/users\/8"}],"replies":[{"embeddable":true,"href":"https:\/\/www.correiobraziliense.com.br\/aqui\/wp-json\/wp\/v2\/comments?post=38158"}],"version-history":[{"count":1,"href":"https:\/\/www.correiobraziliense.com.br\/aqui\/wp-json\/wp\/v2\/posts\/38158\/revisions"}],"predecessor-version":[{"id":38160,"href":"https:\/\/www.correiobraziliense.com.br\/aqui\/wp-json\/wp\/v2\/posts\/38158\/revisions\/38160"}],"wp:featuredmedia":[{"embeddable":true,"href":"https:\/\/www.correiobraziliense.com.br\/aqui\/wp-json\/wp\/v2\/media\/38159"}],"wp:attachment":[{"href":"https:\/\/www.correiobraziliense.com.br\/aqui\/wp-json\/wp\/v2\/media?parent=38158"}],"wp:term":[{"taxonomy":"category","embeddable":true,"href":"https:\/\/www.correiobraziliense.com.br\/aqui\/wp-json\/wp\/v2\/categories?post=38158"},{"taxonomy":"post_tag","embeddable":true,"href":"https:\/\/www.correiobraziliense.com.br\/aqui\/wp-json\/wp\/v2\/tags?post=38158"}],"curies":[{"name":"wp","href":"https:\/\/api.w.org\/{rel}","templated":true}]}}