{"id":38167,"date":"2026-08-28T20:58:00","date_gmt":"2026-08-28T23:58:00","guid":{"rendered":"https:\/\/www.correiobraziliense.com.br\/aqui\/?p=38167"},"modified":"2026-08-28T16:12:36","modified_gmt":"2026-08-28T19:12:36","slug":"conheca-os-palacios-e-locais-historicos-da-monarquia-na-noruega","status":"publish","type":"post","link":"https:\/\/www.correiobraziliense.com.br\/aqui\/2026\/08\/28\/conheca-os-palacios-e-locais-historicos-da-monarquia-na-noruega\/","title":{"rendered":"Conhe\u00e7a os pal\u00e1cios e locais hist\u00f3ricos da monarquia na Noruega"},"content":{"rendered":"\n<p>A monarquia norueguesa, uma das mais antigas da Europa, desperta grande interesse em visitantes fascinados por hist\u00f3ria e tradi\u00e7\u00e3o. Para quem visita Oslo, capital da Noruega, \u00e9 poss\u00edvel mergulhar nesse universo por meio de um roteiro que revela o legado e o cotidiano da fam\u00edlia real atrav\u00e9s de seus pal\u00e1cios e monumentos hist\u00f3ricos.<\/p>\n\n\n\n<p>Cada local oferece uma perspectiva \u00fanica sobre uma das mais antigas casas reais da Europa, combinando arquitetura imponente com s\u00e9culos de tradi\u00e7\u00e3o. Explorar esses pontos tur\u00edsticos \u00e9 uma forma de compreender o papel da monarquia na identidade nacional da Noruega.<\/p>\n\n\n\n<h2 class=\"wp-block-heading\">Passeio pela hist\u00f3ria da Noruega: roteiro da realeza em Oslo<\/h2>\n\n\n\n<p>O ponto de partida da jornada \u00e9 o Pal\u00e1cio Real (Det kongelige slott). Localizado no fim da avenida Karl Johans gate, o edif\u00edcio neocl\u00e1ssico \u00e9 a resid\u00eancia oficial do monarca. Durante o ver\u00e3o, parte do pal\u00e1cio fica aberta para visitas guiadas, permitindo que o p\u00fablico conhe\u00e7a alguns de seus sal\u00f5es mais importantes. Diariamente, a troca da guarda real atrai centenas de turistas em frente aos port\u00f5es.<\/p>\n\n\n\n<p>Seguindo para a regi\u00e3o portu\u00e1ria, encontra-se a Fortaleza de Akershus (Akershus festning). Este complexo medieval, constru\u00eddo por volta de 1300, serviu como resid\u00eancia real e fortaleza defensiva. Dentro de suas muralhas est\u00e1 o Mausol\u00e9u Real, onde diversos monarcas noruegueses foram sepultados. O local oferece uma vista privilegiada do fiorde de Oslo e abriga tamb\u00e9m o Museu da Resist\u00eancia Norueguesa.<\/p>\n\n\n\n<p>Na pen\u00ednsula de Bygd\u00f8y, uma curta viagem de barco a partir do centro da cidade leva ao Pal\u00e1cio de Oscarshall. Constru\u00eddo em meados do s\u00e9culo XIX, este pal\u00e1cio de veraneio \u00e9 um exemplo not\u00e1vel da arquitetura neog\u00f3tica. Atualmente, funciona como um museu e est\u00e1 aberto ao p\u00fablico durante os meses mais quentes, exibindo arte e artesanato noruegu\u00eas. Seus jardins s\u00e3o um convite para uma caminhada tranquila.<\/p>\n\n\n\n<p>Ainda em Bygd\u00f8y, \u00e9 poss\u00edvel visitar a Fazenda Real Bygd\u00f8y (Bygd\u00f8y kongsg\u00e5rd), a resid\u00eancia de ver\u00e3o oficial da fam\u00edlia real. A propriedade \u00e9 uma fazenda org\u00e2nica em pleno funcionamento e possui uma longa hist\u00f3ria que remonta \u00e0 Idade M\u00e9dia. Embora a resid\u00eancia n\u00e3o seja aberta ao p\u00fablico, os visitantes podem explorar os vastos jardins e parques que a cercam, al\u00e9m do centro de visitantes que detalha a hist\u00f3ria agr\u00edcola do local.<\/p>\n","protected":false},"excerpt":{"rendered":"<p>Explore Oslo, na Noruega, em um roteiro pelo Pal\u00e1cio Real e monumentos ligados \u00e0 fam\u00edlia real, com hist\u00f3ria e arquitetura.<\/p>\n","protected":false},"author":8,"featured_media":38168,"comment_status":"open","ping_status":"open","sticky":false,"template":"","format":"standard","meta":{"jnews-multi-image_gallery":[],"jnews_single_post":{"format":"standard"},"jnews_primary_category":[],"jnews_social_meta":[],"jnews_override_counter":[],"footnotes":""},"categories":[148],"tags":[12156,1888,3185,12446,10090,146],"class_list":["post-38167","post","type-post","status-publish","format-standard","has-post-thumbnail","hentry","category-turismo","tag-locais-historicos","tag-monarquia","tag-noruega","tag-oslo","tag-palacios","tag-turismo"],"yoast_head":"<!-- This site is optimized with the Yoast SEO plugin v25.1 - https:\/\/yoast.com\/wordpress\/plugins\/seo\/ -->\n<title>Conhe\u00e7a os pal\u00e1cios e locais hist\u00f3ricos da monarquia na Noruega - Correio Braziliense - Aqui<\/title>\n<meta name=\"description\" content=\"Explore Oslo, na Noruega, em um roteiro pelo Pal\u00e1cio Real e monumentos ligados \u00e0 fam\u00edlia real, com hist\u00f3ria e arquitetura.\" \/>\n<meta name=\"robots\" content=\"index, follow, max-snippet:-1, max-image-preview:large, max-video-preview:-1\" \/>\n<link rel=\"canonical\" href=\"https:\/\/www.correiobraziliense.com.br\/aqui\/2026\/08\/28\/conheca-os-palacios-e-locais-historicos-da-monarquia-na-noruega\/\" \/>\n<meta property=\"og:locale\" content=\"pt_BR\" \/>\n<meta property=\"og:type\" content=\"article\" \/>\n<meta property=\"og:title\" content=\"Conhe\u00e7a os pal\u00e1cios e locais hist\u00f3ricos da monarquia na Noruega - Correio Braziliense - Aqui\" \/>\n<meta property=\"og:description\" content=\"Explore Oslo, na Noruega, em um roteiro pelo Pal\u00e1cio Real e monumentos ligados \u00e0 fam\u00edlia real, com hist\u00f3ria e arquitetura.\" \/>\n<meta property=\"og:url\" content=\"https:\/\/www.correiobraziliense.com.br\/aqui\/2026\/08\/28\/conheca-os-palacios-e-locais-historicos-da-monarquia-na-noruega\/\" \/>\n<meta property=\"og:site_name\" content=\"Correio Braziliense - Aqui\" \/>\n<meta property=\"article:published_time\" content=\"2026-08-28T23:58:00+00:00\" \/>\n<meta property=\"og:image\" content=\"https:\/\/www.correiobraziliense.com.br\/aqui\/wp-content\/uploads\/2026\/08\/Fortaleza-de-Akershus_1787944291369.jpg\" \/>\n\t<meta property=\"og:image:width\" content=\"1280\" \/>\n\t<meta property=\"og:image:height\" content=\"720\" \/>\n\t<meta property=\"og:image:type\" content=\"image\/jpeg\" \/>\n<meta name=\"author\" content=\"Lara\" \/>\n<meta name=\"twitter:card\" content=\"summary_large_image\" \/>\n<meta name=\"twitter:label1\" content=\"Escrito por\" \/>\n\t<meta name=\"twitter:data1\" content=\"Lara\" \/>\n\t<meta name=\"twitter:label2\" content=\"Est. tempo de leitura\" \/>\n\t<meta name=\"twitter:data2\" content=\"3 minutos\" \/>\n<!-- \/ Yoast SEO plugin. -->","yoast_head_json":{"title":"Conhe\u00e7a os pal\u00e1cios e locais hist\u00f3ricos da monarquia na Noruega - Correio Braziliense - Aqui","description":"Explore Oslo, na Noruega, em um roteiro pelo Pal\u00e1cio Real e monumentos ligados \u00e0 fam\u00edlia real, com hist\u00f3ria e arquitetura.","robots":{"index":"index","follow":"follow","max-snippet":"max-snippet:-1","max-image-preview":"max-image-preview:large","max-video-preview":"max-video-preview:-1"},"canonical":"https:\/\/www.correiobraziliense.com.br\/aqui\/2026\/08\/28\/conheca-os-palacios-e-locais-historicos-da-monarquia-na-noruega\/","og_locale":"pt_BR","og_type":"article","og_title":"Conhe\u00e7a os pal\u00e1cios e locais hist\u00f3ricos da monarquia na Noruega - Correio Braziliense - Aqui","og_description":"Explore Oslo, na Noruega, em um roteiro pelo Pal\u00e1cio Real e monumentos ligados \u00e0 fam\u00edlia real, com hist\u00f3ria e arquitetura.","og_url":"https:\/\/www.correiobraziliense.com.br\/aqui\/2026\/08\/28\/conheca-os-palacios-e-locais-historicos-da-monarquia-na-noruega\/","og_site_name":"Correio Braziliense - Aqui","article_published_time":"2026-08-28T23:58:00+00:00","og_image":[{"width":1280,"height":720,"url":"https:\/\/www.correiobraziliense.com.br\/aqui\/wp-content\/uploads\/2026\/08\/Fortaleza-de-Akershus_1787944291369.jpg","type":"image\/jpeg"}],"author":"Lara","twitter_card":"summary_large_image","twitter_misc":{"Escrito por":"Lara","Est. tempo de leitura":"3 minutos"},"schema":{"@context":"https:\/\/schema.org","@graph":[{"@type":"WebPage","@id":"https:\/\/www.correiobraziliense.com.br\/aqui\/2026\/08\/28\/conheca-os-palacios-e-locais-historicos-da-monarquia-na-noruega\/","url":"https:\/\/www.correiobraziliense.com.br\/aqui\/2026\/08\/28\/conheca-os-palacios-e-locais-historicos-da-monarquia-na-noruega\/","name":"Conhe\u00e7a os pal\u00e1cios e locais hist\u00f3ricos da monarquia na Noruega - Correio Braziliense - Aqui","isPartOf":{"@id":"https:\/\/www.correiobraziliense.com.br\/aqui\/#website"},"primaryImageOfPage":{"@id":"https:\/\/www.correiobraziliense.com.br\/aqui\/2026\/08\/28\/conheca-os-palacios-e-locais-historicos-da-monarquia-na-noruega\/#primaryimage"},"image":{"@id":"https:\/\/www.correiobraziliense.com.br\/aqui\/2026\/08\/28\/conheca-os-palacios-e-locais-historicos-da-monarquia-na-noruega\/#primaryimage"},"thumbnailUrl":"https:\/\/www.correiobraziliense.com.br\/aqui\/wp-content\/uploads\/2026\/08\/Fortaleza-de-Akershus_1787944291369.jpg","datePublished":"2026-08-28T23:58:00+00:00","author":{"@id":"https:\/\/www.correiobraziliense.com.br\/aqui\/#\/schema\/person\/5d6e4d99fecc86ab1a7ed1a0369afb65"},"description":"Explore Oslo, na Noruega, em um roteiro pelo Pal\u00e1cio Real e monumentos ligados \u00e0 fam\u00edlia real, com hist\u00f3ria e arquitetura.","breadcrumb":{"@id":"https:\/\/www.correiobraziliense.com.br\/aqui\/2026\/08\/28\/conheca-os-palacios-e-locais-historicos-da-monarquia-na-noruega\/#breadcrumb"},"inLanguage":"pt-BR","potentialAction":[{"@type":"ReadAction","target":["https:\/\/www.correiobraziliense.com.br\/aqui\/2026\/08\/28\/conheca-os-palacios-e-locais-historicos-da-monarquia-na-noruega\/"]}]},{"@type":"ImageObject","inLanguage":"pt-BR","@id":"https:\/\/www.correiobraziliense.com.br\/aqui\/2026\/08\/28\/conheca-os-palacios-e-locais-historicos-da-monarquia-na-noruega\/#primaryimage","url":"https:\/\/www.correiobraziliense.com.br\/aqui\/wp-content\/uploads\/2026\/08\/Fortaleza-de-Akershus_1787944291369.jpg","contentUrl":"https:\/\/www.correiobraziliense.com.br\/aqui\/wp-content\/uploads\/2026\/08\/Fortaleza-de-Akershus_1787944291369.jpg","width":1280,"height":720,"caption":"Cr\u00e9ditos: depositphotos.com \/ Kathrine_Andi"},{"@type":"BreadcrumbList","@id":"https:\/\/www.correiobraziliense.com.br\/aqui\/2026\/08\/28\/conheca-os-palacios-e-locais-historicos-da-monarquia-na-noruega\/#breadcrumb","itemListElement":[{"@type":"ListItem","position":1,"name":"In\u00edcio","item":"https:\/\/www.correiobraziliense.com.br\/aqui\/"},{"@type":"ListItem","position":2,"name":"Conhe\u00e7a os pal\u00e1cios e locais hist\u00f3ricos da monarquia na Noruega"}]},{"@type":"WebSite","@id":"https:\/\/www.correiobraziliense.com.br\/aqui\/#website","url":"https:\/\/www.correiobraziliense.com.br\/aqui\/","name":"Correio Braziliense - Aqui","description":"O Correio Braziliense (CB) \u00e9 o mais importante canal de not\u00edcias de Bras\u00edlia. Aqui voc\u00ea encontra as \u00faltimas not\u00edcias do DF, do Brasil e do mundo.","potentialAction":[{"@type":"SearchAction","target":{"@type":"EntryPoint","urlTemplate":"https:\/\/www.correiobraziliense.com.br\/aqui\/?s={search_term_string}"},"query-input":{"@type":"PropertyValueSpecification","valueRequired":true,"valueName":"search_term_string"}}],"inLanguage":"pt-BR"},{"@type":"Person","@id":"https:\/\/www.correiobraziliense.com.br\/aqui\/#\/schema\/person\/5d6e4d99fecc86ab1a7ed1a0369afb65","name":"Lara","image":{"@type":"ImageObject","inLanguage":"pt-BR","@id":"https:\/\/www.correiobraziliense.com.br\/aqui\/#\/schema\/person\/image\/","url":"https:\/\/secure.gravatar.com\/avatar\/57056c5c343a6d8a6669688d3d2c04916d9d280b352b6e50e66a8d39b2517e00?s=96&d=mm&r=g","contentUrl":"https:\/\/secure.gravatar.com\/avatar\/57056c5c343a6d8a6669688d3d2c04916d9d280b352b6e50e66a8d39b2517e00?s=96&d=mm&r=g","caption":"Lara"},"url":"https:\/\/www.correiobraziliense.com.br\/aqui\/author\/laraaqui\/"}]}},"_links":{"self":[{"href":"https:\/\/www.correiobraziliense.com.br\/aqui\/wp-json\/wp\/v2\/posts\/38167","targetHints":{"allow":["GET"]}}],"collection":[{"href":"https:\/\/www.correiobraziliense.com.br\/aqui\/wp-json\/wp\/v2\/posts"}],"about":[{"href":"https:\/\/www.correiobraziliense.com.br\/aqui\/wp-json\/wp\/v2\/types\/post"}],"author":[{"embeddable":true,"href":"https:\/\/www.correiobraziliense.com.br\/aqui\/wp-json\/wp\/v2\/users\/8"}],"replies":[{"embeddable":true,"href":"https:\/\/www.correiobraziliense.com.br\/aqui\/wp-json\/wp\/v2\/comments?post=38167"}],"version-history":[{"count":2,"href":"https:\/\/www.correiobraziliense.com.br\/aqui\/wp-json\/wp\/v2\/posts\/38167\/revisions"}],"predecessor-version":[{"id":38170,"href":"https:\/\/www.correiobraziliense.com.br\/aqui\/wp-json\/wp\/v2\/posts\/38167\/revisions\/38170"}],"wp:featuredmedia":[{"embeddable":true,"href":"https:\/\/www.correiobraziliense.com.br\/aqui\/wp-json\/wp\/v2\/media\/38168"}],"wp:attachment":[{"href":"https:\/\/www.correiobraziliense.com.br\/aqui\/wp-json\/wp\/v2\/media?parent=38167"}],"wp:term":[{"taxonomy":"category","embeddable":true,"href":"https:\/\/www.correiobraziliense.com.br\/aqui\/wp-json\/wp\/v2\/categories?post=38167"},{"taxonomy":"post_tag","embeddable":true,"href":"https:\/\/www.correiobraziliense.com.br\/aqui\/wp-json\/wp\/v2\/tags?post=38167"}],"curies":[{"name":"wp","href":"https:\/\/api.w.org\/{rel}","templated":true}]}}