{"id":38172,"date":"2026-08-28T18:00:25","date_gmt":"2026-08-28T21:00:25","guid":{"rendered":"https:\/\/www.correiobraziliense.com.br\/aqui\/?p=38172"},"modified":"2026-08-28T18:00:27","modified_gmt":"2026-08-28T21:00:27","slug":"entrevista-de-lula-na-globo-destaca-a-forca-da-linguagem-nao-verbal","status":"publish","type":"post","link":"https:\/\/www.correiobraziliense.com.br\/aqui\/2026\/08\/28\/entrevista-de-lula-na-globo-destaca-a-forca-da-linguagem-nao-verbal\/","title":{"rendered":"Entrevista de Lula na Globo destaca a for\u00e7a da linguagem n\u00e3o verbal"},"content":{"rendered":"\n<p>A recente entrevista do presidente e candidato \u00e0 reelei\u00e7\u00e3o Luiz In\u00e1cio Lula da Silva na TV Globo, conduzida pelos jornalistas C\u00e9sar Tralli e Renata Vasconcellos, jogou luz sobre um elemento crucial da comunica\u00e7\u00e3o pol\u00edtica: a linguagem n\u00e3o verbal. Como parte da s\u00e9rie de sabatinas com os candidatos \u00e0 Presid\u00eancia, a participa\u00e7\u00e3o de Lula demonstrou como, para al\u00e9m das palavras, gestos, postura e tom de voz se tornam protagonistas para moldar a percep\u00e7\u00e3o do p\u00fablico em um momento de alta press\u00e3o.<\/p>\n\n\n\n<h2 class=\"wp-block-heading\">Confian\u00e7a e controle<\/h2>\n\n\n\n<p>Desde o in\u00edcio, a postura de Lula foi notada. Sentado com o corpo levemente inclinado para a frente e mantendo contato visual direto com os entrevistadores, ele transmitiu uma imagem de confian\u00e7a e engajamento. Essa proje\u00e7\u00e3o f\u00edsica \u00e9 frequentemente associada a l\u00edderes que buscam demonstrar seguran\u00e7a, mesmo ao responder perguntas sobre temas sens\u00edveis, como os questionamentos sobre <a target=\"_blank\" rel=\"noreferrer noopener\" href=\"https:\/\/www.correiobraziliense.com.br\/politica\/2026\/08\/7489017-filho-e-marcola-poem-lula-na-defensiva.html\">investiga\u00e7\u00f5es envolvendo seu filho, F\u00e1bio Lu\u00eds Lula da Silva<\/a>, por suspeitas de corrup\u00e7\u00e3o e tr\u00e1fico de influ\u00eancia.<\/p>\n\n\n\n<h3 class=\"wp-block-heading\">O poder dos gestos<\/h3>\n\n\n\n<p>O uso das m\u00e3os foi outro ponto de destaque. Lula gesticulou de forma aberta, com as palmas frequentemente vis\u00edveis, um recurso de <a target=\"_blank\" rel=\"noreferrer noopener\" href=\"https:\/\/www.correiobraziliense.com.br\/politica\/2025\/10\/7281129-o-que-revela-a-linguagem-corporal-de-lula-e-trump-no-encontro-da-malasia.html\">linguagem corporal<\/a> associado \u00e0 transpar\u00eancia. Ao mesmo tempo, utilizou gestos mais enf\u00e1ticos, como o indicador em riste ou o toque na mesa, para pontuar argumentos e refor\u00e7ar a autoridade de suas respostas, especialmente ao abordar temas como economia e seguran\u00e7a p\u00fablica.<\/p>\n\n\n\n<p>A modula\u00e7\u00e3o da voz tamb\u00e9m desempenhou um papel fundamental. O presidente alternou entre um tom calmo e professoral ao explicar <a target=\"_blank\" rel=\"noreferrer noopener\" href=\"https:\/\/www.correiobraziliense.com.br\/politica\/2026\/07\/7455093-de-olho-em-outubro-lula-aposta-defesa-do-patriotismo-e-da-democracia.html\">propostas de governo<\/a> e um ritmo mais acelerado e firme ao rebater cr\u00edticas. Essa varia\u00e7\u00e3o no tom e na velocidade da fala contribuiu para criar diferentes percep\u00e7\u00f5es ao longo da entrevista, ora did\u00e1tica, ora mais combativa.<\/p>\n\n\n\n<p>Em sabatinas de grande audi\u00eancia, a comunica\u00e7\u00e3o corporal se torna t\u00e3o relevante quanto o conte\u00fado verbal. No caso da entrevista de Lula, os elementos n\u00e3o verbais observados \u2014 como postura firme, gestos enf\u00e1ticos e varia\u00e7\u00f5es vocais \u2014 pareceram alinhar-se com sua mensagem verbal de um l\u00edder experiente e no comando da situa\u00e7\u00e3o. Assim, a linguagem corporal funcionou como uma camada adicional de discurso, refor\u00e7ando o conte\u00fado expresso em suas respostas em um ambiente jornal\u00edstico desafiador.<\/p>\n\n\n\n<p><\/p>\n","protected":false},"excerpt":{"rendered":"<p>A recente entrevista do presidente e candidato \u00e0 reelei\u00e7\u00e3o Luiz In\u00e1cio Lula da Silva na TV Globo, conduzida pelos jornalistas C\u00e9sar Tralli e Renata Vasconcellos, jogou luz sobre um elemento crucial da comunica\u00e7\u00e3o pol\u00edtica: a linguagem n\u00e3o verbal. Como parte da s\u00e9rie de sabatinas com os candidatos \u00e0 Presid\u00eancia, a participa\u00e7\u00e3o de Lula demonstrou como, [&hellip;]<\/p>\n","protected":false},"author":9,"featured_media":38173,"comment_status":"open","ping_status":"open","sticky":false,"template":"","format":"standard","meta":{"jnews-multi-image_gallery":[],"jnews_single_post":{"format":"standard"},"jnews_primary_category":[],"jnews_social_meta":[],"jnews_override_counter":[],"footnotes":""},"categories":[120],"tags":[688,6421,12447],"class_list":["post-38172","post","type-post","status-publish","format-standard","has-post-thumbnail","hentry","category-curiosidades","tag-globo","tag-lula","tag-sabatina"],"yoast_head":"<!-- This site is optimized with the Yoast SEO plugin v25.1 - https:\/\/yoast.com\/wordpress\/plugins\/seo\/ -->\n<title>Entrevista de Lula na Globo destaca a for\u00e7a da linguagem n\u00e3o verbal - Correio Braziliense - Aqui<\/title>\n<meta name=\"description\" content=\"Postura, gestos e tom de voz marcaram a participa\u00e7\u00e3o do presidente Lu\u00eds In\u00e1cio Lula da Silva na sabatina da emissora carioca.\" \/>\n<meta name=\"robots\" content=\"index, follow, max-snippet:-1, max-image-preview:large, max-video-preview:-1\" \/>\n<link rel=\"canonical\" href=\"https:\/\/www.correiobraziliense.com.br\/aqui\/2026\/08\/28\/entrevista-de-lula-na-globo-destaca-a-forca-da-linguagem-nao-verbal\/\" \/>\n<meta property=\"og:locale\" content=\"pt_BR\" \/>\n<meta property=\"og:type\" content=\"article\" \/>\n<meta property=\"og:title\" content=\"Entrevista de Lula na Globo destaca a for\u00e7a da linguagem n\u00e3o verbal - Correio Braziliense - Aqui\" \/>\n<meta property=\"og:description\" content=\"Postura, gestos e tom de voz marcaram a participa\u00e7\u00e3o do presidente Lu\u00eds In\u00e1cio Lula da Silva na sabatina da emissora carioca.\" \/>\n<meta property=\"og:url\" content=\"https:\/\/www.correiobraziliense.com.br\/aqui\/2026\/08\/28\/entrevista-de-lula-na-globo-destaca-a-forca-da-linguagem-nao-verbal\/\" \/>\n<meta property=\"og:site_name\" content=\"Correio Braziliense - Aqui\" \/>\n<meta property=\"article:published_time\" content=\"2026-08-28T21:00:25+00:00\" \/>\n<meta property=\"article:modified_time\" content=\"2026-08-28T21:00:27+00:00\" \/>\n<meta property=\"og:image\" content=\"https:\/\/www.correiobraziliense.com.br\/aqui\/wp-content\/uploads\/2026\/08\/Entrevista-de-Lula-na-Globo-destaca-a-forca-da-linguagem-nao-verbal.jpg\" \/>\n\t<meta property=\"og:image:width\" content=\"1282\" \/>\n\t<meta property=\"og:image:height\" content=\"720\" \/>\n\t<meta property=\"og:image:type\" content=\"image\/jpeg\" \/>\n<meta name=\"author\" content=\"Lucas\" \/>\n<meta name=\"twitter:card\" content=\"summary_large_image\" \/>\n<meta name=\"twitter:label1\" content=\"Escrito por\" \/>\n\t<meta name=\"twitter:data1\" content=\"Lucas\" \/>\n\t<meta name=\"twitter:label2\" content=\"Est. tempo de leitura\" \/>\n\t<meta name=\"twitter:data2\" content=\"3 minutos\" \/>\n<!-- \/ Yoast SEO plugin. -->","yoast_head_json":{"title":"Entrevista de Lula na Globo destaca a for\u00e7a da linguagem n\u00e3o verbal - Correio Braziliense - Aqui","description":"Postura, gestos e tom de voz marcaram a participa\u00e7\u00e3o do presidente Lu\u00eds In\u00e1cio Lula da Silva na sabatina da emissora carioca.","robots":{"index":"index","follow":"follow","max-snippet":"max-snippet:-1","max-image-preview":"max-image-preview:large","max-video-preview":"max-video-preview:-1"},"canonical":"https:\/\/www.correiobraziliense.com.br\/aqui\/2026\/08\/28\/entrevista-de-lula-na-globo-destaca-a-forca-da-linguagem-nao-verbal\/","og_locale":"pt_BR","og_type":"article","og_title":"Entrevista de Lula na Globo destaca a for\u00e7a da linguagem n\u00e3o verbal - Correio Braziliense - Aqui","og_description":"Postura, gestos e tom de voz marcaram a participa\u00e7\u00e3o do presidente Lu\u00eds In\u00e1cio Lula da Silva na sabatina da emissora carioca.","og_url":"https:\/\/www.correiobraziliense.com.br\/aqui\/2026\/08\/28\/entrevista-de-lula-na-globo-destaca-a-forca-da-linguagem-nao-verbal\/","og_site_name":"Correio Braziliense - Aqui","article_published_time":"2026-08-28T21:00:25+00:00","article_modified_time":"2026-08-28T21:00:27+00:00","og_image":[{"width":1282,"height":720,"url":"https:\/\/www.correiobraziliense.com.br\/aqui\/wp-content\/uploads\/2026\/08\/Entrevista-de-Lula-na-Globo-destaca-a-forca-da-linguagem-nao-verbal.jpg","type":"image\/jpeg"}],"author":"Lucas","twitter_card":"summary_large_image","twitter_misc":{"Escrito por":"Lucas","Est. tempo de leitura":"3 minutos"},"schema":{"@context":"https:\/\/schema.org","@graph":[{"@type":"WebPage","@id":"https:\/\/www.correiobraziliense.com.br\/aqui\/2026\/08\/28\/entrevista-de-lula-na-globo-destaca-a-forca-da-linguagem-nao-verbal\/","url":"https:\/\/www.correiobraziliense.com.br\/aqui\/2026\/08\/28\/entrevista-de-lula-na-globo-destaca-a-forca-da-linguagem-nao-verbal\/","name":"Entrevista de Lula na Globo destaca a for\u00e7a da linguagem n\u00e3o verbal - Correio Braziliense - Aqui","isPartOf":{"@id":"https:\/\/www.correiobraziliense.com.br\/aqui\/#website"},"primaryImageOfPage":{"@id":"https:\/\/www.correiobraziliense.com.br\/aqui\/2026\/08\/28\/entrevista-de-lula-na-globo-destaca-a-forca-da-linguagem-nao-verbal\/#primaryimage"},"image":{"@id":"https:\/\/www.correiobraziliense.com.br\/aqui\/2026\/08\/28\/entrevista-de-lula-na-globo-destaca-a-forca-da-linguagem-nao-verbal\/#primaryimage"},"thumbnailUrl":"https:\/\/www.correiobraziliense.com.br\/aqui\/wp-content\/uploads\/2026\/08\/Entrevista-de-Lula-na-Globo-destaca-a-forca-da-linguagem-nao-verbal.jpg","datePublished":"2026-08-28T21:00:25+00:00","dateModified":"2026-08-28T21:00:27+00:00","author":{"@id":"https:\/\/www.correiobraziliense.com.br\/aqui\/#\/schema\/person\/36d094a725ba56bbeb370a877862a002"},"description":"Postura, gestos e tom de voz marcaram a participa\u00e7\u00e3o do presidente Lu\u00eds In\u00e1cio Lula da Silva na sabatina da emissora carioca.","breadcrumb":{"@id":"https:\/\/www.correiobraziliense.com.br\/aqui\/2026\/08\/28\/entrevista-de-lula-na-globo-destaca-a-forca-da-linguagem-nao-verbal\/#breadcrumb"},"inLanguage":"pt-BR","potentialAction":[{"@type":"ReadAction","target":["https:\/\/www.correiobraziliense.com.br\/aqui\/2026\/08\/28\/entrevista-de-lula-na-globo-destaca-a-forca-da-linguagem-nao-verbal\/"]}]},{"@type":"ImageObject","inLanguage":"pt-BR","@id":"https:\/\/www.correiobraziliense.com.br\/aqui\/2026\/08\/28\/entrevista-de-lula-na-globo-destaca-a-forca-da-linguagem-nao-verbal\/#primaryimage","url":"https:\/\/www.correiobraziliense.com.br\/aqui\/wp-content\/uploads\/2026\/08\/Entrevista-de-Lula-na-Globo-destaca-a-forca-da-linguagem-nao-verbal.jpg","contentUrl":"https:\/\/www.correiobraziliense.com.br\/aqui\/wp-content\/uploads\/2026\/08\/Entrevista-de-Lula-na-Globo-destaca-a-forca-da-linguagem-nao-verbal.jpg","width":1282,"height":720,"caption":"TV Globo"},{"@type":"BreadcrumbList","@id":"https:\/\/www.correiobraziliense.com.br\/aqui\/2026\/08\/28\/entrevista-de-lula-na-globo-destaca-a-forca-da-linguagem-nao-verbal\/#breadcrumb","itemListElement":[{"@type":"ListItem","position":1,"name":"In\u00edcio","item":"https:\/\/www.correiobraziliense.com.br\/aqui\/"},{"@type":"ListItem","position":2,"name":"Entrevista de Lula na Globo destaca a for\u00e7a da linguagem n\u00e3o verbal"}]},{"@type":"WebSite","@id":"https:\/\/www.correiobraziliense.com.br\/aqui\/#website","url":"https:\/\/www.correiobraziliense.com.br\/aqui\/","name":"Correio Braziliense - Aqui","description":"O Correio Braziliense (CB) \u00e9 o mais importante canal de not\u00edcias de Bras\u00edlia. Aqui voc\u00ea encontra as \u00faltimas not\u00edcias do DF, do Brasil e do mundo.","potentialAction":[{"@type":"SearchAction","target":{"@type":"EntryPoint","urlTemplate":"https:\/\/www.correiobraziliense.com.br\/aqui\/?s={search_term_string}"},"query-input":{"@type":"PropertyValueSpecification","valueRequired":true,"valueName":"search_term_string"}}],"inLanguage":"pt-BR"},{"@type":"Person","@id":"https:\/\/www.correiobraziliense.com.br\/aqui\/#\/schema\/person\/36d094a725ba56bbeb370a877862a002","name":"Lucas","image":{"@type":"ImageObject","inLanguage":"pt-BR","@id":"https:\/\/www.correiobraziliense.com.br\/aqui\/#\/schema\/person\/image\/","url":"https:\/\/secure.gravatar.com\/avatar\/eb1dd4a751dca39c233b091fb7b8ce9ef1608850325ab98ff1fbe898fcef0908?s=96&d=mm&r=g","contentUrl":"https:\/\/secure.gravatar.com\/avatar\/eb1dd4a751dca39c233b091fb7b8ce9ef1608850325ab98ff1fbe898fcef0908?s=96&d=mm&r=g","caption":"Lucas"},"url":"https:\/\/www.correiobraziliense.com.br\/aqui\/author\/lucasaqui\/"}]}},"_links":{"self":[{"href":"https:\/\/www.correiobraziliense.com.br\/aqui\/wp-json\/wp\/v2\/posts\/38172","targetHints":{"allow":["GET"]}}],"collection":[{"href":"https:\/\/www.correiobraziliense.com.br\/aqui\/wp-json\/wp\/v2\/posts"}],"about":[{"href":"https:\/\/www.correiobraziliense.com.br\/aqui\/wp-json\/wp\/v2\/types\/post"}],"author":[{"embeddable":true,"href":"https:\/\/www.correiobraziliense.com.br\/aqui\/wp-json\/wp\/v2\/users\/9"}],"replies":[{"embeddable":true,"href":"https:\/\/www.correiobraziliense.com.br\/aqui\/wp-json\/wp\/v2\/comments?post=38172"}],"version-history":[{"count":1,"href":"https:\/\/www.correiobraziliense.com.br\/aqui\/wp-json\/wp\/v2\/posts\/38172\/revisions"}],"predecessor-version":[{"id":38174,"href":"https:\/\/www.correiobraziliense.com.br\/aqui\/wp-json\/wp\/v2\/posts\/38172\/revisions\/38174"}],"wp:featuredmedia":[{"embeddable":true,"href":"https:\/\/www.correiobraziliense.com.br\/aqui\/wp-json\/wp\/v2\/media\/38173"}],"wp:attachment":[{"href":"https:\/\/www.correiobraziliense.com.br\/aqui\/wp-json\/wp\/v2\/media?parent=38172"}],"wp:term":[{"taxonomy":"category","embeddable":true,"href":"https:\/\/www.correiobraziliense.com.br\/aqui\/wp-json\/wp\/v2\/categories?post=38172"},{"taxonomy":"post_tag","embeddable":true,"href":"https:\/\/www.correiobraziliense.com.br\/aqui\/wp-json\/wp\/v2\/tags?post=38172"}],"curies":[{"name":"wp","href":"https:\/\/api.w.org\/{rel}","templated":true}]}}