{"id":38178,"date":"2026-08-28T18:03:45","date_gmt":"2026-08-28T21:03:45","guid":{"rendered":"https:\/\/www.correiobraziliense.com.br\/aqui\/?p=38178"},"modified":"2026-08-28T18:03:48","modified_gmt":"2026-08-28T21:03:48","slug":"iphone-dobravel-e-modelos-pro-o-que-esperar-do-evento-de-9-de-setembro","status":"publish","type":"post","link":"https:\/\/www.correiobraziliense.com.br\/aqui\/2026\/08\/28\/iphone-dobravel-e-modelos-pro-o-que-esperar-do-evento-de-9-de-setembro\/","title":{"rendered":"iPhone dobr\u00e1vel e modelos Pro: o que esperar do evento de 9 de setembro"},"content":{"rendered":"\n<p>A Apple confirmou a data do seu tradicional evento para o dia 9 de setembro de 2026, \u00e0s 10h do hor\u00e1rio do Pac\u00edfico (14h no hor\u00e1rio de Bras\u00edlia). Sob o tema &#8220;Surprise and Shine&#8221;, a apresenta\u00e7\u00e3o ser\u00e1 a primeira liderada pelo novo CEO John Ternus e promete ser hist\u00f3rica com o lan\u00e7amento da nova linha de iPhones, incluindo o aguardado primeiro modelo dobr\u00e1vel da marca.<\/p>\n\n\n\n<h2 class=\"wp-block-heading\">O que esperar dos novos iPhones Pro<\/h2>\n\n\n\n<p>Neste ano, a Apple focar\u00e1 nos modelos mais avan\u00e7ados, com a apresenta\u00e7\u00e3o do <a target=\"_blank\" rel=\"noreferrer noopener\" href=\"https:\/\/www.correiobraziliense.com.br\/economia\/2026\/08\/7489460-vale-a-pena-comprar-um-iphone-antigo-antes-do-lancamento.html\">iPhone 18 Pro<\/a> e iPhone 18 Pro Max. Ambos ser\u00e3o equipados com o novo e potente processador A20 Pro, constru\u00eddo em tecnologia de 2 nan\u00f4metros e otimizado para recursos avan\u00e7ados de <a target=\"_blank\" rel=\"noreferrer noopener\" href=\"https:\/\/www.correiobraziliense.com.br\/tecnologia\/2026\/06\/7436830-ios-27-apple-aposta-em-ia-reformulada-apos-fracasso-inicial.html\">intelig\u00eancia artificial<\/a>.<\/p>\n\n\n\n<p>As c\u00e2meras, um dos pontos fortes da marca, devem receber sensores maiores para capturas superiores em baixa luminosidade. No design, s\u00e3o esperadas bordas de tela ainda mais finas e um corpo ligeiramente mais leve, al\u00e9m de melhorias na autonomia da bateria para suportar um dia inteiro de uso intenso.<\/p>\n\n\n\n<h2 class=\"wp-block-heading\">A grande estreia: o iPhone dobr\u00e1vel<\/h2>\n\n\n\n<p>Contrariando especula\u00e7\u00f5es anteriores, a grande estrela do evento ser\u00e1 o primeiro iPhone dobr\u00e1vel da Apple, que pode receber o nome de iPhone Ultra. Este modelo inovador marcar\u00e1 a entrada da empresa no segmento e vir\u00e1 equipado com o mesmo chip A20 Pro dos modelos Pro.<\/p>\n\n\n\n<p>Entre as novidades, destaca-se o retorno do Touch ID, agora integrado ao bot\u00e3o lateral, oferecendo uma nova op\u00e7\u00e3o de biometria. O lan\u00e7amento representa um passo ousado da Apple para redefinir o mercado de <a target=\"_blank\" rel=\"noreferrer noopener\" href=\"https:\/\/www.correiobraziliense.com.br\/tecnologia\/2025\/09\/7244980-apple-anuncia-iphone-17-confira-modelos-e-pre\u00e7os-no-brasil.html\">smartphones premium<\/a>.<\/p>\n\n\n\n<h2 class=\"wp-block-heading\">Como assistir ao evento da Apple<\/h2>\n\n\n\n<p>O evento de 9 de setembro ser\u00e1 transmitido ao vivo para todo o mundo. Os f\u00e3s da marca poder\u00e3o acompanhar os an\u00fancios diretamente pelo site oficial da Apple, pelo canal da empresa no YouTube ou atrav\u00e9s do aplicativo Apple TV.<\/p>\n\n\n\n<p><\/p>\n","protected":false},"excerpt":{"rendered":"<p>A Apple confirmou a data do seu tradicional evento para o dia 9 de setembro de 2026, \u00e0s 10h do hor\u00e1rio do Pac\u00edfico (14h no hor\u00e1rio de Bras\u00edlia). Sob o tema &#8220;Surprise and Shine&#8221;, a apresenta\u00e7\u00e3o ser\u00e1 a primeira liderada pelo novo CEO John Ternus e promete ser hist\u00f3rica com o lan\u00e7amento da nova linha [&hellip;]<\/p>\n","protected":false},"author":9,"featured_media":35505,"comment_status":"open","ping_status":"open","sticky":false,"template":"","format":"standard","meta":{"jnews-multi-image_gallery":[],"jnews_single_post":{"format":"standard"},"jnews_primary_category":[],"jnews_social_meta":[],"jnews_override_counter":[],"footnotes":""},"categories":[244],"tags":[12449,668,730,8901],"class_list":["post-38178","post","type-post","status-publish","format-standard","has-post-thumbnail","hentry","category-tecnologia-2","tag-dobravel","tag-evento","tag-iphone","tag-modelos"],"yoast_head":"<!-- This site is optimized with the Yoast SEO plugin v25.1 - https:\/\/yoast.com\/wordpress\/plugins\/seo\/ -->\n<title>iPhone dobr\u00e1vel e modelos Pro: o que esperar do evento de 9 de setembro - Correio Braziliense - Aqui<\/title>\n<meta name=\"description\" content=\"Apple confirmou evento para 9 de setembro com iPhone 18 Pro e primeiro modelo dobr\u00e1vel; veja recursos esperados e como assistir.\" \/>\n<meta name=\"robots\" content=\"index, follow, max-snippet:-1, max-image-preview:large, max-video-preview:-1\" \/>\n<link rel=\"canonical\" href=\"https:\/\/www.correiobraziliense.com.br\/aqui\/2026\/08\/28\/iphone-dobravel-e-modelos-pro-o-que-esperar-do-evento-de-9-de-setembro\/\" \/>\n<meta property=\"og:locale\" content=\"pt_BR\" \/>\n<meta property=\"og:type\" content=\"article\" \/>\n<meta property=\"og:title\" content=\"iPhone dobr\u00e1vel e modelos Pro: o que esperar do evento de 9 de setembro - Correio Braziliense - Aqui\" \/>\n<meta property=\"og:description\" content=\"Apple confirmou evento para 9 de setembro com iPhone 18 Pro e primeiro modelo dobr\u00e1vel; veja recursos esperados e como assistir.\" \/>\n<meta property=\"og:url\" content=\"https:\/\/www.correiobraziliense.com.br\/aqui\/2026\/08\/28\/iphone-dobravel-e-modelos-pro-o-que-esperar-do-evento-de-9-de-setembro\/\" \/>\n<meta property=\"og:site_name\" content=\"Correio Braziliense - Aqui\" \/>\n<meta property=\"article:published_time\" content=\"2026-08-28T21:03:45+00:00\" \/>\n<meta property=\"article:modified_time\" content=\"2026-08-28T21:03:48+00:00\" \/>\n<meta property=\"og:image\" content=\"https:\/\/www.correiobraziliense.com.br\/aqui\/wp-content\/uploads\/2026\/07\/apple_1785273157645.jpg\" \/>\n\t<meta property=\"og:image:width\" content=\"1280\" \/>\n\t<meta property=\"og:image:height\" content=\"720\" \/>\n\t<meta property=\"og:image:type\" content=\"image\/jpeg\" \/>\n<meta name=\"author\" content=\"Lucas\" \/>\n<meta name=\"twitter:card\" content=\"summary_large_image\" \/>\n<meta name=\"twitter:label1\" content=\"Escrito por\" \/>\n\t<meta name=\"twitter:data1\" content=\"Lucas\" \/>\n\t<meta name=\"twitter:label2\" content=\"Est. tempo de leitura\" \/>\n\t<meta name=\"twitter:data2\" content=\"2 minutos\" \/>\n<!-- \/ Yoast SEO plugin. -->","yoast_head_json":{"title":"iPhone dobr\u00e1vel e modelos Pro: o que esperar do evento de 9 de setembro - Correio Braziliense - Aqui","description":"Apple confirmou evento para 9 de setembro com iPhone 18 Pro e primeiro modelo dobr\u00e1vel; veja recursos esperados e como assistir.","robots":{"index":"index","follow":"follow","max-snippet":"max-snippet:-1","max-image-preview":"max-image-preview:large","max-video-preview":"max-video-preview:-1"},"canonical":"https:\/\/www.correiobraziliense.com.br\/aqui\/2026\/08\/28\/iphone-dobravel-e-modelos-pro-o-que-esperar-do-evento-de-9-de-setembro\/","og_locale":"pt_BR","og_type":"article","og_title":"iPhone dobr\u00e1vel e modelos Pro: o que esperar do evento de 9 de setembro - Correio Braziliense - Aqui","og_description":"Apple confirmou evento para 9 de setembro com iPhone 18 Pro e primeiro modelo dobr\u00e1vel; veja recursos esperados e como assistir.","og_url":"https:\/\/www.correiobraziliense.com.br\/aqui\/2026\/08\/28\/iphone-dobravel-e-modelos-pro-o-que-esperar-do-evento-de-9-de-setembro\/","og_site_name":"Correio Braziliense - Aqui","article_published_time":"2026-08-28T21:03:45+00:00","article_modified_time":"2026-08-28T21:03:48+00:00","og_image":[{"width":1280,"height":720,"url":"https:\/\/www.correiobraziliense.com.br\/aqui\/wp-content\/uploads\/2026\/07\/apple_1785273157645.jpg","type":"image\/jpeg"}],"author":"Lucas","twitter_card":"summary_large_image","twitter_misc":{"Escrito por":"Lucas","Est. tempo de leitura":"2 minutos"},"schema":{"@context":"https:\/\/schema.org","@graph":[{"@type":"WebPage","@id":"https:\/\/www.correiobraziliense.com.br\/aqui\/2026\/08\/28\/iphone-dobravel-e-modelos-pro-o-que-esperar-do-evento-de-9-de-setembro\/","url":"https:\/\/www.correiobraziliense.com.br\/aqui\/2026\/08\/28\/iphone-dobravel-e-modelos-pro-o-que-esperar-do-evento-de-9-de-setembro\/","name":"iPhone dobr\u00e1vel e modelos Pro: o que esperar do evento de 9 de setembro - Correio Braziliense - Aqui","isPartOf":{"@id":"https:\/\/www.correiobraziliense.com.br\/aqui\/#website"},"primaryImageOfPage":{"@id":"https:\/\/www.correiobraziliense.com.br\/aqui\/2026\/08\/28\/iphone-dobravel-e-modelos-pro-o-que-esperar-do-evento-de-9-de-setembro\/#primaryimage"},"image":{"@id":"https:\/\/www.correiobraziliense.com.br\/aqui\/2026\/08\/28\/iphone-dobravel-e-modelos-pro-o-que-esperar-do-evento-de-9-de-setembro\/#primaryimage"},"thumbnailUrl":"https:\/\/www.correiobraziliense.com.br\/aqui\/wp-content\/uploads\/2026\/07\/apple_1785273157645.jpg","datePublished":"2026-08-28T21:03:45+00:00","dateModified":"2026-08-28T21:03:48+00:00","author":{"@id":"https:\/\/www.correiobraziliense.com.br\/aqui\/#\/schema\/person\/36d094a725ba56bbeb370a877862a002"},"description":"Apple confirmou evento para 9 de setembro com iPhone 18 Pro e primeiro modelo dobr\u00e1vel; veja recursos esperados e como assistir.","breadcrumb":{"@id":"https:\/\/www.correiobraziliense.com.br\/aqui\/2026\/08\/28\/iphone-dobravel-e-modelos-pro-o-que-esperar-do-evento-de-9-de-setembro\/#breadcrumb"},"inLanguage":"pt-BR","potentialAction":[{"@type":"ReadAction","target":["https:\/\/www.correiobraziliense.com.br\/aqui\/2026\/08\/28\/iphone-dobravel-e-modelos-pro-o-que-esperar-do-evento-de-9-de-setembro\/"]}]},{"@type":"ImageObject","inLanguage":"pt-BR","@id":"https:\/\/www.correiobraziliense.com.br\/aqui\/2026\/08\/28\/iphone-dobravel-e-modelos-pro-o-que-esperar-do-evento-de-9-de-setembro\/#primaryimage","url":"https:\/\/www.correiobraziliense.com.br\/aqui\/wp-content\/uploads\/2026\/07\/apple_1785273157645.jpg","contentUrl":"https:\/\/www.correiobraziliense.com.br\/aqui\/wp-content\/uploads\/2026\/07\/apple_1785273157645.jpg","width":1280,"height":720,"caption":"Cr\u00e9ditos: depositphotos.com \/ danielshot"},{"@type":"BreadcrumbList","@id":"https:\/\/www.correiobraziliense.com.br\/aqui\/2026\/08\/28\/iphone-dobravel-e-modelos-pro-o-que-esperar-do-evento-de-9-de-setembro\/#breadcrumb","itemListElement":[{"@type":"ListItem","position":1,"name":"In\u00edcio","item":"https:\/\/www.correiobraziliense.com.br\/aqui\/"},{"@type":"ListItem","position":2,"name":"iPhone dobr\u00e1vel e modelos Pro: o que esperar do evento de 9 de setembro"}]},{"@type":"WebSite","@id":"https:\/\/www.correiobraziliense.com.br\/aqui\/#website","url":"https:\/\/www.correiobraziliense.com.br\/aqui\/","name":"Correio Braziliense - Aqui","description":"O Correio Braziliense (CB) \u00e9 o mais importante canal de not\u00edcias de Bras\u00edlia. Aqui voc\u00ea encontra as \u00faltimas not\u00edcias do DF, do Brasil e do mundo.","potentialAction":[{"@type":"SearchAction","target":{"@type":"EntryPoint","urlTemplate":"https:\/\/www.correiobraziliense.com.br\/aqui\/?s={search_term_string}"},"query-input":{"@type":"PropertyValueSpecification","valueRequired":true,"valueName":"search_term_string"}}],"inLanguage":"pt-BR"},{"@type":"Person","@id":"https:\/\/www.correiobraziliense.com.br\/aqui\/#\/schema\/person\/36d094a725ba56bbeb370a877862a002","name":"Lucas","image":{"@type":"ImageObject","inLanguage":"pt-BR","@id":"https:\/\/www.correiobraziliense.com.br\/aqui\/#\/schema\/person\/image\/","url":"https:\/\/secure.gravatar.com\/avatar\/eb1dd4a751dca39c233b091fb7b8ce9ef1608850325ab98ff1fbe898fcef0908?s=96&d=mm&r=g","contentUrl":"https:\/\/secure.gravatar.com\/avatar\/eb1dd4a751dca39c233b091fb7b8ce9ef1608850325ab98ff1fbe898fcef0908?s=96&d=mm&r=g","caption":"Lucas"},"url":"https:\/\/www.correiobraziliense.com.br\/aqui\/author\/lucasaqui\/"}]}},"_links":{"self":[{"href":"https:\/\/www.correiobraziliense.com.br\/aqui\/wp-json\/wp\/v2\/posts\/38178","targetHints":{"allow":["GET"]}}],"collection":[{"href":"https:\/\/www.correiobraziliense.com.br\/aqui\/wp-json\/wp\/v2\/posts"}],"about":[{"href":"https:\/\/www.correiobraziliense.com.br\/aqui\/wp-json\/wp\/v2\/types\/post"}],"author":[{"embeddable":true,"href":"https:\/\/www.correiobraziliense.com.br\/aqui\/wp-json\/wp\/v2\/users\/9"}],"replies":[{"embeddable":true,"href":"https:\/\/www.correiobraziliense.com.br\/aqui\/wp-json\/wp\/v2\/comments?post=38178"}],"version-history":[{"count":1,"href":"https:\/\/www.correiobraziliense.com.br\/aqui\/wp-json\/wp\/v2\/posts\/38178\/revisions"}],"predecessor-version":[{"id":38179,"href":"https:\/\/www.correiobraziliense.com.br\/aqui\/wp-json\/wp\/v2\/posts\/38178\/revisions\/38179"}],"wp:featuredmedia":[{"embeddable":true,"href":"https:\/\/www.correiobraziliense.com.br\/aqui\/wp-json\/wp\/v2\/media\/35505"}],"wp:attachment":[{"href":"https:\/\/www.correiobraziliense.com.br\/aqui\/wp-json\/wp\/v2\/media?parent=38178"}],"wp:term":[{"taxonomy":"category","embeddable":true,"href":"https:\/\/www.correiobraziliense.com.br\/aqui\/wp-json\/wp\/v2\/categories?post=38178"},{"taxonomy":"post_tag","embeddable":true,"href":"https:\/\/www.correiobraziliense.com.br\/aqui\/wp-json\/wp\/v2\/tags?post=38178"}],"curies":[{"name":"wp","href":"https:\/\/api.w.org\/{rel}","templated":true}]}}