{"id":38183,"date":"2026-08-28T18:36:01","date_gmt":"2026-08-28T21:36:01","guid":{"rendered":"https:\/\/www.correiobraziliense.com.br\/aqui\/?p=38183"},"modified":"2026-08-28T18:36:03","modified_gmt":"2026-08-28T21:36:03","slug":"onde-faccoes-conseguem-drones-de-80-quilos-e-quanto-eles-custam","status":"publish","type":"post","link":"https:\/\/www.correiobraziliense.com.br\/aqui\/2026\/08\/28\/onde-faccoes-conseguem-drones-de-80-quilos-e-quanto-eles-custam\/","title":{"rendered":"Onde fac\u00e7\u00f5es conseguem drones de 80 quilos e quanto eles custam"},"content":{"rendered":"\n<p>O uso de drones com capacidade para carregar at\u00e9 80 quilos por fac\u00e7\u00f5es criminosas no Rio de Janeiro, como o Comando Vermelho, revelou uma nova e sofisticada log\u00edstica para o transporte de armas e drogas. Investiga\u00e7\u00f5es recentes, divulgadas em maio de 2026, apontam que esses equipamentos, que sobrevoam \u00e1reas como o Complexo do Alem\u00e3o, n\u00e3o s\u00e3o fabricados no Brasil. Eles entram no pa\u00eds por meio de um mercado cinza, alimentado pela importa\u00e7\u00e3o facilitada de tecnologia estrangeira.<\/p>\n\n\n\n<p>A rota desses equipamentos come\u00e7a principalmente na China, onde s\u00e3o produzidos em larga escala para fins agr\u00edcolas e industriais. Para chegarem ao <a target=\"_blank\" rel=\"noreferrer noopener\" href=\"https:\/\/www.correiobraziliense.com.br\/mundo\/2025\/12\/7307172-como-acesso-cada-vez-mais-facil-a-drones-dificulta-combate-a-faccoes-no-brasil.html\">crime organizado<\/a>, os drones s\u00e3o importados desmontados, em pe\u00e7as, ou declarados como produtos de uso legal, como pulverizadores para a agricultura. Essa estrat\u00e9gia dificulta a fiscaliza\u00e7\u00e3o nas alf\u00e2ndegas e portos, permitindo que a tecnologia chegue ao seu destino final sem levantar suspeitas.<\/p>\n\n\n\n<p>Uma vez no Brasil, os componentes s\u00e3o montados em locais discretos. As vendas ocorrem em canais n\u00e3o oficiais, fora do controle das autoridades. Plataformas de com\u00e9rcio eletr\u00f4nico e contatos diretos com fornecedores que atuam no mercado cinza garantem o acesso das <a target=\"_blank\" rel=\"noreferrer noopener\" href=\"https:\/\/www.correiobraziliense.com.br\/brasil\/2025\/10\/7280189-comando-vermelho-e-alvo-de-operacao-bandidos-reagem-com-drones.html\">fac\u00e7\u00f5es<\/a> a essa tecnologia de ponta.<\/p>\n\n\n\n<h2 class=\"wp-block-heading\">Quanto custa a tecnologia do crime<\/h2>\n\n\n\n<p>O investimento para adquirir um drone de grande porte \u00e9 alto, mas considerado vantajoso pelas fac\u00e7\u00f5es devido \u00e0 efici\u00eancia e ao baixo risco de perdas humanas. O custo para os modelos espec\u00edficos com capacidade para 80 quilos ultrapassa os R$ 200 mil. Essas aeronaves avan\u00e7adas oferecem maior autonomia de voo, com alcance que pode chegar a 12 quil\u00f4metros, sistemas de navega\u00e7\u00e3o por GPS de alta precis\u00e3o e capacidade de operar em condi\u00e7\u00f5es clim\u00e1ticas adversas.<\/p>\n\n\n\n<p>Esses drones s\u00e3o originalmente projetados para pulverizar lavouras, o que explica sua robustez e capacidade para transportar cargas pesadas. Os criminosos adaptam os equipamentos, removendo os tanques de produtos agr\u00edcolas e instalando compartimentos ou ganchos para carregar <a target=\"_blank\" rel=\"noreferrer noopener\" href=\"https:\/\/www.correiobraziliense.com.br\/brasil\/2025\/11\/7291698-operacao-mira-fabricas-de-armas-clandestinas-no-rio-e-no-parana.html\">fuzis, muni\u00e7\u00f5es, drogas e at\u00e9 mesmo explosivos<\/a>. A opera\u00e7\u00e3o silenciosa, principalmente durante a noite, permite que as entregas atravessem territ\u00f3rios controlados por grupos rivais ou \u00e1reas de patrulhamento policial sem serem detectadas.<\/p>\n\n\n\n<p>O avan\u00e7o tecnol\u00f3gico representa um novo desafio para as <a target=\"_blank\" rel=\"noreferrer noopener\" href=\"https:\/\/www.correiobraziliense.com.br\/brasil\/2025\/06\/7165719-drone-da-pm-flagra-fuga-de-400-traficantes-armados-pela-mata.html\">for\u00e7as de seguran\u00e7a<\/a>. Em resposta a essa escalada, a Pol\u00edcia Civil do Rio de Janeiro criou, em maio de 2026, a Coordenadoria de Opera\u00e7\u00f5es com Aeronaves N\u00e3o Tripuladas (Coant). A unidade especializada busca desenvolver estrat\u00e9gias e tecnologias de contramedida, como sistemas de bloqueio de frequ\u00eancia e radares capazes de identificar e neutralizar objetos voadores de pequeno porte em baixa altitude.<\/p>\n","protected":false},"excerpt":{"rendered":"<p>O uso de drones com capacidade para carregar at\u00e9 80 quilos por fac\u00e7\u00f5es criminosas no Rio de Janeiro, como o Comando Vermelho, revelou uma nova e sofisticada log\u00edstica para o transporte de armas e drogas. Investiga\u00e7\u00f5es recentes, divulgadas em maio de 2026, apontam que esses equipamentos, que sobrevoam \u00e1reas como o Complexo do Alem\u00e3o, n\u00e3o [&hellip;]<\/p>\n","protected":false},"author":9,"featured_media":38184,"comment_status":"open","ping_status":"open","sticky":false,"template":"","format":"standard","meta":{"jnews-multi-image_gallery":[],"jnews_single_post":{"format":"standard"},"jnews_primary_category":[],"jnews_social_meta":[],"jnews_override_counter":[],"footnotes":""},"categories":[120],"tags":[4123,12451,3522],"class_list":["post-38183","post","type-post","status-publish","format-standard","has-post-thumbnail","hentry","category-curiosidades","tag-drones","tag-faccoes","tag-precos"],"yoast_head":"<!-- This site is optimized with the Yoast SEO plugin v25.1 - https:\/\/yoast.com\/wordpress\/plugins\/seo\/ -->\n<title>Onde fac\u00e7\u00f5es conseguem drones de 80 quilos e quanto eles custam - Correio Braziliense - Aqui<\/title>\n<meta name=\"description\" content=\"Equipamentos de grande porte usados no crime v\u00eam de importa\u00e7\u00e3o facilitada e mercado cinza; rastreamos origem e fornecedores.\" \/>\n<meta name=\"robots\" content=\"index, follow, max-snippet:-1, max-image-preview:large, max-video-preview:-1\" \/>\n<link rel=\"canonical\" href=\"https:\/\/www.correiobraziliense.com.br\/aqui\/2026\/08\/28\/onde-faccoes-conseguem-drones-de-80-quilos-e-quanto-eles-custam\/\" \/>\n<meta property=\"og:locale\" content=\"pt_BR\" \/>\n<meta property=\"og:type\" content=\"article\" \/>\n<meta property=\"og:title\" content=\"Onde fac\u00e7\u00f5es conseguem drones de 80 quilos e quanto eles custam - Correio Braziliense - Aqui\" \/>\n<meta property=\"og:description\" content=\"Equipamentos de grande porte usados no crime v\u00eam de importa\u00e7\u00e3o facilitada e mercado cinza; rastreamos origem e fornecedores.\" \/>\n<meta property=\"og:url\" content=\"https:\/\/www.correiobraziliense.com.br\/aqui\/2026\/08\/28\/onde-faccoes-conseguem-drones-de-80-quilos-e-quanto-eles-custam\/\" \/>\n<meta property=\"og:site_name\" content=\"Correio Braziliense - Aqui\" \/>\n<meta property=\"article:published_time\" content=\"2026-08-28T21:36:01+00:00\" \/>\n<meta property=\"article:modified_time\" content=\"2026-08-28T21:36:03+00:00\" \/>\n<meta property=\"og:image\" content=\"https:\/\/www.correiobraziliense.com.br\/aqui\/wp-content\/uploads\/2026\/08\/drones_1787951387323.jpg\" \/>\n\t<meta property=\"og:image:width\" content=\"1280\" \/>\n\t<meta property=\"og:image:height\" content=\"720\" \/>\n\t<meta property=\"og:image:type\" content=\"image\/jpeg\" \/>\n<meta name=\"author\" content=\"Lucas\" \/>\n<meta name=\"twitter:card\" content=\"summary_large_image\" \/>\n<meta name=\"twitter:label1\" content=\"Escrito por\" \/>\n\t<meta name=\"twitter:data1\" content=\"Lucas\" \/>\n\t<meta name=\"twitter:label2\" content=\"Est. tempo de leitura\" \/>\n\t<meta name=\"twitter:data2\" content=\"3 minutos\" \/>\n<!-- \/ Yoast SEO plugin. -->","yoast_head_json":{"title":"Onde fac\u00e7\u00f5es conseguem drones de 80 quilos e quanto eles custam - Correio Braziliense - Aqui","description":"Equipamentos de grande porte usados no crime v\u00eam de importa\u00e7\u00e3o facilitada e mercado cinza; rastreamos origem e fornecedores.","robots":{"index":"index","follow":"follow","max-snippet":"max-snippet:-1","max-image-preview":"max-image-preview:large","max-video-preview":"max-video-preview:-1"},"canonical":"https:\/\/www.correiobraziliense.com.br\/aqui\/2026\/08\/28\/onde-faccoes-conseguem-drones-de-80-quilos-e-quanto-eles-custam\/","og_locale":"pt_BR","og_type":"article","og_title":"Onde fac\u00e7\u00f5es conseguem drones de 80 quilos e quanto eles custam - Correio Braziliense - Aqui","og_description":"Equipamentos de grande porte usados no crime v\u00eam de importa\u00e7\u00e3o facilitada e mercado cinza; rastreamos origem e fornecedores.","og_url":"https:\/\/www.correiobraziliense.com.br\/aqui\/2026\/08\/28\/onde-faccoes-conseguem-drones-de-80-quilos-e-quanto-eles-custam\/","og_site_name":"Correio Braziliense - Aqui","article_published_time":"2026-08-28T21:36:01+00:00","article_modified_time":"2026-08-28T21:36:03+00:00","og_image":[{"width":1280,"height":720,"url":"https:\/\/www.correiobraziliense.com.br\/aqui\/wp-content\/uploads\/2026\/08\/drones_1787951387323.jpg","type":"image\/jpeg"}],"author":"Lucas","twitter_card":"summary_large_image","twitter_misc":{"Escrito por":"Lucas","Est. tempo de leitura":"3 minutos"},"schema":{"@context":"https:\/\/schema.org","@graph":[{"@type":"WebPage","@id":"https:\/\/www.correiobraziliense.com.br\/aqui\/2026\/08\/28\/onde-faccoes-conseguem-drones-de-80-quilos-e-quanto-eles-custam\/","url":"https:\/\/www.correiobraziliense.com.br\/aqui\/2026\/08\/28\/onde-faccoes-conseguem-drones-de-80-quilos-e-quanto-eles-custam\/","name":"Onde fac\u00e7\u00f5es conseguem drones de 80 quilos e quanto eles custam - Correio Braziliense - Aqui","isPartOf":{"@id":"https:\/\/www.correiobraziliense.com.br\/aqui\/#website"},"primaryImageOfPage":{"@id":"https:\/\/www.correiobraziliense.com.br\/aqui\/2026\/08\/28\/onde-faccoes-conseguem-drones-de-80-quilos-e-quanto-eles-custam\/#primaryimage"},"image":{"@id":"https:\/\/www.correiobraziliense.com.br\/aqui\/2026\/08\/28\/onde-faccoes-conseguem-drones-de-80-quilos-e-quanto-eles-custam\/#primaryimage"},"thumbnailUrl":"https:\/\/www.correiobraziliense.com.br\/aqui\/wp-content\/uploads\/2026\/08\/drones_1787951387323.jpg","datePublished":"2026-08-28T21:36:01+00:00","dateModified":"2026-08-28T21:36:03+00:00","author":{"@id":"https:\/\/www.correiobraziliense.com.br\/aqui\/#\/schema\/person\/36d094a725ba56bbeb370a877862a002"},"description":"Equipamentos de grande porte usados no crime v\u00eam de importa\u00e7\u00e3o facilitada e mercado cinza; rastreamos origem e fornecedores.","breadcrumb":{"@id":"https:\/\/www.correiobraziliense.com.br\/aqui\/2026\/08\/28\/onde-faccoes-conseguem-drones-de-80-quilos-e-quanto-eles-custam\/#breadcrumb"},"inLanguage":"pt-BR","potentialAction":[{"@type":"ReadAction","target":["https:\/\/www.correiobraziliense.com.br\/aqui\/2026\/08\/28\/onde-faccoes-conseguem-drones-de-80-quilos-e-quanto-eles-custam\/"]}]},{"@type":"ImageObject","inLanguage":"pt-BR","@id":"https:\/\/www.correiobraziliense.com.br\/aqui\/2026\/08\/28\/onde-faccoes-conseguem-drones-de-80-quilos-e-quanto-eles-custam\/#primaryimage","url":"https:\/\/www.correiobraziliense.com.br\/aqui\/wp-content\/uploads\/2026\/08\/drones_1787951387323.jpg","contentUrl":"https:\/\/www.correiobraziliense.com.br\/aqui\/wp-content\/uploads\/2026\/08\/drones_1787951387323.jpg","width":1280,"height":720,"caption":"Cr\u00e9ditos: depositphotos.com \/ artursfoto1"},{"@type":"BreadcrumbList","@id":"https:\/\/www.correiobraziliense.com.br\/aqui\/2026\/08\/28\/onde-faccoes-conseguem-drones-de-80-quilos-e-quanto-eles-custam\/#breadcrumb","itemListElement":[{"@type":"ListItem","position":1,"name":"In\u00edcio","item":"https:\/\/www.correiobraziliense.com.br\/aqui\/"},{"@type":"ListItem","position":2,"name":"Onde fac\u00e7\u00f5es conseguem drones de 80 quilos e quanto eles custam"}]},{"@type":"WebSite","@id":"https:\/\/www.correiobraziliense.com.br\/aqui\/#website","url":"https:\/\/www.correiobraziliense.com.br\/aqui\/","name":"Correio Braziliense - Aqui","description":"O Correio Braziliense (CB) \u00e9 o mais importante canal de not\u00edcias de Bras\u00edlia. Aqui voc\u00ea encontra as \u00faltimas not\u00edcias do DF, do Brasil e do mundo.","potentialAction":[{"@type":"SearchAction","target":{"@type":"EntryPoint","urlTemplate":"https:\/\/www.correiobraziliense.com.br\/aqui\/?s={search_term_string}"},"query-input":{"@type":"PropertyValueSpecification","valueRequired":true,"valueName":"search_term_string"}}],"inLanguage":"pt-BR"},{"@type":"Person","@id":"https:\/\/www.correiobraziliense.com.br\/aqui\/#\/schema\/person\/36d094a725ba56bbeb370a877862a002","name":"Lucas","image":{"@type":"ImageObject","inLanguage":"pt-BR","@id":"https:\/\/www.correiobraziliense.com.br\/aqui\/#\/schema\/person\/image\/","url":"https:\/\/secure.gravatar.com\/avatar\/eb1dd4a751dca39c233b091fb7b8ce9ef1608850325ab98ff1fbe898fcef0908?s=96&d=mm&r=g","contentUrl":"https:\/\/secure.gravatar.com\/avatar\/eb1dd4a751dca39c233b091fb7b8ce9ef1608850325ab98ff1fbe898fcef0908?s=96&d=mm&r=g","caption":"Lucas"},"url":"https:\/\/www.correiobraziliense.com.br\/aqui\/author\/lucasaqui\/"}]}},"_links":{"self":[{"href":"https:\/\/www.correiobraziliense.com.br\/aqui\/wp-json\/wp\/v2\/posts\/38183","targetHints":{"allow":["GET"]}}],"collection":[{"href":"https:\/\/www.correiobraziliense.com.br\/aqui\/wp-json\/wp\/v2\/posts"}],"about":[{"href":"https:\/\/www.correiobraziliense.com.br\/aqui\/wp-json\/wp\/v2\/types\/post"}],"author":[{"embeddable":true,"href":"https:\/\/www.correiobraziliense.com.br\/aqui\/wp-json\/wp\/v2\/users\/9"}],"replies":[{"embeddable":true,"href":"https:\/\/www.correiobraziliense.com.br\/aqui\/wp-json\/wp\/v2\/comments?post=38183"}],"version-history":[{"count":1,"href":"https:\/\/www.correiobraziliense.com.br\/aqui\/wp-json\/wp\/v2\/posts\/38183\/revisions"}],"predecessor-version":[{"id":38185,"href":"https:\/\/www.correiobraziliense.com.br\/aqui\/wp-json\/wp\/v2\/posts\/38183\/revisions\/38185"}],"wp:featuredmedia":[{"embeddable":true,"href":"https:\/\/www.correiobraziliense.com.br\/aqui\/wp-json\/wp\/v2\/media\/38184"}],"wp:attachment":[{"href":"https:\/\/www.correiobraziliense.com.br\/aqui\/wp-json\/wp\/v2\/media?parent=38183"}],"wp:term":[{"taxonomy":"category","embeddable":true,"href":"https:\/\/www.correiobraziliense.com.br\/aqui\/wp-json\/wp\/v2\/categories?post=38183"},{"taxonomy":"post_tag","embeddable":true,"href":"https:\/\/www.correiobraziliense.com.br\/aqui\/wp-json\/wp\/v2\/tags?post=38183"}],"curies":[{"name":"wp","href":"https:\/\/api.w.org\/{rel}","templated":true}]}}