{"id":38186,"date":"2026-08-31T07:38:00","date_gmt":"2026-08-31T10:38:00","guid":{"rendered":"https:\/\/www.correiobraziliense.com.br\/aqui\/?p=38186"},"modified":"2026-08-30T22:39:11","modified_gmt":"2026-08-31T01:39:11","slug":"como-a-abordagem-do-ice-em-hospitais-afeta-saude-de-imigrantes","status":"publish","type":"post","link":"https:\/\/www.correiobraziliense.com.br\/aqui\/2026\/08\/31\/como-a-abordagem-do-ice-em-hospitais-afeta-saude-de-imigrantes\/","title":{"rendered":"Como a abordagem do ICE em hospitais afeta sa\u00fade de imigrantes"},"content":{"rendered":"\n<p>A deten\u00e7\u00e3o da m\u00e3e Grace Stephanie Calero Cabanilla e de sua filha Giulianna M\u00eda Carriel Calero por agentes de imigra\u00e7\u00e3o (ICE) dentro de um hospital na Fl\u00f3rida, ap\u00f3s um acidente de carro, acendeu um alerta sobre uma crise silenciosa. A a\u00e7\u00e3o ocorreu depois que o Gabinete do Xerife do Condado de Polk, durante a investiga\u00e7\u00e3o do acidente, identificou um mandado de imigra\u00e7\u00e3o e contatou o ICE. O epis\u00f3dio, registrado em v\u00eddeo, exp\u00f5e o receio crescente de imigrantes \u2014 mesmo aqueles com processos de asilo pendentes, como era o caso da fam\u00edlia \u2014 em buscar atendimento m\u00e9dico essencial por temerem a deporta\u00e7\u00e3o.<\/p>\n\n\n\n<p><a target=\"_blank\" rel=\"noreferrer noopener\" href=\"https:\/\/www.correiobraziliense.com.br\/mundo\/2026\/08\/7490232-a-mae-e-a-filha-detidas-pelo-ice-em-hospital-apos-sofrerem-acidente-de-carro-socorro-por-favor-socorro.html\">O caso da fam\u00edlia Calero<\/a>, que optou pela autodeporta\u00e7\u00e3o volunt\u00e1ria para o Equador ap\u00f3s o incidente, n\u00e3o \u00e9 um fato isolado. Ele ilustra um cen\u00e1rio que organiza\u00e7\u00f5es de sa\u00fade e direitos humanos v\u00eam denunciando. O medo faz com que pessoas com doen\u00e7as graves ou em situa\u00e7\u00f5es de emerg\u00eancia evitem procurar hospitais, o que agrava quadros cl\u00ednicos e coloca em risco a sa\u00fade p\u00fablica de toda a comunidade.<\/p>\n\n\n\n<h2 class=\"wp-block-heading\">O que diz a pol\u00edtica do ICE<\/h2>\n\n\n\n<p>A situa\u00e7\u00e3o atual \u00e9 resultado direto de uma mudan\u00e7a cr\u00edtica na pol\u00edtica de imigra\u00e7\u00e3o. Em janeiro de 2025, a <a target=\"_blank\" rel=\"noreferrer noopener\" href=\"https:\/\/www.correiobraziliense.com.br\/mundo\/2025\/06\/7165020-trump-endurece-cerco-a-estrangeiros-em-situacao-irregular.html\">administra\u00e7\u00e3o Trump revogou a diretriz de \u201clocais sens\u00edveis\u201d<\/a>, que anteriormente limitava as a\u00e7\u00f5es de fiscaliza\u00e7\u00e3o do ICE em hospitais, escolas e locais de culto. Com o fim dessa prote\u00e7\u00e3o, essas institui\u00e7\u00f5es deixaram de ser consideradas santu\u00e1rios, permitindo legalmente que agentes realizem opera\u00e7\u00f5es de imigra\u00e7\u00e3o em suas depend\u00eancias.<\/p>\n\n\n\n<p>Essa nova realidade, onde n\u00e3o h\u00e1 mais uma prote\u00e7\u00e3o oficial, intensifica a desconfian\u00e7a. Para muitas fam\u00edlias imigrantes, o risco concreto de uma abordagem supera a necessidade de um cuidado m\u00e9dico imediato. O resultado \u00e9 a automedica\u00e7\u00e3o, a busca por cl\u00ednicas clandestinas ou, simplesmente, a <a target=\"_blank\" rel=\"noreferrer noopener\" href=\"https:\/\/www.correiobraziliense.com.br\/mundo\/2025\/03\/7089530-a-menina-com-cancer-que-deportada-com-sua-familia-para-o-mexico-e-perdeu-acesso-a-tratamento.html\">decis\u00e3o de n\u00e3o tratar uma condi\u00e7\u00e3o de sa\u00fade<\/a>.<\/p>\n\n\n\n<h2 class=\"wp-block-heading\">Impacto direto na sa\u00fade coletiva<\/h2>\n\n\n\n<p>As consequ\u00eancias dessa evas\u00e3o do sistema de sa\u00fade s\u00e3o profundas e afetam a todos. Quando um indiv\u00edduo deixa de receber um diagn\u00f3stico ou tratamento, os impactos podem se espalhar. Entre os principais riscos apontados por entidades m\u00e9dicas est\u00e3o:<\/p>\n\n\n\n<ul class=\"wp-block-list\">\n<li>Atraso no diagn\u00f3stico de doen\u00e7as graves, como c\u00e2ncer e problemas card\u00edacos.<\/li>\n\n\n\n<li>Agravamento de condi\u00e7\u00f5es cr\u00f4nicas, como diabetes e hipertens\u00e3o, que poderiam ser facilmente controladas.<\/li>\n\n\n\n<li>Redu\u00e7\u00e3o nas taxas de vacina\u00e7\u00e3o infantil, abrindo portas para o retorno de doen\u00e7as erradicadas.<\/li>\n\n\n\n<li>Aumento da probabilidade de surtos de doen\u00e7as infecciosas, uma vez que pessoas doentes evitam o tratamento.<\/li>\n<\/ul>\n\n\n\n<p>A situa\u00e7\u00e3o cria um dilema \u00e9tico para os profissionais de sa\u00fade, que se veem diante de pacientes que chegam \u00e0s emerg\u00eancias em estados muito mais graves do que o necess\u00e1rio. O debate atual nos Estados Unidos gira em torno da necessidade de garantir que hospitais sejam santu\u00e1rios de cuidado, livres de qualquer tipo de fiscaliza\u00e7\u00e3o que intimide quem mais precisa de ajuda.<\/p>\n","protected":false},"excerpt":{"rendered":"<p>M\u00e9dicos e entidades alertam para o receio de imigrantes buscarem atendimento em hospitais por medo de abordagens de agentes do ICE<\/p>\n","protected":false},"author":10,"featured_media":38192,"comment_status":"open","ping_status":"open","sticky":false,"template":"","format":"standard","meta":{"jnews-multi-image_gallery":[],"jnews_single_post":{"format":"standard"},"jnews_primary_category":[],"jnews_social_meta":[],"jnews_override_counter":[],"footnotes":""},"categories":[149],"tags":[1045,11878,12453],"class_list":["post-38186","post","type-post","status-publish","format-standard","has-post-thumbnail","hentry","category-mundo","tag-estados-unidos","tag-ice","tag-imigrantes"],"yoast_head":"<!-- This site is optimized with the Yoast SEO plugin v25.1 - https:\/\/yoast.com\/wordpress\/plugins\/seo\/ -->\n<title>Como a abordagem do ICE em hospitais afeta sa\u00fade de imigrantes - Correio Braziliense - Aqui<\/title>\n<meta name=\"description\" content=\"M\u00e9dicos e entidades alertam para o receio de imigrantes buscarem atendimento em hospitais por medo de abordagens de agentes do ICE\" \/>\n<meta name=\"robots\" content=\"index, follow, max-snippet:-1, max-image-preview:large, max-video-preview:-1\" \/>\n<link rel=\"canonical\" href=\"https:\/\/www.correiobraziliense.com.br\/aqui\/2026\/08\/31\/como-a-abordagem-do-ice-em-hospitais-afeta-saude-de-imigrantes\/\" \/>\n<meta property=\"og:locale\" content=\"pt_BR\" \/>\n<meta property=\"og:type\" content=\"article\" \/>\n<meta property=\"og:title\" content=\"Como a abordagem do ICE em hospitais afeta sa\u00fade de imigrantes - Correio Braziliense - Aqui\" \/>\n<meta property=\"og:description\" content=\"M\u00e9dicos e entidades alertam para o receio de imigrantes buscarem atendimento em hospitais por medo de abordagens de agentes do ICE\" \/>\n<meta property=\"og:url\" content=\"https:\/\/www.correiobraziliense.com.br\/aqui\/2026\/08\/31\/como-a-abordagem-do-ice-em-hospitais-afeta-saude-de-imigrantes\/\" \/>\n<meta property=\"og:site_name\" content=\"Correio Braziliense - Aqui\" \/>\n<meta property=\"article:published_time\" content=\"2026-08-31T10:38:00+00:00\" \/>\n<meta property=\"og:image\" content=\"https:\/\/www.correiobraziliense.com.br\/aqui\/wp-content\/uploads\/2026\/08\/ICE-USA_1788140020231.jpg\" \/>\n\t<meta property=\"og:image:width\" content=\"1280\" \/>\n\t<meta property=\"og:image:height\" content=\"720\" \/>\n\t<meta property=\"og:image:type\" content=\"image\/jpeg\" \/>\n<meta name=\"author\" content=\"Larissa\" \/>\n<meta name=\"twitter:card\" content=\"summary_large_image\" \/>\n<meta name=\"twitter:label1\" content=\"Escrito por\" \/>\n\t<meta name=\"twitter:data1\" content=\"Larissa\" \/>\n\t<meta name=\"twitter:label2\" content=\"Est. tempo de leitura\" \/>\n\t<meta name=\"twitter:data2\" content=\"3 minutos\" \/>\n<!-- \/ Yoast SEO plugin. -->","yoast_head_json":{"title":"Como a abordagem do ICE em hospitais afeta sa\u00fade de imigrantes - Correio Braziliense - Aqui","description":"M\u00e9dicos e entidades alertam para o receio de imigrantes buscarem atendimento em hospitais por medo de abordagens de agentes do ICE","robots":{"index":"index","follow":"follow","max-snippet":"max-snippet:-1","max-image-preview":"max-image-preview:large","max-video-preview":"max-video-preview:-1"},"canonical":"https:\/\/www.correiobraziliense.com.br\/aqui\/2026\/08\/31\/como-a-abordagem-do-ice-em-hospitais-afeta-saude-de-imigrantes\/","og_locale":"pt_BR","og_type":"article","og_title":"Como a abordagem do ICE em hospitais afeta sa\u00fade de imigrantes - Correio Braziliense - Aqui","og_description":"M\u00e9dicos e entidades alertam para o receio de imigrantes buscarem atendimento em hospitais por medo de abordagens de agentes do ICE","og_url":"https:\/\/www.correiobraziliense.com.br\/aqui\/2026\/08\/31\/como-a-abordagem-do-ice-em-hospitais-afeta-saude-de-imigrantes\/","og_site_name":"Correio Braziliense - Aqui","article_published_time":"2026-08-31T10:38:00+00:00","og_image":[{"width":1280,"height":720,"url":"https:\/\/www.correiobraziliense.com.br\/aqui\/wp-content\/uploads\/2026\/08\/ICE-USA_1788140020231.jpg","type":"image\/jpeg"}],"author":"Larissa","twitter_card":"summary_large_image","twitter_misc":{"Escrito por":"Larissa","Est. tempo de leitura":"3 minutos"},"schema":{"@context":"https:\/\/schema.org","@graph":[{"@type":"WebPage","@id":"https:\/\/www.correiobraziliense.com.br\/aqui\/2026\/08\/31\/como-a-abordagem-do-ice-em-hospitais-afeta-saude-de-imigrantes\/","url":"https:\/\/www.correiobraziliense.com.br\/aqui\/2026\/08\/31\/como-a-abordagem-do-ice-em-hospitais-afeta-saude-de-imigrantes\/","name":"Como a abordagem do ICE em hospitais afeta sa\u00fade de imigrantes - Correio Braziliense - Aqui","isPartOf":{"@id":"https:\/\/www.correiobraziliense.com.br\/aqui\/#website"},"primaryImageOfPage":{"@id":"https:\/\/www.correiobraziliense.com.br\/aqui\/2026\/08\/31\/como-a-abordagem-do-ice-em-hospitais-afeta-saude-de-imigrantes\/#primaryimage"},"image":{"@id":"https:\/\/www.correiobraziliense.com.br\/aqui\/2026\/08\/31\/como-a-abordagem-do-ice-em-hospitais-afeta-saude-de-imigrantes\/#primaryimage"},"thumbnailUrl":"https:\/\/www.correiobraziliense.com.br\/aqui\/wp-content\/uploads\/2026\/08\/ICE-USA_1788140020231.jpg","datePublished":"2026-08-31T10:38:00+00:00","author":{"@id":"https:\/\/www.correiobraziliense.com.br\/aqui\/#\/schema\/person\/775f50a8c1ac31704d56816e99b29041"},"description":"M\u00e9dicos e entidades alertam para o receio de imigrantes buscarem atendimento em hospitais por medo de abordagens de agentes do ICE","breadcrumb":{"@id":"https:\/\/www.correiobraziliense.com.br\/aqui\/2026\/08\/31\/como-a-abordagem-do-ice-em-hospitais-afeta-saude-de-imigrantes\/#breadcrumb"},"inLanguage":"pt-BR","potentialAction":[{"@type":"ReadAction","target":["https:\/\/www.correiobraziliense.com.br\/aqui\/2026\/08\/31\/como-a-abordagem-do-ice-em-hospitais-afeta-saude-de-imigrantes\/"]}]},{"@type":"ImageObject","inLanguage":"pt-BR","@id":"https:\/\/www.correiobraziliense.com.br\/aqui\/2026\/08\/31\/como-a-abordagem-do-ice-em-hospitais-afeta-saude-de-imigrantes\/#primaryimage","url":"https:\/\/www.correiobraziliense.com.br\/aqui\/wp-content\/uploads\/2026\/08\/ICE-USA_1788140020231.jpg","contentUrl":"https:\/\/www.correiobraziliense.com.br\/aqui\/wp-content\/uploads\/2026\/08\/ICE-USA_1788140020231.jpg","width":1280,"height":720,"caption":"Cr\u00e9ditos: depositphotos.com \/ andrewde"},{"@type":"BreadcrumbList","@id":"https:\/\/www.correiobraziliense.com.br\/aqui\/2026\/08\/31\/como-a-abordagem-do-ice-em-hospitais-afeta-saude-de-imigrantes\/#breadcrumb","itemListElement":[{"@type":"ListItem","position":1,"name":"In\u00edcio","item":"https:\/\/www.correiobraziliense.com.br\/aqui\/"},{"@type":"ListItem","position":2,"name":"Como a abordagem do ICE em hospitais afeta sa\u00fade de imigrantes"}]},{"@type":"WebSite","@id":"https:\/\/www.correiobraziliense.com.br\/aqui\/#website","url":"https:\/\/www.correiobraziliense.com.br\/aqui\/","name":"Correio Braziliense - Aqui","description":"O Correio Braziliense (CB) \u00e9 o mais importante canal de not\u00edcias de Bras\u00edlia. Aqui voc\u00ea encontra as \u00faltimas not\u00edcias do DF, do Brasil e do mundo.","potentialAction":[{"@type":"SearchAction","target":{"@type":"EntryPoint","urlTemplate":"https:\/\/www.correiobraziliense.com.br\/aqui\/?s={search_term_string}"},"query-input":{"@type":"PropertyValueSpecification","valueRequired":true,"valueName":"search_term_string"}}],"inLanguage":"pt-BR"},{"@type":"Person","@id":"https:\/\/www.correiobraziliense.com.br\/aqui\/#\/schema\/person\/775f50a8c1ac31704d56816e99b29041","name":"Larissa","image":{"@type":"ImageObject","inLanguage":"pt-BR","@id":"https:\/\/www.correiobraziliense.com.br\/aqui\/#\/schema\/person\/image\/","url":"https:\/\/secure.gravatar.com\/avatar\/62f5b2e99de671d075ab98e19f03c3c38c80a93f5d06f51075cf4431a4e76458?s=96&d=mm&r=g","contentUrl":"https:\/\/secure.gravatar.com\/avatar\/62f5b2e99de671d075ab98e19f03c3c38c80a93f5d06f51075cf4431a4e76458?s=96&d=mm&r=g","caption":"Larissa"},"url":"https:\/\/www.correiobraziliense.com.br\/aqui\/author\/larissaaqui\/"}]}},"_links":{"self":[{"href":"https:\/\/www.correiobraziliense.com.br\/aqui\/wp-json\/wp\/v2\/posts\/38186","targetHints":{"allow":["GET"]}}],"collection":[{"href":"https:\/\/www.correiobraziliense.com.br\/aqui\/wp-json\/wp\/v2\/posts"}],"about":[{"href":"https:\/\/www.correiobraziliense.com.br\/aqui\/wp-json\/wp\/v2\/types\/post"}],"author":[{"embeddable":true,"href":"https:\/\/www.correiobraziliense.com.br\/aqui\/wp-json\/wp\/v2\/users\/10"}],"replies":[{"embeddable":true,"href":"https:\/\/www.correiobraziliense.com.br\/aqui\/wp-json\/wp\/v2\/comments?post=38186"}],"version-history":[{"count":4,"href":"https:\/\/www.correiobraziliense.com.br\/aqui\/wp-json\/wp\/v2\/posts\/38186\/revisions"}],"predecessor-version":[{"id":38190,"href":"https:\/\/www.correiobraziliense.com.br\/aqui\/wp-json\/wp\/v2\/posts\/38186\/revisions\/38190"}],"wp:featuredmedia":[{"embeddable":true,"href":"https:\/\/www.correiobraziliense.com.br\/aqui\/wp-json\/wp\/v2\/media\/38192"}],"wp:attachment":[{"href":"https:\/\/www.correiobraziliense.com.br\/aqui\/wp-json\/wp\/v2\/media?parent=38186"}],"wp:term":[{"taxonomy":"category","embeddable":true,"href":"https:\/\/www.correiobraziliense.com.br\/aqui\/wp-json\/wp\/v2\/categories?post=38186"},{"taxonomy":"post_tag","embeddable":true,"href":"https:\/\/www.correiobraziliense.com.br\/aqui\/wp-json\/wp\/v2\/tags?post=38186"}],"curies":[{"name":"wp","href":"https:\/\/api.w.org\/{rel}","templated":true}]}}