{"id":38197,"date":"2026-08-31T08:55:48","date_gmt":"2026-08-31T11:55:48","guid":{"rendered":"https:\/\/www.correiobraziliense.com.br\/aqui\/?p=38197"},"modified":"2026-08-31T08:55:51","modified_gmt":"2026-08-31T11:55:51","slug":"dicas-essenciais-para-viajar-com-neblina-na-serra-e-sem-estresse","status":"publish","type":"post","link":"https:\/\/www.correiobraziliense.com.br\/aqui\/2026\/08\/31\/dicas-essenciais-para-viajar-com-neblina-na-serra-e-sem-estresse\/","title":{"rendered":"Dicas essenciais para viajar com neblina na serra e sem estresse"},"content":{"rendered":"\n<p>O retorno das f\u00e9rias ou de um feriado prolongado costuma se transformar em um teste de paci\u00eancia para milhares de motoristas, que frequentemente enfrentam longos congestionamentos, especialmente em sistemas como o Anchieta-Imigrantes, em S\u00e3o Paulo. Um dos principais motivos, al\u00e9m do alto fluxo de ve\u00edculos, \u00e9 a densa neblina que pode cobrir o trecho de serra, reduzindo drasticamente a visibilidade e exigindo aten\u00e7\u00e3o redobrada.<\/p>\n\n\n\n<p>Dirigir sob forte nevoeiro \u00e9 uma das condi\u00e7\u00f5es mais perigosas nas estradas, pois a capacidade de rea\u00e7\u00e3o diminui junto com o campo de vis\u00e3o. Segundo especialistas em seguran\u00e7a vi\u00e1ria, saber como agir \u00e9 fundamental para <a target=\"_blank\" rel=\"noreferrer noopener\" href=\"https:\/\/www.correiobraziliense.com.br\/revista-do-correio\/2025\/12\/7312903-viagem-de-fim-de-ano-6-dicas-para-preparar-o-carro-e-dirigir-com-seguranca.html\">garantir uma viagem segura<\/a> para todos. Medidas simples, quando aplicadas corretamente, fazem toda a diferen\u00e7a para evitar acidentes.<\/p>\n\n\n\n<h2 class=\"wp-block-heading\">Cuidados essenciais para dirigir com neblina<\/h2>\n\n\n\n<p>Quando a visibilidade na estrada fica comprometida, a primeira rea\u00e7\u00e3o deve ser reduzir a velocidade de forma gradual, sem freadas bruscas. Acender os far\u00f3is baixos \u00e9 obrigat\u00f3rio, mesmo durante o dia. A luz baixa ilumina o caminho \u00e0 frente sem refletir nas part\u00edculas de \u00e1gua da neblina, o que acontece com o farol alto e piora a vis\u00e3o.<\/p>\n\n\n\n<p>Aumentar a dist\u00e2ncia para o ve\u00edculo da frente \u00e9 outra medida crucial. Se em condi\u00e7\u00f5es normais a recomenda\u00e7\u00e3o \u00e9 manter uma dist\u00e2ncia de dois segundos, com neblina esse tempo deve ser, no m\u00ednimo, dobrado. Isso garante mais espa\u00e7o e tempo para reagir em caso de uma parada inesperada.<\/p>\n\n\n\n<p>Outras dicas importantes incluem:<\/p>\n\n\n\n<ul class=\"wp-block-list\">\n<li><strong>N\u00e3o use o pisca-alerta:<\/strong> ele s\u00f3 deve ser acionado com o ve\u00edculo totalmente parado. Em movimento, o pisca-alerta confunde os outros motoristas, que podem pensar que seu carro est\u00e1 parado na pista.<\/li>\n\n\n\n<li><strong>Utilize as faixas da pista:<\/strong> use as linhas de sinaliza\u00e7\u00e3o da estrada como guia para se manter na sua faixa de rolamento. Evite se basear apenas na lanterna do carro \u00e0 frente.<\/li>\n\n\n\n<li><strong>Mantenha o para-brisa limpo:<\/strong> acione os limpadores e o desemba\u00e7ador para garantir a melhor visibilidade poss\u00edvel de dentro do ve\u00edculo.<\/li>\n\n\n\n<li><strong>Se precisar parar, saia da estrada:<\/strong> caso a neblina fique densa a ponto de impedir a condu\u00e7\u00e3o segura, procure um posto de servi\u00e7os ou um local seguro fora do acostamento para estacionar.<\/li>\n<\/ul>\n\n\n\n<h2 class=\"wp-block-heading\">Planejamento tamb\u00e9m \u00e9 seguran\u00e7a<\/h2>\n\n\n\n<p>Antes de pegar a estrada, especialmente em trechos de serra conhecidos pela ocorr\u00eancia de neblina, verifique a<a href=\"https:\/\/www.correiobraziliense.com.br\/aqui\/2026\/08\/05\/cancelou-a-viagem-pelo-tempo-saiba-seus-direitos-com-voos-e-hoteis\/\"> previs\u00e3o do tempo<\/a> e as condi\u00e7\u00f5es de tr\u00e1fego em tempo real por meio de aplicativos de mapas ou dos canais oficiais das concession\u00e1rias. Em muitas situa\u00e7\u00f5es, reprogramar o hor\u00e1rio da viagem pode ser a decis\u00e3o mais segura.<\/p>\n\n\n\n<p>Viajar durante o dia, com luz natural, costuma ser a melhor op\u00e7\u00e3o. Evitar os hor\u00e1rios de pico, especialmente no in\u00edcio da manh\u00e3 e no fim da tarde, tamb\u00e9m ajuda a escapar da combina\u00e7\u00e3o perigosa de congestionamento com baixa visibilidade, tornando o trajeto mais tranquilo e seguro.<\/p>\n","protected":false},"excerpt":{"rendered":"<p>Aprenda os cuidados fundamentais para encarar a estrada com visibilidade baixa e planeje seu hor\u00e1rio de retorno das f\u00e9rias com seguran\u00e7a<\/p>\n","protected":false},"author":10,"featured_media":38198,"comment_status":"open","ping_status":"open","sticky":false,"template":"","format":"standard","meta":{"jnews-multi-image_gallery":[],"jnews_single_post":{"format":"standard"},"jnews_primary_category":[],"jnews_social_meta":[],"jnews_override_counter":[],"footnotes":""},"categories":[154],"tags":[12455,12456,584,146],"class_list":["post-38197","post","type-post","status-publish","format-standard","has-post-thumbnail","hentry","category-brasil","tag-estrada","tag-neblina","tag-seguranca","tag-turismo"],"yoast_head":"<!-- This site is optimized with the Yoast SEO plugin v25.1 - https:\/\/yoast.com\/wordpress\/plugins\/seo\/ -->\n<title>Dicas essenciais para viajar com neblina na serra e sem estresse - Correio Braziliense - Aqui<\/title>\n<meta name=\"description\" content=\"Aprenda os cuidados fundamentais para encarar a estrada com neblina e planeje seu hor\u00e1rio de retorno das f\u00e9rias com seguran\u00e7a\" \/>\n<meta name=\"robots\" content=\"index, follow, max-snippet:-1, max-image-preview:large, max-video-preview:-1\" \/>\n<link rel=\"canonical\" href=\"https:\/\/www.correiobraziliense.com.br\/aqui\/2026\/08\/31\/dicas-essenciais-para-viajar-com-neblina-na-serra-e-sem-estresse\/\" \/>\n<meta property=\"og:locale\" content=\"pt_BR\" \/>\n<meta property=\"og:type\" content=\"article\" \/>\n<meta property=\"og:title\" content=\"Dicas essenciais para viajar com neblina na serra e sem estresse - Correio Braziliense - Aqui\" \/>\n<meta property=\"og:description\" content=\"Aprenda os cuidados fundamentais para encarar a estrada com neblina e planeje seu hor\u00e1rio de retorno das f\u00e9rias com seguran\u00e7a\" \/>\n<meta property=\"og:url\" content=\"https:\/\/www.correiobraziliense.com.br\/aqui\/2026\/08\/31\/dicas-essenciais-para-viajar-com-neblina-na-serra-e-sem-estresse\/\" \/>\n<meta property=\"og:site_name\" content=\"Correio Braziliense - Aqui\" \/>\n<meta property=\"article:published_time\" content=\"2026-08-31T11:55:48+00:00\" \/>\n<meta property=\"article:modified_time\" content=\"2026-08-31T11:55:51+00:00\" \/>\n<meta property=\"og:image\" content=\"https:\/\/www.correiobraziliense.com.br\/aqui\/wp-content\/uploads\/2026\/08\/estrada-com-neblina_1788141309422.jpg\" \/>\n\t<meta property=\"og:image:width\" content=\"1280\" \/>\n\t<meta property=\"og:image:height\" content=\"720\" \/>\n\t<meta property=\"og:image:type\" content=\"image\/jpeg\" \/>\n<meta name=\"author\" content=\"Larissa\" \/>\n<meta name=\"twitter:card\" content=\"summary_large_image\" \/>\n<meta name=\"twitter:label1\" content=\"Escrito por\" \/>\n\t<meta name=\"twitter:data1\" content=\"Larissa\" \/>\n\t<meta name=\"twitter:label2\" content=\"Est. tempo de leitura\" \/>\n\t<meta name=\"twitter:data2\" content=\"3 minutos\" \/>\n<!-- \/ Yoast SEO plugin. -->","yoast_head_json":{"title":"Dicas essenciais para viajar com neblina na serra e sem estresse - Correio Braziliense - Aqui","description":"Aprenda os cuidados fundamentais para encarar a estrada com neblina e planeje seu hor\u00e1rio de retorno das f\u00e9rias com seguran\u00e7a","robots":{"index":"index","follow":"follow","max-snippet":"max-snippet:-1","max-image-preview":"max-image-preview:large","max-video-preview":"max-video-preview:-1"},"canonical":"https:\/\/www.correiobraziliense.com.br\/aqui\/2026\/08\/31\/dicas-essenciais-para-viajar-com-neblina-na-serra-e-sem-estresse\/","og_locale":"pt_BR","og_type":"article","og_title":"Dicas essenciais para viajar com neblina na serra e sem estresse - Correio Braziliense - Aqui","og_description":"Aprenda os cuidados fundamentais para encarar a estrada com neblina e planeje seu hor\u00e1rio de retorno das f\u00e9rias com seguran\u00e7a","og_url":"https:\/\/www.correiobraziliense.com.br\/aqui\/2026\/08\/31\/dicas-essenciais-para-viajar-com-neblina-na-serra-e-sem-estresse\/","og_site_name":"Correio Braziliense - Aqui","article_published_time":"2026-08-31T11:55:48+00:00","article_modified_time":"2026-08-31T11:55:51+00:00","og_image":[{"width":1280,"height":720,"url":"https:\/\/www.correiobraziliense.com.br\/aqui\/wp-content\/uploads\/2026\/08\/estrada-com-neblina_1788141309422.jpg","type":"image\/jpeg"}],"author":"Larissa","twitter_card":"summary_large_image","twitter_misc":{"Escrito por":"Larissa","Est. tempo de leitura":"3 minutos"},"schema":{"@context":"https:\/\/schema.org","@graph":[{"@type":"WebPage","@id":"https:\/\/www.correiobraziliense.com.br\/aqui\/2026\/08\/31\/dicas-essenciais-para-viajar-com-neblina-na-serra-e-sem-estresse\/","url":"https:\/\/www.correiobraziliense.com.br\/aqui\/2026\/08\/31\/dicas-essenciais-para-viajar-com-neblina-na-serra-e-sem-estresse\/","name":"Dicas essenciais para viajar com neblina na serra e sem estresse - Correio Braziliense - Aqui","isPartOf":{"@id":"https:\/\/www.correiobraziliense.com.br\/aqui\/#website"},"primaryImageOfPage":{"@id":"https:\/\/www.correiobraziliense.com.br\/aqui\/2026\/08\/31\/dicas-essenciais-para-viajar-com-neblina-na-serra-e-sem-estresse\/#primaryimage"},"image":{"@id":"https:\/\/www.correiobraziliense.com.br\/aqui\/2026\/08\/31\/dicas-essenciais-para-viajar-com-neblina-na-serra-e-sem-estresse\/#primaryimage"},"thumbnailUrl":"https:\/\/www.correiobraziliense.com.br\/aqui\/wp-content\/uploads\/2026\/08\/estrada-com-neblina_1788141309422.jpg","datePublished":"2026-08-31T11:55:48+00:00","dateModified":"2026-08-31T11:55:51+00:00","author":{"@id":"https:\/\/www.correiobraziliense.com.br\/aqui\/#\/schema\/person\/775f50a8c1ac31704d56816e99b29041"},"description":"Aprenda os cuidados fundamentais para encarar a estrada com neblina e planeje seu hor\u00e1rio de retorno das f\u00e9rias com seguran\u00e7a","breadcrumb":{"@id":"https:\/\/www.correiobraziliense.com.br\/aqui\/2026\/08\/31\/dicas-essenciais-para-viajar-com-neblina-na-serra-e-sem-estresse\/#breadcrumb"},"inLanguage":"pt-BR","potentialAction":[{"@type":"ReadAction","target":["https:\/\/www.correiobraziliense.com.br\/aqui\/2026\/08\/31\/dicas-essenciais-para-viajar-com-neblina-na-serra-e-sem-estresse\/"]}]},{"@type":"ImageObject","inLanguage":"pt-BR","@id":"https:\/\/www.correiobraziliense.com.br\/aqui\/2026\/08\/31\/dicas-essenciais-para-viajar-com-neblina-na-serra-e-sem-estresse\/#primaryimage","url":"https:\/\/www.correiobraziliense.com.br\/aqui\/wp-content\/uploads\/2026\/08\/estrada-com-neblina_1788141309422.jpg","contentUrl":"https:\/\/www.correiobraziliense.com.br\/aqui\/wp-content\/uploads\/2026\/08\/estrada-com-neblina_1788141309422.jpg","width":1280,"height":720,"caption":"Cr\u00e9ditos: depositphotos.com \/ gemenacom"},{"@type":"BreadcrumbList","@id":"https:\/\/www.correiobraziliense.com.br\/aqui\/2026\/08\/31\/dicas-essenciais-para-viajar-com-neblina-na-serra-e-sem-estresse\/#breadcrumb","itemListElement":[{"@type":"ListItem","position":1,"name":"In\u00edcio","item":"https:\/\/www.correiobraziliense.com.br\/aqui\/"},{"@type":"ListItem","position":2,"name":"Dicas essenciais para viajar com neblina na serra e sem estresse"}]},{"@type":"WebSite","@id":"https:\/\/www.correiobraziliense.com.br\/aqui\/#website","url":"https:\/\/www.correiobraziliense.com.br\/aqui\/","name":"Correio Braziliense - Aqui","description":"O Correio Braziliense (CB) \u00e9 o mais importante canal de not\u00edcias de Bras\u00edlia. Aqui voc\u00ea encontra as \u00faltimas not\u00edcias do DF, do Brasil e do mundo.","potentialAction":[{"@type":"SearchAction","target":{"@type":"EntryPoint","urlTemplate":"https:\/\/www.correiobraziliense.com.br\/aqui\/?s={search_term_string}"},"query-input":{"@type":"PropertyValueSpecification","valueRequired":true,"valueName":"search_term_string"}}],"inLanguage":"pt-BR"},{"@type":"Person","@id":"https:\/\/www.correiobraziliense.com.br\/aqui\/#\/schema\/person\/775f50a8c1ac31704d56816e99b29041","name":"Larissa","image":{"@type":"ImageObject","inLanguage":"pt-BR","@id":"https:\/\/www.correiobraziliense.com.br\/aqui\/#\/schema\/person\/image\/","url":"https:\/\/secure.gravatar.com\/avatar\/62f5b2e99de671d075ab98e19f03c3c38c80a93f5d06f51075cf4431a4e76458?s=96&d=mm&r=g","contentUrl":"https:\/\/secure.gravatar.com\/avatar\/62f5b2e99de671d075ab98e19f03c3c38c80a93f5d06f51075cf4431a4e76458?s=96&d=mm&r=g","caption":"Larissa"},"url":"https:\/\/www.correiobraziliense.com.br\/aqui\/author\/larissaaqui\/"}]}},"_links":{"self":[{"href":"https:\/\/www.correiobraziliense.com.br\/aqui\/wp-json\/wp\/v2\/posts\/38197","targetHints":{"allow":["GET"]}}],"collection":[{"href":"https:\/\/www.correiobraziliense.com.br\/aqui\/wp-json\/wp\/v2\/posts"}],"about":[{"href":"https:\/\/www.correiobraziliense.com.br\/aqui\/wp-json\/wp\/v2\/types\/post"}],"author":[{"embeddable":true,"href":"https:\/\/www.correiobraziliense.com.br\/aqui\/wp-json\/wp\/v2\/users\/10"}],"replies":[{"embeddable":true,"href":"https:\/\/www.correiobraziliense.com.br\/aqui\/wp-json\/wp\/v2\/comments?post=38197"}],"version-history":[{"count":4,"href":"https:\/\/www.correiobraziliense.com.br\/aqui\/wp-json\/wp\/v2\/posts\/38197\/revisions"}],"predecessor-version":[{"id":38204,"href":"https:\/\/www.correiobraziliense.com.br\/aqui\/wp-json\/wp\/v2\/posts\/38197\/revisions\/38204"}],"wp:featuredmedia":[{"embeddable":true,"href":"https:\/\/www.correiobraziliense.com.br\/aqui\/wp-json\/wp\/v2\/media\/38198"}],"wp:attachment":[{"href":"https:\/\/www.correiobraziliense.com.br\/aqui\/wp-json\/wp\/v2\/media?parent=38197"}],"wp:term":[{"taxonomy":"category","embeddable":true,"href":"https:\/\/www.correiobraziliense.com.br\/aqui\/wp-json\/wp\/v2\/categories?post=38197"},{"taxonomy":"post_tag","embeddable":true,"href":"https:\/\/www.correiobraziliense.com.br\/aqui\/wp-json\/wp\/v2\/tags?post=38197"}],"curies":[{"name":"wp","href":"https:\/\/api.w.org\/{rel}","templated":true}]}}