{"id":38205,"date":"2026-08-31T09:30:00","date_gmt":"2026-08-31T12:30:00","guid":{"rendered":"https:\/\/www.correiobraziliense.com.br\/aqui\/?p=38205"},"modified":"2026-08-31T09:13:52","modified_gmt":"2026-08-31T12:13:52","slug":"mae-no-mercado-de-trabalho-direitos-legais-apos-a-licenca","status":"publish","type":"post","link":"https:\/\/www.correiobraziliense.com.br\/aqui\/2026\/08\/31\/mae-no-mercado-de-trabalho-direitos-legais-apos-a-licenca\/","title":{"rendered":"M\u00e3e no mercado de trabalho: direitos legais ap\u00f3s a licen\u00e7a"},"content":{"rendered":"\n<p>A volta ao mercado de trabalho ap\u00f3s a licen\u00e7a-maternidade \u00e9 um momento de transi\u00e7\u00e3o que gera muitas d\u00favidas. Conhecer os direitos garantidos por lei \u00e9 fundamental para que as m\u00e3es possam planejar esse retorno com mais seguran\u00e7a e tranquilidade, desde a estabilidade no emprego at\u00e9 as pausas para amamenta\u00e7\u00e3o.<\/p>\n\n\n\n<p>Essas garantias buscam proteger tanto a m\u00e3e quanto o beb\u00ea, assegurando que a profissional possa conciliar as novas responsabilidades familiares com sua carreira. Entender como funcionam essas regras \u00e9 o primeiro passo para uma transi\u00e7\u00e3o bem-sucedida.<\/p>\n\n\n\n<h2 class=\"wp-block-heading\">Estabilidade e licen\u00e7a: o que a lei garante?<\/h2>\n\n\n\n<p>A Consolida\u00e7\u00e3o das Leis do Trabalho (CLT), em seu art. 392, prev\u00ea uma licen\u00e7a-maternidade padr\u00e3o de 120 dias. Empresas que participam do programa Empresa Cidad\u00e3 podem estender esse per\u00edodo para 180 dias, um benef\u00edcio que tamb\u00e9m se aplica a <a target=\"_blank\" rel=\"noreferrer noopener\" href=\"https:\/\/www.correiobraziliense.com.br\/brasil\/2025\/07\/7198367-licencas-de-pais-no-servico-publico-contarao-apos-alta-hospitalar.html\">servidores p\u00fablicos federais<\/a>.<\/p>\n\n\n\n<p>Um dos direitos mais importantes \u00e9 a estabilidade provis\u00f3ria no emprego. A trabalhadora n\u00e3o pode ser demitida sem justa causa desde a confirma\u00e7\u00e3o da gravidez at\u00e9 cinco meses ap\u00f3s o parto. Essa prote\u00e7\u00e3o visa garantir a seguran\u00e7a financeira da fam\u00edlia durante um per\u00edodo crucial.<\/p>\n\n\n\n<p>Caso a demiss\u00e3o ocorra dentro desse intervalo, a empresa \u00e9 obrigada a reintegrar a funcion\u00e1ria ou pagar uma indeniza\u00e7\u00e3o que inclui os sal\u00e1rios e demais direitos correspondentes a todo o per\u00edodo de estabilidade a que ela teria direito.<\/p>\n\n\n\n<p>Uma atualiza\u00e7\u00e3o importante na <a target=\"_blank\" rel=\"noreferrer noopener\" href=\"https:\/\/www.correiobraziliense.com.br\/euestudante\/trabalho-e-formacao\/2025\/05\/7142103-legislacao-garante-protecao-as-maes-no-trabalho.html\">legisla\u00e7\u00e3o<\/a> (Lei 15.222\/2025) estabelece que, em casos de interna\u00e7\u00e3o prolongada da m\u00e3e ou do rec\u00e9m-nascido por mais de duas semanas, o per\u00edodo da licen\u00e7a-maternidade e da estabilidade come\u00e7a a ser contado a partir da alta hospitalar.<\/p>\n\n\n\n<h2 class=\"wp-block-heading\">A volta ao trabalho e o direito \u00e0 amamenta\u00e7\u00e3o<\/h2>\n\n\n\n<p>Ao retornar \u00e0s suas atividades, a m\u00e3e continua a ter direitos espec\u00edficos. At\u00e9 o beb\u00ea completar seis meses de idade, a legisla\u00e7\u00e3o (art. 396 da CLT) assegura duas pausas especiais de 30 minutos cada uma durante a jornada de trabalho, destinadas \u00e0 <a target=\"_blank\" rel=\"noreferrer noopener\" href=\"https:\/\/www.correiobraziliense.com.br\/brasil\/2025\/08\/7219732-amamentacao-e-trabalho-veja-os-direitos-das-trabalhadoras-que-amamentam.html\">amamenta\u00e7\u00e3o<\/a>.<\/p>\n\n\n\n<p>Esses intervalos n\u00e3o podem ser descontados do sal\u00e1rio. Um acordo entre a funcion\u00e1ria e a empresa pode unir essas duas pausas, permitindo que a m\u00e3e entre uma hora mais tarde ou saia uma hora mais cedo do expediente.<\/p>\n\n\n\n<p>Al\u00e9m disso, empresas com mais de 30 funcion\u00e1rias com idade superior a 16 anos devem oferecer um local apropriado para que as m\u00e3es possam cuidar de seus beb\u00eas ou pagar um <a target=\"_blank\" rel=\"noreferrer noopener\" href=\"https:\/\/www.correiobraziliense.com.br\/direito-e-justica\/2025\/12\/7320053-sem-creche-sem-equidade-o-custo-invisivel-da-maternidade-no-mercado-de-trabalho.html\">aux\u00edlio-creche<\/a>, conforme as conven\u00e7\u00f5es coletivas de cada categoria.<\/p>\n\n\n\n<h2 class=\"wp-block-heading\">Como planejar a transi\u00e7\u00e3o de carreira<\/h2>\n\n\n\n<p>O retorno ao trabalho pode ser uma oportunidade para reavaliar a carreira. Muitas mulheres aproveitam o per\u00edodo para buscar novos desafios ou negociar condi\u00e7\u00f5es de trabalho mais alinhadas com a nova rotina. Algumas estrat\u00e9gias podem facilitar esse processo:<\/p>\n\n\n\n<ul class=\"wp-block-list\">\n<li><strong>Converse com a gest\u00e3o:<\/strong> Antes de voltar, agende uma conversa para alinhar expectativas, discutir suas novas responsabilidades e entender como a empresa pode apoiar sua transi\u00e7\u00e3o.<\/li>\n\n\n\n<li><strong>Avalie a flexibilidade:<\/strong> Verifique a possibilidade de adotar um modelo de trabalho h\u00edbrido, hor\u00e1rios flex\u00edveis ou jornada reduzida, mesmo que temporariamente.<\/li>\n\n\n\n<li><strong>Atualize suas compet\u00eancias:<\/strong> Se poss\u00edvel, aproveite parte do tempo para fazer cursos online ou se atualizar sobre as tend\u00eancias de sua \u00e1rea profissional.<\/li>\n\n\n\n<li><strong>Fortale\u00e7a sua rede de contatos:<\/strong> Mantenha o contato com colegas de trabalho. Uma rede de apoio profissional \u00e9 importante para se manter informada sobre as din\u00e2micas da empresa.<\/li>\n<\/ul>\n","protected":false},"excerpt":{"rendered":"<p>Especialistas orientam sobre estabilidade no emprego, pausa para amamenta\u00e7\u00e3o e estrat\u00e9gias de transi\u00e7\u00e3o de carreira para mulheres trabalhadoras<\/p>\n","protected":false},"author":10,"featured_media":29715,"comment_status":"open","ping_status":"open","sticky":false,"template":"","format":"standard","meta":{"jnews-multi-image_gallery":[],"jnews_single_post":{"format":"standard"},"jnews_primary_category":[],"jnews_social_meta":[],"jnews_override_counter":[],"footnotes":""},"categories":[122],"tags":[2139,341],"class_list":["post-38205","post","type-post","status-publish","format-standard","has-post-thumbnail","hentry","category-financas","tag-mercado-de-trabalho","tag-mulheres"],"yoast_head":"<!-- This site is optimized with the Yoast SEO plugin v25.1 - https:\/\/yoast.com\/wordpress\/plugins\/seo\/ -->\n<title>M\u00e3e no mercado de trabalho: direitos legais ap\u00f3s a licen\u00e7a - Correio Braziliense - Aqui<\/title>\n<meta name=\"description\" content=\"Especialistas orientam sobre estabilidade no mercado de trabalho, pausa para amamenta\u00e7\u00e3o e estrat\u00e9gias de transi\u00e7\u00e3o de carreira para mulheres\" \/>\n<meta name=\"robots\" content=\"index, follow, max-snippet:-1, max-image-preview:large, max-video-preview:-1\" \/>\n<link rel=\"canonical\" href=\"https:\/\/www.correiobraziliense.com.br\/aqui\/2026\/08\/31\/mae-no-mercado-de-trabalho-direitos-legais-apos-a-licenca\/\" \/>\n<meta property=\"og:locale\" content=\"pt_BR\" \/>\n<meta property=\"og:type\" content=\"article\" \/>\n<meta property=\"og:title\" content=\"M\u00e3e no mercado de trabalho: direitos legais ap\u00f3s a licen\u00e7a - Correio Braziliense - Aqui\" \/>\n<meta property=\"og:description\" content=\"Especialistas orientam sobre estabilidade no mercado de trabalho, pausa para amamenta\u00e7\u00e3o e estrat\u00e9gias de transi\u00e7\u00e3o de carreira para mulheres\" \/>\n<meta property=\"og:url\" content=\"https:\/\/www.correiobraziliense.com.br\/aqui\/2026\/08\/31\/mae-no-mercado-de-trabalho-direitos-legais-apos-a-licenca\/\" \/>\n<meta property=\"og:site_name\" content=\"Correio Braziliense - Aqui\" \/>\n<meta property=\"article:published_time\" content=\"2026-08-31T12:30:00+00:00\" \/>\n<meta property=\"og:image\" content=\"https:\/\/www.correiobraziliense.com.br\/aqui\/wp-content\/uploads\/2026\/05\/trabalho_1779103144265.jpg\" \/>\n\t<meta property=\"og:image:width\" content=\"1280\" \/>\n\t<meta property=\"og:image:height\" content=\"720\" \/>\n\t<meta property=\"og:image:type\" content=\"image\/jpeg\" \/>\n<meta name=\"author\" content=\"Larissa\" \/>\n<meta name=\"twitter:card\" content=\"summary_large_image\" \/>\n<meta name=\"twitter:label1\" content=\"Escrito por\" \/>\n\t<meta name=\"twitter:data1\" content=\"Larissa\" \/>\n\t<meta name=\"twitter:label2\" content=\"Est. tempo de leitura\" \/>\n\t<meta name=\"twitter:data2\" content=\"4 minutos\" \/>\n<!-- \/ Yoast SEO plugin. -->","yoast_head_json":{"title":"M\u00e3e no mercado de trabalho: direitos legais ap\u00f3s a licen\u00e7a - Correio Braziliense - Aqui","description":"Especialistas orientam sobre estabilidade no mercado de trabalho, pausa para amamenta\u00e7\u00e3o e estrat\u00e9gias de transi\u00e7\u00e3o de carreira para mulheres","robots":{"index":"index","follow":"follow","max-snippet":"max-snippet:-1","max-image-preview":"max-image-preview:large","max-video-preview":"max-video-preview:-1"},"canonical":"https:\/\/www.correiobraziliense.com.br\/aqui\/2026\/08\/31\/mae-no-mercado-de-trabalho-direitos-legais-apos-a-licenca\/","og_locale":"pt_BR","og_type":"article","og_title":"M\u00e3e no mercado de trabalho: direitos legais ap\u00f3s a licen\u00e7a - Correio Braziliense - Aqui","og_description":"Especialistas orientam sobre estabilidade no mercado de trabalho, pausa para amamenta\u00e7\u00e3o e estrat\u00e9gias de transi\u00e7\u00e3o de carreira para mulheres","og_url":"https:\/\/www.correiobraziliense.com.br\/aqui\/2026\/08\/31\/mae-no-mercado-de-trabalho-direitos-legais-apos-a-licenca\/","og_site_name":"Correio Braziliense - Aqui","article_published_time":"2026-08-31T12:30:00+00:00","og_image":[{"width":1280,"height":720,"url":"https:\/\/www.correiobraziliense.com.br\/aqui\/wp-content\/uploads\/2026\/05\/trabalho_1779103144265.jpg","type":"image\/jpeg"}],"author":"Larissa","twitter_card":"summary_large_image","twitter_misc":{"Escrito por":"Larissa","Est. tempo de leitura":"4 minutos"},"schema":{"@context":"https:\/\/schema.org","@graph":[{"@type":"WebPage","@id":"https:\/\/www.correiobraziliense.com.br\/aqui\/2026\/08\/31\/mae-no-mercado-de-trabalho-direitos-legais-apos-a-licenca\/","url":"https:\/\/www.correiobraziliense.com.br\/aqui\/2026\/08\/31\/mae-no-mercado-de-trabalho-direitos-legais-apos-a-licenca\/","name":"M\u00e3e no mercado de trabalho: direitos legais ap\u00f3s a licen\u00e7a - Correio Braziliense - Aqui","isPartOf":{"@id":"https:\/\/www.correiobraziliense.com.br\/aqui\/#website"},"primaryImageOfPage":{"@id":"https:\/\/www.correiobraziliense.com.br\/aqui\/2026\/08\/31\/mae-no-mercado-de-trabalho-direitos-legais-apos-a-licenca\/#primaryimage"},"image":{"@id":"https:\/\/www.correiobraziliense.com.br\/aqui\/2026\/08\/31\/mae-no-mercado-de-trabalho-direitos-legais-apos-a-licenca\/#primaryimage"},"thumbnailUrl":"https:\/\/www.correiobraziliense.com.br\/aqui\/wp-content\/uploads\/2026\/05\/trabalho_1779103144265.jpg","datePublished":"2026-08-31T12:30:00+00:00","author":{"@id":"https:\/\/www.correiobraziliense.com.br\/aqui\/#\/schema\/person\/775f50a8c1ac31704d56816e99b29041"},"description":"Especialistas orientam sobre estabilidade no mercado de trabalho, pausa para amamenta\u00e7\u00e3o e estrat\u00e9gias de transi\u00e7\u00e3o de carreira para mulheres","breadcrumb":{"@id":"https:\/\/www.correiobraziliense.com.br\/aqui\/2026\/08\/31\/mae-no-mercado-de-trabalho-direitos-legais-apos-a-licenca\/#breadcrumb"},"inLanguage":"pt-BR","potentialAction":[{"@type":"ReadAction","target":["https:\/\/www.correiobraziliense.com.br\/aqui\/2026\/08\/31\/mae-no-mercado-de-trabalho-direitos-legais-apos-a-licenca\/"]}]},{"@type":"ImageObject","inLanguage":"pt-BR","@id":"https:\/\/www.correiobraziliense.com.br\/aqui\/2026\/08\/31\/mae-no-mercado-de-trabalho-direitos-legais-apos-a-licenca\/#primaryimage","url":"https:\/\/www.correiobraziliense.com.br\/aqui\/wp-content\/uploads\/2026\/05\/trabalho_1779103144265.jpg","contentUrl":"https:\/\/www.correiobraziliense.com.br\/aqui\/wp-content\/uploads\/2026\/05\/trabalho_1779103144265.jpg","width":1280,"height":720,"caption":"Cr\u00e9ditos: depositphotos.com \/ HayDmitriy"},{"@type":"BreadcrumbList","@id":"https:\/\/www.correiobraziliense.com.br\/aqui\/2026\/08\/31\/mae-no-mercado-de-trabalho-direitos-legais-apos-a-licenca\/#breadcrumb","itemListElement":[{"@type":"ListItem","position":1,"name":"In\u00edcio","item":"https:\/\/www.correiobraziliense.com.br\/aqui\/"},{"@type":"ListItem","position":2,"name":"M\u00e3e no mercado de trabalho: direitos legais ap\u00f3s a licen\u00e7a"}]},{"@type":"WebSite","@id":"https:\/\/www.correiobraziliense.com.br\/aqui\/#website","url":"https:\/\/www.correiobraziliense.com.br\/aqui\/","name":"Correio Braziliense - Aqui","description":"O Correio Braziliense (CB) \u00e9 o mais importante canal de not\u00edcias de Bras\u00edlia. Aqui voc\u00ea encontra as \u00faltimas not\u00edcias do DF, do Brasil e do mundo.","potentialAction":[{"@type":"SearchAction","target":{"@type":"EntryPoint","urlTemplate":"https:\/\/www.correiobraziliense.com.br\/aqui\/?s={search_term_string}"},"query-input":{"@type":"PropertyValueSpecification","valueRequired":true,"valueName":"search_term_string"}}],"inLanguage":"pt-BR"},{"@type":"Person","@id":"https:\/\/www.correiobraziliense.com.br\/aqui\/#\/schema\/person\/775f50a8c1ac31704d56816e99b29041","name":"Larissa","image":{"@type":"ImageObject","inLanguage":"pt-BR","@id":"https:\/\/www.correiobraziliense.com.br\/aqui\/#\/schema\/person\/image\/","url":"https:\/\/secure.gravatar.com\/avatar\/62f5b2e99de671d075ab98e19f03c3c38c80a93f5d06f51075cf4431a4e76458?s=96&d=mm&r=g","contentUrl":"https:\/\/secure.gravatar.com\/avatar\/62f5b2e99de671d075ab98e19f03c3c38c80a93f5d06f51075cf4431a4e76458?s=96&d=mm&r=g","caption":"Larissa"},"url":"https:\/\/www.correiobraziliense.com.br\/aqui\/author\/larissaaqui\/"}]}},"_links":{"self":[{"href":"https:\/\/www.correiobraziliense.com.br\/aqui\/wp-json\/wp\/v2\/posts\/38205","targetHints":{"allow":["GET"]}}],"collection":[{"href":"https:\/\/www.correiobraziliense.com.br\/aqui\/wp-json\/wp\/v2\/posts"}],"about":[{"href":"https:\/\/www.correiobraziliense.com.br\/aqui\/wp-json\/wp\/v2\/types\/post"}],"author":[{"embeddable":true,"href":"https:\/\/www.correiobraziliense.com.br\/aqui\/wp-json\/wp\/v2\/users\/10"}],"replies":[{"embeddable":true,"href":"https:\/\/www.correiobraziliense.com.br\/aqui\/wp-json\/wp\/v2\/comments?post=38205"}],"version-history":[{"count":3,"href":"https:\/\/www.correiobraziliense.com.br\/aqui\/wp-json\/wp\/v2\/posts\/38205\/revisions"}],"predecessor-version":[{"id":38208,"href":"https:\/\/www.correiobraziliense.com.br\/aqui\/wp-json\/wp\/v2\/posts\/38205\/revisions\/38208"}],"wp:featuredmedia":[{"embeddable":true,"href":"https:\/\/www.correiobraziliense.com.br\/aqui\/wp-json\/wp\/v2\/media\/29715"}],"wp:attachment":[{"href":"https:\/\/www.correiobraziliense.com.br\/aqui\/wp-json\/wp\/v2\/media?parent=38205"}],"wp:term":[{"taxonomy":"category","embeddable":true,"href":"https:\/\/www.correiobraziliense.com.br\/aqui\/wp-json\/wp\/v2\/categories?post=38205"},{"taxonomy":"post_tag","embeddable":true,"href":"https:\/\/www.correiobraziliense.com.br\/aqui\/wp-json\/wp\/v2\/tags?post=38205"}],"curies":[{"name":"wp","href":"https:\/\/api.w.org\/{rel}","templated":true}]}}