{"id":38216,"date":"2026-08-31T10:30:00","date_gmt":"2026-08-31T13:30:00","guid":{"rendered":"https:\/\/www.correiobraziliense.com.br\/aqui\/?p=38216"},"modified":"2026-08-31T09:23:05","modified_gmt":"2026-08-31T12:23:05","slug":"taxa-selic-como-os-juros-altos-impactam-financas-da-familia","status":"publish","type":"post","link":"https:\/\/www.correiobraziliense.com.br\/aqui\/2026\/08\/31\/taxa-selic-como-os-juros-altos-impactam-financas-da-familia\/","title":{"rendered":"Taxa Selic: como os juros altos impactam finan\u00e7as da fam\u00edlia"},"content":{"rendered":"\n<p>Apesar do ciclo de redu\u00e7\u00e3o gradual da taxa Selic iniciado pelo Comit\u00ea de Pol\u00edtica Monet\u00e1ria (Copom) em 2026, os juros b\u00e1sicos da economia permanecem em um patamar elevado, atualmente em 14% ao ano. Esse indicador, que serve como refer\u00eancia para todo o mercado, continua a impactar diretamente o bolso das fam\u00edlias brasileiras, afetando desde o financiamento do carro novo at\u00e9 o rendimento da reserva de emerg\u00eancia.<\/p>\n\n\n\n<p>Na pr\u00e1tica, uma Selic ainda alta encarece o custo do dinheiro. Isso significa que pegar um empr\u00e9stimo pessoal, financiar um im\u00f3vel ou mesmo parcelar a fatura do cart\u00e3o de cr\u00e9dito sai mais caro. Os bancos e financeiras repassam essa <a target=\"_blank\" rel=\"noreferrer noopener\" href=\"https:\/\/www.correiobraziliense.com.br\/economia\/2025\/03\/7090304-selic-chega-a-1425-entenda-como-taxa-impacta-o-bolso-dos-brasileiros.html\">taxa<\/a> para os consumidores, tornando o <a target=\"_blank\" rel=\"noreferrer noopener\" href=\"https:\/\/www.correiobraziliense.com.br\/economia\/2025\/03\/7075006-juros-altos-acendem-a-luz-amarela-para-o-credito-dizem-especialistas.html\">acesso ao cr\u00e9dito<\/a> mais restrito e pesado no or\u00e7amento mensal.<\/p>\n\n\n\n<p>O impacto \u00e9 sentido principalmente em compras de alto valor que dependem de financiamento. Adquirir um <a target=\"_blank\" rel=\"noreferrer noopener\" href=\"https:\/\/www.correiobraziliense.com.br\/cidades-df\/2025\/06\/7183571-alta-da-selic-freia-consumo-e-ameaca-sonhos-de-casa-propria-e-carro-novo.html\">ve\u00edculo<\/a> ou reformar a casa, por exemplo, exige mais cautela. Embora a tend\u00eancia de queda gradual dos juros possa indicar melhores condi\u00e7\u00f5es no futuro, as parcelas ainda est\u00e3o altas e o valor total pago ao final do contrato aumenta consideravelmente.<\/p>\n\n\n\n<p>Por outro lado, o cen\u00e1rio continua beneficiando quem tem dinheiro para investir. Aplica\u00e7\u00f5es de renda fixa atreladas \u00e0 Selic ou ao CDI, como o Tesouro Selic e muitos CDBs de liquidez di\u00e1ria, seguem com rendimentos atrativos. Essa \u00e9 uma boa not\u00edcia para a reserva de emerg\u00eancia e para quem busca seguran\u00e7a nos investimentos.<\/p>\n\n\n\n<h2 class=\"wp-block-heading\">O que fazer para organizar as finan\u00e7as?<\/h2>\n\n\n\n<p>Diante desse cen\u00e1rio, algumas estrat\u00e9gias podem ajudar a proteger o or\u00e7amento familiar e at\u00e9 aproveitar as oportunidades. A organiza\u00e7\u00e3o \u00e9 a chave para atravessar o per\u00edodo de juros ainda elevados com mais tranquilidade.<\/p>\n\n\n\n<ul class=\"wp-block-list\">\n<li><a href=\"https:\/\/www.correiobraziliense.com.br\/revista-do-correio\/2025\/05\/7144172-4-dicas-para-nao-se-endividar-com-os-altos-juros.html\" target=\"_blank\" rel=\"noreferrer noopener\"><strong>Renegociar d\u00edvidas<\/strong><\/a><strong>:<\/strong> este \u00e9 o momento ideal para procurar os credores e tentar renegociar d\u00e9bitos, especialmente os do cart\u00e3o de cr\u00e9dito e cheque especial, que possuem as taxas mais altas do mercado.<\/li>\n\n\n\n<li><strong>Planejar grandes compras:<\/strong> se a aquisi\u00e7\u00e3o de um bem de alto valor depende de financiamento, avalie o cen\u00e1rio. A tend\u00eancia de queda dos juros pode tornar as condi\u00e7\u00f5es mais favor\u00e1veis nos pr\u00f3ximos meses. Planejar a compra e juntar dinheiro para uma entrada maior continua sendo a melhor estrat\u00e9gia para economizar.<\/li>\n\n\n\n<li><strong>Fortalecer a poupan\u00e7a:<\/strong> aproveite os rendimentos ainda elevados da renda fixa para turbinar sua reserva de emerg\u00eancia. Ter um colch\u00e3o de seguran\u00e7a robusto evita que voc\u00ea precise recorrer a empr\u00e9stimos caros em caso de imprevistos.<\/li>\n\n\n\n<li><strong>Revisar o or\u00e7amento:<\/strong> analise todas as despesas mensais e identifique onde \u00e9 poss\u00edvel cortar gastos. Pequenas economias no dia a dia, somadas, podem liberar uma boa quantia para quitar d\u00edvidas ou come\u00e7ar a investir.<\/li>\n<\/ul>\n","protected":false},"excerpt":{"rendered":"<p>Apesar da tend\u00eancia de queda, juros seguem elevados. Veja estrat\u00e9gias para organizar o or\u00e7amento e tomar decis\u00f5es de consumo em 2026.<\/p>\n","protected":false},"author":10,"featured_media":28428,"comment_status":"open","ping_status":"open","sticky":false,"template":"","format":"standard","meta":{"jnews-multi-image_gallery":[],"jnews_single_post":{"format":"standard"},"jnews_primary_category":[],"jnews_social_meta":[],"jnews_override_counter":[],"footnotes":""},"categories":[1512],"tags":[473,8991],"class_list":["post-38216","post","type-post","status-publish","format-standard","has-post-thumbnail","hentry","category-economia","tag-economia","tag-taxa-selic"],"yoast_head":"<!-- This site is optimized with the Yoast SEO plugin v25.1 - https:\/\/yoast.com\/wordpress\/plugins\/seo\/ -->\n<title>Taxa Selic: como os juros altos impactam finan\u00e7as da fam\u00edlia - Correio Braziliense - Aqui<\/title>\n<meta name=\"description\" content=\"Apesar da Selic em queda, juros seguem elevados. Veja estrat\u00e9gias para organizar o or\u00e7amento e tomar decis\u00f5es de consumo em 2026.\" \/>\n<meta name=\"robots\" content=\"index, follow, max-snippet:-1, max-image-preview:large, max-video-preview:-1\" \/>\n<link rel=\"canonical\" href=\"https:\/\/www.correiobraziliense.com.br\/aqui\/2026\/08\/31\/taxa-selic-como-os-juros-altos-impactam-financas-da-familia\/\" \/>\n<meta property=\"og:locale\" content=\"pt_BR\" \/>\n<meta property=\"og:type\" content=\"article\" \/>\n<meta property=\"og:title\" content=\"Taxa Selic: como os juros altos impactam finan\u00e7as da fam\u00edlia - Correio Braziliense - Aqui\" \/>\n<meta property=\"og:description\" content=\"Apesar da Selic em queda, juros seguem elevados. Veja estrat\u00e9gias para organizar o or\u00e7amento e tomar decis\u00f5es de consumo em 2026.\" \/>\n<meta property=\"og:url\" content=\"https:\/\/www.correiobraziliense.com.br\/aqui\/2026\/08\/31\/taxa-selic-como-os-juros-altos-impactam-financas-da-familia\/\" \/>\n<meta property=\"og:site_name\" content=\"Correio Braziliense - Aqui\" \/>\n<meta property=\"article:published_time\" content=\"2026-08-31T13:30:00+00:00\" \/>\n<meta property=\"og:image\" content=\"https:\/\/www.correiobraziliense.com.br\/aqui\/wp-content\/uploads\/2026\/04\/taxa-selic_1777547603056.jpg\" \/>\n\t<meta property=\"og:image:width\" content=\"1280\" \/>\n\t<meta property=\"og:image:height\" content=\"720\" \/>\n\t<meta property=\"og:image:type\" content=\"image\/jpeg\" \/>\n<meta name=\"author\" content=\"Larissa\" \/>\n<meta name=\"twitter:card\" content=\"summary_large_image\" \/>\n<meta name=\"twitter:label1\" content=\"Escrito por\" \/>\n\t<meta name=\"twitter:data1\" content=\"Larissa\" \/>\n\t<meta name=\"twitter:label2\" content=\"Est. tempo de leitura\" \/>\n\t<meta name=\"twitter:data2\" content=\"3 minutos\" \/>\n<!-- \/ Yoast SEO plugin. -->","yoast_head_json":{"title":"Taxa Selic: como os juros altos impactam finan\u00e7as da fam\u00edlia - Correio Braziliense - Aqui","description":"Apesar da Selic em queda, juros seguem elevados. Veja estrat\u00e9gias para organizar o or\u00e7amento e tomar decis\u00f5es de consumo em 2026.","robots":{"index":"index","follow":"follow","max-snippet":"max-snippet:-1","max-image-preview":"max-image-preview:large","max-video-preview":"max-video-preview:-1"},"canonical":"https:\/\/www.correiobraziliense.com.br\/aqui\/2026\/08\/31\/taxa-selic-como-os-juros-altos-impactam-financas-da-familia\/","og_locale":"pt_BR","og_type":"article","og_title":"Taxa Selic: como os juros altos impactam finan\u00e7as da fam\u00edlia - Correio Braziliense - Aqui","og_description":"Apesar da Selic em queda, juros seguem elevados. Veja estrat\u00e9gias para organizar o or\u00e7amento e tomar decis\u00f5es de consumo em 2026.","og_url":"https:\/\/www.correiobraziliense.com.br\/aqui\/2026\/08\/31\/taxa-selic-como-os-juros-altos-impactam-financas-da-familia\/","og_site_name":"Correio Braziliense - Aqui","article_published_time":"2026-08-31T13:30:00+00:00","og_image":[{"width":1280,"height":720,"url":"https:\/\/www.correiobraziliense.com.br\/aqui\/wp-content\/uploads\/2026\/04\/taxa-selic_1777547603056.jpg","type":"image\/jpeg"}],"author":"Larissa","twitter_card":"summary_large_image","twitter_misc":{"Escrito por":"Larissa","Est. tempo de leitura":"3 minutos"},"schema":{"@context":"https:\/\/schema.org","@graph":[{"@type":"WebPage","@id":"https:\/\/www.correiobraziliense.com.br\/aqui\/2026\/08\/31\/taxa-selic-como-os-juros-altos-impactam-financas-da-familia\/","url":"https:\/\/www.correiobraziliense.com.br\/aqui\/2026\/08\/31\/taxa-selic-como-os-juros-altos-impactam-financas-da-familia\/","name":"Taxa Selic: como os juros altos impactam finan\u00e7as da fam\u00edlia - Correio Braziliense - Aqui","isPartOf":{"@id":"https:\/\/www.correiobraziliense.com.br\/aqui\/#website"},"primaryImageOfPage":{"@id":"https:\/\/www.correiobraziliense.com.br\/aqui\/2026\/08\/31\/taxa-selic-como-os-juros-altos-impactam-financas-da-familia\/#primaryimage"},"image":{"@id":"https:\/\/www.correiobraziliense.com.br\/aqui\/2026\/08\/31\/taxa-selic-como-os-juros-altos-impactam-financas-da-familia\/#primaryimage"},"thumbnailUrl":"https:\/\/www.correiobraziliense.com.br\/aqui\/wp-content\/uploads\/2026\/04\/taxa-selic_1777547603056.jpg","datePublished":"2026-08-31T13:30:00+00:00","author":{"@id":"https:\/\/www.correiobraziliense.com.br\/aqui\/#\/schema\/person\/775f50a8c1ac31704d56816e99b29041"},"description":"Apesar da Selic em queda, juros seguem elevados. Veja estrat\u00e9gias para organizar o or\u00e7amento e tomar decis\u00f5es de consumo em 2026.","breadcrumb":{"@id":"https:\/\/www.correiobraziliense.com.br\/aqui\/2026\/08\/31\/taxa-selic-como-os-juros-altos-impactam-financas-da-familia\/#breadcrumb"},"inLanguage":"pt-BR","potentialAction":[{"@type":"ReadAction","target":["https:\/\/www.correiobraziliense.com.br\/aqui\/2026\/08\/31\/taxa-selic-como-os-juros-altos-impactam-financas-da-familia\/"]}]},{"@type":"ImageObject","inLanguage":"pt-BR","@id":"https:\/\/www.correiobraziliense.com.br\/aqui\/2026\/08\/31\/taxa-selic-como-os-juros-altos-impactam-financas-da-familia\/#primaryimage","url":"https:\/\/www.correiobraziliense.com.br\/aqui\/wp-content\/uploads\/2026\/04\/taxa-selic_1777547603056.jpg","contentUrl":"https:\/\/www.correiobraziliense.com.br\/aqui\/wp-content\/uploads\/2026\/04\/taxa-selic_1777547603056.jpg","width":1280,"height":720,"caption":"Cr\u00e9ditos: depositphotos.com \/ rmcarvalhobsb"},{"@type":"BreadcrumbList","@id":"https:\/\/www.correiobraziliense.com.br\/aqui\/2026\/08\/31\/taxa-selic-como-os-juros-altos-impactam-financas-da-familia\/#breadcrumb","itemListElement":[{"@type":"ListItem","position":1,"name":"In\u00edcio","item":"https:\/\/www.correiobraziliense.com.br\/aqui\/"},{"@type":"ListItem","position":2,"name":"Taxa Selic: como os juros altos impactam finan\u00e7as da fam\u00edlia"}]},{"@type":"WebSite","@id":"https:\/\/www.correiobraziliense.com.br\/aqui\/#website","url":"https:\/\/www.correiobraziliense.com.br\/aqui\/","name":"Correio Braziliense - Aqui","description":"O Correio Braziliense (CB) \u00e9 o mais importante canal de not\u00edcias de Bras\u00edlia. Aqui voc\u00ea encontra as \u00faltimas not\u00edcias do DF, do Brasil e do mundo.","potentialAction":[{"@type":"SearchAction","target":{"@type":"EntryPoint","urlTemplate":"https:\/\/www.correiobraziliense.com.br\/aqui\/?s={search_term_string}"},"query-input":{"@type":"PropertyValueSpecification","valueRequired":true,"valueName":"search_term_string"}}],"inLanguage":"pt-BR"},{"@type":"Person","@id":"https:\/\/www.correiobraziliense.com.br\/aqui\/#\/schema\/person\/775f50a8c1ac31704d56816e99b29041","name":"Larissa","image":{"@type":"ImageObject","inLanguage":"pt-BR","@id":"https:\/\/www.correiobraziliense.com.br\/aqui\/#\/schema\/person\/image\/","url":"https:\/\/secure.gravatar.com\/avatar\/62f5b2e99de671d075ab98e19f03c3c38c80a93f5d06f51075cf4431a4e76458?s=96&d=mm&r=g","contentUrl":"https:\/\/secure.gravatar.com\/avatar\/62f5b2e99de671d075ab98e19f03c3c38c80a93f5d06f51075cf4431a4e76458?s=96&d=mm&r=g","caption":"Larissa"},"url":"https:\/\/www.correiobraziliense.com.br\/aqui\/author\/larissaaqui\/"}]}},"_links":{"self":[{"href":"https:\/\/www.correiobraziliense.com.br\/aqui\/wp-json\/wp\/v2\/posts\/38216","targetHints":{"allow":["GET"]}}],"collection":[{"href":"https:\/\/www.correiobraziliense.com.br\/aqui\/wp-json\/wp\/v2\/posts"}],"about":[{"href":"https:\/\/www.correiobraziliense.com.br\/aqui\/wp-json\/wp\/v2\/types\/post"}],"author":[{"embeddable":true,"href":"https:\/\/www.correiobraziliense.com.br\/aqui\/wp-json\/wp\/v2\/users\/10"}],"replies":[{"embeddable":true,"href":"https:\/\/www.correiobraziliense.com.br\/aqui\/wp-json\/wp\/v2\/comments?post=38216"}],"version-history":[{"count":4,"href":"https:\/\/www.correiobraziliense.com.br\/aqui\/wp-json\/wp\/v2\/posts\/38216\/revisions"}],"predecessor-version":[{"id":38220,"href":"https:\/\/www.correiobraziliense.com.br\/aqui\/wp-json\/wp\/v2\/posts\/38216\/revisions\/38220"}],"wp:featuredmedia":[{"embeddable":true,"href":"https:\/\/www.correiobraziliense.com.br\/aqui\/wp-json\/wp\/v2\/media\/28428"}],"wp:attachment":[{"href":"https:\/\/www.correiobraziliense.com.br\/aqui\/wp-json\/wp\/v2\/media?parent=38216"}],"wp:term":[{"taxonomy":"category","embeddable":true,"href":"https:\/\/www.correiobraziliense.com.br\/aqui\/wp-json\/wp\/v2\/categories?post=38216"},{"taxonomy":"post_tag","embeddable":true,"href":"https:\/\/www.correiobraziliense.com.br\/aqui\/wp-json\/wp\/v2\/tags?post=38216"}],"curies":[{"name":"wp","href":"https:\/\/api.w.org\/{rel}","templated":true}]}}