{"id":38226,"date":"2026-08-31T11:33:00","date_gmt":"2026-08-31T14:33:00","guid":{"rendered":"https:\/\/www.correiobraziliense.com.br\/aqui\/?p=38226"},"modified":"2026-08-31T09:34:36","modified_gmt":"2026-08-31T12:34:36","slug":"tempestade-e-apagao-veja-direitos-de-consumidores-de-energia","status":"publish","type":"post","link":"https:\/\/www.correiobraziliense.com.br\/aqui\/2026\/08\/31\/tempestade-e-apagao-veja-direitos-de-consumidores-de-energia\/","title":{"rendered":"Tempestade e apag\u00e3o: veja direitos de consumidores de energia"},"content":{"rendered":"\n<p>Com o alerta de tempestades severas na Regi\u00e3o Sul, a preocupa\u00e7\u00e3o com quedas de energia aumenta. Muitos consumidores n\u00e3o sabem, mas a interrup\u00e7\u00e3o do servi\u00e7o pode gerar o direito a indeniza\u00e7\u00f5es por danos em aparelhos el\u00e9tricos e at\u00e9 pela perda de alimentos que estavam na geladeira ou no freezer.<\/p>\n\n\n\n<p>As regras, estabelecidas pela Resolu\u00e7\u00e3o 1000\/2021 da Ag\u00eancia Nacional de Energia El\u00e9trica (Aneel), em vigor desde abril de 2022, obrigam as distribuidoras a ressarcir os consumidores por preju\u00edzos causados diretamente por <a href=\"https:\/\/www.correiobraziliense.com.br\/cidades-df\/2025\/11\/7292546-o-que-fazer-quando-a-queda-de-energia-danifica-eletrodomesticos.html\" target=\"_blank\" rel=\"noreferrer noopener\">falhas no fornecimento<\/a>. Entender como proceder \u00e9 fundamental para garantir esse direito.<\/p>\n\n\n\n<h2 class=\"wp-block-heading\">Aparelhos queimados: como pedir o ressarcimento?<\/h2>\n\n\n\n<p>Caso um <a href=\"https:\/\/www.correiobraziliense.com.br\/cidades-df\/2026\/08\/7487960-como-proteger-aparelhos-eletronicos-em-quedas-de-luz-em-brasilia.html\" target=\"_blank\" rel=\"noreferrer noopener\">eletrodom\u00e9stico queime<\/a> ap\u00f3s uma varia\u00e7\u00e3o de tens\u00e3o ou um <a href=\"https:\/\/www.correiobraziliense.com.br\/economia\/2025\/10\/7271374-silveira-diz-que-eletrobras-pode-ser-responsabilizada-por-apagao.html\" target=\"_blank\" rel=\"noreferrer noopener\">apag\u00e3o<\/a>, os consumidores t\u00eam at\u00e9 5 anos, a partir da data do ocorrido, para solicitar o ressarcimento \u00e0 <a href=\"https:\/\/www.correiobraziliense.com.br\/economia\/2026\/01\/7331068-lula-convoca-agu-e-cgu-e-intensifica-cobranca-por-resposta-da-enel-apos-apagoes-em-sp.html\" target=\"_blank\" rel=\"noreferrer noopener\">distribuidora de energia<\/a>. No entanto, \u00e9 recomend\u00e1vel fazer o pedido em at\u00e9 90 dias para ter acesso a um procedimento simplificado e mais r\u00e1pido.<\/p>\n\n\n\n<p>O contato pode ser feito por telefone, site oficial, aplicativo ou em um posto de atendimento presencial. \u00c9 fundamental anotar o n\u00famero de protocolo gerado, pois ele serve como comprovante do pedido.<\/p>\n\n\n\n<p>Para pedidos feitos dentro do prazo de 90 dias, a distribuidora tem 10 dias corridos para inspecionar o equipamento danificado \u2014 e o consumidor n\u00e3o deve consert\u00e1-lo antes dessa vistoria. Para itens de refrigera\u00e7\u00e3o, como geladeiras e freezers, o prazo para a inspe\u00e7\u00e3o \u00e9 de um dia corrido. Ap\u00f3s a vistoria, a companhia tem 15 dias para informar o resultado da an\u00e1lise. Se o pedido for aprovado, a distribuidora deve, em at\u00e9 20 dias corridos, consertar o aparelho, substitu\u00ed-lo por um novo ou pagar o valor correspondente em dinheiro.<\/p>\n\n\n\n<h2 class=\"wp-block-heading\">E os alimentos estragados na geladeira?<\/h2>\n\n\n\n<p>A responsabilidade da distribuidora tamb\u00e9m se estende a preju\u00edzos com alimentos que estragaram pela falta de refrigera\u00e7\u00e3o. O procedimento para solicitar o ressarcimento \u00e9 parecido com o de aparelhos danificados e deve ser feito no mesmo canal de atendimento.<\/p>\n\n\n\n<p>Neste caso, \u00e9 essencial produzir provas do preju\u00edzo. Os consumidores devem fotografar ou filmar os produtos perdidos antes de descart\u00e1-los e, se poss\u00edvel, guardar as notas fiscais das compras recentes. Essas evid\u00eancias s\u00e3o cruciais para comprovar o dano.<\/p>\n\n\n\n<p>A distribuidora s\u00f3 pode negar o pedido se comprovar que o problema n\u00e3o teve rela\u00e7\u00e3o com a rede el\u00e9trica, como um defeito na instala\u00e7\u00e3o interna do im\u00f3vel do cliente ou o uso incorreto do equipamento.<\/p>\n\n\n\n<p>Se a empresa negar o ressarcimento ou n\u00e3o cumprir os prazos, o consumidor pode registrar uma queixa no Procon de sua cidade. Outra alternativa \u00e9 recorrer ao Juizado Especial C\u00edvel para buscar a repara\u00e7\u00e3o do preju\u00edzo.<\/p>\n","protected":false},"excerpt":{"rendered":"<p>Entenda os deveres das distribuidoras el\u00e9tricas para indenizar preju\u00edzos com aparelhos queimados e alimentos perdidos em falhas prolongadas<\/p>\n","protected":false},"author":10,"featured_media":34847,"comment_status":"open","ping_status":"open","sticky":false,"template":"","format":"standard","meta":{"jnews-multi-image_gallery":[],"jnews_single_post":{"format":"standard"},"jnews_primary_category":[],"jnews_social_meta":[],"jnews_override_counter":[],"footnotes":""},"categories":[122],"tags":[241,3092,5179],"class_list":["post-38226","post","type-post","status-publish","format-standard","has-post-thumbnail","hentry","category-financas","tag-apagao","tag-direito","tag-tempestade"],"yoast_head":"<!-- This site is optimized with the Yoast SEO plugin v25.1 - https:\/\/yoast.com\/wordpress\/plugins\/seo\/ -->\n<title>Tempestade e apag\u00e3o: veja direitos de consumidores de energia - Correio Braziliense - Aqui<\/title>\n<meta name=\"description\" content=\"Entenda os deveres das distribuidoras el\u00e9tricas para indenizar preju\u00edzos com aparelhos queimados e alimentos perdidos de consumidores\" \/>\n<meta name=\"robots\" content=\"index, follow, max-snippet:-1, max-image-preview:large, max-video-preview:-1\" \/>\n<link rel=\"canonical\" href=\"https:\/\/www.correiobraziliense.com.br\/aqui\/2026\/08\/31\/tempestade-e-apagao-veja-direitos-de-consumidores-de-energia\/\" \/>\n<meta property=\"og:locale\" content=\"pt_BR\" \/>\n<meta property=\"og:type\" content=\"article\" \/>\n<meta property=\"og:title\" content=\"Tempestade e apag\u00e3o: veja direitos de consumidores de energia - Correio Braziliense - Aqui\" \/>\n<meta property=\"og:description\" content=\"Entenda os deveres das distribuidoras el\u00e9tricas para indenizar preju\u00edzos com aparelhos queimados e alimentos perdidos de consumidores\" \/>\n<meta property=\"og:url\" content=\"https:\/\/www.correiobraziliense.com.br\/aqui\/2026\/08\/31\/tempestade-e-apagao-veja-direitos-de-consumidores-de-energia\/\" \/>\n<meta property=\"og:site_name\" content=\"Correio Braziliense - Aqui\" \/>\n<meta property=\"article:published_time\" content=\"2026-08-31T14:33:00+00:00\" \/>\n<meta property=\"og:image\" content=\"https:\/\/www.correiobraziliense.com.br\/aqui\/wp-content\/uploads\/2026\/07\/tempestade_1784633031097.jpg\" \/>\n\t<meta property=\"og:image:width\" content=\"1280\" \/>\n\t<meta property=\"og:image:height\" content=\"720\" \/>\n\t<meta property=\"og:image:type\" content=\"image\/jpeg\" \/>\n<meta name=\"author\" content=\"Larissa\" \/>\n<meta name=\"twitter:card\" content=\"summary_large_image\" \/>\n<meta name=\"twitter:label1\" content=\"Escrito por\" \/>\n\t<meta name=\"twitter:data1\" content=\"Larissa\" \/>\n\t<meta name=\"twitter:label2\" content=\"Est. tempo de leitura\" \/>\n\t<meta name=\"twitter:data2\" content=\"3 minutos\" \/>\n<!-- \/ Yoast SEO plugin. -->","yoast_head_json":{"title":"Tempestade e apag\u00e3o: veja direitos de consumidores de energia - Correio Braziliense - Aqui","description":"Entenda os deveres das distribuidoras el\u00e9tricas para indenizar preju\u00edzos com aparelhos queimados e alimentos perdidos de consumidores","robots":{"index":"index","follow":"follow","max-snippet":"max-snippet:-1","max-image-preview":"max-image-preview:large","max-video-preview":"max-video-preview:-1"},"canonical":"https:\/\/www.correiobraziliense.com.br\/aqui\/2026\/08\/31\/tempestade-e-apagao-veja-direitos-de-consumidores-de-energia\/","og_locale":"pt_BR","og_type":"article","og_title":"Tempestade e apag\u00e3o: veja direitos de consumidores de energia - Correio Braziliense - Aqui","og_description":"Entenda os deveres das distribuidoras el\u00e9tricas para indenizar preju\u00edzos com aparelhos queimados e alimentos perdidos de consumidores","og_url":"https:\/\/www.correiobraziliense.com.br\/aqui\/2026\/08\/31\/tempestade-e-apagao-veja-direitos-de-consumidores-de-energia\/","og_site_name":"Correio Braziliense - Aqui","article_published_time":"2026-08-31T14:33:00+00:00","og_image":[{"width":1280,"height":720,"url":"https:\/\/www.correiobraziliense.com.br\/aqui\/wp-content\/uploads\/2026\/07\/tempestade_1784633031097.jpg","type":"image\/jpeg"}],"author":"Larissa","twitter_card":"summary_large_image","twitter_misc":{"Escrito por":"Larissa","Est. tempo de leitura":"3 minutos"},"schema":{"@context":"https:\/\/schema.org","@graph":[{"@type":"WebPage","@id":"https:\/\/www.correiobraziliense.com.br\/aqui\/2026\/08\/31\/tempestade-e-apagao-veja-direitos-de-consumidores-de-energia\/","url":"https:\/\/www.correiobraziliense.com.br\/aqui\/2026\/08\/31\/tempestade-e-apagao-veja-direitos-de-consumidores-de-energia\/","name":"Tempestade e apag\u00e3o: veja direitos de consumidores de energia - Correio Braziliense - Aqui","isPartOf":{"@id":"https:\/\/www.correiobraziliense.com.br\/aqui\/#website"},"primaryImageOfPage":{"@id":"https:\/\/www.correiobraziliense.com.br\/aqui\/2026\/08\/31\/tempestade-e-apagao-veja-direitos-de-consumidores-de-energia\/#primaryimage"},"image":{"@id":"https:\/\/www.correiobraziliense.com.br\/aqui\/2026\/08\/31\/tempestade-e-apagao-veja-direitos-de-consumidores-de-energia\/#primaryimage"},"thumbnailUrl":"https:\/\/www.correiobraziliense.com.br\/aqui\/wp-content\/uploads\/2026\/07\/tempestade_1784633031097.jpg","datePublished":"2026-08-31T14:33:00+00:00","author":{"@id":"https:\/\/www.correiobraziliense.com.br\/aqui\/#\/schema\/person\/775f50a8c1ac31704d56816e99b29041"},"description":"Entenda os deveres das distribuidoras el\u00e9tricas para indenizar preju\u00edzos com aparelhos queimados e alimentos perdidos de consumidores","breadcrumb":{"@id":"https:\/\/www.correiobraziliense.com.br\/aqui\/2026\/08\/31\/tempestade-e-apagao-veja-direitos-de-consumidores-de-energia\/#breadcrumb"},"inLanguage":"pt-BR","potentialAction":[{"@type":"ReadAction","target":["https:\/\/www.correiobraziliense.com.br\/aqui\/2026\/08\/31\/tempestade-e-apagao-veja-direitos-de-consumidores-de-energia\/"]}]},{"@type":"ImageObject","inLanguage":"pt-BR","@id":"https:\/\/www.correiobraziliense.com.br\/aqui\/2026\/08\/31\/tempestade-e-apagao-veja-direitos-de-consumidores-de-energia\/#primaryimage","url":"https:\/\/www.correiobraziliense.com.br\/aqui\/wp-content\/uploads\/2026\/07\/tempestade_1784633031097.jpg","contentUrl":"https:\/\/www.correiobraziliense.com.br\/aqui\/wp-content\/uploads\/2026\/07\/tempestade_1784633031097.jpg","width":1280,"height":720,"caption":"Cr\u00e9ditos: depositphotos.com \/ jcpjr1111"},{"@type":"BreadcrumbList","@id":"https:\/\/www.correiobraziliense.com.br\/aqui\/2026\/08\/31\/tempestade-e-apagao-veja-direitos-de-consumidores-de-energia\/#breadcrumb","itemListElement":[{"@type":"ListItem","position":1,"name":"In\u00edcio","item":"https:\/\/www.correiobraziliense.com.br\/aqui\/"},{"@type":"ListItem","position":2,"name":"Tempestade e apag\u00e3o: veja direitos de consumidores de energia"}]},{"@type":"WebSite","@id":"https:\/\/www.correiobraziliense.com.br\/aqui\/#website","url":"https:\/\/www.correiobraziliense.com.br\/aqui\/","name":"Correio Braziliense - Aqui","description":"O Correio Braziliense (CB) \u00e9 o mais importante canal de not\u00edcias de Bras\u00edlia. Aqui voc\u00ea encontra as \u00faltimas not\u00edcias do DF, do Brasil e do mundo.","potentialAction":[{"@type":"SearchAction","target":{"@type":"EntryPoint","urlTemplate":"https:\/\/www.correiobraziliense.com.br\/aqui\/?s={search_term_string}"},"query-input":{"@type":"PropertyValueSpecification","valueRequired":true,"valueName":"search_term_string"}}],"inLanguage":"pt-BR"},{"@type":"Person","@id":"https:\/\/www.correiobraziliense.com.br\/aqui\/#\/schema\/person\/775f50a8c1ac31704d56816e99b29041","name":"Larissa","image":{"@type":"ImageObject","inLanguage":"pt-BR","@id":"https:\/\/www.correiobraziliense.com.br\/aqui\/#\/schema\/person\/image\/","url":"https:\/\/secure.gravatar.com\/avatar\/62f5b2e99de671d075ab98e19f03c3c38c80a93f5d06f51075cf4431a4e76458?s=96&d=mm&r=g","contentUrl":"https:\/\/secure.gravatar.com\/avatar\/62f5b2e99de671d075ab98e19f03c3c38c80a93f5d06f51075cf4431a4e76458?s=96&d=mm&r=g","caption":"Larissa"},"url":"https:\/\/www.correiobraziliense.com.br\/aqui\/author\/larissaaqui\/"}]}},"_links":{"self":[{"href":"https:\/\/www.correiobraziliense.com.br\/aqui\/wp-json\/wp\/v2\/posts\/38226","targetHints":{"allow":["GET"]}}],"collection":[{"href":"https:\/\/www.correiobraziliense.com.br\/aqui\/wp-json\/wp\/v2\/posts"}],"about":[{"href":"https:\/\/www.correiobraziliense.com.br\/aqui\/wp-json\/wp\/v2\/types\/post"}],"author":[{"embeddable":true,"href":"https:\/\/www.correiobraziliense.com.br\/aqui\/wp-json\/wp\/v2\/users\/10"}],"replies":[{"embeddable":true,"href":"https:\/\/www.correiobraziliense.com.br\/aqui\/wp-json\/wp\/v2\/comments?post=38226"}],"version-history":[{"count":4,"href":"https:\/\/www.correiobraziliense.com.br\/aqui\/wp-json\/wp\/v2\/posts\/38226\/revisions"}],"predecessor-version":[{"id":38230,"href":"https:\/\/www.correiobraziliense.com.br\/aqui\/wp-json\/wp\/v2\/posts\/38226\/revisions\/38230"}],"wp:featuredmedia":[{"embeddable":true,"href":"https:\/\/www.correiobraziliense.com.br\/aqui\/wp-json\/wp\/v2\/media\/34847"}],"wp:attachment":[{"href":"https:\/\/www.correiobraziliense.com.br\/aqui\/wp-json\/wp\/v2\/media?parent=38226"}],"wp:term":[{"taxonomy":"category","embeddable":true,"href":"https:\/\/www.correiobraziliense.com.br\/aqui\/wp-json\/wp\/v2\/categories?post=38226"},{"taxonomy":"post_tag","embeddable":true,"href":"https:\/\/www.correiobraziliense.com.br\/aqui\/wp-json\/wp\/v2\/tags?post=38226"}],"curies":[{"name":"wp","href":"https:\/\/api.w.org\/{rel}","templated":true}]}}