{"id":38256,"date":"2026-08-31T15:30:00","date_gmt":"2026-08-31T18:30:00","guid":{"rendered":"https:\/\/www.correiobraziliense.com.br\/aqui\/?p=38256"},"modified":"2026-08-31T15:05:21","modified_gmt":"2026-08-31T18:05:21","slug":"o-impacto-do-choque-termico-e-do-calor-extremo-na-saude-do-corpo","status":"publish","type":"post","link":"https:\/\/www.correiobraziliense.com.br\/aqui\/2026\/08\/31\/o-impacto-do-choque-termico-e-do-calor-extremo-na-saude-do-corpo\/","title":{"rendered":"O impacto do choque t\u00e9rmico e do calor extremo na sa\u00fade do corpo"},"content":{"rendered":"\n<p>As altas temperaturas que atingiram diversas regi\u00f5es do Brasil no fim de agosto, com term\u00f4metros chegando a 45\u00b0C no Centro-Oeste e superando 40\u00b0C em outras \u00e1reas, d\u00e3o lugar \u00e0 chegada de uma frente fria. Essa mudan\u00e7a abrupta do calor extremo para o frio representa um desafio para o organismo e pode aumentar o risco de problemas de sa\u00fade, especialmente os respirat\u00f3rios.<\/p>\n\n\n\n<p>O calor extremo por si s\u00f3 j\u00e1 sobrecarrega o sistema cardiovascular. O corpo precisa trabalhar mais para manter a temperatura interna est\u00e1vel, o que leva \u00e0 dilata\u00e7\u00e3o dos vasos sangu\u00edneos e ao aumento da transpira\u00e7\u00e3o para liberar calor. Esse esfor\u00e7o cont\u00ednuo pode causar <a target=\"_blank\" rel=\"noreferrer noopener\" href=\"https:\/\/www.correiobraziliense.com.br\/revista-do-correio\/2026\/01\/7334342-calor-intenso-saiba-como-evitar-a-desidratacao-e-beber-mais-agua.html\">desidrata\u00e7\u00e3o<\/a>, cansa\u00e7o e at\u00e9 insola\u00e7\u00e3o.<\/p>\n\n\n\n<p>Quando a temperatura cai subitamente, o organismo precisa fazer o movimento contr\u00e1rio: contrair os vasos para conservar calor. Essa mudan\u00e7a r\u00e1pida pode deixar o sistema imunol\u00f3gico temporariamente mais vulner\u00e1vel a v\u00edrus e bact\u00e9rias que causam gripes, resfriados e outras doen\u00e7as respirat\u00f3rias.<\/p>\n\n\n\n<p>A mucosa do sistema respirat\u00f3rio, que funciona como uma barreira de prote\u00e7\u00e3o, tamb\u00e9m sofre com a varia\u00e7\u00e3o. O ar frio e seco pode ressec\u00e1-la, facilitando a entrada de microrganismos. O resultado \u00e9 um aumento nos casos de tosse, dor de garganta, coriza e crises de asma ou rinite para quem j\u00e1 tem predisposi\u00e7\u00e3o.<\/p>\n\n\n\n<h2 class=\"wp-block-heading\">Como se proteger das mudan\u00e7as de temperatura e do calor extremo<\/h2>\n\n\n\n<p>Adotar algumas medidas simples no dia a dia pode ajudar o organismo a se adaptar melhor e a evitar doen\u00e7as. A preven\u00e7\u00e3o \u00e9 a melhor forma de passar por esse per\u00edodo de instabilidade clim\u00e1tica sem preju\u00edzos \u00e0 sa\u00fade. Confira as principais recomenda\u00e7\u00f5es:<\/p>\n\n\n\n<ul class=\"wp-block-list\">\n<li><strong>Hidrata\u00e7\u00e3o constante:<\/strong> beba bastante \u00e1gua, mesmo em dias mais frios. A hidrata\u00e7\u00e3o \u00e9 fundamental para o bom funcionamento do sistema imunol\u00f3gico e para manter as vias a\u00e9reas \u00famidas.<\/li>\n\n\n\n<li><strong>Alimenta\u00e7\u00e3o leve:<\/strong> prefira refei\u00e7\u00f5es mais leves durante o calor. No frio, sopas e caldos ajudam a aquecer o corpo e a manter a hidrata\u00e7\u00e3o. Alimentos ricos em vitamina C, como laranja e lim\u00e3o, tamb\u00e9m fortalecem a imunidade.<\/li>\n\n\n\n<li><strong>Vestu\u00e1rio em camadas:<\/strong> use roupas que possam ser removidas ou adicionadas conforme a temperatura muda ao longo do dia. O chamado \u201cefeito cebola\u201d ajuda o corpo a se adaptar gradualmente \u00e0s varia\u00e7\u00f5es.<\/li>\n\n\n\n<li><strong>Evite ambientes fechados:<\/strong> especialmente em per\u00edodos de transi\u00e7\u00e3o clim\u00e1tica, locais com grande concentra\u00e7\u00e3o de pessoas facilitam a transmiss\u00e3o de v\u00edrus respirat\u00f3rios. Se poss\u00edvel, mantenha os ambientes sempre arejados, abrindo janelas e portas.<\/li>\n\n\n\n<li><strong>Aten\u00e7\u00e3o aos grupos de risco:<\/strong> crian\u00e7as e idosos s\u00e3o mais sens\u00edveis \u00e0s varia\u00e7\u00f5es de temperatura. \u00c9 importante garantir que estejam sempre bem agasalhados e hidratados, al\u00e9m de evitar exposi\u00e7\u00e3o desnecess\u00e1ria.<\/li>\n\n\n\n<li><strong>Procure ajuda m\u00e9dica:<\/strong> em caso de sintomas persistentes ou agravamento do quadro, n\u00e3o hesite em consultar um profissional de sa\u00fade.<\/li>\n<\/ul>\n","protected":false},"excerpt":{"rendered":"<p>Calor extremo e mudan\u00e7as bruscas de temperatura exigem aten\u00e7\u00e3o com a respira\u00e7\u00e3o; m\u00e9dicos explicam como evitar doen\u00e7as e proteger o organismo<\/p>\n","protected":false},"author":8,"featured_media":38257,"comment_status":"open","ping_status":"open","sticky":false,"template":"","format":"standard","meta":{"jnews-multi-image_gallery":[],"jnews_single_post":{"format":"standard"},"jnews_primary_category":[],"jnews_social_meta":[],"jnews_override_counter":[],"footnotes":""},"categories":[123],"tags":[6376,12457,6676,141],"class_list":["post-38256","post","type-post","status-publish","format-standard","has-post-thumbnail","hentry","category-saude","tag-calor-extremo","tag-choque-termico","tag-desidratacao","tag-saude"],"yoast_head":"<!-- This site is optimized with the Yoast SEO plugin v25.1 - https:\/\/yoast.com\/wordpress\/plugins\/seo\/ -->\n<title>O impacto do choque t\u00e9rmico e do calor extremo na sa\u00fade do corpo - Correio Braziliense - Aqui<\/title>\n<meta name=\"description\" content=\"Calor extremo e mudan\u00e7as bruscas de temperatura exigem aten\u00e7\u00e3o com a respira\u00e7\u00e3o; m\u00e9dicos explicam como evitar doen\u00e7as e proteger o organismo\" \/>\n<meta name=\"robots\" content=\"index, follow, max-snippet:-1, max-image-preview:large, max-video-preview:-1\" \/>\n<link rel=\"canonical\" href=\"https:\/\/www.correiobraziliense.com.br\/aqui\/2026\/08\/31\/o-impacto-do-choque-termico-e-do-calor-extremo-na-saude-do-corpo\/\" \/>\n<meta property=\"og:locale\" content=\"pt_BR\" \/>\n<meta property=\"og:type\" content=\"article\" \/>\n<meta property=\"og:title\" content=\"O impacto do choque t\u00e9rmico e do calor extremo na sa\u00fade do corpo - Correio Braziliense - Aqui\" \/>\n<meta property=\"og:description\" content=\"Calor extremo e mudan\u00e7as bruscas de temperatura exigem aten\u00e7\u00e3o com a respira\u00e7\u00e3o; m\u00e9dicos explicam como evitar doen\u00e7as e proteger o organismo\" \/>\n<meta property=\"og:url\" content=\"https:\/\/www.correiobraziliense.com.br\/aqui\/2026\/08\/31\/o-impacto-do-choque-termico-e-do-calor-extremo-na-saude-do-corpo\/\" \/>\n<meta property=\"og:site_name\" content=\"Correio Braziliense - Aqui\" \/>\n<meta property=\"article:published_time\" content=\"2026-08-31T18:30:00+00:00\" \/>\n<meta property=\"og:image\" content=\"https:\/\/www.correiobraziliense.com.br\/aqui\/wp-content\/uploads\/2026\/08\/calor-extremo_1788199265480.jpg\" \/>\n\t<meta property=\"og:image:width\" content=\"1280\" \/>\n\t<meta property=\"og:image:height\" content=\"720\" \/>\n\t<meta property=\"og:image:type\" content=\"image\/jpeg\" \/>\n<meta name=\"author\" content=\"Lara\" \/>\n<meta name=\"twitter:card\" content=\"summary_large_image\" \/>\n<meta name=\"twitter:label1\" content=\"Escrito por\" \/>\n\t<meta name=\"twitter:data1\" content=\"Lara\" \/>\n\t<meta name=\"twitter:label2\" content=\"Est. tempo de leitura\" \/>\n\t<meta name=\"twitter:data2\" content=\"3 minutos\" \/>\n<!-- \/ Yoast SEO plugin. -->","yoast_head_json":{"title":"O impacto do choque t\u00e9rmico e do calor extremo na sa\u00fade do corpo - Correio Braziliense - Aqui","description":"Calor extremo e mudan\u00e7as bruscas de temperatura exigem aten\u00e7\u00e3o com a respira\u00e7\u00e3o; m\u00e9dicos explicam como evitar doen\u00e7as e proteger o organismo","robots":{"index":"index","follow":"follow","max-snippet":"max-snippet:-1","max-image-preview":"max-image-preview:large","max-video-preview":"max-video-preview:-1"},"canonical":"https:\/\/www.correiobraziliense.com.br\/aqui\/2026\/08\/31\/o-impacto-do-choque-termico-e-do-calor-extremo-na-saude-do-corpo\/","og_locale":"pt_BR","og_type":"article","og_title":"O impacto do choque t\u00e9rmico e do calor extremo na sa\u00fade do corpo - Correio Braziliense - Aqui","og_description":"Calor extremo e mudan\u00e7as bruscas de temperatura exigem aten\u00e7\u00e3o com a respira\u00e7\u00e3o; m\u00e9dicos explicam como evitar doen\u00e7as e proteger o organismo","og_url":"https:\/\/www.correiobraziliense.com.br\/aqui\/2026\/08\/31\/o-impacto-do-choque-termico-e-do-calor-extremo-na-saude-do-corpo\/","og_site_name":"Correio Braziliense - Aqui","article_published_time":"2026-08-31T18:30:00+00:00","og_image":[{"width":1280,"height":720,"url":"https:\/\/www.correiobraziliense.com.br\/aqui\/wp-content\/uploads\/2026\/08\/calor-extremo_1788199265480.jpg","type":"image\/jpeg"}],"author":"Lara","twitter_card":"summary_large_image","twitter_misc":{"Escrito por":"Lara","Est. tempo de leitura":"3 minutos"},"schema":{"@context":"https:\/\/schema.org","@graph":[{"@type":"WebPage","@id":"https:\/\/www.correiobraziliense.com.br\/aqui\/2026\/08\/31\/o-impacto-do-choque-termico-e-do-calor-extremo-na-saude-do-corpo\/","url":"https:\/\/www.correiobraziliense.com.br\/aqui\/2026\/08\/31\/o-impacto-do-choque-termico-e-do-calor-extremo-na-saude-do-corpo\/","name":"O impacto do choque t\u00e9rmico e do calor extremo na sa\u00fade do corpo - Correio Braziliense - Aqui","isPartOf":{"@id":"https:\/\/www.correiobraziliense.com.br\/aqui\/#website"},"primaryImageOfPage":{"@id":"https:\/\/www.correiobraziliense.com.br\/aqui\/2026\/08\/31\/o-impacto-do-choque-termico-e-do-calor-extremo-na-saude-do-corpo\/#primaryimage"},"image":{"@id":"https:\/\/www.correiobraziliense.com.br\/aqui\/2026\/08\/31\/o-impacto-do-choque-termico-e-do-calor-extremo-na-saude-do-corpo\/#primaryimage"},"thumbnailUrl":"https:\/\/www.correiobraziliense.com.br\/aqui\/wp-content\/uploads\/2026\/08\/calor-extremo_1788199265480.jpg","datePublished":"2026-08-31T18:30:00+00:00","author":{"@id":"https:\/\/www.correiobraziliense.com.br\/aqui\/#\/schema\/person\/5d6e4d99fecc86ab1a7ed1a0369afb65"},"description":"Calor extremo e mudan\u00e7as bruscas de temperatura exigem aten\u00e7\u00e3o com a respira\u00e7\u00e3o; m\u00e9dicos explicam como evitar doen\u00e7as e proteger o organismo","breadcrumb":{"@id":"https:\/\/www.correiobraziliense.com.br\/aqui\/2026\/08\/31\/o-impacto-do-choque-termico-e-do-calor-extremo-na-saude-do-corpo\/#breadcrumb"},"inLanguage":"pt-BR","potentialAction":[{"@type":"ReadAction","target":["https:\/\/www.correiobraziliense.com.br\/aqui\/2026\/08\/31\/o-impacto-do-choque-termico-e-do-calor-extremo-na-saude-do-corpo\/"]}]},{"@type":"ImageObject","inLanguage":"pt-BR","@id":"https:\/\/www.correiobraziliense.com.br\/aqui\/2026\/08\/31\/o-impacto-do-choque-termico-e-do-calor-extremo-na-saude-do-corpo\/#primaryimage","url":"https:\/\/www.correiobraziliense.com.br\/aqui\/wp-content\/uploads\/2026\/08\/calor-extremo_1788199265480.jpg","contentUrl":"https:\/\/www.correiobraziliense.com.br\/aqui\/wp-content\/uploads\/2026\/08\/calor-extremo_1788199265480.jpg","width":1280,"height":720,"caption":"Cr\u00e9ditos: depositphotos.com \/ eliosdnepr@gmail.com"},{"@type":"BreadcrumbList","@id":"https:\/\/www.correiobraziliense.com.br\/aqui\/2026\/08\/31\/o-impacto-do-choque-termico-e-do-calor-extremo-na-saude-do-corpo\/#breadcrumb","itemListElement":[{"@type":"ListItem","position":1,"name":"In\u00edcio","item":"https:\/\/www.correiobraziliense.com.br\/aqui\/"},{"@type":"ListItem","position":2,"name":"O impacto do choque t\u00e9rmico e do calor extremo na sa\u00fade do corpo"}]},{"@type":"WebSite","@id":"https:\/\/www.correiobraziliense.com.br\/aqui\/#website","url":"https:\/\/www.correiobraziliense.com.br\/aqui\/","name":"Correio Braziliense - Aqui","description":"O Correio Braziliense (CB) \u00e9 o mais importante canal de not\u00edcias de Bras\u00edlia. Aqui voc\u00ea encontra as \u00faltimas not\u00edcias do DF, do Brasil e do mundo.","potentialAction":[{"@type":"SearchAction","target":{"@type":"EntryPoint","urlTemplate":"https:\/\/www.correiobraziliense.com.br\/aqui\/?s={search_term_string}"},"query-input":{"@type":"PropertyValueSpecification","valueRequired":true,"valueName":"search_term_string"}}],"inLanguage":"pt-BR"},{"@type":"Person","@id":"https:\/\/www.correiobraziliense.com.br\/aqui\/#\/schema\/person\/5d6e4d99fecc86ab1a7ed1a0369afb65","name":"Lara","image":{"@type":"ImageObject","inLanguage":"pt-BR","@id":"https:\/\/www.correiobraziliense.com.br\/aqui\/#\/schema\/person\/image\/","url":"https:\/\/secure.gravatar.com\/avatar\/57056c5c343a6d8a6669688d3d2c04916d9d280b352b6e50e66a8d39b2517e00?s=96&d=mm&r=g","contentUrl":"https:\/\/secure.gravatar.com\/avatar\/57056c5c343a6d8a6669688d3d2c04916d9d280b352b6e50e66a8d39b2517e00?s=96&d=mm&r=g","caption":"Lara"},"url":"https:\/\/www.correiobraziliense.com.br\/aqui\/author\/laraaqui\/"}]}},"_links":{"self":[{"href":"https:\/\/www.correiobraziliense.com.br\/aqui\/wp-json\/wp\/v2\/posts\/38256","targetHints":{"allow":["GET"]}}],"collection":[{"href":"https:\/\/www.correiobraziliense.com.br\/aqui\/wp-json\/wp\/v2\/posts"}],"about":[{"href":"https:\/\/www.correiobraziliense.com.br\/aqui\/wp-json\/wp\/v2\/types\/post"}],"author":[{"embeddable":true,"href":"https:\/\/www.correiobraziliense.com.br\/aqui\/wp-json\/wp\/v2\/users\/8"}],"replies":[{"embeddable":true,"href":"https:\/\/www.correiobraziliense.com.br\/aqui\/wp-json\/wp\/v2\/comments?post=38256"}],"version-history":[{"count":2,"href":"https:\/\/www.correiobraziliense.com.br\/aqui\/wp-json\/wp\/v2\/posts\/38256\/revisions"}],"predecessor-version":[{"id":38259,"href":"https:\/\/www.correiobraziliense.com.br\/aqui\/wp-json\/wp\/v2\/posts\/38256\/revisions\/38259"}],"wp:featuredmedia":[{"embeddable":true,"href":"https:\/\/www.correiobraziliense.com.br\/aqui\/wp-json\/wp\/v2\/media\/38257"}],"wp:attachment":[{"href":"https:\/\/www.correiobraziliense.com.br\/aqui\/wp-json\/wp\/v2\/media?parent=38256"}],"wp:term":[{"taxonomy":"category","embeddable":true,"href":"https:\/\/www.correiobraziliense.com.br\/aqui\/wp-json\/wp\/v2\/categories?post=38256"},{"taxonomy":"post_tag","embeddable":true,"href":"https:\/\/www.correiobraziliense.com.br\/aqui\/wp-json\/wp\/v2\/tags?post=38256"}],"curies":[{"name":"wp","href":"https:\/\/api.w.org\/{rel}","templated":true}]}}