{"id":38260,"date":"2026-08-31T15:55:00","date_gmt":"2026-08-31T18:55:00","guid":{"rendered":"https:\/\/www.correiobraziliense.com.br\/aqui\/?p=38260"},"modified":"2026-08-31T15:09:03","modified_gmt":"2026-08-31T18:09:03","slug":"como-combater-o-sedentarismo-com-quinze-minutos-diarios-de-exercicios-leves","status":"publish","type":"post","link":"https:\/\/www.correiobraziliense.com.br\/aqui\/2026\/08\/31\/como-combater-o-sedentarismo-com-quinze-minutos-diarios-de-exercicios-leves\/","title":{"rendered":"Como combater o sedentarismo com quinze minutos di\u00e1rios de exerc\u00edcios leves"},"content":{"rendered":"\n<p>Encaixar atividades f\u00edsicas na rotina corrida parece um grande desafio, mas a solu\u00e7\u00e3o para uma vida mais saud\u00e1vel pode estar em apenas quinze minutos di\u00e1rios. Pequenas pausas para exerc\u00edcios leves, realizadas de forma consistente, s\u00e3o suficientes para combater os efeitos nocivos do sedentarismo, protegendo o cora\u00e7\u00e3o e o corpo contra o desenvolvimento de doen\u00e7as cr\u00f4nicas.<\/p>\n\n\n\n<p>Passar longas horas sentado, seja no trabalho ou em casa, desacelera o metabolismo e aumenta os riscos de problemas como diabetes tipo 2, hipertens\u00e3o e <a href=\"https:\/\/www.correiobraziliense.com.br\/revista-do-correio\/2025\/12\/7305773-atividade-fisica-e-coracao-saudavel-7-mudancas-que-voce-pode-comecar-agora.html\" target=\"_blank\" rel=\"noreferrer noopener\">doen\u00e7as cardiovasculares<\/a>. O corpo humano foi projetado para o movimento, e a <a href=\"https:\/\/www.correiobraziliense.com.br\/revista-do-correio\/2025\/04\/7119862-5-dicas-para-sair-do-sedentarismo-e-tornar-o-exercicio-um-habito.html\" target=\"_blank\" rel=\"noreferrer noopener\">inatividade prolongada<\/a> envia sinais negativos para todo o organismo. A boa not\u00edcia \u00e9 que n\u00e3o s\u00e3o necess\u00e1rias horas na academia para reverter esse quadro de sedentarismo.<\/p>\n\n\n\n<p>O segredo est\u00e1 em quebrar os longos per\u00edodos de in\u00e9rcia. Quinze minutos de atividade leve, acumulados ao longo do dia, j\u00e1 promovem melhorias significativas na circula\u00e7\u00e3o sangu\u00ednea, no controle do a\u00e7\u00facar no sangue e na sa\u00fade das articula\u00e7\u00f5es. Embora a Organiza\u00e7\u00e3o Mundial da Sa\u00fade (OMS) recomende entre 150 e 300 minutos semanais de atividade moderada, estudos recentes mostram que come\u00e7ar com 15 minutos di\u00e1rios \u00e9 um excelente ponto de partida, especialmente para pessoas sedent\u00e1rias, trazendo benef\u00edcios reais \u00e0 sa\u00fade. Al\u00e9m disso, o h\u00e1bito de se movimentar libera endorfinas, que melhoram o humor e aumentam a disposi\u00e7\u00e3o.<\/p>\n\n\n\n<h2 class=\"wp-block-heading\">Como incluir 15 minutos de atividade no dia a dia e acabar com o sedentarismo<\/h2>\n\n\n\n<p>A chave para o sucesso \u00e9 a simplicidade. Integrar pequenas doses de movimento \u00e0 sua rotina \u00e9 mais f\u00e1cil do que parece. O importante \u00e9 encontrar atividades que se encaixem no seu cotidiano sem parecer uma obriga\u00e7\u00e3o. Confira algumas sugest\u00f5es pr\u00e1ticas:<\/p>\n\n\n\n<ul class=\"wp-block-list\">\n<li><strong>Caminhada leve:<\/strong> aproveite o hor\u00e1rio de almo\u00e7o ou o fim da tarde para uma caminhada de 15 minutos pelo quarteir\u00e3o. Se preferir, pode dividir esse tempo em tr\u00eas caminhadas curtas de cinco minutos ao longo do dia.<\/li>\n\n\n\n<li><strong>Suba escadas:<\/strong> sempre que poss\u00edvel, troque o elevador pelas escadas. Essa \u00e9 uma forma eficiente de exercitar pernas e cora\u00e7\u00e3o sem precisar de um planejamento complexo.<\/li>\n\n\n\n<li><strong>Alongamento no trabalho:<\/strong> a cada hora sentado, levante-se e fa\u00e7a alongamentos simples por tr\u00eas a cinco minutos. Movimente pesco\u00e7o, bra\u00e7os e pernas para reativar a circula\u00e7\u00e3o.<\/li>\n\n\n\n<li><strong>Exerc\u00edcios em casa:<\/strong> enquanto assiste \u00e0 televis\u00e3o ou espera o caf\u00e9 ficar pronto, fa\u00e7a alguns agachamentos, polichinelos ou levante os joelhos de forma alternada.<\/li>\n\n\n\n<li><strong>Dance:<\/strong> coloque sua m\u00fasica favorita e dance pela sala por alguns minutos. \u00c9 uma maneira divertida e eficaz de movimentar o corpo e aliviar o estresse.<\/li>\n<\/ul>\n\n\n\n<p>A consist\u00eancia \u00e9 mais importante que a intensidade. Ao adotar essas pequenas pausas ativas, voc\u00ea constr\u00f3i um h\u00e1bito poderoso. O efeito acumulado desses minutos di\u00e1rios resulta em uma melhora not\u00e1vel da sa\u00fade geral, provando que n\u00e3o \u00e9 preciso muito tempo para cuidar bem de si mesmo. Com o tempo, considere aumentar gradualmente a dura\u00e7\u00e3o dos exerc\u00edcios. Pessoas com condi\u00e7\u00f5es de sa\u00fade pr\u00e9-existentes devem consultar um profissional antes de iniciar qualquer rotina de atividades f\u00edsicas.<\/p>\n","protected":false},"excerpt":{"rendered":"<p>Combater o sedentarismo com pequenas pausas ativas na rotina ajuda a proteger o cora\u00e7\u00e3o e reduzir o risco de doen\u00e7as cr\u00f4nicas<\/p>\n","protected":false},"author":8,"featured_media":38262,"comment_status":"open","ping_status":"open","sticky":false,"template":"","format":"standard","meta":{"jnews-multi-image_gallery":[],"jnews_single_post":{"format":"standard"},"jnews_primary_category":[],"jnews_social_meta":[],"jnews_override_counter":[],"footnotes":""},"categories":[199],"tags":[140,7864,12459,2004],"class_list":["post-38260","post","type-post","status-publish","format-standard","has-post-thumbnail","hentry","category-bem-estar","tag-bem-estar","tag-como-combater","tag-exercicio-diario","tag-sedentarismo"],"yoast_head":"<!-- This site is optimized with the Yoast SEO plugin v25.1 - https:\/\/yoast.com\/wordpress\/plugins\/seo\/ -->\n<title>Como combater o sedentarismo com quinze minutos di\u00e1rios de exerc\u00edcios leves - Correio Braziliense - Aqui<\/title>\n<meta name=\"description\" content=\"Combater o sedentarismo com pequenas pausas ativas na rotina ajuda a proteger o cora\u00e7\u00e3o e reduzir o risco de doen\u00e7as cr\u00f4nicas\" \/>\n<meta name=\"robots\" content=\"index, follow, max-snippet:-1, max-image-preview:large, max-video-preview:-1\" \/>\n<link rel=\"canonical\" href=\"https:\/\/www.correiobraziliense.com.br\/aqui\/2026\/08\/31\/como-combater-o-sedentarismo-com-quinze-minutos-diarios-de-exercicios-leves\/\" \/>\n<meta property=\"og:locale\" content=\"pt_BR\" \/>\n<meta property=\"og:type\" content=\"article\" \/>\n<meta property=\"og:title\" content=\"Como combater o sedentarismo com quinze minutos di\u00e1rios de exerc\u00edcios leves - Correio Braziliense - Aqui\" \/>\n<meta property=\"og:description\" content=\"Combater o sedentarismo com pequenas pausas ativas na rotina ajuda a proteger o cora\u00e7\u00e3o e reduzir o risco de doen\u00e7as cr\u00f4nicas\" \/>\n<meta property=\"og:url\" content=\"https:\/\/www.correiobraziliense.com.br\/aqui\/2026\/08\/31\/como-combater-o-sedentarismo-com-quinze-minutos-diarios-de-exercicios-leves\/\" \/>\n<meta property=\"og:site_name\" content=\"Correio Braziliense - Aqui\" \/>\n<meta property=\"article:published_time\" content=\"2026-08-31T18:55:00+00:00\" \/>\n<meta property=\"og:image\" content=\"https:\/\/www.correiobraziliense.com.br\/aqui\/wp-content\/uploads\/2026\/08\/caminhada_1788199693325.jpg\" \/>\n\t<meta property=\"og:image:width\" content=\"1280\" \/>\n\t<meta property=\"og:image:height\" content=\"720\" \/>\n\t<meta property=\"og:image:type\" content=\"image\/jpeg\" \/>\n<meta name=\"author\" content=\"Lara\" \/>\n<meta name=\"twitter:card\" content=\"summary_large_image\" \/>\n<meta name=\"twitter:label1\" content=\"Escrito por\" \/>\n\t<meta name=\"twitter:data1\" content=\"Lara\" \/>\n\t<meta name=\"twitter:label2\" content=\"Est. tempo de leitura\" \/>\n\t<meta name=\"twitter:data2\" content=\"3 minutos\" \/>\n<!-- \/ Yoast SEO plugin. -->","yoast_head_json":{"title":"Como combater o sedentarismo com quinze minutos di\u00e1rios de exerc\u00edcios leves - Correio Braziliense - Aqui","description":"Combater o sedentarismo com pequenas pausas ativas na rotina ajuda a proteger o cora\u00e7\u00e3o e reduzir o risco de doen\u00e7as cr\u00f4nicas","robots":{"index":"index","follow":"follow","max-snippet":"max-snippet:-1","max-image-preview":"max-image-preview:large","max-video-preview":"max-video-preview:-1"},"canonical":"https:\/\/www.correiobraziliense.com.br\/aqui\/2026\/08\/31\/como-combater-o-sedentarismo-com-quinze-minutos-diarios-de-exercicios-leves\/","og_locale":"pt_BR","og_type":"article","og_title":"Como combater o sedentarismo com quinze minutos di\u00e1rios de exerc\u00edcios leves - Correio Braziliense - Aqui","og_description":"Combater o sedentarismo com pequenas pausas ativas na rotina ajuda a proteger o cora\u00e7\u00e3o e reduzir o risco de doen\u00e7as cr\u00f4nicas","og_url":"https:\/\/www.correiobraziliense.com.br\/aqui\/2026\/08\/31\/como-combater-o-sedentarismo-com-quinze-minutos-diarios-de-exercicios-leves\/","og_site_name":"Correio Braziliense - Aqui","article_published_time":"2026-08-31T18:55:00+00:00","og_image":[{"width":1280,"height":720,"url":"https:\/\/www.correiobraziliense.com.br\/aqui\/wp-content\/uploads\/2026\/08\/caminhada_1788199693325.jpg","type":"image\/jpeg"}],"author":"Lara","twitter_card":"summary_large_image","twitter_misc":{"Escrito por":"Lara","Est. tempo de leitura":"3 minutos"},"schema":{"@context":"https:\/\/schema.org","@graph":[{"@type":"WebPage","@id":"https:\/\/www.correiobraziliense.com.br\/aqui\/2026\/08\/31\/como-combater-o-sedentarismo-com-quinze-minutos-diarios-de-exercicios-leves\/","url":"https:\/\/www.correiobraziliense.com.br\/aqui\/2026\/08\/31\/como-combater-o-sedentarismo-com-quinze-minutos-diarios-de-exercicios-leves\/","name":"Como combater o sedentarismo com quinze minutos di\u00e1rios de exerc\u00edcios leves - Correio Braziliense - Aqui","isPartOf":{"@id":"https:\/\/www.correiobraziliense.com.br\/aqui\/#website"},"primaryImageOfPage":{"@id":"https:\/\/www.correiobraziliense.com.br\/aqui\/2026\/08\/31\/como-combater-o-sedentarismo-com-quinze-minutos-diarios-de-exercicios-leves\/#primaryimage"},"image":{"@id":"https:\/\/www.correiobraziliense.com.br\/aqui\/2026\/08\/31\/como-combater-o-sedentarismo-com-quinze-minutos-diarios-de-exercicios-leves\/#primaryimage"},"thumbnailUrl":"https:\/\/www.correiobraziliense.com.br\/aqui\/wp-content\/uploads\/2026\/08\/caminhada_1788199693325.jpg","datePublished":"2026-08-31T18:55:00+00:00","author":{"@id":"https:\/\/www.correiobraziliense.com.br\/aqui\/#\/schema\/person\/5d6e4d99fecc86ab1a7ed1a0369afb65"},"description":"Combater o sedentarismo com pequenas pausas ativas na rotina ajuda a proteger o cora\u00e7\u00e3o e reduzir o risco de doen\u00e7as cr\u00f4nicas","breadcrumb":{"@id":"https:\/\/www.correiobraziliense.com.br\/aqui\/2026\/08\/31\/como-combater-o-sedentarismo-com-quinze-minutos-diarios-de-exercicios-leves\/#breadcrumb"},"inLanguage":"pt-BR","potentialAction":[{"@type":"ReadAction","target":["https:\/\/www.correiobraziliense.com.br\/aqui\/2026\/08\/31\/como-combater-o-sedentarismo-com-quinze-minutos-diarios-de-exercicios-leves\/"]}]},{"@type":"ImageObject","inLanguage":"pt-BR","@id":"https:\/\/www.correiobraziliense.com.br\/aqui\/2026\/08\/31\/como-combater-o-sedentarismo-com-quinze-minutos-diarios-de-exercicios-leves\/#primaryimage","url":"https:\/\/www.correiobraziliense.com.br\/aqui\/wp-content\/uploads\/2026\/08\/caminhada_1788199693325.jpg","contentUrl":"https:\/\/www.correiobraziliense.com.br\/aqui\/wp-content\/uploads\/2026\/08\/caminhada_1788199693325.jpg","width":1280,"height":720,"caption":"Cr\u00e9ditos: depositphotos.com \/ SimpleFoto"},{"@type":"BreadcrumbList","@id":"https:\/\/www.correiobraziliense.com.br\/aqui\/2026\/08\/31\/como-combater-o-sedentarismo-com-quinze-minutos-diarios-de-exercicios-leves\/#breadcrumb","itemListElement":[{"@type":"ListItem","position":1,"name":"In\u00edcio","item":"https:\/\/www.correiobraziliense.com.br\/aqui\/"},{"@type":"ListItem","position":2,"name":"Como combater o sedentarismo com quinze minutos di\u00e1rios de exerc\u00edcios leves"}]},{"@type":"WebSite","@id":"https:\/\/www.correiobraziliense.com.br\/aqui\/#website","url":"https:\/\/www.correiobraziliense.com.br\/aqui\/","name":"Correio Braziliense - Aqui","description":"O Correio Braziliense (CB) \u00e9 o mais importante canal de not\u00edcias de Bras\u00edlia. Aqui voc\u00ea encontra as \u00faltimas not\u00edcias do DF, do Brasil e do mundo.","potentialAction":[{"@type":"SearchAction","target":{"@type":"EntryPoint","urlTemplate":"https:\/\/www.correiobraziliense.com.br\/aqui\/?s={search_term_string}"},"query-input":{"@type":"PropertyValueSpecification","valueRequired":true,"valueName":"search_term_string"}}],"inLanguage":"pt-BR"},{"@type":"Person","@id":"https:\/\/www.correiobraziliense.com.br\/aqui\/#\/schema\/person\/5d6e4d99fecc86ab1a7ed1a0369afb65","name":"Lara","image":{"@type":"ImageObject","inLanguage":"pt-BR","@id":"https:\/\/www.correiobraziliense.com.br\/aqui\/#\/schema\/person\/image\/","url":"https:\/\/secure.gravatar.com\/avatar\/57056c5c343a6d8a6669688d3d2c04916d9d280b352b6e50e66a8d39b2517e00?s=96&d=mm&r=g","contentUrl":"https:\/\/secure.gravatar.com\/avatar\/57056c5c343a6d8a6669688d3d2c04916d9d280b352b6e50e66a8d39b2517e00?s=96&d=mm&r=g","caption":"Lara"},"url":"https:\/\/www.correiobraziliense.com.br\/aqui\/author\/laraaqui\/"}]}},"_links":{"self":[{"href":"https:\/\/www.correiobraziliense.com.br\/aqui\/wp-json\/wp\/v2\/posts\/38260","targetHints":{"allow":["GET"]}}],"collection":[{"href":"https:\/\/www.correiobraziliense.com.br\/aqui\/wp-json\/wp\/v2\/posts"}],"about":[{"href":"https:\/\/www.correiobraziliense.com.br\/aqui\/wp-json\/wp\/v2\/types\/post"}],"author":[{"embeddable":true,"href":"https:\/\/www.correiobraziliense.com.br\/aqui\/wp-json\/wp\/v2\/users\/8"}],"replies":[{"embeddable":true,"href":"https:\/\/www.correiobraziliense.com.br\/aqui\/wp-json\/wp\/v2\/comments?post=38260"}],"version-history":[{"count":2,"href":"https:\/\/www.correiobraziliense.com.br\/aqui\/wp-json\/wp\/v2\/posts\/38260\/revisions"}],"predecessor-version":[{"id":38263,"href":"https:\/\/www.correiobraziliense.com.br\/aqui\/wp-json\/wp\/v2\/posts\/38260\/revisions\/38263"}],"wp:featuredmedia":[{"embeddable":true,"href":"https:\/\/www.correiobraziliense.com.br\/aqui\/wp-json\/wp\/v2\/media\/38262"}],"wp:attachment":[{"href":"https:\/\/www.correiobraziliense.com.br\/aqui\/wp-json\/wp\/v2\/media?parent=38260"}],"wp:term":[{"taxonomy":"category","embeddable":true,"href":"https:\/\/www.correiobraziliense.com.br\/aqui\/wp-json\/wp\/v2\/categories?post=38260"},{"taxonomy":"post_tag","embeddable":true,"href":"https:\/\/www.correiobraziliense.com.br\/aqui\/wp-json\/wp\/v2\/tags?post=38260"}],"curies":[{"name":"wp","href":"https:\/\/api.w.org\/{rel}","templated":true}]}}