{"id":38264,"date":"2026-08-31T16:29:00","date_gmt":"2026-08-31T19:29:00","guid":{"rendered":"https:\/\/www.correiobraziliense.com.br\/aqui\/?p=38264"},"modified":"2026-08-31T15:13:19","modified_gmt":"2026-08-31T18:13:19","slug":"erros-de-digitacao-frequentes-no-celular-podem-indicar-cansaco-mental","status":"publish","type":"post","link":"https:\/\/www.correiobraziliense.com.br\/aqui\/2026\/08\/31\/erros-de-digitacao-frequentes-no-celular-podem-indicar-cansaco-mental\/","title":{"rendered":"Erros de digita\u00e7\u00e3o frequentes no celular podem indicar cansa\u00e7o mental"},"content":{"rendered":"\n<p>Se voc\u00ea tem notado que seus dedos parecem travar no teclado do celular, trocando letras ou corrigindo palavras com uma frequ\u00eancia incomum, a culpa pode n\u00e3o ser do corretor autom\u00e1tico. Essa dificuldade crescente para digitar corretamente pode ser um sinal claro de que seu c\u00e9rebro est\u00e1 pedindo uma pausa. O fen\u00f4meno est\u00e1 diretamente ligado ao cansa\u00e7o mental, cada vez mais comum na era da hiperconex\u00e3o.<\/p>\n\n\n\n<p>Estudos sobre <a target=\"_blank\" rel=\"noreferrer noopener\" href=\"https:\/\/www.correiobraziliense.com.br\/revista-do-correio\/2025\/03\/7076147-4-dicas-para-combater-a-fadiga-digital.html\">fadiga cognitiva<\/a> apontam que o excesso de informa\u00e7\u00f5es e est\u00edmulos afeta diretamente a coordena\u00e7\u00e3o motora fina \u2014 a habilidade que usamos para tarefas de precis\u00e3o, como digitar em uma tela pequena. Quando o c\u00e9rebro est\u00e1 sobrecarregado, ele tem mais dificuldade para enviar os comandos exatos que os dedos precisam para acertar as teclas certas com velocidade e precis\u00e3o.<\/p>\n\n\n\n<p>O problema se intensifica com o <a target=\"_blank\" rel=\"noreferrer noopener\" href=\"https:\/\/www.correiobraziliense.com.br\/revista-do-correio\/2025\/12\/7304280-detox-digital-5-dicas-para-se-desconectar-e-cuidar-do-cerebro.html\">uso cont\u00ednuo de telas<\/a>. O fluxo constante de notifica\u00e7\u00f5es, a press\u00e3o para responder mensagens instantaneamente e o h\u00e1bito de alternar entre v\u00e1rios aplicativos criam um cen\u00e1rio de estresse cognitivo. Com isso, a capacidade de concentra\u00e7\u00e3o diminui, e os erros de digita\u00e7\u00e3o se tornam um sintoma f\u00edsico desse esgotamento.<\/p>\n\n\n\n<p>Reconhecer esse sinal \u00e9 o primeiro passo para adotar uma <a target=\"_blank\" rel=\"noreferrer noopener\" href=\"https:\/\/www.correiobraziliense.com.br\/revista-do-correio\/2025\/09\/7254007-7-habitos-simples-para-fortalecer-a-saude-mental-e-cerebral.html\">rotina mais saud\u00e1vel<\/a>. Com base em recomenda\u00e7\u00f5es de especialistas em sa\u00fade digital, pequenas mudan\u00e7as nos h\u00e1bitos di\u00e1rios podem fazer uma grande diferen\u00e7a na sua clareza mental e at\u00e9 na precis\u00e3o com que voc\u00ea digita suas mensagens.<\/p>\n\n\n\n<h2 class=\"wp-block-heading\">H\u00e1bitos para reduzir o cansa\u00e7o mental<\/h2>\n\n\n\n<p><strong>Fa\u00e7a pausas estrat\u00e9gicas:<\/strong> Afaste-se do celular por alguns minutos a cada hora. Olhe pela janela, alongue o corpo ou simplesmente feche os olhos. Essa pequena desconex\u00e3o ajuda a restaurar o foco e a aliviar a tens\u00e3o mental.<\/p>\n\n\n\n<p><strong>Pratique o foco \u00fanico:<\/strong> Evite responder mensagens enquanto assiste a um v\u00eddeo ou participa de uma reuni\u00e3o online. Dedicar-se a uma \u00fanica tarefa por vez reduz a <a target=\"_blank\" rel=\"noreferrer noopener\" href=\"https:\/\/www.correiobraziliense.com.br\/revista-do-correio\/2026\/07\/7448008-em-tempos-de-preguica-mental-medo-do-fracasso-em-meio-a-procrastinacao.html\">sobrecarga do c\u00e9rebro<\/a>, melhorando o desempenho em todas as atividades.<\/p>\n\n\n\n<p><strong>Gerencie suas notifica\u00e7\u00f5es:<\/strong> Desative os alertas de aplicativos n\u00e3o essenciais. Agrupar a checagem de e-mails e mensagens em hor\u00e1rios espec\u00edficos do dia devolve a voc\u00ea o controle sobre seu tempo e aten\u00e7\u00e3o, em vez de reagir constantemente aos est\u00edmulos do aparelho.<\/p>\n\n\n\n<p><strong>Adote atividades anal\u00f3gicas:<\/strong> Reserve um tempo para atividades que n\u00e3o envolvam telas. Ler um livro f\u00edsico, caminhar ao ar livre, cozinhar ou conversar com algu\u00e9m pessoalmente s\u00e3o formas eficazes de permitir que o c\u00e9rebro processe informa\u00e7\u00f5es de maneira diferente e descanse.<\/p>\n\n\n\n<p>\u00c9 importante ressaltar que, se os sintomas de cansa\u00e7o mental persistirem e afetarem significativamente sua qualidade de vida, \u00e9 recomend\u00e1vel procurar a ajuda de um profissional de sa\u00fade.<\/p>\n","protected":false},"excerpt":{"rendered":"<p>Entenda como o cansa\u00e7o mental pode afetar a digita\u00e7\u00e3o e confira dicas para reduzir a fadiga cognitiva e melhorar o desempenho<\/p>\n","protected":false},"author":8,"featured_media":38266,"comment_status":"open","ping_status":"open","sticky":false,"template":"","format":"standard","meta":{"jnews-multi-image_gallery":[],"jnews_single_post":{"format":"standard"},"jnews_primary_category":[],"jnews_social_meta":[],"jnews_override_counter":[],"footnotes":""},"categories":[123],"tags":[8801,12460,141,234],"class_list":["post-38264","post","type-post","status-publish","format-standard","has-post-thumbnail","hentry","category-saude","tag-cansaco-mental","tag-erros-de-digitacao","tag-saude","tag-saude-mental"],"yoast_head":"<!-- This site is optimized with the Yoast SEO plugin v25.1 - https:\/\/yoast.com\/wordpress\/plugins\/seo\/ -->\n<title>Erros de digita\u00e7\u00e3o frequentes no celular podem indicar cansa\u00e7o mental - Correio Braziliense - Aqui<\/title>\n<meta name=\"description\" content=\"Entenda como o cansa\u00e7o mental pode afetar a digita\u00e7\u00e3o e confira dicas para reduzir a fadiga cognitiva e melhorar o desempenho\" \/>\n<meta name=\"robots\" content=\"index, follow, max-snippet:-1, max-image-preview:large, max-video-preview:-1\" \/>\n<link rel=\"canonical\" href=\"https:\/\/www.correiobraziliense.com.br\/aqui\/2026\/08\/31\/erros-de-digitacao-frequentes-no-celular-podem-indicar-cansaco-mental\/\" \/>\n<meta property=\"og:locale\" content=\"pt_BR\" \/>\n<meta property=\"og:type\" content=\"article\" \/>\n<meta property=\"og:title\" content=\"Erros de digita\u00e7\u00e3o frequentes no celular podem indicar cansa\u00e7o mental - Correio Braziliense - Aqui\" \/>\n<meta property=\"og:description\" content=\"Entenda como o cansa\u00e7o mental pode afetar a digita\u00e7\u00e3o e confira dicas para reduzir a fadiga cognitiva e melhorar o desempenho\" \/>\n<meta property=\"og:url\" content=\"https:\/\/www.correiobraziliense.com.br\/aqui\/2026\/08\/31\/erros-de-digitacao-frequentes-no-celular-podem-indicar-cansaco-mental\/\" \/>\n<meta property=\"og:site_name\" content=\"Correio Braziliense - Aqui\" \/>\n<meta property=\"article:published_time\" content=\"2026-08-31T19:29:00+00:00\" \/>\n<meta property=\"og:image\" content=\"https:\/\/www.correiobraziliense.com.br\/aqui\/wp-content\/uploads\/2026\/08\/digitacao-celular_1788199862368.jpg\" \/>\n\t<meta property=\"og:image:width\" content=\"1280\" \/>\n\t<meta property=\"og:image:height\" content=\"720\" \/>\n\t<meta property=\"og:image:type\" content=\"image\/jpeg\" \/>\n<meta name=\"author\" content=\"Lara\" \/>\n<meta name=\"twitter:card\" content=\"summary_large_image\" \/>\n<meta name=\"twitter:label1\" content=\"Escrito por\" \/>\n\t<meta name=\"twitter:data1\" content=\"Lara\" \/>\n\t<meta name=\"twitter:label2\" content=\"Est. tempo de leitura\" \/>\n\t<meta name=\"twitter:data2\" content=\"3 minutos\" \/>\n<!-- \/ Yoast SEO plugin. -->","yoast_head_json":{"title":"Erros de digita\u00e7\u00e3o frequentes no celular podem indicar cansa\u00e7o mental - Correio Braziliense - Aqui","description":"Entenda como o cansa\u00e7o mental pode afetar a digita\u00e7\u00e3o e confira dicas para reduzir a fadiga cognitiva e melhorar o desempenho","robots":{"index":"index","follow":"follow","max-snippet":"max-snippet:-1","max-image-preview":"max-image-preview:large","max-video-preview":"max-video-preview:-1"},"canonical":"https:\/\/www.correiobraziliense.com.br\/aqui\/2026\/08\/31\/erros-de-digitacao-frequentes-no-celular-podem-indicar-cansaco-mental\/","og_locale":"pt_BR","og_type":"article","og_title":"Erros de digita\u00e7\u00e3o frequentes no celular podem indicar cansa\u00e7o mental - Correio Braziliense - Aqui","og_description":"Entenda como o cansa\u00e7o mental pode afetar a digita\u00e7\u00e3o e confira dicas para reduzir a fadiga cognitiva e melhorar o desempenho","og_url":"https:\/\/www.correiobraziliense.com.br\/aqui\/2026\/08\/31\/erros-de-digitacao-frequentes-no-celular-podem-indicar-cansaco-mental\/","og_site_name":"Correio Braziliense - Aqui","article_published_time":"2026-08-31T19:29:00+00:00","og_image":[{"width":1280,"height":720,"url":"https:\/\/www.correiobraziliense.com.br\/aqui\/wp-content\/uploads\/2026\/08\/digitacao-celular_1788199862368.jpg","type":"image\/jpeg"}],"author":"Lara","twitter_card":"summary_large_image","twitter_misc":{"Escrito por":"Lara","Est. tempo de leitura":"3 minutos"},"schema":{"@context":"https:\/\/schema.org","@graph":[{"@type":"WebPage","@id":"https:\/\/www.correiobraziliense.com.br\/aqui\/2026\/08\/31\/erros-de-digitacao-frequentes-no-celular-podem-indicar-cansaco-mental\/","url":"https:\/\/www.correiobraziliense.com.br\/aqui\/2026\/08\/31\/erros-de-digitacao-frequentes-no-celular-podem-indicar-cansaco-mental\/","name":"Erros de digita\u00e7\u00e3o frequentes no celular podem indicar cansa\u00e7o mental - Correio Braziliense - Aqui","isPartOf":{"@id":"https:\/\/www.correiobraziliense.com.br\/aqui\/#website"},"primaryImageOfPage":{"@id":"https:\/\/www.correiobraziliense.com.br\/aqui\/2026\/08\/31\/erros-de-digitacao-frequentes-no-celular-podem-indicar-cansaco-mental\/#primaryimage"},"image":{"@id":"https:\/\/www.correiobraziliense.com.br\/aqui\/2026\/08\/31\/erros-de-digitacao-frequentes-no-celular-podem-indicar-cansaco-mental\/#primaryimage"},"thumbnailUrl":"https:\/\/www.correiobraziliense.com.br\/aqui\/wp-content\/uploads\/2026\/08\/digitacao-celular_1788199862368.jpg","datePublished":"2026-08-31T19:29:00+00:00","author":{"@id":"https:\/\/www.correiobraziliense.com.br\/aqui\/#\/schema\/person\/5d6e4d99fecc86ab1a7ed1a0369afb65"},"description":"Entenda como o cansa\u00e7o mental pode afetar a digita\u00e7\u00e3o e confira dicas para reduzir a fadiga cognitiva e melhorar o desempenho","breadcrumb":{"@id":"https:\/\/www.correiobraziliense.com.br\/aqui\/2026\/08\/31\/erros-de-digitacao-frequentes-no-celular-podem-indicar-cansaco-mental\/#breadcrumb"},"inLanguage":"pt-BR","potentialAction":[{"@type":"ReadAction","target":["https:\/\/www.correiobraziliense.com.br\/aqui\/2026\/08\/31\/erros-de-digitacao-frequentes-no-celular-podem-indicar-cansaco-mental\/"]}]},{"@type":"ImageObject","inLanguage":"pt-BR","@id":"https:\/\/www.correiobraziliense.com.br\/aqui\/2026\/08\/31\/erros-de-digitacao-frequentes-no-celular-podem-indicar-cansaco-mental\/#primaryimage","url":"https:\/\/www.correiobraziliense.com.br\/aqui\/wp-content\/uploads\/2026\/08\/digitacao-celular_1788199862368.jpg","contentUrl":"https:\/\/www.correiobraziliense.com.br\/aqui\/wp-content\/uploads\/2026\/08\/digitacao-celular_1788199862368.jpg","width":1280,"height":720,"caption":"Cr\u00e9ditos: depositphotos.com \/ undrey"},{"@type":"BreadcrumbList","@id":"https:\/\/www.correiobraziliense.com.br\/aqui\/2026\/08\/31\/erros-de-digitacao-frequentes-no-celular-podem-indicar-cansaco-mental\/#breadcrumb","itemListElement":[{"@type":"ListItem","position":1,"name":"In\u00edcio","item":"https:\/\/www.correiobraziliense.com.br\/aqui\/"},{"@type":"ListItem","position":2,"name":"Erros de digita\u00e7\u00e3o frequentes no celular podem indicar cansa\u00e7o mental"}]},{"@type":"WebSite","@id":"https:\/\/www.correiobraziliense.com.br\/aqui\/#website","url":"https:\/\/www.correiobraziliense.com.br\/aqui\/","name":"Correio Braziliense - Aqui","description":"O Correio Braziliense (CB) \u00e9 o mais importante canal de not\u00edcias de Bras\u00edlia. Aqui voc\u00ea encontra as \u00faltimas not\u00edcias do DF, do Brasil e do mundo.","potentialAction":[{"@type":"SearchAction","target":{"@type":"EntryPoint","urlTemplate":"https:\/\/www.correiobraziliense.com.br\/aqui\/?s={search_term_string}"},"query-input":{"@type":"PropertyValueSpecification","valueRequired":true,"valueName":"search_term_string"}}],"inLanguage":"pt-BR"},{"@type":"Person","@id":"https:\/\/www.correiobraziliense.com.br\/aqui\/#\/schema\/person\/5d6e4d99fecc86ab1a7ed1a0369afb65","name":"Lara","image":{"@type":"ImageObject","inLanguage":"pt-BR","@id":"https:\/\/www.correiobraziliense.com.br\/aqui\/#\/schema\/person\/image\/","url":"https:\/\/secure.gravatar.com\/avatar\/57056c5c343a6d8a6669688d3d2c04916d9d280b352b6e50e66a8d39b2517e00?s=96&d=mm&r=g","contentUrl":"https:\/\/secure.gravatar.com\/avatar\/57056c5c343a6d8a6669688d3d2c04916d9d280b352b6e50e66a8d39b2517e00?s=96&d=mm&r=g","caption":"Lara"},"url":"https:\/\/www.correiobraziliense.com.br\/aqui\/author\/laraaqui\/"}]}},"_links":{"self":[{"href":"https:\/\/www.correiobraziliense.com.br\/aqui\/wp-json\/wp\/v2\/posts\/38264","targetHints":{"allow":["GET"]}}],"collection":[{"href":"https:\/\/www.correiobraziliense.com.br\/aqui\/wp-json\/wp\/v2\/posts"}],"about":[{"href":"https:\/\/www.correiobraziliense.com.br\/aqui\/wp-json\/wp\/v2\/types\/post"}],"author":[{"embeddable":true,"href":"https:\/\/www.correiobraziliense.com.br\/aqui\/wp-json\/wp\/v2\/users\/8"}],"replies":[{"embeddable":true,"href":"https:\/\/www.correiobraziliense.com.br\/aqui\/wp-json\/wp\/v2\/comments?post=38264"}],"version-history":[{"count":2,"href":"https:\/\/www.correiobraziliense.com.br\/aqui\/wp-json\/wp\/v2\/posts\/38264\/revisions"}],"predecessor-version":[{"id":38267,"href":"https:\/\/www.correiobraziliense.com.br\/aqui\/wp-json\/wp\/v2\/posts\/38264\/revisions\/38267"}],"wp:featuredmedia":[{"embeddable":true,"href":"https:\/\/www.correiobraziliense.com.br\/aqui\/wp-json\/wp\/v2\/media\/38266"}],"wp:attachment":[{"href":"https:\/\/www.correiobraziliense.com.br\/aqui\/wp-json\/wp\/v2\/media?parent=38264"}],"wp:term":[{"taxonomy":"category","embeddable":true,"href":"https:\/\/www.correiobraziliense.com.br\/aqui\/wp-json\/wp\/v2\/categories?post=38264"},{"taxonomy":"post_tag","embeddable":true,"href":"https:\/\/www.correiobraziliense.com.br\/aqui\/wp-json\/wp\/v2\/tags?post=38264"}],"curies":[{"name":"wp","href":"https:\/\/api.w.org\/{rel}","templated":true}]}}