{"id":38268,"date":"2026-08-31T16:53:00","date_gmt":"2026-08-31T19:53:00","guid":{"rendered":"https:\/\/www.correiobraziliense.com.br\/aqui\/?p=38268"},"modified":"2026-08-31T15:17:38","modified_gmt":"2026-08-31T18:17:38","slug":"sementes-de-chia-abobora-e-girassol-como-inclui-las-na-dieta-para-melhorar-a-saude","status":"publish","type":"post","link":"https:\/\/www.correiobraziliense.com.br\/aqui\/2026\/08\/31\/sementes-de-chia-abobora-e-girassol-como-inclui-las-na-dieta-para-melhorar-a-saude\/","title":{"rendered":"Sementes de chia, ab\u00f3bora e girassol: como inclu\u00ed-las na dieta para melhorar a sa\u00fade"},"content":{"rendered":"\n<p>Pequenas no tamanho, mas gigantes em nutrientes, as sementes de chia, ab\u00f3bora e girassol ganharam espa\u00e7o na alimenta\u00e7\u00e3o di\u00e1ria de quem busca mais sa\u00fade e energia. Elas s\u00e3o fontes concentradas de fibras, prote\u00ednas, gorduras saud\u00e1veis, vitaminas e minerais, essenciais para o bom funcionamento do corpo. Incluir esses alimentos na rotina \u00e9 uma forma simples e pr\u00e1tica de enriquecer a dieta.<\/p>\n\n\n\n<p>Cada semente oferece um conjunto \u00fanico de benef\u00edcios, tornando a combina\u00e7\u00e3o delas uma estrat\u00e9gia inteligente para obter uma gama variada de nutrientes. O consumo regular pode auxiliar no controle do peso, na sa\u00fade do cora\u00e7\u00e3o e no funcionamento do intestino. O segredo est\u00e1 em entender o que cada uma oferece e como aproveit\u00e1-las ao m\u00e1ximo no dia a dia.<\/p>\n\n\n\n<p><strong>Semente de chia: hidrata\u00e7\u00e3o e fibras<\/strong><\/p>\n\n\n\n<p>A chia \u00e9 famosa por sua <a target=\"_blank\" rel=\"noreferrer noopener\" href=\"https:\/\/www.correiobraziliense.com.br\/revista-do-correio\/2025\/11\/7297435-10-beneficios-poderosos-da-chia-para-a-saude.html\">alta concentra\u00e7\u00e3o de fibras sol\u00faveis<\/a>. Em contato com l\u00edquidos, ela forma um gel que ajuda a prolongar a sensa\u00e7\u00e3o de saciedade, auxiliando no controle do apetite. Essa caracter\u00edstica tamb\u00e9m contribui para regular o tr\u00e2nsito intestinal e manter a hidrata\u00e7\u00e3o do corpo.<\/p>\n\n\n\n<p>Al\u00e9m disso, a semente \u00e9 uma das principais fontes vegetais de \u00f4mega 3, um \u00e1cido graxo com potente a\u00e7\u00e3o anti-inflamat\u00f3ria, que protege a sa\u00fade do c\u00e9rebro e do cora\u00e7\u00e3o. \u00c9 tamb\u00e9m rica em c\u00e1lcio, fundamental para a sa\u00fade dos ossos.<\/p>\n\n\n\n<p><strong>Semente de ab\u00f3bora: magn\u00e9sio e prote\u00edna<\/strong><\/p>\n\n\n\n<p>Torrada e levemente salgada, a <a target=\"_blank\" rel=\"noreferrer noopener\" href=\"https:\/\/www.correiobraziliense.com.br\/revista-do-correio\/2025\/10\/7261662-5-beneficios-da-semente-de-abobora-para-a-saude-e-como-usa-la.html\">semente de ab\u00f3bora<\/a> \u00e9 um lanche nutritivo e saboroso. Ela se destaca pela grande quantidade de magn\u00e9sio, um mineral vital para mais de 300 rea\u00e7\u00f5es bioqu\u00edmicas no corpo, incluindo a contra\u00e7\u00e3o muscular, o controle da press\u00e3o arterial e a regula\u00e7\u00e3o do humor.<\/p>\n\n\n\n<p>\u00c9 tamb\u00e9m uma excelente fonte de prote\u00edna vegetal e de zinco, mineral importante para o fortalecimento do sistema imunol\u00f3gico. Seu consumo regular pode ajudar a melhorar a qualidade do sono e a sa\u00fade da pr\u00f3stata.<\/p>\n\n\n\n<p><strong>Semente de girassol: vitamina E e gorduras boas<\/strong><\/p>\n\n\n\n<p>A semente de girassol \u00e9 uma das melhores fontes de vitamina E, um poderoso antioxidante que combate os danos causados pelos radicais livres e protege as c\u00e9lulas do corpo. Essa vitamina \u00e9 essencial para a sa\u00fade da pele e para o sistema de defesa do organismo.<\/p>\n\n\n\n<p>Ela tamb\u00e9m \u00e9 rica em gorduras mono e poli-insaturadas, consideradas gorduras \u201cboas\u201d, que ajudam a reduzir os n\u00edveis de colesterol ruim (LDL) e a proteger o cora\u00e7\u00e3o. Seu teor de sel\u00eanio tamb\u00e9m contribui para o bom funcionamento da tireoide.<\/p>\n\n\n\n<h2 class=\"wp-block-heading\">Como incluir as sementes de chia, ab\u00f3bora e girassol na rotina<\/h2>\n\n\n\n<p>A versatilidade \u00e9 o ponto forte desses alimentos. Para aproveitar seus benef\u00edcios, n\u00e3o \u00e9 preciso criar receitas complexas. Pequenas mudan\u00e7as nos <a target=\"_blank\" rel=\"noreferrer noopener\" href=\"https:\/\/www.correiobraziliense.com.br\/revista-do-correio\/2026\/07\/7456945-8-receitas-com-chia-para-ajudar-no-emagrecimento-de-forma-saudavel.html\">h\u00e1bitos di\u00e1rios<\/a> j\u00e1 fazem a diferen\u00e7a.<\/p>\n\n\n\n<ul class=\"wp-block-list\">\n<li><strong>Em saladas e sopas:<\/strong> uma colher de sopa adiciona croc\u00e2ncia e nutrientes sem alterar o sabor principal.<\/li>\n\n\n\n<li><strong>Com iogurtes e frutas:<\/strong> a combina\u00e7\u00e3o enriquece o caf\u00e9 da manh\u00e3 ou lanche, aumentando a saciedade.<\/li>\n\n\n\n<li><strong>Em vitaminas e sucos:<\/strong> basta bater junto com os outros ingredientes para potencializar o valor nutritivo da bebida.<\/li>\n\n\n\n<li><strong>Em massas de p\u00e3es e bolos:<\/strong> as sementes podem ser incorporadas diretamente na receita antes de assar.<\/li>\n<\/ul>\n","protected":false},"excerpt":{"rendered":"<p>Sementes de chia, ab\u00f3bora e girassol oferecem nutrientes importantes; veja os benef\u00edcios de inclu\u00ed-las na alimenta\u00e7\u00e3o e como consumi-las<\/p>\n","protected":false},"author":8,"featured_media":38269,"comment_status":"open","ping_status":"open","sticky":false,"template":"","format":"standard","meta":{"jnews-multi-image_gallery":[],"jnews_single_post":{"format":"standard"},"jnews_primary_category":[],"jnews_social_meta":[],"jnews_override_counter":[],"footnotes":""},"categories":[123],"tags":[442,714,141,3525,12461,12462],"class_list":["post-38268","post","type-post","status-publish","format-standard","has-post-thumbnail","hentry","category-saude","tag-alimentacao-saudavel","tag-dieta","tag-saude","tag-sementes-de-abobora","tag-sementes-de-chia","tag-sementes-de-girassol"],"yoast_head":"<!-- This site is optimized with the Yoast SEO plugin v25.1 - https:\/\/yoast.com\/wordpress\/plugins\/seo\/ -->\n<title>Sementes de chia, ab\u00f3bora e girassol: como inclu\u00ed-las na dieta para melhorar a sa\u00fade - Correio Braziliense - Aqui<\/title>\n<meta name=\"description\" content=\"Sementes de chia, ab\u00f3bora e girassol oferecem nutrientes importantes; veja os benef\u00edcios de inclu\u00ed-las na alimenta\u00e7\u00e3o e como consumi-las\" \/>\n<meta name=\"robots\" content=\"index, follow, max-snippet:-1, max-image-preview:large, max-video-preview:-1\" \/>\n<link rel=\"canonical\" href=\"https:\/\/www.correiobraziliense.com.br\/aqui\/2026\/08\/31\/sementes-de-chia-abobora-e-girassol-como-inclui-las-na-dieta-para-melhorar-a-saude\/\" \/>\n<meta property=\"og:locale\" content=\"pt_BR\" \/>\n<meta property=\"og:type\" content=\"article\" \/>\n<meta property=\"og:title\" content=\"Sementes de chia, ab\u00f3bora e girassol: como inclu\u00ed-las na dieta para melhorar a sa\u00fade - Correio Braziliense - Aqui\" \/>\n<meta property=\"og:description\" content=\"Sementes de chia, ab\u00f3bora e girassol oferecem nutrientes importantes; veja os benef\u00edcios de inclu\u00ed-las na alimenta\u00e7\u00e3o e como consumi-las\" \/>\n<meta property=\"og:url\" content=\"https:\/\/www.correiobraziliense.com.br\/aqui\/2026\/08\/31\/sementes-de-chia-abobora-e-girassol-como-inclui-las-na-dieta-para-melhorar-a-saude\/\" \/>\n<meta property=\"og:site_name\" content=\"Correio Braziliense - Aqui\" \/>\n<meta property=\"article:published_time\" content=\"2026-08-31T19:53:00+00:00\" \/>\n<meta property=\"og:image\" content=\"https:\/\/www.correiobraziliense.com.br\/aqui\/wp-content\/uploads\/2026\/08\/Sementes-de-chia_1788200113120.jpg\" \/>\n\t<meta property=\"og:image:width\" content=\"1280\" \/>\n\t<meta property=\"og:image:height\" content=\"720\" \/>\n\t<meta property=\"og:image:type\" content=\"image\/jpeg\" \/>\n<meta name=\"author\" content=\"Lara\" \/>\n<meta name=\"twitter:card\" content=\"summary_large_image\" \/>\n<meta name=\"twitter:label1\" content=\"Escrito por\" \/>\n\t<meta name=\"twitter:data1\" content=\"Lara\" \/>\n\t<meta name=\"twitter:label2\" content=\"Est. tempo de leitura\" \/>\n\t<meta name=\"twitter:data2\" content=\"3 minutos\" \/>\n<!-- \/ Yoast SEO plugin. -->","yoast_head_json":{"title":"Sementes de chia, ab\u00f3bora e girassol: como inclu\u00ed-las na dieta para melhorar a sa\u00fade - Correio Braziliense - Aqui","description":"Sementes de chia, ab\u00f3bora e girassol oferecem nutrientes importantes; veja os benef\u00edcios de inclu\u00ed-las na alimenta\u00e7\u00e3o e como consumi-las","robots":{"index":"index","follow":"follow","max-snippet":"max-snippet:-1","max-image-preview":"max-image-preview:large","max-video-preview":"max-video-preview:-1"},"canonical":"https:\/\/www.correiobraziliense.com.br\/aqui\/2026\/08\/31\/sementes-de-chia-abobora-e-girassol-como-inclui-las-na-dieta-para-melhorar-a-saude\/","og_locale":"pt_BR","og_type":"article","og_title":"Sementes de chia, ab\u00f3bora e girassol: como inclu\u00ed-las na dieta para melhorar a sa\u00fade - Correio Braziliense - Aqui","og_description":"Sementes de chia, ab\u00f3bora e girassol oferecem nutrientes importantes; veja os benef\u00edcios de inclu\u00ed-las na alimenta\u00e7\u00e3o e como consumi-las","og_url":"https:\/\/www.correiobraziliense.com.br\/aqui\/2026\/08\/31\/sementes-de-chia-abobora-e-girassol-como-inclui-las-na-dieta-para-melhorar-a-saude\/","og_site_name":"Correio Braziliense - Aqui","article_published_time":"2026-08-31T19:53:00+00:00","og_image":[{"width":1280,"height":720,"url":"https:\/\/www.correiobraziliense.com.br\/aqui\/wp-content\/uploads\/2026\/08\/Sementes-de-chia_1788200113120.jpg","type":"image\/jpeg"}],"author":"Lara","twitter_card":"summary_large_image","twitter_misc":{"Escrito por":"Lara","Est. tempo de leitura":"3 minutos"},"schema":{"@context":"https:\/\/schema.org","@graph":[{"@type":"WebPage","@id":"https:\/\/www.correiobraziliense.com.br\/aqui\/2026\/08\/31\/sementes-de-chia-abobora-e-girassol-como-inclui-las-na-dieta-para-melhorar-a-saude\/","url":"https:\/\/www.correiobraziliense.com.br\/aqui\/2026\/08\/31\/sementes-de-chia-abobora-e-girassol-como-inclui-las-na-dieta-para-melhorar-a-saude\/","name":"Sementes de chia, ab\u00f3bora e girassol: como inclu\u00ed-las na dieta para melhorar a sa\u00fade - Correio Braziliense - Aqui","isPartOf":{"@id":"https:\/\/www.correiobraziliense.com.br\/aqui\/#website"},"primaryImageOfPage":{"@id":"https:\/\/www.correiobraziliense.com.br\/aqui\/2026\/08\/31\/sementes-de-chia-abobora-e-girassol-como-inclui-las-na-dieta-para-melhorar-a-saude\/#primaryimage"},"image":{"@id":"https:\/\/www.correiobraziliense.com.br\/aqui\/2026\/08\/31\/sementes-de-chia-abobora-e-girassol-como-inclui-las-na-dieta-para-melhorar-a-saude\/#primaryimage"},"thumbnailUrl":"https:\/\/www.correiobraziliense.com.br\/aqui\/wp-content\/uploads\/2026\/08\/Sementes-de-chia_1788200113120.jpg","datePublished":"2026-08-31T19:53:00+00:00","author":{"@id":"https:\/\/www.correiobraziliense.com.br\/aqui\/#\/schema\/person\/5d6e4d99fecc86ab1a7ed1a0369afb65"},"description":"Sementes de chia, ab\u00f3bora e girassol oferecem nutrientes importantes; veja os benef\u00edcios de inclu\u00ed-las na alimenta\u00e7\u00e3o e como consumi-las","breadcrumb":{"@id":"https:\/\/www.correiobraziliense.com.br\/aqui\/2026\/08\/31\/sementes-de-chia-abobora-e-girassol-como-inclui-las-na-dieta-para-melhorar-a-saude\/#breadcrumb"},"inLanguage":"pt-BR","potentialAction":[{"@type":"ReadAction","target":["https:\/\/www.correiobraziliense.com.br\/aqui\/2026\/08\/31\/sementes-de-chia-abobora-e-girassol-como-inclui-las-na-dieta-para-melhorar-a-saude\/"]}]},{"@type":"ImageObject","inLanguage":"pt-BR","@id":"https:\/\/www.correiobraziliense.com.br\/aqui\/2026\/08\/31\/sementes-de-chia-abobora-e-girassol-como-inclui-las-na-dieta-para-melhorar-a-saude\/#primaryimage","url":"https:\/\/www.correiobraziliense.com.br\/aqui\/wp-content\/uploads\/2026\/08\/Sementes-de-chia_1788200113120.jpg","contentUrl":"https:\/\/www.correiobraziliense.com.br\/aqui\/wp-content\/uploads\/2026\/08\/Sementes-de-chia_1788200113120.jpg","width":1280,"height":720,"caption":"Cr\u00e9ditos: depositphotos.com \/ MonaMakela"},{"@type":"BreadcrumbList","@id":"https:\/\/www.correiobraziliense.com.br\/aqui\/2026\/08\/31\/sementes-de-chia-abobora-e-girassol-como-inclui-las-na-dieta-para-melhorar-a-saude\/#breadcrumb","itemListElement":[{"@type":"ListItem","position":1,"name":"In\u00edcio","item":"https:\/\/www.correiobraziliense.com.br\/aqui\/"},{"@type":"ListItem","position":2,"name":"Sementes de chia, ab\u00f3bora e girassol: como inclu\u00ed-las na dieta para melhorar a sa\u00fade"}]},{"@type":"WebSite","@id":"https:\/\/www.correiobraziliense.com.br\/aqui\/#website","url":"https:\/\/www.correiobraziliense.com.br\/aqui\/","name":"Correio Braziliense - Aqui","description":"O Correio Braziliense (CB) \u00e9 o mais importante canal de not\u00edcias de Bras\u00edlia. Aqui voc\u00ea encontra as \u00faltimas not\u00edcias do DF, do Brasil e do mundo.","potentialAction":[{"@type":"SearchAction","target":{"@type":"EntryPoint","urlTemplate":"https:\/\/www.correiobraziliense.com.br\/aqui\/?s={search_term_string}"},"query-input":{"@type":"PropertyValueSpecification","valueRequired":true,"valueName":"search_term_string"}}],"inLanguage":"pt-BR"},{"@type":"Person","@id":"https:\/\/www.correiobraziliense.com.br\/aqui\/#\/schema\/person\/5d6e4d99fecc86ab1a7ed1a0369afb65","name":"Lara","image":{"@type":"ImageObject","inLanguage":"pt-BR","@id":"https:\/\/www.correiobraziliense.com.br\/aqui\/#\/schema\/person\/image\/","url":"https:\/\/secure.gravatar.com\/avatar\/57056c5c343a6d8a6669688d3d2c04916d9d280b352b6e50e66a8d39b2517e00?s=96&d=mm&r=g","contentUrl":"https:\/\/secure.gravatar.com\/avatar\/57056c5c343a6d8a6669688d3d2c04916d9d280b352b6e50e66a8d39b2517e00?s=96&d=mm&r=g","caption":"Lara"},"url":"https:\/\/www.correiobraziliense.com.br\/aqui\/author\/laraaqui\/"}]}},"_links":{"self":[{"href":"https:\/\/www.correiobraziliense.com.br\/aqui\/wp-json\/wp\/v2\/posts\/38268","targetHints":{"allow":["GET"]}}],"collection":[{"href":"https:\/\/www.correiobraziliense.com.br\/aqui\/wp-json\/wp\/v2\/posts"}],"about":[{"href":"https:\/\/www.correiobraziliense.com.br\/aqui\/wp-json\/wp\/v2\/types\/post"}],"author":[{"embeddable":true,"href":"https:\/\/www.correiobraziliense.com.br\/aqui\/wp-json\/wp\/v2\/users\/8"}],"replies":[{"embeddable":true,"href":"https:\/\/www.correiobraziliense.com.br\/aqui\/wp-json\/wp\/v2\/comments?post=38268"}],"version-history":[{"count":2,"href":"https:\/\/www.correiobraziliense.com.br\/aqui\/wp-json\/wp\/v2\/posts\/38268\/revisions"}],"predecessor-version":[{"id":38271,"href":"https:\/\/www.correiobraziliense.com.br\/aqui\/wp-json\/wp\/v2\/posts\/38268\/revisions\/38271"}],"wp:featuredmedia":[{"embeddable":true,"href":"https:\/\/www.correiobraziliense.com.br\/aqui\/wp-json\/wp\/v2\/media\/38269"}],"wp:attachment":[{"href":"https:\/\/www.correiobraziliense.com.br\/aqui\/wp-json\/wp\/v2\/media?parent=38268"}],"wp:term":[{"taxonomy":"category","embeddable":true,"href":"https:\/\/www.correiobraziliense.com.br\/aqui\/wp-json\/wp\/v2\/categories?post=38268"},{"taxonomy":"post_tag","embeddable":true,"href":"https:\/\/www.correiobraziliense.com.br\/aqui\/wp-json\/wp\/v2\/tags?post=38268"}],"curies":[{"name":"wp","href":"https:\/\/api.w.org\/{rel}","templated":true}]}}