{"id":38272,"date":"2026-08-31T17:28:00","date_gmt":"2026-08-31T20:28:00","guid":{"rendered":"https:\/\/www.correiobraziliense.com.br\/aqui\/?p=38272"},"modified":"2026-08-31T15:24:14","modified_gmt":"2026-08-31T18:24:14","slug":"como-se-forma-a-queda-de-granizo-e-por-que-o-fenomeno-causa-estragos","status":"publish","type":"post","link":"https:\/\/www.correiobraziliense.com.br\/aqui\/2026\/08\/31\/como-se-forma-a-queda-de-granizo-e-por-que-o-fenomeno-causa-estragos\/","title":{"rendered":"Como se forma a queda de granizo e por que o fen\u00f4meno causa estragos"},"content":{"rendered":"\n<p>Uma forte tempestade com queda de granizo levanta uma d\u00favida comum: como essas pedras de gelo se formam e por que podem ser t\u00e3o destrutivas? O fen\u00f4meno, embora pare\u00e7a simples, depende de condi\u00e7\u00f5es atmosf\u00e9ricas muito espec\u00edficas, como correntes de ar intensas capazes de transportar gotas de \u00e1gua para regi\u00f5es mais frias das nuvens.<\/p>\n\n\n\n<p>O granizo nasce dentro de nuvens de tempestade muito altas e com forte desenvolvimento vertical, conhecidas como <a target=\"_blank\" rel=\"noreferrer noopener\" href=\"https:\/\/www.correiobraziliense.com.br\/ciencia-e-saude\/2025\/10\/7260238-nuvens-pirocumulonimbus-as-tempestades-induzidas-por-incendios.html\">cumulonimbus<\/a>. No interior dessas nuvens, existem correntes de ar ascendentes e descendentes muito intensas. O processo come\u00e7a quando pequenas gotas de \u00e1gua s\u00e3o levadas para cima por essas correntes de ar, a altitudes onde a temperatura est\u00e1 abaixo de zero.<\/p>\n\n\n\n<p>Ao congelar, essa pequena part\u00edcula de gelo come\u00e7a a cair, mas no caminho encontra novas gotas de \u00e1gua que aderem \u00e0 sua superf\u00edcie. Antes que escape da nuvem, uma nova corrente de ar ascendente a joga para cima novamente, congelando essa nova camada de \u00e1gua. Esse ciclo se repete v\u00e1rias vezes, com a pedra de gelo ganhando novas camadas, de forma parecida com uma cebola.<\/p>\n\n\n\n<p>O tamanho final do granizo depende da intensidade das <a target=\"_blank\" rel=\"noreferrer noopener\" href=\"https:\/\/www.correiobraziliense.com.br\/brasil\/2026\/08\/7474376-ciclone-bomba-pode-provocar-ventos-de-ate-100km-h-no-sul-no-brasil.html\">correntes de ar<\/a> dentro da nuvem. Quanto mais fortes os ventos ascendentes, mais tempo a pedra de gelo fica suspensa, acumulando mais camadas e crescendo. Ela s\u00f3 despenca em dire\u00e7\u00e3o ao solo quando seu peso se torna maior do que a for\u00e7a do vento que a sustenta.<\/p>\n\n\n\n<h2 class=\"wp-block-heading\">Por que o granizo causa tantos estragos?<\/h2>\n\n\n\n<p>A capacidade de destrui\u00e7\u00e3o do granizo n\u00e3o se deve apenas ao fato de ser gelo, mas principalmente ao seu tamanho e \u00e0 velocidade com que atinge a superf\u00edcie. As pedras podem variar do tamanho de uma ervilha a bolas maiores que uma laranja, caindo a velocidades que superam os 100 km\/h. O impacto \u00e9 suficiente para amassar carros, quebrar telhados, destruir janelas e dizimar planta\u00e7\u00f5es inteiras em poucos minutos.<\/p>\n\n\n\n<p>Para minimizar os riscos durante uma tempestade de granizo, algumas medidas de seguran\u00e7a s\u00e3o essenciais:<\/p>\n\n\n\n<ul class=\"wp-block-list\">\n<li><strong>Procure abrigo imediato:<\/strong> ao primeiro sinal de granizo, entre em uma edifica\u00e7\u00e3o segura ou em um ve\u00edculo.<\/li>\n\n\n\n<li><strong>Afaste-se de janelas:<\/strong> as pedras de gelo podem quebrar vidros com facilidade, causando ferimentos. Mantenha-se no centro da resid\u00eancia.<\/li>\n\n\n\n<li><strong>Proteja a cabe\u00e7a:<\/strong> se estiver em local aberto sem abrigo, procure proteger a cabe\u00e7a com os bra\u00e7os ou com qualquer objeto dispon\u00edvel.<\/li>\n\n\n\n<li><strong>Evite dirigir:<\/strong> se estiver no tr\u00e2nsito, pare o ve\u00edculo em um local seguro e coberto, como um viaduto ou posto de gasolina. A visibilidade fica comprometida e os impactos podem danificar o carro.<\/li>\n<\/ul>\n","protected":false},"excerpt":{"rendered":"<p>Entenda como o granizo se forma durante tempestades e conhe\u00e7a os cuidados essenciais para evitar les\u00f5es durante temporais<\/p>\n","protected":false},"author":8,"featured_media":38273,"comment_status":"open","ping_status":"open","sticky":false,"template":"","format":"standard","meta":{"jnews-multi-image_gallery":[],"jnews_single_post":{"format":"standard"},"jnews_primary_category":[],"jnews_social_meta":[],"jnews_override_counter":[],"footnotes":""},"categories":[4861],"tags":[376,8135,11654,8133],"class_list":["post-38272","post","type-post","status-publish","format-standard","has-post-thumbnail","hentry","category-clima","tag-clima","tag-como-se-forma","tag-cumulonimbus","tag-granizo"],"yoast_head":"<!-- This site is optimized with the Yoast SEO plugin v25.1 - https:\/\/yoast.com\/wordpress\/plugins\/seo\/ -->\n<title>Como se forma a queda de granizo e por que o fen\u00f4meno causa estragos - Correio Braziliense - Aqui<\/title>\n<meta name=\"description\" content=\"Entenda como o granizo se forma durante tempestades e conhe\u00e7a os cuidados essenciais para evitar les\u00f5es durante temporais\" \/>\n<meta name=\"robots\" content=\"index, follow, max-snippet:-1, max-image-preview:large, max-video-preview:-1\" \/>\n<link rel=\"canonical\" href=\"https:\/\/www.correiobraziliense.com.br\/aqui\/2026\/08\/31\/como-se-forma-a-queda-de-granizo-e-por-que-o-fenomeno-causa-estragos\/\" \/>\n<meta property=\"og:locale\" content=\"pt_BR\" \/>\n<meta property=\"og:type\" content=\"article\" \/>\n<meta property=\"og:title\" content=\"Como se forma a queda de granizo e por que o fen\u00f4meno causa estragos - Correio Braziliense - Aqui\" \/>\n<meta property=\"og:description\" content=\"Entenda como o granizo se forma durante tempestades e conhe\u00e7a os cuidados essenciais para evitar les\u00f5es durante temporais\" \/>\n<meta property=\"og:url\" content=\"https:\/\/www.correiobraziliense.com.br\/aqui\/2026\/08\/31\/como-se-forma-a-queda-de-granizo-e-por-que-o-fenomeno-causa-estragos\/\" \/>\n<meta property=\"og:site_name\" content=\"Correio Braziliense - Aqui\" \/>\n<meta property=\"article:published_time\" content=\"2026-08-31T20:28:00+00:00\" \/>\n<meta property=\"og:image\" content=\"https:\/\/www.correiobraziliense.com.br\/aqui\/wp-content\/uploads\/2026\/08\/granizo_1788200352552.jpg\" \/>\n\t<meta property=\"og:image:width\" content=\"1280\" \/>\n\t<meta property=\"og:image:height\" content=\"720\" \/>\n\t<meta property=\"og:image:type\" content=\"image\/jpeg\" \/>\n<meta name=\"author\" content=\"Lara\" \/>\n<meta name=\"twitter:card\" content=\"summary_large_image\" \/>\n<meta name=\"twitter:label1\" content=\"Escrito por\" \/>\n\t<meta name=\"twitter:data1\" content=\"Lara\" \/>\n\t<meta name=\"twitter:label2\" content=\"Est. tempo de leitura\" \/>\n\t<meta name=\"twitter:data2\" content=\"3 minutos\" \/>\n<!-- \/ Yoast SEO plugin. -->","yoast_head_json":{"title":"Como se forma a queda de granizo e por que o fen\u00f4meno causa estragos - Correio Braziliense - Aqui","description":"Entenda como o granizo se forma durante tempestades e conhe\u00e7a os cuidados essenciais para evitar les\u00f5es durante temporais","robots":{"index":"index","follow":"follow","max-snippet":"max-snippet:-1","max-image-preview":"max-image-preview:large","max-video-preview":"max-video-preview:-1"},"canonical":"https:\/\/www.correiobraziliense.com.br\/aqui\/2026\/08\/31\/como-se-forma-a-queda-de-granizo-e-por-que-o-fenomeno-causa-estragos\/","og_locale":"pt_BR","og_type":"article","og_title":"Como se forma a queda de granizo e por que o fen\u00f4meno causa estragos - Correio Braziliense - Aqui","og_description":"Entenda como o granizo se forma durante tempestades e conhe\u00e7a os cuidados essenciais para evitar les\u00f5es durante temporais","og_url":"https:\/\/www.correiobraziliense.com.br\/aqui\/2026\/08\/31\/como-se-forma-a-queda-de-granizo-e-por-que-o-fenomeno-causa-estragos\/","og_site_name":"Correio Braziliense - Aqui","article_published_time":"2026-08-31T20:28:00+00:00","og_image":[{"width":1280,"height":720,"url":"https:\/\/www.correiobraziliense.com.br\/aqui\/wp-content\/uploads\/2026\/08\/granizo_1788200352552.jpg","type":"image\/jpeg"}],"author":"Lara","twitter_card":"summary_large_image","twitter_misc":{"Escrito por":"Lara","Est. tempo de leitura":"3 minutos"},"schema":{"@context":"https:\/\/schema.org","@graph":[{"@type":"WebPage","@id":"https:\/\/www.correiobraziliense.com.br\/aqui\/2026\/08\/31\/como-se-forma-a-queda-de-granizo-e-por-que-o-fenomeno-causa-estragos\/","url":"https:\/\/www.correiobraziliense.com.br\/aqui\/2026\/08\/31\/como-se-forma-a-queda-de-granizo-e-por-que-o-fenomeno-causa-estragos\/","name":"Como se forma a queda de granizo e por que o fen\u00f4meno causa estragos - Correio Braziliense - Aqui","isPartOf":{"@id":"https:\/\/www.correiobraziliense.com.br\/aqui\/#website"},"primaryImageOfPage":{"@id":"https:\/\/www.correiobraziliense.com.br\/aqui\/2026\/08\/31\/como-se-forma-a-queda-de-granizo-e-por-que-o-fenomeno-causa-estragos\/#primaryimage"},"image":{"@id":"https:\/\/www.correiobraziliense.com.br\/aqui\/2026\/08\/31\/como-se-forma-a-queda-de-granizo-e-por-que-o-fenomeno-causa-estragos\/#primaryimage"},"thumbnailUrl":"https:\/\/www.correiobraziliense.com.br\/aqui\/wp-content\/uploads\/2026\/08\/granizo_1788200352552.jpg","datePublished":"2026-08-31T20:28:00+00:00","author":{"@id":"https:\/\/www.correiobraziliense.com.br\/aqui\/#\/schema\/person\/5d6e4d99fecc86ab1a7ed1a0369afb65"},"description":"Entenda como o granizo se forma durante tempestades e conhe\u00e7a os cuidados essenciais para evitar les\u00f5es durante temporais","breadcrumb":{"@id":"https:\/\/www.correiobraziliense.com.br\/aqui\/2026\/08\/31\/como-se-forma-a-queda-de-granizo-e-por-que-o-fenomeno-causa-estragos\/#breadcrumb"},"inLanguage":"pt-BR","potentialAction":[{"@type":"ReadAction","target":["https:\/\/www.correiobraziliense.com.br\/aqui\/2026\/08\/31\/como-se-forma-a-queda-de-granizo-e-por-que-o-fenomeno-causa-estragos\/"]}]},{"@type":"ImageObject","inLanguage":"pt-BR","@id":"https:\/\/www.correiobraziliense.com.br\/aqui\/2026\/08\/31\/como-se-forma-a-queda-de-granizo-e-por-que-o-fenomeno-causa-estragos\/#primaryimage","url":"https:\/\/www.correiobraziliense.com.br\/aqui\/wp-content\/uploads\/2026\/08\/granizo_1788200352552.jpg","contentUrl":"https:\/\/www.correiobraziliense.com.br\/aqui\/wp-content\/uploads\/2026\/08\/granizo_1788200352552.jpg","width":1280,"height":720,"caption":"Cr\u00e9ditos: depositphotos.com \/ georgeion88"},{"@type":"BreadcrumbList","@id":"https:\/\/www.correiobraziliense.com.br\/aqui\/2026\/08\/31\/como-se-forma-a-queda-de-granizo-e-por-que-o-fenomeno-causa-estragos\/#breadcrumb","itemListElement":[{"@type":"ListItem","position":1,"name":"In\u00edcio","item":"https:\/\/www.correiobraziliense.com.br\/aqui\/"},{"@type":"ListItem","position":2,"name":"Como se forma a queda de granizo e por que o fen\u00f4meno causa estragos"}]},{"@type":"WebSite","@id":"https:\/\/www.correiobraziliense.com.br\/aqui\/#website","url":"https:\/\/www.correiobraziliense.com.br\/aqui\/","name":"Correio Braziliense - Aqui","description":"O Correio Braziliense (CB) \u00e9 o mais importante canal de not\u00edcias de Bras\u00edlia. Aqui voc\u00ea encontra as \u00faltimas not\u00edcias do DF, do Brasil e do mundo.","potentialAction":[{"@type":"SearchAction","target":{"@type":"EntryPoint","urlTemplate":"https:\/\/www.correiobraziliense.com.br\/aqui\/?s={search_term_string}"},"query-input":{"@type":"PropertyValueSpecification","valueRequired":true,"valueName":"search_term_string"}}],"inLanguage":"pt-BR"},{"@type":"Person","@id":"https:\/\/www.correiobraziliense.com.br\/aqui\/#\/schema\/person\/5d6e4d99fecc86ab1a7ed1a0369afb65","name":"Lara","image":{"@type":"ImageObject","inLanguage":"pt-BR","@id":"https:\/\/www.correiobraziliense.com.br\/aqui\/#\/schema\/person\/image\/","url":"https:\/\/secure.gravatar.com\/avatar\/57056c5c343a6d8a6669688d3d2c04916d9d280b352b6e50e66a8d39b2517e00?s=96&d=mm&r=g","contentUrl":"https:\/\/secure.gravatar.com\/avatar\/57056c5c343a6d8a6669688d3d2c04916d9d280b352b6e50e66a8d39b2517e00?s=96&d=mm&r=g","caption":"Lara"},"url":"https:\/\/www.correiobraziliense.com.br\/aqui\/author\/laraaqui\/"}]}},"_links":{"self":[{"href":"https:\/\/www.correiobraziliense.com.br\/aqui\/wp-json\/wp\/v2\/posts\/38272","targetHints":{"allow":["GET"]}}],"collection":[{"href":"https:\/\/www.correiobraziliense.com.br\/aqui\/wp-json\/wp\/v2\/posts"}],"about":[{"href":"https:\/\/www.correiobraziliense.com.br\/aqui\/wp-json\/wp\/v2\/types\/post"}],"author":[{"embeddable":true,"href":"https:\/\/www.correiobraziliense.com.br\/aqui\/wp-json\/wp\/v2\/users\/8"}],"replies":[{"embeddable":true,"href":"https:\/\/www.correiobraziliense.com.br\/aqui\/wp-json\/wp\/v2\/comments?post=38272"}],"version-history":[{"count":4,"href":"https:\/\/www.correiobraziliense.com.br\/aqui\/wp-json\/wp\/v2\/posts\/38272\/revisions"}],"predecessor-version":[{"id":38277,"href":"https:\/\/www.correiobraziliense.com.br\/aqui\/wp-json\/wp\/v2\/posts\/38272\/revisions\/38277"}],"wp:featuredmedia":[{"embeddable":true,"href":"https:\/\/www.correiobraziliense.com.br\/aqui\/wp-json\/wp\/v2\/media\/38273"}],"wp:attachment":[{"href":"https:\/\/www.correiobraziliense.com.br\/aqui\/wp-json\/wp\/v2\/media?parent=38272"}],"wp:term":[{"taxonomy":"category","embeddable":true,"href":"https:\/\/www.correiobraziliense.com.br\/aqui\/wp-json\/wp\/v2\/categories?post=38272"},{"taxonomy":"post_tag","embeddable":true,"href":"https:\/\/www.correiobraziliense.com.br\/aqui\/wp-json\/wp\/v2\/tags?post=38272"}],"curies":[{"name":"wp","href":"https:\/\/api.w.org\/{rel}","templated":true}]}}