{"id":38278,"date":"2026-08-31T17:54:00","date_gmt":"2026-08-31T20:54:00","guid":{"rendered":"https:\/\/www.correiobraziliense.com.br\/aqui\/?p=38278"},"modified":"2026-08-31T15:28:50","modified_gmt":"2026-08-31T18:28:50","slug":"como-a-ansiedade-afeta-o-cerebro-durante-situacoes-de-forte-pressao","status":"publish","type":"post","link":"https:\/\/www.correiobraziliense.com.br\/aqui\/2026\/08\/31\/como-a-ansiedade-afeta-o-cerebro-durante-situacoes-de-forte-pressao\/","title":{"rendered":"Como a ansiedade afeta o c\u00e9rebro durante situa\u00e7\u00f5es de forte press\u00e3o"},"content":{"rendered":"\n<p>Momentos de alta tens\u00e3o, como debates pol\u00edticos acalorados, colocam em evid\u00eancia as rea\u00e7\u00f5es do corpo e da mente sob forte press\u00e3o. A ansiedade, a sensa\u00e7\u00e3o de paralisia, a dificuldade para encontrar palavras ou o cora\u00e7\u00e3o acelerado n\u00e3o s\u00e3o sinais de fraqueza, mas respostas fisiol\u00f3gicas autom\u00e1ticas orquestradas pelo c\u00e9rebro.<\/p>\n\n\n\n<p>Quando confrontado com uma situa\u00e7\u00e3o percebida como amea\u00e7adora, seja um debate acalorado ou uma apresenta\u00e7\u00e3o importante no trabalho, o c\u00e9rebro ativa um mecanismo de sobreviv\u00eancia ancestral. A am\u00edgdala, uma pequena estrutura respons\u00e1vel por processar emo\u00e7\u00f5es como o medo, dispara um alarme para o resto do corpo, iniciando a conhecida rea\u00e7\u00e3o de &#8220;luta ou fuga&#8221;.<\/p>\n\n\n\n<p>Essa ativa\u00e7\u00e3o libera uma cascata de horm\u00f4nios do estresse, principalmente adrenalina e cortisol. A adrenalina aumenta a frequ\u00eancia card\u00edaca e a press\u00e3o arterial, preparando os m\u00fasculos para uma a\u00e7\u00e3o r\u00e1pida. J\u00e1 o cortisol eleva os n\u00edveis de a\u00e7\u00facar no sangue para fornecer energia imediata. O problema \u00e9 que, em um embate verbal, essa energia f\u00edsica n\u00e3o tem para onde ir.<\/p>\n\n\n\n<p>O efeito mais impactante ocorre no c\u00f3rtex pr\u00e9-frontal, a \u00e1rea do c\u00e9rebro associada ao racioc\u00ednio l\u00f3gico, planejamento e controle de impulsos. Sob o comando da am\u00edgdala, o fluxo sangu\u00edneo para essa regi\u00e3o \u00e9 reduzido, dificultando o pensamento claro e a tomada de decis\u00f5es racionais. \u00c9 por isso que, em momentos de pico de ansiedade, pode ser t\u00e3o dif\u00edcil organizar as ideias ou responder a uma pergunta de forma coerente.<\/p>\n\n\n\n<h2 class=\"wp-block-heading\">Como retomar o controle do c\u00e9rebro ap\u00f3s momentos de ansiedade<\/h2>\n\n\n\n<p>Embora a rea\u00e7\u00e3o seja autom\u00e1tica, \u00e9 poss\u00edvel <a target=\"_blank\" rel=\"noreferrer noopener\" href=\"https:\/\/www.correiobraziliense.com.br\/revista-do-correio\/2025\/09\/7254007-7-habitos-simples-para-fortalecer-a-saude-mental-e-cerebral.html\">treinar o c\u00e9rebro<\/a> para gerenciar melhor esses picos de estresse e reverter o impacto negativo. Algumas t\u00e9cnicas simples podem ajudar a desativar o alarme da am\u00edgdala e reativar o pensamento racional, mesmo durante uma situa\u00e7\u00e3o de forte press\u00e3o no ambiente de trabalho ou em outros contextos.<\/p>\n\n\n\n<p><strong>Concentre-se na respira\u00e7\u00e3o:<\/strong> a respira\u00e7\u00e3o diafragm\u00e1tica, lenta e profunda, \u00e9 uma das ferramentas mais eficazes. Inspirar pelo nariz contando at\u00e9 quatro e expirar pela boca contando at\u00e9 seis ativa o sistema nervoso parassimp\u00e1tico, que acalma o corpo e sinaliza ao c\u00e9rebro que a amea\u00e7a passou.<\/p>\n\n\n\n<p><strong>Ancore-se no presente:<\/strong> direcione sua aten\u00e7\u00e3o para sensa\u00e7\u00f5es f\u00edsicas. Sinta a textura da cadeira onde est\u00e1 sentado ou a temperatura da sala. Essa pr\u00e1tica de aten\u00e7\u00e3o plena, conhecida como ancoragem, ajuda a desviar o foco dos pensamentos ansiosos e a trazer a mente de volta para o momento presente, reduzindo a intensidade da resposta emocional.<\/p>\n\n\n\n<p><strong>Pratique a exposi\u00e7\u00e3o gradual:<\/strong> a prepara\u00e7\u00e3o \u00e9 fundamental para modular a resposta \u00e0 ansiedade. Simular situa\u00e7\u00f5es de press\u00e3o, como treinar uma apresenta\u00e7\u00e3o ou ensaiar conversas dif\u00edceis, diminui a sensa\u00e7\u00e3o de novidade e perigo. Com a pr\u00e1tica, o c\u00e9rebro aprende que o evento n\u00e3o representa uma amea\u00e7a real \u00e0 sobreviv\u00eancia, tornando a rea\u00e7\u00e3o da am\u00edgdala menos intensa.<\/p>\n","protected":false},"excerpt":{"rendered":"<p>M\u00e9dicos e neurocientistas explicam como a ansiedade e o estresse afetam o corpo durante conflitos no trabalho e como reduzir esses impactos<\/p>\n","protected":false},"author":8,"featured_media":38279,"comment_status":"open","ping_status":"open","sticky":false,"template":"","format":"standard","meta":{"jnews-multi-image_gallery":[],"jnews_single_post":{"format":"standard"},"jnews_primary_category":[],"jnews_social_meta":[],"jnews_override_counter":[],"footnotes":""},"categories":[123],"tags":[365,2976,8848,141,234],"class_list":["post-38278","post","type-post","status-publish","format-standard","has-post-thumbnail","hentry","category-saude","tag-ansiedade","tag-cerebro","tag-pressao","tag-saude","tag-saude-mental"],"yoast_head":"<!-- This site is optimized with the Yoast SEO plugin v25.1 - https:\/\/yoast.com\/wordpress\/plugins\/seo\/ -->\n<title>Como a ansiedade afeta o c\u00e9rebro durante situa\u00e7\u00f5es de forte press\u00e3o - Correio Braziliense - Aqui<\/title>\n<meta name=\"description\" content=\"M\u00e9dicos e neurocientistas explicam como a ansiedade e o estresse afetam o corpo durante conflitos no trabalho e como reduzir esses impactos\" \/>\n<meta name=\"robots\" content=\"index, follow, max-snippet:-1, max-image-preview:large, max-video-preview:-1\" \/>\n<link rel=\"canonical\" href=\"https:\/\/www.correiobraziliense.com.br\/aqui\/2026\/08\/31\/como-a-ansiedade-afeta-o-cerebro-durante-situacoes-de-forte-pressao\/\" \/>\n<meta property=\"og:locale\" content=\"pt_BR\" \/>\n<meta property=\"og:type\" content=\"article\" \/>\n<meta property=\"og:title\" content=\"Como a ansiedade afeta o c\u00e9rebro durante situa\u00e7\u00f5es de forte press\u00e3o - Correio Braziliense - Aqui\" \/>\n<meta property=\"og:description\" content=\"M\u00e9dicos e neurocientistas explicam como a ansiedade e o estresse afetam o corpo durante conflitos no trabalho e como reduzir esses impactos\" \/>\n<meta property=\"og:url\" content=\"https:\/\/www.correiobraziliense.com.br\/aqui\/2026\/08\/31\/como-a-ansiedade-afeta-o-cerebro-durante-situacoes-de-forte-pressao\/\" \/>\n<meta property=\"og:site_name\" content=\"Correio Braziliense - Aqui\" \/>\n<meta property=\"article:published_time\" content=\"2026-08-31T20:54:00+00:00\" \/>\n<meta property=\"og:image\" content=\"https:\/\/www.correiobraziliense.com.br\/aqui\/wp-content\/uploads\/2026\/08\/ansiedade_1788200747816.jpg\" \/>\n\t<meta property=\"og:image:width\" content=\"1280\" \/>\n\t<meta property=\"og:image:height\" content=\"720\" \/>\n\t<meta property=\"og:image:type\" content=\"image\/jpeg\" \/>\n<meta name=\"author\" content=\"Lara\" \/>\n<meta name=\"twitter:card\" content=\"summary_large_image\" \/>\n<meta name=\"twitter:label1\" content=\"Escrito por\" \/>\n\t<meta name=\"twitter:data1\" content=\"Lara\" \/>\n\t<meta name=\"twitter:label2\" content=\"Est. tempo de leitura\" \/>\n\t<meta name=\"twitter:data2\" content=\"3 minutos\" \/>\n<!-- \/ Yoast SEO plugin. -->","yoast_head_json":{"title":"Como a ansiedade afeta o c\u00e9rebro durante situa\u00e7\u00f5es de forte press\u00e3o - Correio Braziliense - Aqui","description":"M\u00e9dicos e neurocientistas explicam como a ansiedade e o estresse afetam o corpo durante conflitos no trabalho e como reduzir esses impactos","robots":{"index":"index","follow":"follow","max-snippet":"max-snippet:-1","max-image-preview":"max-image-preview:large","max-video-preview":"max-video-preview:-1"},"canonical":"https:\/\/www.correiobraziliense.com.br\/aqui\/2026\/08\/31\/como-a-ansiedade-afeta-o-cerebro-durante-situacoes-de-forte-pressao\/","og_locale":"pt_BR","og_type":"article","og_title":"Como a ansiedade afeta o c\u00e9rebro durante situa\u00e7\u00f5es de forte press\u00e3o - Correio Braziliense - Aqui","og_description":"M\u00e9dicos e neurocientistas explicam como a ansiedade e o estresse afetam o corpo durante conflitos no trabalho e como reduzir esses impactos","og_url":"https:\/\/www.correiobraziliense.com.br\/aqui\/2026\/08\/31\/como-a-ansiedade-afeta-o-cerebro-durante-situacoes-de-forte-pressao\/","og_site_name":"Correio Braziliense - Aqui","article_published_time":"2026-08-31T20:54:00+00:00","og_image":[{"width":1280,"height":720,"url":"https:\/\/www.correiobraziliense.com.br\/aqui\/wp-content\/uploads\/2026\/08\/ansiedade_1788200747816.jpg","type":"image\/jpeg"}],"author":"Lara","twitter_card":"summary_large_image","twitter_misc":{"Escrito por":"Lara","Est. tempo de leitura":"3 minutos"},"schema":{"@context":"https:\/\/schema.org","@graph":[{"@type":"WebPage","@id":"https:\/\/www.correiobraziliense.com.br\/aqui\/2026\/08\/31\/como-a-ansiedade-afeta-o-cerebro-durante-situacoes-de-forte-pressao\/","url":"https:\/\/www.correiobraziliense.com.br\/aqui\/2026\/08\/31\/como-a-ansiedade-afeta-o-cerebro-durante-situacoes-de-forte-pressao\/","name":"Como a ansiedade afeta o c\u00e9rebro durante situa\u00e7\u00f5es de forte press\u00e3o - Correio Braziliense - Aqui","isPartOf":{"@id":"https:\/\/www.correiobraziliense.com.br\/aqui\/#website"},"primaryImageOfPage":{"@id":"https:\/\/www.correiobraziliense.com.br\/aqui\/2026\/08\/31\/como-a-ansiedade-afeta-o-cerebro-durante-situacoes-de-forte-pressao\/#primaryimage"},"image":{"@id":"https:\/\/www.correiobraziliense.com.br\/aqui\/2026\/08\/31\/como-a-ansiedade-afeta-o-cerebro-durante-situacoes-de-forte-pressao\/#primaryimage"},"thumbnailUrl":"https:\/\/www.correiobraziliense.com.br\/aqui\/wp-content\/uploads\/2026\/08\/ansiedade_1788200747816.jpg","datePublished":"2026-08-31T20:54:00+00:00","author":{"@id":"https:\/\/www.correiobraziliense.com.br\/aqui\/#\/schema\/person\/5d6e4d99fecc86ab1a7ed1a0369afb65"},"description":"M\u00e9dicos e neurocientistas explicam como a ansiedade e o estresse afetam o corpo durante conflitos no trabalho e como reduzir esses impactos","breadcrumb":{"@id":"https:\/\/www.correiobraziliense.com.br\/aqui\/2026\/08\/31\/como-a-ansiedade-afeta-o-cerebro-durante-situacoes-de-forte-pressao\/#breadcrumb"},"inLanguage":"pt-BR","potentialAction":[{"@type":"ReadAction","target":["https:\/\/www.correiobraziliense.com.br\/aqui\/2026\/08\/31\/como-a-ansiedade-afeta-o-cerebro-durante-situacoes-de-forte-pressao\/"]}]},{"@type":"ImageObject","inLanguage":"pt-BR","@id":"https:\/\/www.correiobraziliense.com.br\/aqui\/2026\/08\/31\/como-a-ansiedade-afeta-o-cerebro-durante-situacoes-de-forte-pressao\/#primaryimage","url":"https:\/\/www.correiobraziliense.com.br\/aqui\/wp-content\/uploads\/2026\/08\/ansiedade_1788200747816.jpg","contentUrl":"https:\/\/www.correiobraziliense.com.br\/aqui\/wp-content\/uploads\/2026\/08\/ansiedade_1788200747816.jpg","width":1280,"height":720,"caption":"Cr\u00e9ditos: depositphotos.com \/ AndrewLozovyi"},{"@type":"BreadcrumbList","@id":"https:\/\/www.correiobraziliense.com.br\/aqui\/2026\/08\/31\/como-a-ansiedade-afeta-o-cerebro-durante-situacoes-de-forte-pressao\/#breadcrumb","itemListElement":[{"@type":"ListItem","position":1,"name":"In\u00edcio","item":"https:\/\/www.correiobraziliense.com.br\/aqui\/"},{"@type":"ListItem","position":2,"name":"Como a ansiedade afeta o c\u00e9rebro durante situa\u00e7\u00f5es de forte press\u00e3o"}]},{"@type":"WebSite","@id":"https:\/\/www.correiobraziliense.com.br\/aqui\/#website","url":"https:\/\/www.correiobraziliense.com.br\/aqui\/","name":"Correio Braziliense - Aqui","description":"O Correio Braziliense (CB) \u00e9 o mais importante canal de not\u00edcias de Bras\u00edlia. Aqui voc\u00ea encontra as \u00faltimas not\u00edcias do DF, do Brasil e do mundo.","potentialAction":[{"@type":"SearchAction","target":{"@type":"EntryPoint","urlTemplate":"https:\/\/www.correiobraziliense.com.br\/aqui\/?s={search_term_string}"},"query-input":{"@type":"PropertyValueSpecification","valueRequired":true,"valueName":"search_term_string"}}],"inLanguage":"pt-BR"},{"@type":"Person","@id":"https:\/\/www.correiobraziliense.com.br\/aqui\/#\/schema\/person\/5d6e4d99fecc86ab1a7ed1a0369afb65","name":"Lara","image":{"@type":"ImageObject","inLanguage":"pt-BR","@id":"https:\/\/www.correiobraziliense.com.br\/aqui\/#\/schema\/person\/image\/","url":"https:\/\/secure.gravatar.com\/avatar\/57056c5c343a6d8a6669688d3d2c04916d9d280b352b6e50e66a8d39b2517e00?s=96&d=mm&r=g","contentUrl":"https:\/\/secure.gravatar.com\/avatar\/57056c5c343a6d8a6669688d3d2c04916d9d280b352b6e50e66a8d39b2517e00?s=96&d=mm&r=g","caption":"Lara"},"url":"https:\/\/www.correiobraziliense.com.br\/aqui\/author\/laraaqui\/"}]}},"_links":{"self":[{"href":"https:\/\/www.correiobraziliense.com.br\/aqui\/wp-json\/wp\/v2\/posts\/38278","targetHints":{"allow":["GET"]}}],"collection":[{"href":"https:\/\/www.correiobraziliense.com.br\/aqui\/wp-json\/wp\/v2\/posts"}],"about":[{"href":"https:\/\/www.correiobraziliense.com.br\/aqui\/wp-json\/wp\/v2\/types\/post"}],"author":[{"embeddable":true,"href":"https:\/\/www.correiobraziliense.com.br\/aqui\/wp-json\/wp\/v2\/users\/8"}],"replies":[{"embeddable":true,"href":"https:\/\/www.correiobraziliense.com.br\/aqui\/wp-json\/wp\/v2\/comments?post=38278"}],"version-history":[{"count":2,"href":"https:\/\/www.correiobraziliense.com.br\/aqui\/wp-json\/wp\/v2\/posts\/38278\/revisions"}],"predecessor-version":[{"id":38281,"href":"https:\/\/www.correiobraziliense.com.br\/aqui\/wp-json\/wp\/v2\/posts\/38278\/revisions\/38281"}],"wp:featuredmedia":[{"embeddable":true,"href":"https:\/\/www.correiobraziliense.com.br\/aqui\/wp-json\/wp\/v2\/media\/38279"}],"wp:attachment":[{"href":"https:\/\/www.correiobraziliense.com.br\/aqui\/wp-json\/wp\/v2\/media?parent=38278"}],"wp:term":[{"taxonomy":"category","embeddable":true,"href":"https:\/\/www.correiobraziliense.com.br\/aqui\/wp-json\/wp\/v2\/categories?post=38278"},{"taxonomy":"post_tag","embeddable":true,"href":"https:\/\/www.correiobraziliense.com.br\/aqui\/wp-json\/wp\/v2\/tags?post=38278"}],"curies":[{"name":"wp","href":"https:\/\/api.w.org\/{rel}","templated":true}]}}