{"id":38282,"date":"2026-08-31T18:29:00","date_gmt":"2026-08-31T21:29:00","guid":{"rendered":"https:\/\/www.correiobraziliense.com.br\/aqui\/?p=38282"},"modified":"2026-08-31T15:34:41","modified_gmt":"2026-08-31T18:34:41","slug":"por-que-o-fluor-na-agua-e-obrigatorio-e-como-ele-protege-os-dentes","status":"publish","type":"post","link":"https:\/\/www.correiobraziliense.com.br\/aqui\/2026\/08\/31\/por-que-o-fluor-na-agua-e-obrigatorio-e-como-ele-protege-os-dentes\/","title":{"rendered":"Por que o fl\u00faor na \u00e1gua \u00e9 obrigat\u00f3rio e como ele protege os dentes"},"content":{"rendered":"\n<p>A Justi\u00e7a Federal negou um pedido para suspender temporariamente a fluoreta\u00e7\u00e3o da \u00e1gua, mantendo a obrigatoriedade da pr\u00e1tica, conforme estabelecido pela Lei Federal 6.050\/1974. A decis\u00e3o responde a uma solicita\u00e7\u00e3o de associa\u00e7\u00f5es de saneamento, que enfrentam uma crise no fornecimento de \u00e1cido fluossil\u00edcico, insumo utilizado para adicionar fl\u00faor \u00e0 \u00e1gua, e n\u00e3o a um questionamento sobre os benef\u00edcios da medida para a sa\u00fade.<\/p>\n\n\n\n<p>O setor enfrenta, em agosto de 2026, uma escassez nacional do insumo ap\u00f3s a interrup\u00e7\u00e3o da produ\u00e7\u00e3o pelo \u00fanico fornecedor do pa\u00eds. Empresas buscam alternativas, como a importa\u00e7\u00e3o, para garantir a continuidade da pol\u00edtica p\u00fablica. Apesar do desafio log\u00edstico, a decis\u00e3o judicial refor\u00e7a a <a target=\"_blank\" rel=\"noreferrer noopener\" href=\"https:\/\/www.correiobraziliense.com.br\/opiniao\/2025\/10\/7277751-avancos-e-lacunas-da-saude-bucal.html\">import\u00e2ncia da fluoreta\u00e7\u00e3o como um direito \u00e0 sa\u00fade bucal<\/a>.<\/p>\n\n\n\n<p>Implementada h\u00e1 d\u00e9cadas, a medida consiste na adi\u00e7\u00e3o controlada de \u00edons de fl\u00faor ao abastecimento p\u00fablico. Ao ser consumido, o fl\u00faor se integra \u00e0 estrutura mineral dos dentes, fortalecendo o <a target=\"_blank\" rel=\"noreferrer noopener\" href=\"https:\/\/www.correiobraziliense.com.br\/brasil\/2025\/03\/7096692-interdicao-de-creme-da-colgate-alerta-para-fluoreto-de-estanho.html\">esmalte<\/a> e tornando-o mais resistente aos \u00e1cidos liberados por bact\u00e9rias ap\u00f3s a ingest\u00e3o de a\u00e7\u00facares. Essa prote\u00e7\u00e3o cont\u00ednua e de baixo custo \u00e9 considerada um marco na sa\u00fade p\u00fablica, ajudando a remineralizar os dentes e a reverter est\u00e1gios iniciais de deteriora\u00e7\u00e3o.<\/p>\n\n\n\n<h2 class=\"wp-block-heading\">Benef\u00edcios da presen\u00e7a do fl\u00faor da \u00e1gua<\/h2>\n\n\n\n<p>A estrat\u00e9gia se destaca por seu alcance e equidade. Diferente de outros m\u00e9todos preventivos, que dependem de a\u00e7\u00f5es individuais, a \u00e1gua fluoretada chega a praticamente todos os lares conectados \u00e0 rede de distribui\u00e7\u00e3o, democratizando o acesso ao cuidado bucal.<\/p>\n\n\n\n<p>Entre as principais vantagens, destacam-se:<\/p>\n\n\n\n<ul class=\"wp-block-list\">\n<li><strong>Preven\u00e7\u00e3o em massa:<\/strong> o principal benef\u00edcio \u00e9 a redu\u00e7\u00e3o significativa no n\u00famero de <a href=\"https:\/\/www.correiobraziliense.com.br\/revista-do-correio\/2025\/04\/7122696-veja-as-causas-e-os-sintomas-da-carie-no-dente.html\" target=\"_blank\" rel=\"noreferrer noopener\">c\u00e1ries<\/a>, especialmente em crian\u00e7as e adolescentes, fase crucial para a forma\u00e7\u00e3o de uma denti\u00e7\u00e3o saud\u00e1vel.<\/li>\n\n\n\n<li><strong>Acesso universal:<\/strong> a medida atinge toda a popula\u00e7\u00e3o, independentemente da classe social, n\u00edvel de instru\u00e7\u00e3o ou acesso a consult\u00f3rios odontol\u00f3gicos.<\/li>\n\n\n\n<li><strong>Custo-benef\u00edcio:<\/strong> segundo o Minist\u00e9rio da Sa\u00fade, prevenir doen\u00e7as bucais com a fluoreta\u00e7\u00e3o \u00e9 mais econ\u00f4mico para o sistema de sa\u00fade do que arcar com os custos de tratamentos restauradores, como obtura\u00e7\u00f5es e canais.<\/li>\n<\/ul>\n\n\n\n<p>A quantidade de fl\u00faor adicionada \u00e0 \u00e1gua \u00e9 rigorosamente controlada por \u00f3rg\u00e3os de vigil\u00e2ncia sanit\u00e1ria, seguindo recomenda\u00e7\u00f5es da Organiza\u00e7\u00e3o Mundial da Sa\u00fade (OMS). O n\u00edvel \u00e9 ajustado para oferecer o m\u00e1ximo de benef\u00edcio protetor com o m\u00ednimo de risco.<\/p>\n","protected":false},"excerpt":{"rendered":"<p>Justi\u00e7a mant\u00e9m fluoreta\u00e7\u00e3o obrigat\u00f3ria da \u00e1gua; entenda o papel do fl\u00faor e os benef\u00edcios da pr\u00e1tica para a sa\u00fade bucal<\/p>\n","protected":false},"author":8,"featured_media":38283,"comment_status":"open","ping_status":"open","sticky":false,"template":"","format":"standard","meta":{"jnews-multi-image_gallery":[],"jnews_single_post":{"format":"standard"},"jnews_primary_category":[],"jnews_social_meta":[],"jnews_override_counter":[],"footnotes":""},"categories":[123],"tags":[12463,12464,12465,141,2205],"class_list":["post-38282","post","type-post","status-publish","format-standard","has-post-thumbnail","hentry","category-saude","tag-fluor","tag-fluor-na-agua","tag-fluoretacao-da-agua","tag-saude","tag-saude-bucal"],"yoast_head":"<!-- This site is optimized with the Yoast SEO plugin v25.1 - https:\/\/yoast.com\/wordpress\/plugins\/seo\/ -->\n<title>Por que o fl\u00faor na \u00e1gua \u00e9 obrigat\u00f3rio e como ele protege os dentes - Correio Braziliense - Aqui<\/title>\n<meta name=\"description\" content=\"Justi\u00e7a mant\u00e9m fluoreta\u00e7\u00e3o obrigat\u00f3ria da \u00e1gua; entenda o papel do fl\u00faor e os benef\u00edcios da pr\u00e1tica para a sa\u00fade bucal\" \/>\n<meta name=\"robots\" content=\"index, follow, max-snippet:-1, max-image-preview:large, max-video-preview:-1\" \/>\n<link rel=\"canonical\" href=\"https:\/\/www.correiobraziliense.com.br\/aqui\/2026\/08\/31\/por-que-o-fluor-na-agua-e-obrigatorio-e-como-ele-protege-os-dentes\/\" \/>\n<meta property=\"og:locale\" content=\"pt_BR\" \/>\n<meta property=\"og:type\" content=\"article\" \/>\n<meta property=\"og:title\" content=\"Por que o fl\u00faor na \u00e1gua \u00e9 obrigat\u00f3rio e como ele protege os dentes - Correio Braziliense - Aqui\" \/>\n<meta property=\"og:description\" content=\"Justi\u00e7a mant\u00e9m fluoreta\u00e7\u00e3o obrigat\u00f3ria da \u00e1gua; entenda o papel do fl\u00faor e os benef\u00edcios da pr\u00e1tica para a sa\u00fade bucal\" \/>\n<meta property=\"og:url\" content=\"https:\/\/www.correiobraziliense.com.br\/aqui\/2026\/08\/31\/por-que-o-fluor-na-agua-e-obrigatorio-e-como-ele-protege-os-dentes\/\" \/>\n<meta property=\"og:site_name\" content=\"Correio Braziliense - Aqui\" \/>\n<meta property=\"article:published_time\" content=\"2026-08-31T21:29:00+00:00\" \/>\n<meta property=\"og:image\" content=\"https:\/\/www.correiobraziliense.com.br\/aqui\/wp-content\/uploads\/2026\/08\/fluor-saude-bucal_1788201044702.jpg\" \/>\n\t<meta property=\"og:image:width\" content=\"1280\" \/>\n\t<meta property=\"og:image:height\" content=\"720\" \/>\n\t<meta property=\"og:image:type\" content=\"image\/jpeg\" \/>\n<meta name=\"author\" content=\"Lara\" \/>\n<meta name=\"twitter:card\" content=\"summary_large_image\" \/>\n<meta name=\"twitter:label1\" content=\"Escrito por\" \/>\n\t<meta name=\"twitter:data1\" content=\"Lara\" \/>\n\t<meta name=\"twitter:label2\" content=\"Est. tempo de leitura\" \/>\n\t<meta name=\"twitter:data2\" content=\"3 minutos\" \/>\n<!-- \/ Yoast SEO plugin. -->","yoast_head_json":{"title":"Por que o fl\u00faor na \u00e1gua \u00e9 obrigat\u00f3rio e como ele protege os dentes - Correio Braziliense - Aqui","description":"Justi\u00e7a mant\u00e9m fluoreta\u00e7\u00e3o obrigat\u00f3ria da \u00e1gua; entenda o papel do fl\u00faor e os benef\u00edcios da pr\u00e1tica para a sa\u00fade bucal","robots":{"index":"index","follow":"follow","max-snippet":"max-snippet:-1","max-image-preview":"max-image-preview:large","max-video-preview":"max-video-preview:-1"},"canonical":"https:\/\/www.correiobraziliense.com.br\/aqui\/2026\/08\/31\/por-que-o-fluor-na-agua-e-obrigatorio-e-como-ele-protege-os-dentes\/","og_locale":"pt_BR","og_type":"article","og_title":"Por que o fl\u00faor na \u00e1gua \u00e9 obrigat\u00f3rio e como ele protege os dentes - Correio Braziliense - Aqui","og_description":"Justi\u00e7a mant\u00e9m fluoreta\u00e7\u00e3o obrigat\u00f3ria da \u00e1gua; entenda o papel do fl\u00faor e os benef\u00edcios da pr\u00e1tica para a sa\u00fade bucal","og_url":"https:\/\/www.correiobraziliense.com.br\/aqui\/2026\/08\/31\/por-que-o-fluor-na-agua-e-obrigatorio-e-como-ele-protege-os-dentes\/","og_site_name":"Correio Braziliense - Aqui","article_published_time":"2026-08-31T21:29:00+00:00","og_image":[{"width":1280,"height":720,"url":"https:\/\/www.correiobraziliense.com.br\/aqui\/wp-content\/uploads\/2026\/08\/fluor-saude-bucal_1788201044702.jpg","type":"image\/jpeg"}],"author":"Lara","twitter_card":"summary_large_image","twitter_misc":{"Escrito por":"Lara","Est. tempo de leitura":"3 minutos"},"schema":{"@context":"https:\/\/schema.org","@graph":[{"@type":"WebPage","@id":"https:\/\/www.correiobraziliense.com.br\/aqui\/2026\/08\/31\/por-que-o-fluor-na-agua-e-obrigatorio-e-como-ele-protege-os-dentes\/","url":"https:\/\/www.correiobraziliense.com.br\/aqui\/2026\/08\/31\/por-que-o-fluor-na-agua-e-obrigatorio-e-como-ele-protege-os-dentes\/","name":"Por que o fl\u00faor na \u00e1gua \u00e9 obrigat\u00f3rio e como ele protege os dentes - Correio Braziliense - Aqui","isPartOf":{"@id":"https:\/\/www.correiobraziliense.com.br\/aqui\/#website"},"primaryImageOfPage":{"@id":"https:\/\/www.correiobraziliense.com.br\/aqui\/2026\/08\/31\/por-que-o-fluor-na-agua-e-obrigatorio-e-como-ele-protege-os-dentes\/#primaryimage"},"image":{"@id":"https:\/\/www.correiobraziliense.com.br\/aqui\/2026\/08\/31\/por-que-o-fluor-na-agua-e-obrigatorio-e-como-ele-protege-os-dentes\/#primaryimage"},"thumbnailUrl":"https:\/\/www.correiobraziliense.com.br\/aqui\/wp-content\/uploads\/2026\/08\/fluor-saude-bucal_1788201044702.jpg","datePublished":"2026-08-31T21:29:00+00:00","author":{"@id":"https:\/\/www.correiobraziliense.com.br\/aqui\/#\/schema\/person\/5d6e4d99fecc86ab1a7ed1a0369afb65"},"description":"Justi\u00e7a mant\u00e9m fluoreta\u00e7\u00e3o obrigat\u00f3ria da \u00e1gua; entenda o papel do fl\u00faor e os benef\u00edcios da pr\u00e1tica para a sa\u00fade bucal","breadcrumb":{"@id":"https:\/\/www.correiobraziliense.com.br\/aqui\/2026\/08\/31\/por-que-o-fluor-na-agua-e-obrigatorio-e-como-ele-protege-os-dentes\/#breadcrumb"},"inLanguage":"pt-BR","potentialAction":[{"@type":"ReadAction","target":["https:\/\/www.correiobraziliense.com.br\/aqui\/2026\/08\/31\/por-que-o-fluor-na-agua-e-obrigatorio-e-como-ele-protege-os-dentes\/"]}]},{"@type":"ImageObject","inLanguage":"pt-BR","@id":"https:\/\/www.correiobraziliense.com.br\/aqui\/2026\/08\/31\/por-que-o-fluor-na-agua-e-obrigatorio-e-como-ele-protege-os-dentes\/#primaryimage","url":"https:\/\/www.correiobraziliense.com.br\/aqui\/wp-content\/uploads\/2026\/08\/fluor-saude-bucal_1788201044702.jpg","contentUrl":"https:\/\/www.correiobraziliense.com.br\/aqui\/wp-content\/uploads\/2026\/08\/fluor-saude-bucal_1788201044702.jpg","width":1280,"height":720,"caption":"Cr\u00e9ditos: depositphotos.com \/ moomy_amy.outlook.co.th"},{"@type":"BreadcrumbList","@id":"https:\/\/www.correiobraziliense.com.br\/aqui\/2026\/08\/31\/por-que-o-fluor-na-agua-e-obrigatorio-e-como-ele-protege-os-dentes\/#breadcrumb","itemListElement":[{"@type":"ListItem","position":1,"name":"In\u00edcio","item":"https:\/\/www.correiobraziliense.com.br\/aqui\/"},{"@type":"ListItem","position":2,"name":"Por que o fl\u00faor na \u00e1gua \u00e9 obrigat\u00f3rio e como ele protege os dentes"}]},{"@type":"WebSite","@id":"https:\/\/www.correiobraziliense.com.br\/aqui\/#website","url":"https:\/\/www.correiobraziliense.com.br\/aqui\/","name":"Correio Braziliense - Aqui","description":"O Correio Braziliense (CB) \u00e9 o mais importante canal de not\u00edcias de Bras\u00edlia. Aqui voc\u00ea encontra as \u00faltimas not\u00edcias do DF, do Brasil e do mundo.","potentialAction":[{"@type":"SearchAction","target":{"@type":"EntryPoint","urlTemplate":"https:\/\/www.correiobraziliense.com.br\/aqui\/?s={search_term_string}"},"query-input":{"@type":"PropertyValueSpecification","valueRequired":true,"valueName":"search_term_string"}}],"inLanguage":"pt-BR"},{"@type":"Person","@id":"https:\/\/www.correiobraziliense.com.br\/aqui\/#\/schema\/person\/5d6e4d99fecc86ab1a7ed1a0369afb65","name":"Lara","image":{"@type":"ImageObject","inLanguage":"pt-BR","@id":"https:\/\/www.correiobraziliense.com.br\/aqui\/#\/schema\/person\/image\/","url":"https:\/\/secure.gravatar.com\/avatar\/57056c5c343a6d8a6669688d3d2c04916d9d280b352b6e50e66a8d39b2517e00?s=96&d=mm&r=g","contentUrl":"https:\/\/secure.gravatar.com\/avatar\/57056c5c343a6d8a6669688d3d2c04916d9d280b352b6e50e66a8d39b2517e00?s=96&d=mm&r=g","caption":"Lara"},"url":"https:\/\/www.correiobraziliense.com.br\/aqui\/author\/laraaqui\/"}]}},"_links":{"self":[{"href":"https:\/\/www.correiobraziliense.com.br\/aqui\/wp-json\/wp\/v2\/posts\/38282","targetHints":{"allow":["GET"]}}],"collection":[{"href":"https:\/\/www.correiobraziliense.com.br\/aqui\/wp-json\/wp\/v2\/posts"}],"about":[{"href":"https:\/\/www.correiobraziliense.com.br\/aqui\/wp-json\/wp\/v2\/types\/post"}],"author":[{"embeddable":true,"href":"https:\/\/www.correiobraziliense.com.br\/aqui\/wp-json\/wp\/v2\/users\/8"}],"replies":[{"embeddable":true,"href":"https:\/\/www.correiobraziliense.com.br\/aqui\/wp-json\/wp\/v2\/comments?post=38282"}],"version-history":[{"count":1,"href":"https:\/\/www.correiobraziliense.com.br\/aqui\/wp-json\/wp\/v2\/posts\/38282\/revisions"}],"predecessor-version":[{"id":38284,"href":"https:\/\/www.correiobraziliense.com.br\/aqui\/wp-json\/wp\/v2\/posts\/38282\/revisions\/38284"}],"wp:featuredmedia":[{"embeddable":true,"href":"https:\/\/www.correiobraziliense.com.br\/aqui\/wp-json\/wp\/v2\/media\/38283"}],"wp:attachment":[{"href":"https:\/\/www.correiobraziliense.com.br\/aqui\/wp-json\/wp\/v2\/media?parent=38282"}],"wp:term":[{"taxonomy":"category","embeddable":true,"href":"https:\/\/www.correiobraziliense.com.br\/aqui\/wp-json\/wp\/v2\/categories?post=38282"},{"taxonomy":"post_tag","embeddable":true,"href":"https:\/\/www.correiobraziliense.com.br\/aqui\/wp-json\/wp\/v2\/tags?post=38282"}],"curies":[{"name":"wp","href":"https:\/\/api.w.org\/{rel}","templated":true}]}}