{"id":38288,"date":"2026-08-31T19:41:00","date_gmt":"2026-08-31T22:41:00","guid":{"rendered":"https:\/\/www.correiobraziliense.com.br\/aqui\/?p=38288"},"modified":"2026-08-31T15:45:28","modified_gmt":"2026-08-31T18:45:28","slug":"planeje-gastos-com-lazer-apos-o-quinto-dia-util-de-setembro","status":"publish","type":"post","link":"https:\/\/www.correiobraziliense.com.br\/aqui\/2026\/08\/31\/planeje-gastos-com-lazer-apos-o-quinto-dia-util-de-setembro\/","title":{"rendered":"Planeje gastos com lazer ap\u00f3s o quinto dia \u00fatil de setembro"},"content":{"rendered":"\n<p>Com o sal\u00e1rio de setembro caindo na conta at\u00e9 o quinto dia \u00fatil, que em 2026 acontece no pr\u00f3ximo s\u00e1bado (5), a vontade de aproveitar bares e restaurantes j\u00e1 na sexta-feira \u00e9 grande. O impulso de comemorar o in\u00edcio do m\u00eas pode levar a gastos excessivos, comprometendo o or\u00e7amento antes mesmo de ele come\u00e7ar de verdade.<\/p>\n\n\n\n<p>O desafio \u00e9 equilibrar a divers\u00e3o com a <a target=\"_blank\" rel=\"noreferrer noopener\" href=\"https:\/\/www.correiobraziliense.com.br\/revista-do-correio\/2025\/11\/7290074-quer-melhorar-a-sua-relacao-com-o-dinheiro-veja-5-atitudes-para-colocar-em-pratica-em-2026.html\">responsabilidade financeira<\/a> para evitar que o primeiro fim de semana consuma uma fatia desproporcional da sua renda. <a target=\"_blank\" rel=\"noreferrer noopener\" href=\"https:\/\/www.correiobraziliense.com.br\/turismo\/2025\/06\/7165906-dicas-para-curtir-as-ferias-sem-entrar-no-vermelho.html\">Planejar os gastos com lazer<\/a> \u00e9 a chave para curtir os melhores momentos sem gerar uma dor de cabe\u00e7a futura quando as contas chegarem.<\/p>\n\n\n\n<p>Adotar algumas estrat\u00e9gias simples pode fazer toda a diferen\u00e7a. Pequenos ajustes de h\u00e1bito permitem aproveitar a vida social sem <a target=\"_blank\" rel=\"noreferrer noopener\" href=\"https:\/\/www.correiobraziliense.com.br\/revista-do-correio\/2025\/08\/7219791-5-dicas-para-economizar-e-fazer-o-seu-dinheiro-render.html\">estourar o or\u00e7amento<\/a>. A organiza\u00e7\u00e3o pr\u00e9via \u00e9 a principal aliada para garantir que o dinheiro renda at\u00e9 o pr\u00f3ximo pagamento.<\/p>\n\n\n\n<h2 class=\"wp-block-heading\">Dicas para aproveitar o quinto dia \u00fatil sem pesar no bolso<\/h2>\n\n\n\n<ul class=\"wp-block-list\">\n<li><strong>Defina um teto de gastos:<\/strong> antes de sair de casa, estipule um valor m\u00e1ximo que pode ser gasto no fim de semana. Seja realista e considere suas outras despesas mensais. Esse limite funcionar\u00e1 como um guia para suas escolhas.<\/li>\n\n\n\n<li><strong>Pesquise antes de ir:<\/strong> use a internet para consultar os card\u00e1pios e a faixa de pre\u00e7o dos estabelecimentos. Escolher um local que se encaixe no seu or\u00e7amento evita surpresas desagrad\u00e1veis na hora de pagar a conta.<\/li>\n\n\n\n<li><strong>Priorize o <\/strong><a href=\"https:\/\/www.correiobraziliense.com.br\/economia\/2025\/02\/7069082-cartao-de-credito-confira-dicas-para-evitar-surpresas-no-fim-do-mes.html\" target=\"_blank\" rel=\"noreferrer noopener\"><strong>cart\u00e3o de cr\u00e9dito<\/strong><\/a><strong>:<\/strong> deixe o cart\u00e3o de cr\u00e9dito na carteira e use o d\u00e9bito ou dinheiro. Essa t\u00e1tica cria um limite natural, pois voc\u00ea s\u00f3 poder\u00e1 gastar o saldo dispon\u00edvel na conta, evitando o endividamento por impulso.<\/li>\n\n\n\n<li><strong>Aproveite o happy hour:<\/strong> muitos locais oferecem promo\u00e7\u00f5es e descontos em bebidas e por\u00e7\u00f5es em hor\u00e1rios espec\u00edficos, geralmente no in\u00edcio da noite. Chegar um pouco mais cedo pode garantir uma economia significativa no valor final.<\/li>\n\n\n\n<li><strong>Fa\u00e7a um lanche em casa:<\/strong> comer algo leve antes de sair ajuda a controlar a fome e a evitar pedidos de entradas e pratos mais caros. Chegar a um restaurante com muita fome \u00e9 um convite para gastar mais do que o necess\u00e1rio.<\/li>\n\n\n\n<li><strong>Intercale com bebidas n\u00e3o alco\u00f3licas:<\/strong> se for consumir \u00e1lcool, pe\u00e7a um copo de \u00e1gua ou um refrigerante entre um drink e outro. Al\u00e9m de ser uma pr\u00e1tica mais saud\u00e1vel, ajuda a diminuir o ritmo de consumo e, consequentemente, o valor da comanda.<\/li>\n<\/ul>\n","protected":false},"excerpt":{"rendered":"<p>Ap\u00f3s o quinto dia \u00fatil, veja como aproveitar bares e restaurantes no fim de semana sem comprometer o or\u00e7amento dom\u00e9stico<\/p>\n","protected":false},"author":8,"featured_media":38289,"comment_status":"open","ping_status":"open","sticky":false,"template":"","format":"standard","meta":{"jnews-multi-image_gallery":[],"jnews_single_post":{"format":"standard"},"jnews_primary_category":[],"jnews_social_meta":[],"jnews_override_counter":[],"footnotes":""},"categories":[1512],"tags":[473,3884,12467,7854,12468,12209],"class_list":["post-38288","post","type-post","status-publish","format-standard","has-post-thumbnail","hentry","category-economia","tag-economia","tag-lazer","tag-planejamento-de-gastos","tag-quinto-dia-util","tag-responsabilidade-financeira","tag-setembro"],"yoast_head":"<!-- This site is optimized with the Yoast SEO plugin v25.1 - https:\/\/yoast.com\/wordpress\/plugins\/seo\/ -->\n<title>Planeje gastos com lazer ap\u00f3s o quinto dia \u00fatil de setembro - Correio Braziliense - Aqui<\/title>\n<meta name=\"description\" content=\"Ap\u00f3s o quinto dia \u00fatil, veja como aproveitar bares e restaurantes no fim de semana sem comprometer o or\u00e7amento dom\u00e9stico\" \/>\n<meta name=\"robots\" content=\"index, follow, max-snippet:-1, max-image-preview:large, max-video-preview:-1\" \/>\n<link rel=\"canonical\" href=\"https:\/\/www.correiobraziliense.com.br\/aqui\/2026\/08\/31\/planeje-gastos-com-lazer-apos-o-quinto-dia-util-de-setembro\/\" \/>\n<meta property=\"og:locale\" content=\"pt_BR\" \/>\n<meta property=\"og:type\" content=\"article\" \/>\n<meta property=\"og:title\" content=\"Planeje gastos com lazer ap\u00f3s o quinto dia \u00fatil de setembro - Correio Braziliense - Aqui\" \/>\n<meta property=\"og:description\" content=\"Ap\u00f3s o quinto dia \u00fatil, veja como aproveitar bares e restaurantes no fim de semana sem comprometer o or\u00e7amento dom\u00e9stico\" \/>\n<meta property=\"og:url\" content=\"https:\/\/www.correiobraziliense.com.br\/aqui\/2026\/08\/31\/planeje-gastos-com-lazer-apos-o-quinto-dia-util-de-setembro\/\" \/>\n<meta property=\"og:site_name\" content=\"Correio Braziliense - Aqui\" \/>\n<meta property=\"article:published_time\" content=\"2026-08-31T22:41:00+00:00\" \/>\n<meta property=\"og:image\" content=\"https:\/\/www.correiobraziliense.com.br\/aqui\/wp-content\/uploads\/2026\/08\/planejamento-de-gastos_1788201782849.jpg\" \/>\n\t<meta property=\"og:image:width\" content=\"1280\" \/>\n\t<meta property=\"og:image:height\" content=\"720\" \/>\n\t<meta property=\"og:image:type\" content=\"image\/jpeg\" \/>\n<meta name=\"author\" content=\"Lara\" \/>\n<meta name=\"twitter:card\" content=\"summary_large_image\" \/>\n<meta name=\"twitter:label1\" content=\"Escrito por\" \/>\n\t<meta name=\"twitter:data1\" content=\"Lara\" \/>\n\t<meta name=\"twitter:label2\" content=\"Est. tempo de leitura\" \/>\n\t<meta name=\"twitter:data2\" content=\"3 minutos\" \/>\n<!-- \/ Yoast SEO plugin. -->","yoast_head_json":{"title":"Planeje gastos com lazer ap\u00f3s o quinto dia \u00fatil de setembro - Correio Braziliense - Aqui","description":"Ap\u00f3s o quinto dia \u00fatil, veja como aproveitar bares e restaurantes no fim de semana sem comprometer o or\u00e7amento dom\u00e9stico","robots":{"index":"index","follow":"follow","max-snippet":"max-snippet:-1","max-image-preview":"max-image-preview:large","max-video-preview":"max-video-preview:-1"},"canonical":"https:\/\/www.correiobraziliense.com.br\/aqui\/2026\/08\/31\/planeje-gastos-com-lazer-apos-o-quinto-dia-util-de-setembro\/","og_locale":"pt_BR","og_type":"article","og_title":"Planeje gastos com lazer ap\u00f3s o quinto dia \u00fatil de setembro - Correio Braziliense - Aqui","og_description":"Ap\u00f3s o quinto dia \u00fatil, veja como aproveitar bares e restaurantes no fim de semana sem comprometer o or\u00e7amento dom\u00e9stico","og_url":"https:\/\/www.correiobraziliense.com.br\/aqui\/2026\/08\/31\/planeje-gastos-com-lazer-apos-o-quinto-dia-util-de-setembro\/","og_site_name":"Correio Braziliense - Aqui","article_published_time":"2026-08-31T22:41:00+00:00","og_image":[{"width":1280,"height":720,"url":"https:\/\/www.correiobraziliense.com.br\/aqui\/wp-content\/uploads\/2026\/08\/planejamento-de-gastos_1788201782849.jpg","type":"image\/jpeg"}],"author":"Lara","twitter_card":"summary_large_image","twitter_misc":{"Escrito por":"Lara","Est. tempo de leitura":"3 minutos"},"schema":{"@context":"https:\/\/schema.org","@graph":[{"@type":"WebPage","@id":"https:\/\/www.correiobraziliense.com.br\/aqui\/2026\/08\/31\/planeje-gastos-com-lazer-apos-o-quinto-dia-util-de-setembro\/","url":"https:\/\/www.correiobraziliense.com.br\/aqui\/2026\/08\/31\/planeje-gastos-com-lazer-apos-o-quinto-dia-util-de-setembro\/","name":"Planeje gastos com lazer ap\u00f3s o quinto dia \u00fatil de setembro - Correio Braziliense - Aqui","isPartOf":{"@id":"https:\/\/www.correiobraziliense.com.br\/aqui\/#website"},"primaryImageOfPage":{"@id":"https:\/\/www.correiobraziliense.com.br\/aqui\/2026\/08\/31\/planeje-gastos-com-lazer-apos-o-quinto-dia-util-de-setembro\/#primaryimage"},"image":{"@id":"https:\/\/www.correiobraziliense.com.br\/aqui\/2026\/08\/31\/planeje-gastos-com-lazer-apos-o-quinto-dia-util-de-setembro\/#primaryimage"},"thumbnailUrl":"https:\/\/www.correiobraziliense.com.br\/aqui\/wp-content\/uploads\/2026\/08\/planejamento-de-gastos_1788201782849.jpg","datePublished":"2026-08-31T22:41:00+00:00","author":{"@id":"https:\/\/www.correiobraziliense.com.br\/aqui\/#\/schema\/person\/5d6e4d99fecc86ab1a7ed1a0369afb65"},"description":"Ap\u00f3s o quinto dia \u00fatil, veja como aproveitar bares e restaurantes no fim de semana sem comprometer o or\u00e7amento dom\u00e9stico","breadcrumb":{"@id":"https:\/\/www.correiobraziliense.com.br\/aqui\/2026\/08\/31\/planeje-gastos-com-lazer-apos-o-quinto-dia-util-de-setembro\/#breadcrumb"},"inLanguage":"pt-BR","potentialAction":[{"@type":"ReadAction","target":["https:\/\/www.correiobraziliense.com.br\/aqui\/2026\/08\/31\/planeje-gastos-com-lazer-apos-o-quinto-dia-util-de-setembro\/"]}]},{"@type":"ImageObject","inLanguage":"pt-BR","@id":"https:\/\/www.correiobraziliense.com.br\/aqui\/2026\/08\/31\/planeje-gastos-com-lazer-apos-o-quinto-dia-util-de-setembro\/#primaryimage","url":"https:\/\/www.correiobraziliense.com.br\/aqui\/wp-content\/uploads\/2026\/08\/planejamento-de-gastos_1788201782849.jpg","contentUrl":"https:\/\/www.correiobraziliense.com.br\/aqui\/wp-content\/uploads\/2026\/08\/planejamento-de-gastos_1788201782849.jpg","width":1280,"height":720,"caption":"Cr\u00e9ditos: depositphotos.com \/ Elnur_"},{"@type":"BreadcrumbList","@id":"https:\/\/www.correiobraziliense.com.br\/aqui\/2026\/08\/31\/planeje-gastos-com-lazer-apos-o-quinto-dia-util-de-setembro\/#breadcrumb","itemListElement":[{"@type":"ListItem","position":1,"name":"In\u00edcio","item":"https:\/\/www.correiobraziliense.com.br\/aqui\/"},{"@type":"ListItem","position":2,"name":"Planeje gastos com lazer ap\u00f3s o quinto dia \u00fatil de setembro"}]},{"@type":"WebSite","@id":"https:\/\/www.correiobraziliense.com.br\/aqui\/#website","url":"https:\/\/www.correiobraziliense.com.br\/aqui\/","name":"Correio Braziliense - Aqui","description":"O Correio Braziliense (CB) \u00e9 o mais importante canal de not\u00edcias de Bras\u00edlia. Aqui voc\u00ea encontra as \u00faltimas not\u00edcias do DF, do Brasil e do mundo.","potentialAction":[{"@type":"SearchAction","target":{"@type":"EntryPoint","urlTemplate":"https:\/\/www.correiobraziliense.com.br\/aqui\/?s={search_term_string}"},"query-input":{"@type":"PropertyValueSpecification","valueRequired":true,"valueName":"search_term_string"}}],"inLanguage":"pt-BR"},{"@type":"Person","@id":"https:\/\/www.correiobraziliense.com.br\/aqui\/#\/schema\/person\/5d6e4d99fecc86ab1a7ed1a0369afb65","name":"Lara","image":{"@type":"ImageObject","inLanguage":"pt-BR","@id":"https:\/\/www.correiobraziliense.com.br\/aqui\/#\/schema\/person\/image\/","url":"https:\/\/secure.gravatar.com\/avatar\/57056c5c343a6d8a6669688d3d2c04916d9d280b352b6e50e66a8d39b2517e00?s=96&d=mm&r=g","contentUrl":"https:\/\/secure.gravatar.com\/avatar\/57056c5c343a6d8a6669688d3d2c04916d9d280b352b6e50e66a8d39b2517e00?s=96&d=mm&r=g","caption":"Lara"},"url":"https:\/\/www.correiobraziliense.com.br\/aqui\/author\/laraaqui\/"}]}},"_links":{"self":[{"href":"https:\/\/www.correiobraziliense.com.br\/aqui\/wp-json\/wp\/v2\/posts\/38288","targetHints":{"allow":["GET"]}}],"collection":[{"href":"https:\/\/www.correiobraziliense.com.br\/aqui\/wp-json\/wp\/v2\/posts"}],"about":[{"href":"https:\/\/www.correiobraziliense.com.br\/aqui\/wp-json\/wp\/v2\/types\/post"}],"author":[{"embeddable":true,"href":"https:\/\/www.correiobraziliense.com.br\/aqui\/wp-json\/wp\/v2\/users\/8"}],"replies":[{"embeddable":true,"href":"https:\/\/www.correiobraziliense.com.br\/aqui\/wp-json\/wp\/v2\/comments?post=38288"}],"version-history":[{"count":1,"href":"https:\/\/www.correiobraziliense.com.br\/aqui\/wp-json\/wp\/v2\/posts\/38288\/revisions"}],"predecessor-version":[{"id":38290,"href":"https:\/\/www.correiobraziliense.com.br\/aqui\/wp-json\/wp\/v2\/posts\/38288\/revisions\/38290"}],"wp:featuredmedia":[{"embeddable":true,"href":"https:\/\/www.correiobraziliense.com.br\/aqui\/wp-json\/wp\/v2\/media\/38289"}],"wp:attachment":[{"href":"https:\/\/www.correiobraziliense.com.br\/aqui\/wp-json\/wp\/v2\/media?parent=38288"}],"wp:term":[{"taxonomy":"category","embeddable":true,"href":"https:\/\/www.correiobraziliense.com.br\/aqui\/wp-json\/wp\/v2\/categories?post=38288"},{"taxonomy":"post_tag","embeddable":true,"href":"https:\/\/www.correiobraziliense.com.br\/aqui\/wp-json\/wp\/v2\/tags?post=38288"}],"curies":[{"name":"wp","href":"https:\/\/api.w.org\/{rel}","templated":true}]}}