{"id":38291,"date":"2026-08-31T20:46:00","date_gmt":"2026-08-31T23:46:00","guid":{"rendered":"https:\/\/www.correiobraziliense.com.br\/aqui\/?p=38291"},"modified":"2026-08-31T15:51:22","modified_gmt":"2026-08-31T18:51:22","slug":"o-uso-de-sementes-na-gastronomia-para-enriquecer-pratos-refinados","status":"publish","type":"post","link":"https:\/\/www.correiobraziliense.com.br\/aqui\/2026\/08\/31\/o-uso-de-sementes-na-gastronomia-para-enriquecer-pratos-refinados\/","title":{"rendered":"O uso de sementes na gastronomia para enriquecer pratos refinados"},"content":{"rendered":"\n<p>As sementes de girassol e ab\u00f3bora deixaram de ser apenas um lanche r\u00e1pido para conquistar um lugar de destaque na cozinha contempor\u00e2nea. Ingredientes simples, elas est\u00e3o sendo redescobertas por seu potencial de criar pratos com mais textura, sabor e sofistica\u00e7\u00e3o, mostrando que a gastronomia moderna valoriza o potencial de cada componente.<\/p>\n\n\n\n<p>Essa tend\u00eancia vai muito al\u00e9m de apenas salpicar sementes sobre uma salada. Elas s\u00e3o torradas para intensificar seu sabor amendoado, trituradas para formar crostas crocantes em carnes e peixes, ou mo\u00eddas para enriquecer molhos e massas. O segredo est\u00e1 na versatilidade e no contraste que oferecem em cada preparo.<\/p>\n\n\n\n<p>A <a target=\"_blank\" rel=\"noreferrer noopener\" href=\"https:\/\/www.correiobraziliense.com.br\/revista-do-correio\/2025\/06\/7181071-5-receitas-surpreendentes-com-abobora-para-os-dias-frios.html\">semente de ab\u00f3bora<\/a>, por exemplo, com seu sabor suave e textura robusta, \u00e9 frequentemente usada para dar um toque crocante a cremes e sopas. J\u00e1 a <a target=\"_blank\" rel=\"noreferrer noopener\" href=\"https:\/\/www.correiobraziliense.com.br\/revista-do-correio\/2025\/11\/7287117-6-beneficios-das-sementes-de-girassol-para-a-saude-e-como-usa-las.html\">semente de girassol<\/a>, mais delicada, funciona perfeitamente em p\u00e3es artesanais, granolas gourmet e at\u00e9 mesmo em farofas que acompanham pratos principais.<\/p>\n\n\n\n<h2 class=\"wp-block-heading\">Como agregar valor \u00e0s suas receitas usando sementes<\/h2>\n\n\n\n<p>A utiliza\u00e7\u00e3o de sementes n\u00e3o \u00e9 apenas uma quest\u00e3o de est\u00e9tica, mas tamb\u00e9m de t\u00e9cnica. Ao serem levemente torradas em uma frigideira seca, elas liberam \u00f3leos naturais que aprofundam o sabor. Esse processo simples pode transformar completamente a percep\u00e7\u00e3o de um prato, adicionando uma nova camada de complexidade.<\/p>\n\n\n\n<p>Al\u00e9m do sabor, o apelo nutricional \u00e9 outro fator importante. Ricas em fibras, gorduras saud\u00e1veis e prote\u00ednas, as sementes agregam <a target=\"_blank\" rel=\"noreferrer noopener\" href=\"https:\/\/www.correiobraziliense.com.br\/revista-do-correio\/2025\/03\/7082682-7-graos-e-sementes-beneficos-para-a-saude.html\">valor funcional aos alimentos<\/a>, atendendo a uma demanda crescente por refei\u00e7\u00f5es que sejam ao mesmo tempo saborosas e ben\u00e9ficas para a sa\u00fade.<\/p>\n\n\n\n<p>Para quem deseja experimentar em casa, a incorpora\u00e7\u00e3o \u00e9 bastante simples e pode come\u00e7ar com pequenas adi\u00e7\u00f5es. Integrar sementes na rotina culin\u00e1ria \u00e9 uma forma f\u00e1cil de elevar o n\u00edvel das prepara\u00e7\u00f5es do dia a dia. Algumas sugest\u00f5es pr\u00e1ticas incluem:<\/p>\n\n\n\n<ul class=\"wp-block-list\">\n<li>misturar sementes torradas em iogurtes e frutas no caf\u00e9 da manh\u00e3;<\/li>\n\n\n\n<li>adicionar a saladas para garantir uma textura crocante;<\/li>\n\n\n\n<li>usar como cobertura para legumes assados antes de irem ao forno;<\/li>\n\n\n\n<li>bater com ervas, azeite e queijo para criar um pesto diferente;<\/li>\n\n\n\n<li>incorporar na massa de p\u00e3es, bolos e biscoitos caseiros.<\/li>\n<\/ul>\n","protected":false},"excerpt":{"rendered":"<p>Descubra como usar sementes de girassol e ab\u00f3bora para dar textura e sofistica\u00e7\u00e3o aos seus pratos, agregando valor e sabor \u00e0s receitas<\/p>\n","protected":false},"author":8,"featured_media":38293,"comment_status":"open","ping_status":"open","sticky":false,"template":"","format":"standard","meta":{"jnews-multi-image_gallery":[],"jnews_single_post":{"format":"standard"},"jnews_primary_category":[],"jnews_social_meta":[],"jnews_override_counter":[],"footnotes":""},"categories":[121],"tags":[119,12469,12471,12470,2322],"class_list":["post-38291","post","type-post","status-publish","format-standard","has-post-thumbnail","hentry","category-gastronomia","tag-gastronomia","tag-pratos-refinados","tag-semente-de-abobora","tag-semente-de-girassol","tag-sementes"],"yoast_head":"<!-- This site is optimized with the Yoast SEO plugin v25.1 - https:\/\/yoast.com\/wordpress\/plugins\/seo\/ -->\n<title>O uso de sementes na gastronomia para enriquecer pratos refinados - Correio Braziliense - Aqui<\/title>\n<meta name=\"description\" content=\"Descubra como usar sementes de girassol e ab\u00f3bora para dar textura e sofistica\u00e7\u00e3o aos seus pratos, agregando valor e sabor \u00e0s receitas\" \/>\n<meta name=\"robots\" content=\"index, follow, max-snippet:-1, max-image-preview:large, max-video-preview:-1\" \/>\n<link rel=\"canonical\" href=\"https:\/\/www.correiobraziliense.com.br\/aqui\/2026\/08\/31\/o-uso-de-sementes-na-gastronomia-para-enriquecer-pratos-refinados\/\" \/>\n<meta property=\"og:locale\" content=\"pt_BR\" \/>\n<meta property=\"og:type\" content=\"article\" \/>\n<meta property=\"og:title\" content=\"O uso de sementes na gastronomia para enriquecer pratos refinados - Correio Braziliense - Aqui\" \/>\n<meta property=\"og:description\" content=\"Descubra como usar sementes de girassol e ab\u00f3bora para dar textura e sofistica\u00e7\u00e3o aos seus pratos, agregando valor e sabor \u00e0s receitas\" \/>\n<meta property=\"og:url\" content=\"https:\/\/www.correiobraziliense.com.br\/aqui\/2026\/08\/31\/o-uso-de-sementes-na-gastronomia-para-enriquecer-pratos-refinados\/\" \/>\n<meta property=\"og:site_name\" content=\"Correio Braziliense - Aqui\" \/>\n<meta property=\"article:published_time\" content=\"2026-08-31T23:46:00+00:00\" \/>\n<meta property=\"og:image\" content=\"https:\/\/www.correiobraziliense.com.br\/aqui\/wp-content\/uploads\/2026\/08\/semente-de-girassol_1788202146102.jpg\" \/>\n\t<meta property=\"og:image:width\" content=\"1280\" \/>\n\t<meta property=\"og:image:height\" content=\"720\" \/>\n\t<meta property=\"og:image:type\" content=\"image\/jpeg\" \/>\n<meta name=\"author\" content=\"Lara\" \/>\n<meta name=\"twitter:card\" content=\"summary_large_image\" \/>\n<meta name=\"twitter:label1\" content=\"Escrito por\" \/>\n\t<meta name=\"twitter:data1\" content=\"Lara\" \/>\n\t<meta name=\"twitter:label2\" content=\"Est. tempo de leitura\" \/>\n\t<meta name=\"twitter:data2\" content=\"3 minutos\" \/>\n<!-- \/ Yoast SEO plugin. -->","yoast_head_json":{"title":"O uso de sementes na gastronomia para enriquecer pratos refinados - Correio Braziliense - Aqui","description":"Descubra como usar sementes de girassol e ab\u00f3bora para dar textura e sofistica\u00e7\u00e3o aos seus pratos, agregando valor e sabor \u00e0s receitas","robots":{"index":"index","follow":"follow","max-snippet":"max-snippet:-1","max-image-preview":"max-image-preview:large","max-video-preview":"max-video-preview:-1"},"canonical":"https:\/\/www.correiobraziliense.com.br\/aqui\/2026\/08\/31\/o-uso-de-sementes-na-gastronomia-para-enriquecer-pratos-refinados\/","og_locale":"pt_BR","og_type":"article","og_title":"O uso de sementes na gastronomia para enriquecer pratos refinados - Correio Braziliense - Aqui","og_description":"Descubra como usar sementes de girassol e ab\u00f3bora para dar textura e sofistica\u00e7\u00e3o aos seus pratos, agregando valor e sabor \u00e0s receitas","og_url":"https:\/\/www.correiobraziliense.com.br\/aqui\/2026\/08\/31\/o-uso-de-sementes-na-gastronomia-para-enriquecer-pratos-refinados\/","og_site_name":"Correio Braziliense - Aqui","article_published_time":"2026-08-31T23:46:00+00:00","og_image":[{"width":1280,"height":720,"url":"https:\/\/www.correiobraziliense.com.br\/aqui\/wp-content\/uploads\/2026\/08\/semente-de-girassol_1788202146102.jpg","type":"image\/jpeg"}],"author":"Lara","twitter_card":"summary_large_image","twitter_misc":{"Escrito por":"Lara","Est. tempo de leitura":"3 minutos"},"schema":{"@context":"https:\/\/schema.org","@graph":[{"@type":"WebPage","@id":"https:\/\/www.correiobraziliense.com.br\/aqui\/2026\/08\/31\/o-uso-de-sementes-na-gastronomia-para-enriquecer-pratos-refinados\/","url":"https:\/\/www.correiobraziliense.com.br\/aqui\/2026\/08\/31\/o-uso-de-sementes-na-gastronomia-para-enriquecer-pratos-refinados\/","name":"O uso de sementes na gastronomia para enriquecer pratos refinados - Correio Braziliense - Aqui","isPartOf":{"@id":"https:\/\/www.correiobraziliense.com.br\/aqui\/#website"},"primaryImageOfPage":{"@id":"https:\/\/www.correiobraziliense.com.br\/aqui\/2026\/08\/31\/o-uso-de-sementes-na-gastronomia-para-enriquecer-pratos-refinados\/#primaryimage"},"image":{"@id":"https:\/\/www.correiobraziliense.com.br\/aqui\/2026\/08\/31\/o-uso-de-sementes-na-gastronomia-para-enriquecer-pratos-refinados\/#primaryimage"},"thumbnailUrl":"https:\/\/www.correiobraziliense.com.br\/aqui\/wp-content\/uploads\/2026\/08\/semente-de-girassol_1788202146102.jpg","datePublished":"2026-08-31T23:46:00+00:00","author":{"@id":"https:\/\/www.correiobraziliense.com.br\/aqui\/#\/schema\/person\/5d6e4d99fecc86ab1a7ed1a0369afb65"},"description":"Descubra como usar sementes de girassol e ab\u00f3bora para dar textura e sofistica\u00e7\u00e3o aos seus pratos, agregando valor e sabor \u00e0s receitas","breadcrumb":{"@id":"https:\/\/www.correiobraziliense.com.br\/aqui\/2026\/08\/31\/o-uso-de-sementes-na-gastronomia-para-enriquecer-pratos-refinados\/#breadcrumb"},"inLanguage":"pt-BR","potentialAction":[{"@type":"ReadAction","target":["https:\/\/www.correiobraziliense.com.br\/aqui\/2026\/08\/31\/o-uso-de-sementes-na-gastronomia-para-enriquecer-pratos-refinados\/"]}]},{"@type":"ImageObject","inLanguage":"pt-BR","@id":"https:\/\/www.correiobraziliense.com.br\/aqui\/2026\/08\/31\/o-uso-de-sementes-na-gastronomia-para-enriquecer-pratos-refinados\/#primaryimage","url":"https:\/\/www.correiobraziliense.com.br\/aqui\/wp-content\/uploads\/2026\/08\/semente-de-girassol_1788202146102.jpg","contentUrl":"https:\/\/www.correiobraziliense.com.br\/aqui\/wp-content\/uploads\/2026\/08\/semente-de-girassol_1788202146102.jpg","width":1280,"height":720,"caption":"Cr\u00e9ditos: depositphotos.com \/ usmanather"},{"@type":"BreadcrumbList","@id":"https:\/\/www.correiobraziliense.com.br\/aqui\/2026\/08\/31\/o-uso-de-sementes-na-gastronomia-para-enriquecer-pratos-refinados\/#breadcrumb","itemListElement":[{"@type":"ListItem","position":1,"name":"In\u00edcio","item":"https:\/\/www.correiobraziliense.com.br\/aqui\/"},{"@type":"ListItem","position":2,"name":"O uso de sementes na gastronomia para enriquecer pratos refinados"}]},{"@type":"WebSite","@id":"https:\/\/www.correiobraziliense.com.br\/aqui\/#website","url":"https:\/\/www.correiobraziliense.com.br\/aqui\/","name":"Correio Braziliense - Aqui","description":"O Correio Braziliense (CB) \u00e9 o mais importante canal de not\u00edcias de Bras\u00edlia. Aqui voc\u00ea encontra as \u00faltimas not\u00edcias do DF, do Brasil e do mundo.","potentialAction":[{"@type":"SearchAction","target":{"@type":"EntryPoint","urlTemplate":"https:\/\/www.correiobraziliense.com.br\/aqui\/?s={search_term_string}"},"query-input":{"@type":"PropertyValueSpecification","valueRequired":true,"valueName":"search_term_string"}}],"inLanguage":"pt-BR"},{"@type":"Person","@id":"https:\/\/www.correiobraziliense.com.br\/aqui\/#\/schema\/person\/5d6e4d99fecc86ab1a7ed1a0369afb65","name":"Lara","image":{"@type":"ImageObject","inLanguage":"pt-BR","@id":"https:\/\/www.correiobraziliense.com.br\/aqui\/#\/schema\/person\/image\/","url":"https:\/\/secure.gravatar.com\/avatar\/57056c5c343a6d8a6669688d3d2c04916d9d280b352b6e50e66a8d39b2517e00?s=96&d=mm&r=g","contentUrl":"https:\/\/secure.gravatar.com\/avatar\/57056c5c343a6d8a6669688d3d2c04916d9d280b352b6e50e66a8d39b2517e00?s=96&d=mm&r=g","caption":"Lara"},"url":"https:\/\/www.correiobraziliense.com.br\/aqui\/author\/laraaqui\/"}]}},"_links":{"self":[{"href":"https:\/\/www.correiobraziliense.com.br\/aqui\/wp-json\/wp\/v2\/posts\/38291","targetHints":{"allow":["GET"]}}],"collection":[{"href":"https:\/\/www.correiobraziliense.com.br\/aqui\/wp-json\/wp\/v2\/posts"}],"about":[{"href":"https:\/\/www.correiobraziliense.com.br\/aqui\/wp-json\/wp\/v2\/types\/post"}],"author":[{"embeddable":true,"href":"https:\/\/www.correiobraziliense.com.br\/aqui\/wp-json\/wp\/v2\/users\/8"}],"replies":[{"embeddable":true,"href":"https:\/\/www.correiobraziliense.com.br\/aqui\/wp-json\/wp\/v2\/comments?post=38291"}],"version-history":[{"count":2,"href":"https:\/\/www.correiobraziliense.com.br\/aqui\/wp-json\/wp\/v2\/posts\/38291\/revisions"}],"predecessor-version":[{"id":38294,"href":"https:\/\/www.correiobraziliense.com.br\/aqui\/wp-json\/wp\/v2\/posts\/38291\/revisions\/38294"}],"wp:featuredmedia":[{"embeddable":true,"href":"https:\/\/www.correiobraziliense.com.br\/aqui\/wp-json\/wp\/v2\/media\/38293"}],"wp:attachment":[{"href":"https:\/\/www.correiobraziliense.com.br\/aqui\/wp-json\/wp\/v2\/media?parent=38291"}],"wp:term":[{"taxonomy":"category","embeddable":true,"href":"https:\/\/www.correiobraziliense.com.br\/aqui\/wp-json\/wp\/v2\/categories?post=38291"},{"taxonomy":"post_tag","embeddable":true,"href":"https:\/\/www.correiobraziliense.com.br\/aqui\/wp-json\/wp\/v2\/tags?post=38291"}],"curies":[{"name":"wp","href":"https:\/\/api.w.org\/{rel}","templated":true}]}}