{"id":38317,"date":"2026-09-01T08:40:00","date_gmt":"2026-09-01T11:40:00","guid":{"rendered":"https:\/\/www.correiobraziliense.com.br\/aqui\/?p=38317"},"modified":"2026-09-01T07:33:14","modified_gmt":"2026-09-01T10:33:14","slug":"como-a-taxa-de-juros-e-a-inflacao-caem-na-prova-do-enem","status":"publish","type":"post","link":"https:\/\/www.correiobraziliense.com.br\/aqui\/2026\/09\/01\/como-a-taxa-de-juros-e-a-inflacao-caem-na-prova-do-enem\/","title":{"rendered":"Como a taxa de juros e a infla\u00e7\u00e3o caem na prova do Enem"},"content":{"rendered":"\n<p>A taxa Selic e a infla\u00e7\u00e3o dominaram o notici\u00e1rio econ\u00f4mico nos \u00faltimos meses, e essa relev\u00e2ncia torna o tema um forte candidato a aparecer no Exame Nacional do Ensino M\u00e9dio (Enem). Entender a din\u00e2mica entre juros e pre\u00e7os \u00e9 crucial n\u00e3o apenas para compreender a economia, mas tamb\u00e9m para garantir pontos valiosos na prova de Ci\u00eancias Humanas e suas Tecnologias.<\/p>\n\n\n\n<p>Quest\u00f5es sobre o assunto geralmente n\u00e3o exigem c\u00e1lculos complexos ou conhecimento aprofundado de teorias econ\u00f4micas. O foco do Enem est\u00e1 na interpreta\u00e7\u00e3o de cen\u00e1rios e no impacto dessas pol\u00edticas no cotidiano da popula\u00e7\u00e3o. O exame costuma cobrar a capacidade do estudante de relacionar causa e consequ\u00eancia em contextos sociais.<\/p>\n\n\n\n<h2 class=\"wp-block-heading\">Como o tema pode aparecer na prova<\/h2>\n\n\n\n<p>Uma abordagem comum \u00e9 a an\u00e1lise de charges, tirinhas ou pequenos textos que ilustram o efeito da <a target=\"_blank\" rel=\"noreferrer noopener\" href=\"https:\/\/www.correiobraziliense.com.br\/cidades-df\/2025\/06\/7183571-alta-da-selic-freia-consumo-e-ameaca-sonhos-de-casa-propria-e-carro-novo.html\">alta dos juros<\/a> no poder de compra das fam\u00edlias. Uma quest\u00e3o pode, por exemplo, apresentar um personagem tentando fazer uma compra parcelada e se assustando com o valor final. O enunciado pediria ao candidato para identificar a pol\u00edtica econ\u00f4mica por tr\u00e1s dessa situa\u00e7\u00e3o, que seria a eleva\u00e7\u00e3o da Selic para conter o consumo e, consequentemente, a infla\u00e7\u00e3o.<\/p>\n\n\n\n<p>Outro formato recorrente envolve problemas que descrevem uma decis\u00e3o do <a target=\"_blank\" rel=\"noreferrer noopener\" href=\"https:\/\/www.correiobraziliense.com.br\/economia\/2025\/06\/7182783-em-ata-copom-reforca-que-selic-seguira-elevada-por-mais-tempo.html\">Comit\u00ea de Pol\u00edtica Monet\u00e1ria (Copom) do Banco Central<\/a>. O texto pode afirmar que o comit\u00ea decidiu subir a taxa b\u00e1sica de juros e, em seguida, perguntar qual o objetivo ou a consequ\u00eancia esperada dessa medida. A resposta correta geralmente envolve conceitos como &#8220;desacelerar a atividade econ\u00f4mica&#8221; ou &#8220;reduzir a press\u00e3o sobre os pre\u00e7os&#8221;.<\/p>\n\n\n\n<p>Para se preparar, \u00e9 fundamental ter clareza sobre alguns pontos principais:<\/p>\n\n\n\n<ul class=\"wp-block-list\">\n<li><strong>Rela\u00e7\u00e3o inversa:<\/strong> quando a Selic sobe, a inten\u00e7\u00e3o \u00e9 frear a infla\u00e7\u00e3o. Quando ela desce, o objetivo \u00e9 estimular a economia, mesmo com o risco de aumento de pre\u00e7os.<\/li>\n\n\n\n<li><strong>Cr\u00e9dito e consumo:<\/strong> <a href=\"https:\/\/www.correiobraziliense.com.br\/economia\/2025\/03\/7075006-juros-altos-acendem-a-luz-amarela-para-o-credito-dizem-especialistas.html\" target=\"_blank\" rel=\"noreferrer noopener\">juros mais altos<\/a> encarecem empr\u00e9stimos, financiamentos e compras a prazo. Isso desestimula o consumo e ajuda a controlar a demanda.<\/li>\n\n\n\n<li><strong>O papel do <\/strong><a href=\"https:\/\/www.correiobraziliense.com.br\/economia\/2025\/06\/7177790-banco-central-eleva-a-selic-a-15-e-setores-produtivos-reagem.html\" target=\"_blank\" rel=\"noreferrer noopener\"><strong>Banco Central<\/strong><\/a><strong>:<\/strong> \u00e9 a institui\u00e7\u00e3o respons\u00e1vel por definir a Selic, buscando a estabilidade da economia e o controle da infla\u00e7\u00e3o.<\/li>\n\n\n\n<li><strong>Impacto social:<\/strong> as decis\u00f5es sobre juros afetam diretamente o emprego, o acesso a bens e o custo de vida da popula\u00e7\u00e3o, temas caros \u00e0 prova de Humanas.<\/li>\n<\/ul>\n","protected":false},"excerpt":{"rendered":"<p>Professores analisam quest\u00f5es recorrentes sobre a taxa Selic no exame e d\u00e3o dicas valiosas para estudantes garantirem pontos na \u00e1rea de Humanas<\/p>\n","protected":false},"author":10,"featured_media":26786,"comment_status":"open","ping_status":"open","sticky":false,"template":"","format":"standard","meta":{"jnews-multi-image_gallery":[],"jnews_single_post":{"format":"standard"},"jnews_primary_category":[],"jnews_social_meta":[],"jnews_override_counter":[],"footnotes":""},"categories":[154],"tags":[157,5564,8991],"class_list":["post-38317","post","type-post","status-publish","format-standard","has-post-thumbnail","hentry","category-brasil","tag-brasil","tag-enem","tag-taxa-selic"],"yoast_head":"<!-- This site is optimized with the Yoast SEO plugin v25.1 - https:\/\/yoast.com\/wordpress\/plugins\/seo\/ -->\n<title>Como a taxa de juros e a infla\u00e7\u00e3o caem na prova do Enem - Correio Braziliense - Aqui<\/title>\n<meta name=\"description\" content=\"Professores analisam quest\u00f5es recorrentes sobre a taxa Selic no Enem e d\u00e3o dicas valiosas para estudantes garantirem pontos na \u00e1rea de Humanas\" \/>\n<meta name=\"robots\" content=\"index, follow, max-snippet:-1, max-image-preview:large, max-video-preview:-1\" \/>\n<link rel=\"canonical\" href=\"https:\/\/www.correiobraziliense.com.br\/aqui\/2026\/09\/01\/como-a-taxa-de-juros-e-a-inflacao-caem-na-prova-do-enem\/\" \/>\n<meta property=\"og:locale\" content=\"pt_BR\" \/>\n<meta property=\"og:type\" content=\"article\" \/>\n<meta property=\"og:title\" content=\"Como a taxa de juros e a infla\u00e7\u00e3o caem na prova do Enem - Correio Braziliense - Aqui\" \/>\n<meta property=\"og:description\" content=\"Professores analisam quest\u00f5es recorrentes sobre a taxa Selic no Enem e d\u00e3o dicas valiosas para estudantes garantirem pontos na \u00e1rea de Humanas\" \/>\n<meta property=\"og:url\" content=\"https:\/\/www.correiobraziliense.com.br\/aqui\/2026\/09\/01\/como-a-taxa-de-juros-e-a-inflacao-caem-na-prova-do-enem\/\" \/>\n<meta property=\"og:site_name\" content=\"Correio Braziliense - Aqui\" \/>\n<meta property=\"article:published_time\" content=\"2026-09-01T11:40:00+00:00\" \/>\n<meta property=\"og:image\" content=\"https:\/\/www.correiobraziliense.com.br\/aqui\/wp-content\/uploads\/2026\/04\/ENEM_1775817361764.jpg\" \/>\n\t<meta property=\"og:image:width\" content=\"1280\" \/>\n\t<meta property=\"og:image:height\" content=\"720\" \/>\n\t<meta property=\"og:image:type\" content=\"image\/jpeg\" \/>\n<meta name=\"author\" content=\"Larissa\" \/>\n<meta name=\"twitter:card\" content=\"summary_large_image\" \/>\n<meta name=\"twitter:label1\" content=\"Escrito por\" \/>\n\t<meta name=\"twitter:data1\" content=\"Larissa\" \/>\n\t<meta name=\"twitter:label2\" content=\"Est. tempo de leitura\" \/>\n\t<meta name=\"twitter:data2\" content=\"3 minutos\" \/>\n<!-- \/ Yoast SEO plugin. -->","yoast_head_json":{"title":"Como a taxa de juros e a infla\u00e7\u00e3o caem na prova do Enem - Correio Braziliense - Aqui","description":"Professores analisam quest\u00f5es recorrentes sobre a taxa Selic no Enem e d\u00e3o dicas valiosas para estudantes garantirem pontos na \u00e1rea de Humanas","robots":{"index":"index","follow":"follow","max-snippet":"max-snippet:-1","max-image-preview":"max-image-preview:large","max-video-preview":"max-video-preview:-1"},"canonical":"https:\/\/www.correiobraziliense.com.br\/aqui\/2026\/09\/01\/como-a-taxa-de-juros-e-a-inflacao-caem-na-prova-do-enem\/","og_locale":"pt_BR","og_type":"article","og_title":"Como a taxa de juros e a infla\u00e7\u00e3o caem na prova do Enem - Correio Braziliense - Aqui","og_description":"Professores analisam quest\u00f5es recorrentes sobre a taxa Selic no Enem e d\u00e3o dicas valiosas para estudantes garantirem pontos na \u00e1rea de Humanas","og_url":"https:\/\/www.correiobraziliense.com.br\/aqui\/2026\/09\/01\/como-a-taxa-de-juros-e-a-inflacao-caem-na-prova-do-enem\/","og_site_name":"Correio Braziliense - Aqui","article_published_time":"2026-09-01T11:40:00+00:00","og_image":[{"width":1280,"height":720,"url":"https:\/\/www.correiobraziliense.com.br\/aqui\/wp-content\/uploads\/2026\/04\/ENEM_1775817361764.jpg","type":"image\/jpeg"}],"author":"Larissa","twitter_card":"summary_large_image","twitter_misc":{"Escrito por":"Larissa","Est. tempo de leitura":"3 minutos"},"schema":{"@context":"https:\/\/schema.org","@graph":[{"@type":"WebPage","@id":"https:\/\/www.correiobraziliense.com.br\/aqui\/2026\/09\/01\/como-a-taxa-de-juros-e-a-inflacao-caem-na-prova-do-enem\/","url":"https:\/\/www.correiobraziliense.com.br\/aqui\/2026\/09\/01\/como-a-taxa-de-juros-e-a-inflacao-caem-na-prova-do-enem\/","name":"Como a taxa de juros e a infla\u00e7\u00e3o caem na prova do Enem - Correio Braziliense - Aqui","isPartOf":{"@id":"https:\/\/www.correiobraziliense.com.br\/aqui\/#website"},"primaryImageOfPage":{"@id":"https:\/\/www.correiobraziliense.com.br\/aqui\/2026\/09\/01\/como-a-taxa-de-juros-e-a-inflacao-caem-na-prova-do-enem\/#primaryimage"},"image":{"@id":"https:\/\/www.correiobraziliense.com.br\/aqui\/2026\/09\/01\/como-a-taxa-de-juros-e-a-inflacao-caem-na-prova-do-enem\/#primaryimage"},"thumbnailUrl":"https:\/\/www.correiobraziliense.com.br\/aqui\/wp-content\/uploads\/2026\/04\/ENEM_1775817361764.jpg","datePublished":"2026-09-01T11:40:00+00:00","author":{"@id":"https:\/\/www.correiobraziliense.com.br\/aqui\/#\/schema\/person\/775f50a8c1ac31704d56816e99b29041"},"description":"Professores analisam quest\u00f5es recorrentes sobre a taxa Selic no Enem e d\u00e3o dicas valiosas para estudantes garantirem pontos na \u00e1rea de Humanas","breadcrumb":{"@id":"https:\/\/www.correiobraziliense.com.br\/aqui\/2026\/09\/01\/como-a-taxa-de-juros-e-a-inflacao-caem-na-prova-do-enem\/#breadcrumb"},"inLanguage":"pt-BR","potentialAction":[{"@type":"ReadAction","target":["https:\/\/www.correiobraziliense.com.br\/aqui\/2026\/09\/01\/como-a-taxa-de-juros-e-a-inflacao-caem-na-prova-do-enem\/"]}]},{"@type":"ImageObject","inLanguage":"pt-BR","@id":"https:\/\/www.correiobraziliense.com.br\/aqui\/2026\/09\/01\/como-a-taxa-de-juros-e-a-inflacao-caem-na-prova-do-enem\/#primaryimage","url":"https:\/\/www.correiobraziliense.com.br\/aqui\/wp-content\/uploads\/2026\/04\/ENEM_1775817361764.jpg","contentUrl":"https:\/\/www.correiobraziliense.com.br\/aqui\/wp-content\/uploads\/2026\/04\/ENEM_1775817361764.jpg","width":1280,"height":720,"caption":"Cr\u00e9ditos: depositphotos.com \/ joasouza"},{"@type":"BreadcrumbList","@id":"https:\/\/www.correiobraziliense.com.br\/aqui\/2026\/09\/01\/como-a-taxa-de-juros-e-a-inflacao-caem-na-prova-do-enem\/#breadcrumb","itemListElement":[{"@type":"ListItem","position":1,"name":"In\u00edcio","item":"https:\/\/www.correiobraziliense.com.br\/aqui\/"},{"@type":"ListItem","position":2,"name":"Como a taxa de juros e a infla\u00e7\u00e3o caem na prova do Enem"}]},{"@type":"WebSite","@id":"https:\/\/www.correiobraziliense.com.br\/aqui\/#website","url":"https:\/\/www.correiobraziliense.com.br\/aqui\/","name":"Correio Braziliense - Aqui","description":"O Correio Braziliense (CB) \u00e9 o mais importante canal de not\u00edcias de Bras\u00edlia. Aqui voc\u00ea encontra as \u00faltimas not\u00edcias do DF, do Brasil e do mundo.","potentialAction":[{"@type":"SearchAction","target":{"@type":"EntryPoint","urlTemplate":"https:\/\/www.correiobraziliense.com.br\/aqui\/?s={search_term_string}"},"query-input":{"@type":"PropertyValueSpecification","valueRequired":true,"valueName":"search_term_string"}}],"inLanguage":"pt-BR"},{"@type":"Person","@id":"https:\/\/www.correiobraziliense.com.br\/aqui\/#\/schema\/person\/775f50a8c1ac31704d56816e99b29041","name":"Larissa","image":{"@type":"ImageObject","inLanguage":"pt-BR","@id":"https:\/\/www.correiobraziliense.com.br\/aqui\/#\/schema\/person\/image\/","url":"https:\/\/secure.gravatar.com\/avatar\/62f5b2e99de671d075ab98e19f03c3c38c80a93f5d06f51075cf4431a4e76458?s=96&d=mm&r=g","contentUrl":"https:\/\/secure.gravatar.com\/avatar\/62f5b2e99de671d075ab98e19f03c3c38c80a93f5d06f51075cf4431a4e76458?s=96&d=mm&r=g","caption":"Larissa"},"url":"https:\/\/www.correiobraziliense.com.br\/aqui\/author\/larissaaqui\/"}]}},"_links":{"self":[{"href":"https:\/\/www.correiobraziliense.com.br\/aqui\/wp-json\/wp\/v2\/posts\/38317","targetHints":{"allow":["GET"]}}],"collection":[{"href":"https:\/\/www.correiobraziliense.com.br\/aqui\/wp-json\/wp\/v2\/posts"}],"about":[{"href":"https:\/\/www.correiobraziliense.com.br\/aqui\/wp-json\/wp\/v2\/types\/post"}],"author":[{"embeddable":true,"href":"https:\/\/www.correiobraziliense.com.br\/aqui\/wp-json\/wp\/v2\/users\/10"}],"replies":[{"embeddable":true,"href":"https:\/\/www.correiobraziliense.com.br\/aqui\/wp-json\/wp\/v2\/comments?post=38317"}],"version-history":[{"count":3,"href":"https:\/\/www.correiobraziliense.com.br\/aqui\/wp-json\/wp\/v2\/posts\/38317\/revisions"}],"predecessor-version":[{"id":38320,"href":"https:\/\/www.correiobraziliense.com.br\/aqui\/wp-json\/wp\/v2\/posts\/38317\/revisions\/38320"}],"wp:featuredmedia":[{"embeddable":true,"href":"https:\/\/www.correiobraziliense.com.br\/aqui\/wp-json\/wp\/v2\/media\/26786"}],"wp:attachment":[{"href":"https:\/\/www.correiobraziliense.com.br\/aqui\/wp-json\/wp\/v2\/media?parent=38317"}],"wp:term":[{"taxonomy":"category","embeddable":true,"href":"https:\/\/www.correiobraziliense.com.br\/aqui\/wp-json\/wp\/v2\/categories?post=38317"},{"taxonomy":"post_tag","embeddable":true,"href":"https:\/\/www.correiobraziliense.com.br\/aqui\/wp-json\/wp\/v2\/tags?post=38317"}],"curies":[{"name":"wp","href":"https:\/\/api.w.org\/{rel}","templated":true}]}}