{"id":38321,"date":"2026-09-01T09:15:00","date_gmt":"2026-09-01T12:15:00","guid":{"rendered":"https:\/\/www.correiobraziliense.com.br\/aqui\/?p=38321"},"modified":"2026-09-01T07:38:39","modified_gmt":"2026-09-01T10:38:39","slug":"como-o-petroleo-pode-afetar-o-preco-da-gasolina-no-df","status":"publish","type":"post","link":"https:\/\/www.correiobraziliense.com.br\/aqui\/2026\/09\/01\/como-o-petroleo-pode-afetar-o-preco-da-gasolina-no-df\/","title":{"rendered":"Como o petr\u00f3leo pode afetar o pre\u00e7o da gasolina no DF"},"content":{"rendered":"\n<p>As recentes oscila\u00e7\u00f5es no pre\u00e7o do barril de petr\u00f3leo no mercado internacional acendem um alerta para os motoristas de Bras\u00edlia. A principal preocupa\u00e7\u00e3o \u00e9 que a volatilidade seja repassada para as bombas de combust\u00edvel, pesando no or\u00e7amento de quem depende do carro para se locomover na capital. At\u00e9 o fechamento desta reportagem, a Petrobras n\u00e3o havia anunciado reajustes nos pre\u00e7os de refinaria.<\/p>\n\n\n\n<p>Essa aten\u00e7\u00e3o ao cen\u00e1rio externo ocorre porque a <a target=\"_blank\" rel=\"noreferrer noopener\" href=\"https:\/\/www.correiobraziliense.com.br\/politica\/2025\/05\/7156618-petrobras-pode-reduzir-combustiveis-se-petroleo-cair-diz-magda-chambriard.html\">pol\u00edtica de pre\u00e7os da Petrobras<\/a>, principal fornecedora de combust\u00edveis do pa\u00eds, considera a <a target=\"_blank\" rel=\"noreferrer noopener\" href=\"https:\/\/www.correiobraziliense.com.br\/economia\/2025\/04\/7106250-queda-no-petroleo-assusta-diz-diretora-da-petrobras.html\">cota\u00e7\u00e3o do petr\u00f3leo<\/a> e a varia\u00e7\u00e3o do d\u00f3lar. Quando esses dois indicadores sobem de forma consistente, a empresa tende a reajustar os valores de venda de gasolina e diesel para se alinhar ao mercado global.<\/p>\n\n\n\n<h2 class=\"wp-block-heading\">Como o pre\u00e7o da gasolina \u00e9 formado?<\/h2>\n\n\n\n<p>\u00c9 importante lembrar que o <a target=\"_blank\" rel=\"noreferrer noopener\" href=\"https:\/\/www.correiobraziliense.com.br\/cidades-df\/2026\/05\/7430192-distribuidoras-elevam-preco-da-gasolina-antes-da-petrobras.html\">valor pago pelo motorista no posto<\/a> n\u00e3o \u00e9 definido apenas pela Petrobras. O pre\u00e7o final na bomba \u00e9 uma soma de diferentes fatores, incluindo:<\/p>\n\n\n\n<ul class=\"wp-block-list\">\n<li><strong>Pre\u00e7o na refinaria:<\/strong> a parcela que cabe \u00e0 Petrobras, influenciada pelo petr\u00f3leo e d\u00f3lar.<\/li>\n\n\n\n<li><strong>Tributos federais:<\/strong> impostos como PIS\/Pasep e Cofins.<\/li>\n\n\n\n<li><strong>ICMS:<\/strong> imposto de compet\u00eancia estadual.<\/li>\n\n\n\n<li><strong>Custos de distribui\u00e7\u00e3o e revenda:<\/strong> margem de lucro das distribuidoras e dos postos.<\/li>\n<\/ul>\n\n\n\n<p>Dessa forma, um reajuste no pre\u00e7o da refinaria n\u00e3o \u00e9 repassado integralmente ao consumidor final. O impacto \u00e9 dilu\u00eddo entre os outros componentes, mas qualquer movimento de alta na origem pressiona toda a cadeia e costuma <a target=\"_blank\" rel=\"noreferrer noopener\" href=\"https:\/\/www.correiobraziliense.com.br\/economia\/2025\/07\/7191391-postos-nao-repassam-queda-no-preco-da-gasolina-e-ainda-aplicam-aumentos-aponta-agu.html\">chegar ao consumidor<\/a>.<\/p>\n\n\n\n<p>Ainda n\u00e3o h\u00e1 confirma\u00e7\u00e3o oficial sobre novos reajustes. Contudo, a volatilidade do mercado internacional sugere que os motoristas do Distrito Federal devem acompanhar os pre\u00e7os, j\u00e1 que altera\u00e7\u00f5es futuras dependem da pol\u00edtica da Petrobras e do cen\u00e1rio externo.<\/p>\n","protected":false},"excerpt":{"rendered":"<p>Oscila\u00e7\u00f5es no mercado internacional geram incerteza sobre o valor dos combust\u00edveis nas bombas da capital<\/p>\n","protected":false},"author":10,"featured_media":27430,"comment_status":"open","ping_status":"open","sticky":false,"template":"","format":"standard","meta":{"jnews-multi-image_gallery":[],"jnews_single_post":{"format":"standard"},"jnews_primary_category":[],"jnews_social_meta":[],"jnews_override_counter":[],"footnotes":""},"categories":[4973],"tags":[7842,473,9675],"class_list":["post-38321","post","type-post","status-publish","format-standard","has-post-thumbnail","hentry","category-cidades","tag-df","tag-economia","tag-preco-da-gasolina"],"yoast_head":"<!-- This site is optimized with the Yoast SEO plugin v25.1 - https:\/\/yoast.com\/wordpress\/plugins\/seo\/ -->\n<title>Como o petr\u00f3leo pode afetar o pre\u00e7o da gasolina no DF - Correio Braziliense - Aqui<\/title>\n<meta name=\"description\" content=\"Oscila\u00e7\u00f5es no mercado internacional geram incerteza sobre o pre\u00e7o da gasolina em postos de Bras\u00edlia. Saiba mais\" \/>\n<meta name=\"robots\" content=\"index, follow, max-snippet:-1, max-image-preview:large, max-video-preview:-1\" \/>\n<link rel=\"canonical\" href=\"https:\/\/www.correiobraziliense.com.br\/aqui\/2026\/09\/01\/como-o-petroleo-pode-afetar-o-preco-da-gasolina-no-df\/\" \/>\n<meta property=\"og:locale\" content=\"pt_BR\" \/>\n<meta property=\"og:type\" content=\"article\" \/>\n<meta property=\"og:title\" content=\"Como o petr\u00f3leo pode afetar o pre\u00e7o da gasolina no DF - Correio Braziliense - Aqui\" \/>\n<meta property=\"og:description\" content=\"Oscila\u00e7\u00f5es no mercado internacional geram incerteza sobre o pre\u00e7o da gasolina em postos de Bras\u00edlia. Saiba mais\" \/>\n<meta property=\"og:url\" content=\"https:\/\/www.correiobraziliense.com.br\/aqui\/2026\/09\/01\/como-o-petroleo-pode-afetar-o-preco-da-gasolina-no-df\/\" \/>\n<meta property=\"og:site_name\" content=\"Correio Braziliense - Aqui\" \/>\n<meta property=\"article:published_time\" content=\"2026-09-01T12:15:00+00:00\" \/>\n<meta property=\"og:image\" content=\"https:\/\/www.correiobraziliense.com.br\/aqui\/wp-content\/uploads\/2026\/04\/posto-de-gasolina_1776427756227.jpg\" \/>\n\t<meta property=\"og:image:width\" content=\"1280\" \/>\n\t<meta property=\"og:image:height\" content=\"720\" \/>\n\t<meta property=\"og:image:type\" content=\"image\/jpeg\" \/>\n<meta name=\"author\" content=\"Larissa\" \/>\n<meta name=\"twitter:card\" content=\"summary_large_image\" \/>\n<meta name=\"twitter:label1\" content=\"Escrito por\" \/>\n\t<meta name=\"twitter:data1\" content=\"Larissa\" \/>\n\t<meta name=\"twitter:label2\" content=\"Est. tempo de leitura\" \/>\n\t<meta name=\"twitter:data2\" content=\"2 minutos\" \/>\n<!-- \/ Yoast SEO plugin. -->","yoast_head_json":{"title":"Como o petr\u00f3leo pode afetar o pre\u00e7o da gasolina no DF - Correio Braziliense - Aqui","description":"Oscila\u00e7\u00f5es no mercado internacional geram incerteza sobre o pre\u00e7o da gasolina em postos de Bras\u00edlia. Saiba mais","robots":{"index":"index","follow":"follow","max-snippet":"max-snippet:-1","max-image-preview":"max-image-preview:large","max-video-preview":"max-video-preview:-1"},"canonical":"https:\/\/www.correiobraziliense.com.br\/aqui\/2026\/09\/01\/como-o-petroleo-pode-afetar-o-preco-da-gasolina-no-df\/","og_locale":"pt_BR","og_type":"article","og_title":"Como o petr\u00f3leo pode afetar o pre\u00e7o da gasolina no DF - Correio Braziliense - Aqui","og_description":"Oscila\u00e7\u00f5es no mercado internacional geram incerteza sobre o pre\u00e7o da gasolina em postos de Bras\u00edlia. Saiba mais","og_url":"https:\/\/www.correiobraziliense.com.br\/aqui\/2026\/09\/01\/como-o-petroleo-pode-afetar-o-preco-da-gasolina-no-df\/","og_site_name":"Correio Braziliense - Aqui","article_published_time":"2026-09-01T12:15:00+00:00","og_image":[{"width":1280,"height":720,"url":"https:\/\/www.correiobraziliense.com.br\/aqui\/wp-content\/uploads\/2026\/04\/posto-de-gasolina_1776427756227.jpg","type":"image\/jpeg"}],"author":"Larissa","twitter_card":"summary_large_image","twitter_misc":{"Escrito por":"Larissa","Est. tempo de leitura":"2 minutos"},"schema":{"@context":"https:\/\/schema.org","@graph":[{"@type":"WebPage","@id":"https:\/\/www.correiobraziliense.com.br\/aqui\/2026\/09\/01\/como-o-petroleo-pode-afetar-o-preco-da-gasolina-no-df\/","url":"https:\/\/www.correiobraziliense.com.br\/aqui\/2026\/09\/01\/como-o-petroleo-pode-afetar-o-preco-da-gasolina-no-df\/","name":"Como o petr\u00f3leo pode afetar o pre\u00e7o da gasolina no DF - Correio Braziliense - Aqui","isPartOf":{"@id":"https:\/\/www.correiobraziliense.com.br\/aqui\/#website"},"primaryImageOfPage":{"@id":"https:\/\/www.correiobraziliense.com.br\/aqui\/2026\/09\/01\/como-o-petroleo-pode-afetar-o-preco-da-gasolina-no-df\/#primaryimage"},"image":{"@id":"https:\/\/www.correiobraziliense.com.br\/aqui\/2026\/09\/01\/como-o-petroleo-pode-afetar-o-preco-da-gasolina-no-df\/#primaryimage"},"thumbnailUrl":"https:\/\/www.correiobraziliense.com.br\/aqui\/wp-content\/uploads\/2026\/04\/posto-de-gasolina_1776427756227.jpg","datePublished":"2026-09-01T12:15:00+00:00","author":{"@id":"https:\/\/www.correiobraziliense.com.br\/aqui\/#\/schema\/person\/775f50a8c1ac31704d56816e99b29041"},"description":"Oscila\u00e7\u00f5es no mercado internacional geram incerteza sobre o pre\u00e7o da gasolina em postos de Bras\u00edlia. Saiba mais","breadcrumb":{"@id":"https:\/\/www.correiobraziliense.com.br\/aqui\/2026\/09\/01\/como-o-petroleo-pode-afetar-o-preco-da-gasolina-no-df\/#breadcrumb"},"inLanguage":"pt-BR","potentialAction":[{"@type":"ReadAction","target":["https:\/\/www.correiobraziliense.com.br\/aqui\/2026\/09\/01\/como-o-petroleo-pode-afetar-o-preco-da-gasolina-no-df\/"]}]},{"@type":"ImageObject","inLanguage":"pt-BR","@id":"https:\/\/www.correiobraziliense.com.br\/aqui\/2026\/09\/01\/como-o-petroleo-pode-afetar-o-preco-da-gasolina-no-df\/#primaryimage","url":"https:\/\/www.correiobraziliense.com.br\/aqui\/wp-content\/uploads\/2026\/04\/posto-de-gasolina_1776427756227.jpg","contentUrl":"https:\/\/www.correiobraziliense.com.br\/aqui\/wp-content\/uploads\/2026\/04\/posto-de-gasolina_1776427756227.jpg","width":1280,"height":720,"caption":"Cr\u00e9ditos: depositphotos.com \/ IgorVetushko"},{"@type":"BreadcrumbList","@id":"https:\/\/www.correiobraziliense.com.br\/aqui\/2026\/09\/01\/como-o-petroleo-pode-afetar-o-preco-da-gasolina-no-df\/#breadcrumb","itemListElement":[{"@type":"ListItem","position":1,"name":"In\u00edcio","item":"https:\/\/www.correiobraziliense.com.br\/aqui\/"},{"@type":"ListItem","position":2,"name":"Como o petr\u00f3leo pode afetar o pre\u00e7o da gasolina no DF"}]},{"@type":"WebSite","@id":"https:\/\/www.correiobraziliense.com.br\/aqui\/#website","url":"https:\/\/www.correiobraziliense.com.br\/aqui\/","name":"Correio Braziliense - Aqui","description":"O Correio Braziliense (CB) \u00e9 o mais importante canal de not\u00edcias de Bras\u00edlia. Aqui voc\u00ea encontra as \u00faltimas not\u00edcias do DF, do Brasil e do mundo.","potentialAction":[{"@type":"SearchAction","target":{"@type":"EntryPoint","urlTemplate":"https:\/\/www.correiobraziliense.com.br\/aqui\/?s={search_term_string}"},"query-input":{"@type":"PropertyValueSpecification","valueRequired":true,"valueName":"search_term_string"}}],"inLanguage":"pt-BR"},{"@type":"Person","@id":"https:\/\/www.correiobraziliense.com.br\/aqui\/#\/schema\/person\/775f50a8c1ac31704d56816e99b29041","name":"Larissa","image":{"@type":"ImageObject","inLanguage":"pt-BR","@id":"https:\/\/www.correiobraziliense.com.br\/aqui\/#\/schema\/person\/image\/","url":"https:\/\/secure.gravatar.com\/avatar\/62f5b2e99de671d075ab98e19f03c3c38c80a93f5d06f51075cf4431a4e76458?s=96&d=mm&r=g","contentUrl":"https:\/\/secure.gravatar.com\/avatar\/62f5b2e99de671d075ab98e19f03c3c38c80a93f5d06f51075cf4431a4e76458?s=96&d=mm&r=g","caption":"Larissa"},"url":"https:\/\/www.correiobraziliense.com.br\/aqui\/author\/larissaaqui\/"}]}},"_links":{"self":[{"href":"https:\/\/www.correiobraziliense.com.br\/aqui\/wp-json\/wp\/v2\/posts\/38321","targetHints":{"allow":["GET"]}}],"collection":[{"href":"https:\/\/www.correiobraziliense.com.br\/aqui\/wp-json\/wp\/v2\/posts"}],"about":[{"href":"https:\/\/www.correiobraziliense.com.br\/aqui\/wp-json\/wp\/v2\/types\/post"}],"author":[{"embeddable":true,"href":"https:\/\/www.correiobraziliense.com.br\/aqui\/wp-json\/wp\/v2\/users\/10"}],"replies":[{"embeddable":true,"href":"https:\/\/www.correiobraziliense.com.br\/aqui\/wp-json\/wp\/v2\/comments?post=38321"}],"version-history":[{"count":4,"href":"https:\/\/www.correiobraziliense.com.br\/aqui\/wp-json\/wp\/v2\/posts\/38321\/revisions"}],"predecessor-version":[{"id":38325,"href":"https:\/\/www.correiobraziliense.com.br\/aqui\/wp-json\/wp\/v2\/posts\/38321\/revisions\/38325"}],"wp:featuredmedia":[{"embeddable":true,"href":"https:\/\/www.correiobraziliense.com.br\/aqui\/wp-json\/wp\/v2\/media\/27430"}],"wp:attachment":[{"href":"https:\/\/www.correiobraziliense.com.br\/aqui\/wp-json\/wp\/v2\/media?parent=38321"}],"wp:term":[{"taxonomy":"category","embeddable":true,"href":"https:\/\/www.correiobraziliense.com.br\/aqui\/wp-json\/wp\/v2\/categories?post=38321"},{"taxonomy":"post_tag","embeddable":true,"href":"https:\/\/www.correiobraziliense.com.br\/aqui\/wp-json\/wp\/v2\/tags?post=38321"}],"curies":[{"name":"wp","href":"https:\/\/api.w.org\/{rel}","templated":true}]}}